{"id":1006,"date":"2011-10-14T11:04:00","date_gmt":"2011-10-14T09:04:00","guid":{"rendered":"https:\/\/www.fagorprofessional.com\/blog\/?p=1006"},"modified":"2022-11-23T08:38:38","modified_gmt":"2022-11-23T08:38:38","slug":"ven-host-2011-persona-virtualmente","status":"publish","type":"post","link":"https:\/\/www.fagorprofessional.com\/blog\/es\/ven-host-2011-persona-virtualmente\/","title":{"rendered":"\u00a1Ven con nosotros a Host 2011! (En persona o virtualmente)"},"content":{"rendered":"<p>La feria internacional Host 2011, que acudir\u00e1 fiel a su tradici\u00f3n a su cita de cada dos a\u00f1os en Mil\u00e1n, est\u00e1 ya en pleno calentamiento de motores. No es para menos, porque abrir\u00e1 sus puertas <strong>el viernes 21<\/strong> en apenas una semana. Y nosotros estamos haciendo exactamente lo mismo, porque tenemos la intenci\u00f3n de que nuestra presencia en la Feria sea digna de recordar (es la ciudad de la \u00f3pera y vamos dispuestos a dar el Do de Pecho). Tanto para los que v\u00e1is a estar all\u00ed\u00ad en persona, como para quienes no pod\u00e1is acudir pero est\u00e9is interesados en estar al tanto de todo lo que vamos a presentar en ella, os contamos aqu\u00ed\u00ad un resumen detallado de <strong>nuestras actividades<\/strong>:<\/p>\n<p><img decoding=\"async\" class=\"aligncenter lazyload\" src=\"data:image\/gif;base64,R0lGODlhAQABAIAAAAAAAP\/\/\/yH5BAEAAAAALAAAAAABAAEAAAIBRAA7\" data-src=\"https:\/\/www.fagorprofessional.com\/blog\/wp-content\/uploads\/2011\/10\/image001.png\" \/><noscript><img decoding=\"async\" class=\"aligncenter lazyload\" src=\"https:\/\/www.fagorprofessional.com\/blog\/wp-content\/uploads\/2011\/10\/image001.png\" \/><\/noscript><\/p>\n<p><span style=\"color: initial;\">Nuestro stand de 200 m2, lleno de demostraciones y productos. \u00a1En directo es todav\u00ed\u00ada m\u00e1s espectacular!<\/span><\/p>\n<ul>\n<li>Contaremos con <strong>una espectacular instalaci\u00f3n de 200 metros cuadrados de superficie, ubicada en el stand V25V38 del Pabell\u00f3n 1<\/strong>. All\u00ed\u00ad presentaremos nuestras \u00faltimas novedades en cocci\u00f3n, hornos, <a <a href=\"https:\/\/www.fagorprofessional.com\/es\/maquinaria-lavanderia\" rel=\"nofollow\" target=\"_blank\">lavander\u00ed\u00ada<\/a>, lavado de vajilla y fr\u00ed\u00ado industrial. Ni que decir tiene que estaremos encantados de recibiros y charlar con vosotros si decid\u00ed\u00ads pasaros por all\u00ed\u00ad.<\/li>\n<\/ul>\n<ul>\n<li>Un \u00e1rea del stand estar\u00e1 dedicada espec\u00ed\u00adficamente a <strong>las demos de cocina que conforman nuestra Fagor Cooking Experience<\/strong>. Habr\u00e1 seis demos diarias, cada una de 30 minutos de duraci\u00f3n, a cargo de nuestro chef corporativo Oier Biritxinaga. <strong>Si quer\u00e9is asistir a alguna, es necesaria la reserva previa<\/strong>: pod\u00e9is avisarnos por los canales habituales, por la secci\u00f3n de comentarios del blog o por nuestra cuenta de <a <a href=\"https:\/\/twitter.com\/FagorPro\" rel=\"nofollow\" target=\"_blank\">Twitter<\/a>.<\/li>\n<\/ul>\n<ul>\n<li>\u00bfNo v\u00e1is a estar en Host? Pues, de todos modos, procuraremos manteneros al tanto de lo que se cuece. En nuestro canal de YouTube iremos colgando <strong>una serie de v\u00ed\u00addeos filmados espec\u00ed\u00adficamente para la ocasi\u00f3n<\/strong>, con entrevistas, visitas a la Feria y, por supuesto, una visita guiada por nuestro stand en primera persona. Por medio del blog y de Twitter, os iremos dando cumplida cuenta de la publicaci\u00f3n de cada uno.<\/li>\n<\/ul>\n<ul>\n<li>Y, desde luego, <strong>alimentaremos frecuentemente nuestro canal Twitter<\/strong> para informaros de todo lo que hacemos, lo que mostramos\u2026 y de todo lo que veamos y que nos llame la atenci\u00f3n, que en un acontecimiento de las dimensiones de Host, estamos convencidos de que ser\u00e1 mucho.<\/li>\n<\/ul>\n<p>\u00a1Atentos a nuestros canales, porque este a\u00f1o vamos a convertirnos en uno de los principales puntos de informaci\u00f3n de Host!<\/p>\n","protected":false},"excerpt":{"rendered":"<p>La feria internacional Host 2011, que acudir\u00e1 fiel a su tradici\u00f3n a su cita de cada dos a\u00f1os en Mil\u00e1n, est\u00e1 ya en pleno calentamiento de motores. No es para menos, porque abrir\u00e1 sus puertas el viernes 21 en apenas una semana. Y nosotros estamos haciendo exactamente lo mismo, porque tenemos la intenci\u00f3n de que&#8230;<\/p>\n","protected":false},"author":1,"featured_media":1,"comment_status":"open","ping_status":"open","sticky":false,"template":"","format":"standard","meta":{"_acf_changed":false,"footnotes":""},"categories":[8],"tags":[],"class_list":["post-1006","post","type-post","status-publish","format-standard","has-post-thumbnail","hentry","category-novedades-y-eventos"],"acf":[],"yoast_head":"<!-- This site is optimized with the Yoast SEO plugin v27.5 - https:\/\/yoast.com\/product\/yoast-seo-wordpress\/ -->\n<title>Ven con nosotros a Host 2011 En persona o virtualmente<\/title>\n<meta name=\"description\" content=\"La feria internacional Host 2011, que acudir\u00e1 fiel a su tradici\u00f3n a su cita de cada dos a\u00f1os en Mil\u00e1n, est\u00e1 ya en pleno calentamiento de motores.\" \/>\n<meta name=\"robots\" content=\"index, follow, max-snippet:-1, max-image-preview:large, max-video-preview:-1\" \/>\n<link rel=\"canonical\" href=\"https:\/\/www.fagorprofessional.com\/blog\/es\/ven-host-2011-persona-virtualmente\/\" \/>\n<meta property=\"og:locale\" content=\"es_ES\" \/>\n<meta property=\"og:type\" content=\"article\" \/>\n<meta property=\"og:title\" content=\"Ven con nosotros a Host 2011 En persona o virtualmente\" \/>\n<meta property=\"og:description\" content=\"La feria internacional Host 2011, que acudir\u00e1 fiel a su tradici\u00f3n a su cita de cada dos a\u00f1os en Mil\u00e1n, est\u00e1 ya en pleno calentamiento de motores.\" \/>\n<meta property=\"og:url\" content=\"https:\/\/www.fagorprofessional.com\/blog\/es\/ven-host-2011-persona-virtualmente\/\" \/>\n<meta property=\"og:site_name\" content=\"Fagor Professional&#039;s Blog\" \/>\n<meta property=\"article:published_time\" content=\"2011-10-14T09:04:00+00:00\" \/>\n<meta property=\"article:modified_time\" content=\"2022-11-23T08:38:38+00:00\" \/>\n<meta name=\"author\" content=\"admin\" \/>\n<meta name=\"twitter:card\" content=\"summary_large_image\" \/>\n<meta name=\"twitter:label1\" content=\"Escrito por\" \/>\n\t<meta name=\"twitter:data1\" content=\"admin\" \/>\n\t<meta name=\"twitter:label2\" content=\"Tiempo de lectura\" \/>\n\t<meta name=\"twitter:data2\" content=\"2 minutos\" \/>\n<script type=\"application\/ld+json\" class=\"yoast-schema-graph\">{\"@context\":\"https:\\\/\\\/schema.org\",\"@graph\":[{\"@type\":\"Article\",\"@id\":\"https:\\\/\\\/www.fagorprofessional.com\\\/blog\\\/es\\\/ven-host-2011-persona-virtualmente\\\/#article\",\"isPartOf\":{\"@id\":\"https:\\\/\\\/www.fagorprofessional.com\\\/blog\\\/es\\\/ven-host-2011-persona-virtualmente\\\/\"},\"author\":{\"name\":\"admin\",\"@id\":\"https:\\\/\\\/www.fagorprofessional.com\\\/blog\\\/#\\\/schema\\\/person\\\/c2dc508ffda39316cf0e8a45f15cb4e4\"},\"headline\":\"\u00a1Ven con nosotros a Host 2011! (En persona o virtualmente)\",\"datePublished\":\"2011-10-14T09:04:00+00:00\",\"dateModified\":\"2022-11-23T08:38:38+00:00\",\"mainEntityOfPage\":{\"@id\":\"https:\\\/\\\/www.fagorprofessional.com\\\/blog\\\/es\\\/ven-host-2011-persona-virtualmente\\\/\"},\"wordCount\":422,\"commentCount\":0,\"image\":{\"@id\":\"https:\\\/\\\/www.fagorprofessional.com\\\/blog\\\/es\\\/ven-host-2011-persona-virtualmente\\\/#primaryimage\"},\"thumbnailUrl\":\"\",\"articleSection\":[\"Novedades y eventos\"],\"inLanguage\":\"es\",\"potentialAction\":[{\"@type\":\"CommentAction\",\"name\":\"Comment\",\"target\":[\"https:\\\/\\\/www.fagorprofessional.com\\\/blog\\\/es\\\/ven-host-2011-persona-virtualmente\\\/#respond\"]}]},{\"@type\":\"WebPage\",\"@id\":\"https:\\\/\\\/www.fagorprofessional.com\\\/blog\\\/es\\\/ven-host-2011-persona-virtualmente\\\/\",\"url\":\"https:\\\/\\\/www.fagorprofessional.com\\\/blog\\\/es\\\/ven-host-2011-persona-virtualmente\\\/\",\"name\":\"Ven con nosotros a Host 2011 En persona o virtualmente\",\"isPartOf\":{\"@id\":\"https:\\\/\\\/www.fagorprofessional.com\\\/blog\\\/#website\"},\"primaryImageOfPage\":{\"@id\":\"https:\\\/\\\/www.fagorprofessional.com\\\/blog\\\/es\\\/ven-host-2011-persona-virtualmente\\\/#primaryimage\"},\"image\":{\"@id\":\"https:\\\/\\\/www.fagorprofessional.com\\\/blog\\\/es\\\/ven-host-2011-persona-virtualmente\\\/#primaryimage\"},\"thumbnailUrl\":\"\",\"datePublished\":\"2011-10-14T09:04:00+00:00\",\"dateModified\":\"2022-11-23T08:38:38+00:00\",\"author\":{\"@id\":\"https:\\\/\\\/www.fagorprofessional.com\\\/blog\\\/#\\\/schema\\\/person\\\/c2dc508ffda39316cf0e8a45f15cb4e4\"},\"description\":\"La feria internacional Host 2011, que acudir\u00e1 fiel a su tradici\u00f3n a su cita de cada dos a\u00f1os en Mil\u00e1n, est\u00e1 ya en pleno calentamiento de motores.\",\"breadcrumb\":{\"@id\":\"https:\\\/\\\/www.fagorprofessional.com\\\/blog\\\/es\\\/ven-host-2011-persona-virtualmente\\\/#breadcrumb\"},\"inLanguage\":\"es\",\"potentialAction\":[{\"@type\":\"ReadAction\",\"target\":[\"https:\\\/\\\/www.fagorprofessional.com\\\/blog\\\/es\\\/ven-host-2011-persona-virtualmente\\\/\"]}]},{\"@type\":\"ImageObject\",\"inLanguage\":\"es\",\"@id\":\"https:\\\/\\\/www.fagorprofessional.com\\\/blog\\\/es\\\/ven-host-2011-persona-virtualmente\\\/#primaryimage\",\"url\":\"\",\"contentUrl\":\"\"},{\"@type\":\"BreadcrumbList\",\"@id\":\"https:\\\/\\\/www.fagorprofessional.com\\\/blog\\\/es\\\/ven-host-2011-persona-virtualmente\\\/#breadcrumb\",\"itemListElement\":[{\"@type\":\"ListItem\",\"position\":1,\"name\":\"Fagor Professional Blog\",\"item\":\"https:\\\/\\\/www.fagorprofessional.com\\\/blog\\\/\"},{\"@type\":\"ListItem\",\"position\":2,\"name\":\"Novedades y eventos\",\"item\":\"https:\\\/\\\/www.fagorprofessional.com\\\/blog\\\/es\\\/novedades-y-eventos\\\/\"},{\"@type\":\"ListItem\",\"position\":3,\"name\":\"\u00a1Ven con nosotros a Host 2011! (En persona o virtualmente)\"}]},{\"@type\":\"WebSite\",\"@id\":\"https:\\\/\\\/www.fagorprofessional.com\\\/blog\\\/#website\",\"url\":\"https:\\\/\\\/www.fagorprofessional.com\\\/blog\\\/\",\"name\":\"Fagor Professional&#039;s Blog\",\"description\":\"Fagor Professional&#039;s Blog\",\"potentialAction\":[{\"@type\":\"SearchAction\",\"target\":{\"@type\":\"EntryPoint\",\"urlTemplate\":\"https:\\\/\\\/www.fagorprofessional.com\\\/blog\\\/?s={search_term_string}\"},\"query-input\":{\"@type\":\"PropertyValueSpecification\",\"valueRequired\":true,\"valueName\":\"search_term_string\"}}],\"inLanguage\":\"es\"},{\"@type\":\"Person\",\"@id\":\"https:\\\/\\\/www.fagorprofessional.com\\\/blog\\\/#\\\/schema\\\/person\\\/c2dc508ffda39316cf0e8a45f15cb4e4\",\"name\":\"admin\",\"image\":{\"@type\":\"ImageObject\",\"inLanguage\":\"es\",\"@id\":\"https:\\\/\\\/secure.gravatar.com\\\/avatar\\\/af0a4c336046e868f98b17f2a27b6f9426e8aba09b92828569a3ca2b54e3d91c?s=96&d=mm&r=g\",\"url\":\"https:\\\/\\\/secure.gravatar.com\\\/avatar\\\/af0a4c336046e868f98b17f2a27b6f9426e8aba09b92828569a3ca2b54e3d91c?s=96&d=mm&r=g\",\"contentUrl\":\"https:\\\/\\\/secure.gravatar.com\\\/avatar\\\/af0a4c336046e868f98b17f2a27b6f9426e8aba09b92828569a3ca2b54e3d91c?s=96&d=mm&r=g\",\"caption\":\"admin\"},\"sameAs\":[\"https:\\\/\\\/www.fagorprofessional.com\\\/blog\"]}]}<\/script>\n<!-- \/ Yoast SEO plugin. -->","yoast_head_json":{"title":"Ven con nosotros a Host 2011 En persona o virtualmente","description":"La feria internacional Host 2011, que acudir\u00e1 fiel a su tradici\u00f3n a su cita de cada dos a\u00f1os en Mil\u00e1n, est\u00e1 ya en pleno calentamiento de motores.","robots":{"index":"index","follow":"follow","max-snippet":"max-snippet:-1","max-image-preview":"max-image-preview:large","max-video-preview":"max-video-preview:-1"},"canonical":"https:\/\/www.fagorprofessional.com\/blog\/es\/ven-host-2011-persona-virtualmente\/","og_locale":"es_ES","og_type":"article","og_title":"Ven con nosotros a Host 2011 En persona o virtualmente","og_description":"La feria internacional Host 2011, que acudir\u00e1 fiel a su tradici\u00f3n a su cita de cada dos a\u00f1os en Mil\u00e1n, est\u00e1 ya en pleno calentamiento de motores.","og_url":"https:\/\/www.fagorprofessional.com\/blog\/es\/ven-host-2011-persona-virtualmente\/","og_site_name":"Fagor Professional&#039;s Blog","article_published_time":"2011-10-14T09:04:00+00:00","article_modified_time":"2022-11-23T08:38:38+00:00","author":"admin","twitter_card":"summary_large_image","twitter_misc":{"Escrito por":"admin","Tiempo de lectura":"2 minutos"},"schema":{"@context":"https:\/\/schema.org","@graph":[{"@type":"Article","@id":"https:\/\/www.fagorprofessional.com\/blog\/es\/ven-host-2011-persona-virtualmente\/#article","isPartOf":{"@id":"https:\/\/www.fagorprofessional.com\/blog\/es\/ven-host-2011-persona-virtualmente\/"},"author":{"name":"admin","@id":"https:\/\/www.fagorprofessional.com\/blog\/#\/schema\/person\/c2dc508ffda39316cf0e8a45f15cb4e4"},"headline":"\u00a1Ven con nosotros a Host 2011! (En persona o virtualmente)","datePublished":"2011-10-14T09:04:00+00:00","dateModified":"2022-11-23T08:38:38+00:00","mainEntityOfPage":{"@id":"https:\/\/www.fagorprofessional.com\/blog\/es\/ven-host-2011-persona-virtualmente\/"},"wordCount":422,"commentCount":0,"image":{"@id":"https:\/\/www.fagorprofessional.com\/blog\/es\/ven-host-2011-persona-virtualmente\/#primaryimage"},"thumbnailUrl":"","articleSection":["Novedades y eventos"],"inLanguage":"es","potentialAction":[{"@type":"CommentAction","name":"Comment","target":["https:\/\/www.fagorprofessional.com\/blog\/es\/ven-host-2011-persona-virtualmente\/#respond"]}]},{"@type":"WebPage","@id":"https:\/\/www.fagorprofessional.com\/blog\/es\/ven-host-2011-persona-virtualmente\/","url":"https:\/\/www.fagorprofessional.com\/blog\/es\/ven-host-2011-persona-virtualmente\/","name":"Ven con nosotros a Host 2011 En persona o virtualmente","isPartOf":{"@id":"https:\/\/www.fagorprofessional.com\/blog\/#website"},"primaryImageOfPage":{"@id":"https:\/\/www.fagorprofessional.com\/blog\/es\/ven-host-2011-persona-virtualmente\/#primaryimage"},"image":{"@id":"https:\/\/www.fagorprofessional.com\/blog\/es\/ven-host-2011-persona-virtualmente\/#primaryimage"},"thumbnailUrl":"","datePublished":"2011-10-14T09:04:00+00:00","dateModified":"2022-11-23T08:38:38+00:00","author":{"@id":"https:\/\/www.fagorprofessional.com\/blog\/#\/schema\/person\/c2dc508ffda39316cf0e8a45f15cb4e4"},"description":"La feria internacional Host 2011, que acudir\u00e1 fiel a su tradici\u00f3n a su cita de cada dos a\u00f1os en Mil\u00e1n, est\u00e1 ya en pleno calentamiento de motores.","breadcrumb":{"@id":"https:\/\/www.fagorprofessional.com\/blog\/es\/ven-host-2011-persona-virtualmente\/#breadcrumb"},"inLanguage":"es","potentialAction":[{"@type":"ReadAction","target":["https:\/\/www.fagorprofessional.com\/blog\/es\/ven-host-2011-persona-virtualmente\/"]}]},{"@type":"ImageObject","inLanguage":"es","@id":"https:\/\/www.fagorprofessional.com\/blog\/es\/ven-host-2011-persona-virtualmente\/#primaryimage","url":"","contentUrl":""},{"@type":"BreadcrumbList","@id":"https:\/\/www.fagorprofessional.com\/blog\/es\/ven-host-2011-persona-virtualmente\/#breadcrumb","itemListElement":[{"@type":"ListItem","position":1,"name":"Fagor Professional Blog","item":"https:\/\/www.fagorprofessional.com\/blog\/"},{"@type":"ListItem","position":2,"name":"Novedades y eventos","item":"https:\/\/www.fagorprofessional.com\/blog\/es\/novedades-y-eventos\/"},{"@type":"ListItem","position":3,"name":"\u00a1Ven con nosotros a Host 2011! (En persona o virtualmente)"}]},{"@type":"WebSite","@id":"https:\/\/www.fagorprofessional.com\/blog\/#website","url":"https:\/\/www.fagorprofessional.com\/blog\/","name":"Fagor Professional&#039;s Blog","description":"Fagor Professional&#039;s Blog","potentialAction":[{"@type":"SearchAction","target":{"@type":"EntryPoint","urlTemplate":"https:\/\/www.fagorprofessional.com\/blog\/?s={search_term_string}"},"query-input":{"@type":"PropertyValueSpecification","valueRequired":true,"valueName":"search_term_string"}}],"inLanguage":"es"},{"@type":"Person","@id":"https:\/\/www.fagorprofessional.com\/blog\/#\/schema\/person\/c2dc508ffda39316cf0e8a45f15cb4e4","name":"admin","image":{"@type":"ImageObject","inLanguage":"es","@id":"https:\/\/secure.gravatar.com\/avatar\/af0a4c336046e868f98b17f2a27b6f9426e8aba09b92828569a3ca2b54e3d91c?s=96&d=mm&r=g","url":"https:\/\/secure.gravatar.com\/avatar\/af0a4c336046e868f98b17f2a27b6f9426e8aba09b92828569a3ca2b54e3d91c?s=96&d=mm&r=g","contentUrl":"https:\/\/secure.gravatar.com\/avatar\/af0a4c336046e868f98b17f2a27b6f9426e8aba09b92828569a3ca2b54e3d91c?s=96&d=mm&r=g","caption":"admin"},"sameAs":["https:\/\/www.fagorprofessional.com\/blog"]}]}},"_links":{"self":[{"href":"https:\/\/www.fagorprofessional.com\/blog\/wp-json\/wp\/v2\/posts\/1006","targetHints":{"allow":["GET"]}}],"collection":[{"href":"https:\/\/www.fagorprofessional.com\/blog\/wp-json\/wp\/v2\/posts"}],"about":[{"href":"https:\/\/www.fagorprofessional.com\/blog\/wp-json\/wp\/v2\/types\/post"}],"author":[{"embeddable":true,"href":"https:\/\/www.fagorprofessional.com\/blog\/wp-json\/wp\/v2\/users\/1"}],"replies":[{"embeddable":true,"href":"https:\/\/www.fagorprofessional.com\/blog\/wp-json\/wp\/v2\/comments?post=1006"}],"version-history":[{"count":5,"href":"https:\/\/www.fagorprofessional.com\/blog\/wp-json\/wp\/v2\/posts\/1006\/revisions"}],"predecessor-version":[{"id":490501,"href":"https:\/\/www.fagorprofessional.com\/blog\/wp-json\/wp\/v2\/posts\/1006\/revisions\/490501"}],"wp:featuredmedia":[{"embeddable":true,"href":"https:\/\/www.fagorprofessional.com\/blog\/wp-json\/"}],"wp:attachment":[{"href":"https:\/\/www.fagorprofessional.com\/blog\/wp-json\/wp\/v2\/media?parent=1006"}],"wp:term":[{"taxonomy":"category","embeddable":true,"href":"https:\/\/www.fagorprofessional.com\/blog\/wp-json\/wp\/v2\/categories?post=1006"},{"taxonomy":"post_tag","embeddable":true,"href":"https:\/\/www.fagorprofessional.com\/blog\/wp-json\/wp\/v2\/tags?post=1006"}],"curies":[{"name":"wp","href":"https:\/\/api.w.org\/{rel}","templated":true}]}}