{"id":1028,"date":"2011-11-07T11:38:00","date_gmt":"2011-11-07T10:38:00","guid":{"rendered":"https:\/\/www.fagorprofessional.com\/blog\/?p=1028"},"modified":"2022-11-23T09:32:50","modified_gmt":"2022-11-23T09:32:50","slug":"primer-video-host-2011","status":"publish","type":"post","link":"https:\/\/www.fagorprofessional.com\/blog\/es\/primer-video-host-2011\/","title":{"rendered":"Os presentamos nuestro primer v\u00eddeo sobre Host 2011"},"content":{"rendered":"<p>Ya se sabe, una imagen vale m\u00e1s que mil palabras; pero si en vez de una imagen son muchas, acompa\u00f1adas de sonido e informaci\u00f3n (y muchas palabras), su valor tiende a subir muchos enteros. As\u00ed\u00ad que, tal y como os prometimos, si os perdisteis la feria Host 2011, que se celebr\u00f3 en Mil\u00e1n el pasado 21 de octubre, pod\u00e9is echarle un vistazo de lo m\u00e1s completo en este v\u00ed\u00addeo.<\/p>\n<p>Aqu\u00ed\u00ad encontrar\u00e9is todo el colorido y la agitaci\u00f3n propios de un evento de las dimensiones y la importancia de Host, con miles de profesionales circulando y luchando por destacar entre la masa. Y, entre esos profesionales, tambi\u00e9n podr\u00e9is encontrarnos a nosotros \u2013con declaraciones de alguno de nuestros compa\u00f1eros como Onur \u00ed\u2013nen, Export Sales Manager, y Carmelo Villanueva, responsable de Fagor Professional en la Rep\u00fablica Dominicana\u2013 nuestras demos de cocina \u2013a cargo de nuestro chef corporativo Oier Biritxinaga acompa\u00f1ado por nuestro chef polaco Przemys\u00c5\u201aaw Szczepanik \u2013 y nuestro enorme y espectacular stand de 200 metros cuadrados.<\/p>\n<p>Tenemos m\u00e1s v\u00ed\u00addeos en preparaci\u00f3n, para ofreceros una visi\u00f3n a\u00fan m\u00e1s particular (y personalizada) sobre esta feria. Este es el primero. \u00a1Pero permaneced atentos al blog y a <a <a href=\"https:\/\/www.youtube.com\/c\/FagorProfessional\" rel=\"nofollow\" target=\"_blank\">nuestro canal en YouTube<\/a>!<\/p>\n<p><iframe title=\"Fagor Industrial en la feria Host 2011 Mil\u00e1n\" width=\"800\" height=\"450\" src=\"https:\/\/www.youtube.com\/embed\/iyNyrxKmA9A?feature=oembed\" frameborder=\"0\" allow=\"accelerometer; autoplay; clipboard-write; encrypted-media; gyroscope; picture-in-picture\" allowfullscreen><\/iframe><\/p>\n<p><a href=\"http:\/www.youtube.com\/watch?v=\"><img class=\"lazyload\" class=\"\" alt=\"\" width=\"\" height=\"\" \/><\/a><\/p>\n","protected":false},"excerpt":{"rendered":"<p>Ya se sabe, una imagen vale m\u00e1s que mil palabras; pero si en vez de una imagen son muchas, acompa\u00f1adas de sonido e informaci\u00f3n (y muchas palabras), su valor tiende a subir muchos enteros. As\u00ed\u00ad que, tal y como os prometimos, si os perdisteis la feria Host 2011, que se celebr\u00f3 en Mil\u00e1n el pasado&#8230;<\/p>\n","protected":false},"author":1,"featured_media":1,"comment_status":"open","ping_status":"open","sticky":false,"template":"","format":"standard","meta":{"_acf_changed":false,"footnotes":""},"categories":[8],"tags":[],"class_list":["post-1028","post","type-post","status-publish","format-standard","has-post-thumbnail","hentry","category-novedades-y-eventos"],"acf":[],"yoast_head":"<!-- This site is optimized with the Yoast SEO plugin v27.5 - https:\/\/yoast.com\/product\/yoast-seo-wordpress\/ -->\n<title>Os presentamos nuestro primer v\u00eddeo sobre Host 2011<\/title>\n<meta name=\"description\" content=\"Si os perdisteis la feria Host 2011, que se celebr\u00f3 en Mil\u00e1n el pasado 21 de octubre, pod\u00e9is echarle un vistazo de lo m\u00e1s completo en este v\u00eddeo\" \/>\n<meta name=\"robots\" content=\"index, follow, max-snippet:-1, max-image-preview:large, max-video-preview:-1\" \/>\n<link rel=\"canonical\" href=\"https:\/\/www.fagorprofessional.com\/blog\/es\/primer-video-host-2011\/\" \/>\n<meta property=\"og:locale\" content=\"es_ES\" \/>\n<meta property=\"og:type\" content=\"article\" \/>\n<meta property=\"og:title\" content=\"Os presentamos nuestro primer v\u00eddeo sobre Host 2011\" \/>\n<meta property=\"og:description\" content=\"Si os perdisteis la feria Host 2011, que se celebr\u00f3 en Mil\u00e1n el pasado 21 de octubre, pod\u00e9is echarle un vistazo de lo m\u00e1s completo en este v\u00eddeo\" \/>\n<meta property=\"og:url\" content=\"https:\/\/www.fagorprofessional.com\/blog\/es\/primer-video-host-2011\/\" \/>\n<meta property=\"og:site_name\" content=\"Fagor Professional&#039;s Blog\" \/>\n<meta property=\"article:published_time\" content=\"2011-11-07T10:38:00+00:00\" \/>\n<meta property=\"article:modified_time\" content=\"2022-11-23T09:32:50+00:00\" \/>\n<meta name=\"author\" content=\"admin\" \/>\n<meta name=\"twitter:card\" content=\"summary_large_image\" \/>\n<meta name=\"twitter:label1\" content=\"Escrito por\" \/>\n\t<meta name=\"twitter:data1\" content=\"admin\" \/>\n\t<meta name=\"twitter:label2\" content=\"Tiempo de lectura\" \/>\n\t<meta name=\"twitter:data2\" content=\"2 minutos\" \/>\n<script type=\"application\/ld+json\" class=\"yoast-schema-graph\">{\"@context\":\"https:\\\/\\\/schema.org\",\"@graph\":[{\"@type\":\"Article\",\"@id\":\"https:\\\/\\\/www.fagorprofessional.com\\\/blog\\\/es\\\/primer-video-host-2011\\\/#article\",\"isPartOf\":{\"@id\":\"https:\\\/\\\/www.fagorprofessional.com\\\/blog\\\/es\\\/primer-video-host-2011\\\/\"},\"author\":{\"name\":\"admin\",\"@id\":\"https:\\\/\\\/www.fagorprofessional.com\\\/blog\\\/#\\\/schema\\\/person\\\/c2dc508ffda39316cf0e8a45f15cb4e4\"},\"headline\":\"Os presentamos nuestro primer v\u00eddeo sobre Host 2011\",\"datePublished\":\"2011-11-07T10:38:00+00:00\",\"dateModified\":\"2022-11-23T09:32:50+00:00\",\"mainEntityOfPage\":{\"@id\":\"https:\\\/\\\/www.fagorprofessional.com\\\/blog\\\/es\\\/primer-video-host-2011\\\/\"},\"wordCount\":233,\"commentCount\":0,\"image\":{\"@id\":\"https:\\\/\\\/www.fagorprofessional.com\\\/blog\\\/es\\\/primer-video-host-2011\\\/#primaryimage\"},\"thumbnailUrl\":\"\",\"articleSection\":[\"Novedades y eventos\"],\"inLanguage\":\"es\",\"potentialAction\":[{\"@type\":\"CommentAction\",\"name\":\"Comment\",\"target\":[\"https:\\\/\\\/www.fagorprofessional.com\\\/blog\\\/es\\\/primer-video-host-2011\\\/#respond\"]}]},{\"@type\":\"WebPage\",\"@id\":\"https:\\\/\\\/www.fagorprofessional.com\\\/blog\\\/es\\\/primer-video-host-2011\\\/\",\"url\":\"https:\\\/\\\/www.fagorprofessional.com\\\/blog\\\/es\\\/primer-video-host-2011\\\/\",\"name\":\"Os presentamos nuestro primer v\u00eddeo sobre Host 2011\",\"isPartOf\":{\"@id\":\"https:\\\/\\\/www.fagorprofessional.com\\\/blog\\\/#website\"},\"primaryImageOfPage\":{\"@id\":\"https:\\\/\\\/www.fagorprofessional.com\\\/blog\\\/es\\\/primer-video-host-2011\\\/#primaryimage\"},\"image\":{\"@id\":\"https:\\\/\\\/www.fagorprofessional.com\\\/blog\\\/es\\\/primer-video-host-2011\\\/#primaryimage\"},\"thumbnailUrl\":\"\",\"datePublished\":\"2011-11-07T10:38:00+00:00\",\"dateModified\":\"2022-11-23T09:32:50+00:00\",\"author\":{\"@id\":\"https:\\\/\\\/www.fagorprofessional.com\\\/blog\\\/#\\\/schema\\\/person\\\/c2dc508ffda39316cf0e8a45f15cb4e4\"},\"description\":\"Si os perdisteis la feria Host 2011, que se celebr\u00f3 en Mil\u00e1n el pasado 21 de octubre, pod\u00e9is echarle un vistazo de lo m\u00e1s completo en este v\u00eddeo\",\"breadcrumb\":{\"@id\":\"https:\\\/\\\/www.fagorprofessional.com\\\/blog\\\/es\\\/primer-video-host-2011\\\/#breadcrumb\"},\"inLanguage\":\"es\",\"potentialAction\":[{\"@type\":\"ReadAction\",\"target\":[\"https:\\\/\\\/www.fagorprofessional.com\\\/blog\\\/es\\\/primer-video-host-2011\\\/\"]}]},{\"@type\":\"ImageObject\",\"inLanguage\":\"es\",\"@id\":\"https:\\\/\\\/www.fagorprofessional.com\\\/blog\\\/es\\\/primer-video-host-2011\\\/#primaryimage\",\"url\":\"\",\"contentUrl\":\"\"},{\"@type\":\"BreadcrumbList\",\"@id\":\"https:\\\/\\\/www.fagorprofessional.com\\\/blog\\\/es\\\/primer-video-host-2011\\\/#breadcrumb\",\"itemListElement\":[{\"@type\":\"ListItem\",\"position\":1,\"name\":\"Fagor Professional Blog\",\"item\":\"https:\\\/\\\/www.fagorprofessional.com\\\/blog\\\/\"},{\"@type\":\"ListItem\",\"position\":2,\"name\":\"Novedades y eventos\",\"item\":\"https:\\\/\\\/www.fagorprofessional.com\\\/blog\\\/es\\\/novedades-y-eventos\\\/\"},{\"@type\":\"ListItem\",\"position\":3,\"name\":\"Os presentamos nuestro primer v\u00eddeo sobre Host 2011\"}]},{\"@type\":\"WebSite\",\"@id\":\"https:\\\/\\\/www.fagorprofessional.com\\\/blog\\\/#website\",\"url\":\"https:\\\/\\\/www.fagorprofessional.com\\\/blog\\\/\",\"name\":\"Fagor Professional&#039;s Blog\",\"description\":\"Fagor Professional&#039;s Blog\",\"potentialAction\":[{\"@type\":\"SearchAction\",\"target\":{\"@type\":\"EntryPoint\",\"urlTemplate\":\"https:\\\/\\\/www.fagorprofessional.com\\\/blog\\\/?s={search_term_string}\"},\"query-input\":{\"@type\":\"PropertyValueSpecification\",\"valueRequired\":true,\"valueName\":\"search_term_string\"}}],\"inLanguage\":\"es\"},{\"@type\":\"Person\",\"@id\":\"https:\\\/\\\/www.fagorprofessional.com\\\/blog\\\/#\\\/schema\\\/person\\\/c2dc508ffda39316cf0e8a45f15cb4e4\",\"name\":\"admin\",\"image\":{\"@type\":\"ImageObject\",\"inLanguage\":\"es\",\"@id\":\"https:\\\/\\\/secure.gravatar.com\\\/avatar\\\/af0a4c336046e868f98b17f2a27b6f9426e8aba09b92828569a3ca2b54e3d91c?s=96&d=mm&r=g\",\"url\":\"https:\\\/\\\/secure.gravatar.com\\\/avatar\\\/af0a4c336046e868f98b17f2a27b6f9426e8aba09b92828569a3ca2b54e3d91c?s=96&d=mm&r=g\",\"contentUrl\":\"https:\\\/\\\/secure.gravatar.com\\\/avatar\\\/af0a4c336046e868f98b17f2a27b6f9426e8aba09b92828569a3ca2b54e3d91c?s=96&d=mm&r=g\",\"caption\":\"admin\"},\"sameAs\":[\"https:\\\/\\\/www.fagorprofessional.com\\\/blog\"]}]}<\/script>\n<!-- \/ Yoast SEO plugin. -->","yoast_head_json":{"title":"Os presentamos nuestro primer v\u00eddeo sobre Host 2011","description":"Si os perdisteis la feria Host 2011, que se celebr\u00f3 en Mil\u00e1n el pasado 21 de octubre, pod\u00e9is echarle un vistazo de lo m\u00e1s completo en este v\u00eddeo","robots":{"index":"index","follow":"follow","max-snippet":"max-snippet:-1","max-image-preview":"max-image-preview:large","max-video-preview":"max-video-preview:-1"},"canonical":"https:\/\/www.fagorprofessional.com\/blog\/es\/primer-video-host-2011\/","og_locale":"es_ES","og_type":"article","og_title":"Os presentamos nuestro primer v\u00eddeo sobre Host 2011","og_description":"Si os perdisteis la feria Host 2011, que se celebr\u00f3 en Mil\u00e1n el pasado 21 de octubre, pod\u00e9is echarle un vistazo de lo m\u00e1s completo en este v\u00eddeo","og_url":"https:\/\/www.fagorprofessional.com\/blog\/es\/primer-video-host-2011\/","og_site_name":"Fagor Professional&#039;s Blog","article_published_time":"2011-11-07T10:38:00+00:00","article_modified_time":"2022-11-23T09:32:50+00:00","author":"admin","twitter_card":"summary_large_image","twitter_misc":{"Escrito por":"admin","Tiempo de lectura":"2 minutos"},"schema":{"@context":"https:\/\/schema.org","@graph":[{"@type":"Article","@id":"https:\/\/www.fagorprofessional.com\/blog\/es\/primer-video-host-2011\/#article","isPartOf":{"@id":"https:\/\/www.fagorprofessional.com\/blog\/es\/primer-video-host-2011\/"},"author":{"name":"admin","@id":"https:\/\/www.fagorprofessional.com\/blog\/#\/schema\/person\/c2dc508ffda39316cf0e8a45f15cb4e4"},"headline":"Os presentamos nuestro primer v\u00eddeo sobre Host 2011","datePublished":"2011-11-07T10:38:00+00:00","dateModified":"2022-11-23T09:32:50+00:00","mainEntityOfPage":{"@id":"https:\/\/www.fagorprofessional.com\/blog\/es\/primer-video-host-2011\/"},"wordCount":233,"commentCount":0,"image":{"@id":"https:\/\/www.fagorprofessional.com\/blog\/es\/primer-video-host-2011\/#primaryimage"},"thumbnailUrl":"","articleSection":["Novedades y eventos"],"inLanguage":"es","potentialAction":[{"@type":"CommentAction","name":"Comment","target":["https:\/\/www.fagorprofessional.com\/blog\/es\/primer-video-host-2011\/#respond"]}]},{"@type":"WebPage","@id":"https:\/\/www.fagorprofessional.com\/blog\/es\/primer-video-host-2011\/","url":"https:\/\/www.fagorprofessional.com\/blog\/es\/primer-video-host-2011\/","name":"Os presentamos nuestro primer v\u00eddeo sobre Host 2011","isPartOf":{"@id":"https:\/\/www.fagorprofessional.com\/blog\/#website"},"primaryImageOfPage":{"@id":"https:\/\/www.fagorprofessional.com\/blog\/es\/primer-video-host-2011\/#primaryimage"},"image":{"@id":"https:\/\/www.fagorprofessional.com\/blog\/es\/primer-video-host-2011\/#primaryimage"},"thumbnailUrl":"","datePublished":"2011-11-07T10:38:00+00:00","dateModified":"2022-11-23T09:32:50+00:00","author":{"@id":"https:\/\/www.fagorprofessional.com\/blog\/#\/schema\/person\/c2dc508ffda39316cf0e8a45f15cb4e4"},"description":"Si os perdisteis la feria Host 2011, que se celebr\u00f3 en Mil\u00e1n el pasado 21 de octubre, pod\u00e9is echarle un vistazo de lo m\u00e1s completo en este v\u00eddeo","breadcrumb":{"@id":"https:\/\/www.fagorprofessional.com\/blog\/es\/primer-video-host-2011\/#breadcrumb"},"inLanguage":"es","potentialAction":[{"@type":"ReadAction","target":["https:\/\/www.fagorprofessional.com\/blog\/es\/primer-video-host-2011\/"]}]},{"@type":"ImageObject","inLanguage":"es","@id":"https:\/\/www.fagorprofessional.com\/blog\/es\/primer-video-host-2011\/#primaryimage","url":"","contentUrl":""},{"@type":"BreadcrumbList","@id":"https:\/\/www.fagorprofessional.com\/blog\/es\/primer-video-host-2011\/#breadcrumb","itemListElement":[{"@type":"ListItem","position":1,"name":"Fagor Professional Blog","item":"https:\/\/www.fagorprofessional.com\/blog\/"},{"@type":"ListItem","position":2,"name":"Novedades y eventos","item":"https:\/\/www.fagorprofessional.com\/blog\/es\/novedades-y-eventos\/"},{"@type":"ListItem","position":3,"name":"Os presentamos nuestro primer v\u00eddeo sobre Host 2011"}]},{"@type":"WebSite","@id":"https:\/\/www.fagorprofessional.com\/blog\/#website","url":"https:\/\/www.fagorprofessional.com\/blog\/","name":"Fagor Professional&#039;s Blog","description":"Fagor Professional&#039;s Blog","potentialAction":[{"@type":"SearchAction","target":{"@type":"EntryPoint","urlTemplate":"https:\/\/www.fagorprofessional.com\/blog\/?s={search_term_string}"},"query-input":{"@type":"PropertyValueSpecification","valueRequired":true,"valueName":"search_term_string"}}],"inLanguage":"es"},{"@type":"Person","@id":"https:\/\/www.fagorprofessional.com\/blog\/#\/schema\/person\/c2dc508ffda39316cf0e8a45f15cb4e4","name":"admin","image":{"@type":"ImageObject","inLanguage":"es","@id":"https:\/\/secure.gravatar.com\/avatar\/af0a4c336046e868f98b17f2a27b6f9426e8aba09b92828569a3ca2b54e3d91c?s=96&d=mm&r=g","url":"https:\/\/secure.gravatar.com\/avatar\/af0a4c336046e868f98b17f2a27b6f9426e8aba09b92828569a3ca2b54e3d91c?s=96&d=mm&r=g","contentUrl":"https:\/\/secure.gravatar.com\/avatar\/af0a4c336046e868f98b17f2a27b6f9426e8aba09b92828569a3ca2b54e3d91c?s=96&d=mm&r=g","caption":"admin"},"sameAs":["https:\/\/www.fagorprofessional.com\/blog"]}]}},"_links":{"self":[{"href":"https:\/\/www.fagorprofessional.com\/blog\/wp-json\/wp\/v2\/posts\/1028","targetHints":{"allow":["GET"]}}],"collection":[{"href":"https:\/\/www.fagorprofessional.com\/blog\/wp-json\/wp\/v2\/posts"}],"about":[{"href":"https:\/\/www.fagorprofessional.com\/blog\/wp-json\/wp\/v2\/types\/post"}],"author":[{"embeddable":true,"href":"https:\/\/www.fagorprofessional.com\/blog\/wp-json\/wp\/v2\/users\/1"}],"replies":[{"embeddable":true,"href":"https:\/\/www.fagorprofessional.com\/blog\/wp-json\/wp\/v2\/comments?post=1028"}],"version-history":[{"count":6,"href":"https:\/\/www.fagorprofessional.com\/blog\/wp-json\/wp\/v2\/posts\/1028\/revisions"}],"predecessor-version":[{"id":490504,"href":"https:\/\/www.fagorprofessional.com\/blog\/wp-json\/wp\/v2\/posts\/1028\/revisions\/490504"}],"wp:featuredmedia":[{"embeddable":true,"href":"https:\/\/www.fagorprofessional.com\/blog\/wp-json\/"}],"wp:attachment":[{"href":"https:\/\/www.fagorprofessional.com\/blog\/wp-json\/wp\/v2\/media?parent=1028"}],"wp:term":[{"taxonomy":"category","embeddable":true,"href":"https:\/\/www.fagorprofessional.com\/blog\/wp-json\/wp\/v2\/categories?post=1028"},{"taxonomy":"post_tag","embeddable":true,"href":"https:\/\/www.fagorprofessional.com\/blog\/wp-json\/wp\/v2\/tags?post=1028"}],"curies":[{"name":"wp","href":"https:\/\/api.w.org\/{rel}","templated":true}]}}