{"id":1052,"date":"2011-11-18T14:45:00","date_gmt":"2011-11-18T13:45:00","guid":{"rendered":"https:\/\/www.fagorprofessional.com\/blog\/?p=1052"},"modified":"2022-11-23T09:43:26","modified_gmt":"2022-11-23T09:43:26","slug":"host-2011-8-preguntas-8-profesionales-fagor-industrial","status":"publish","type":"post","link":"https:\/\/www.fagorprofessional.com\/blog\/es\/host-2011-8-preguntas-8-profesionales-fagor-industrial\/","title":{"rendered":"Host 2011: 8 preguntas para 8 profesionales de Fagor Professional"},"content":{"rendered":"<p>Como hemos comentado varias veces en este blog, las ferias internacionales, adem\u00e1s de todo el ajetreo que traen consigo en t\u00e9rminos de organizaci\u00f3n y actividades, son tambi\u00e9n una magn\u00ed\u00adfica oportunidad para conocer gente y reencontrarte con compa\u00f1eros con los que llevabas demasiado tiempo (meses, o incluso a\u00f1os) comunic\u00e1ndote por tel\u00e9fono y email.<\/p>\n<p>Hemos querido compartir esta experiencia con vosotros, con este v\u00ed\u00addeo que acabamos de colgar en nuestro <a <a href=\"https:\/\/www.youtube.com\/c\/FagorProfessional\" rel=\"nofollow\" target=\"_blank\">canal YouTube<\/a>: ocho profesionales de diversos pa\u00ed\u00adses del mundo nos contestan a ocho preguntas sobre su actividad, el mundo de las ferias, y el mundo de Fagor Professional.<\/p>\n<p>Y no decimos nada m\u00e1s, porque ya lo dicen todo ellos. \u00a1Esperamos que os guste!<\/p>\n<p><iframe title=\"Entrevista a 8 responsables de Fagor Industrial en la Feria Host de Mil\u00e1n 2011\" width=\"800\" height=\"450\" src=\"https:\/\/www.youtube.com\/embed\/7Zquqw1ZgKo?feature=oembed\" frameborder=\"0\" allow=\"accelerometer; autoplay; clipboard-write; encrypted-media; gyroscope; picture-in-picture\" allowfullscreen><\/iframe><\/p>\n<p><a href=\"http:\/www.youtube.com\/watch?v=\"><img class=\"lazyload\" class=\"\" alt=\"\" width=\"\" height=\"\" \/><\/a><\/p>\n","protected":false},"excerpt":{"rendered":"<p>Como hemos comentado varias veces en este blog, las ferias internacionales, adem\u00e1s de todo el ajetreo que traen consigo en t\u00e9rminos de organizaci\u00f3n y actividades, son tambi\u00e9n una magn\u00ed\u00adfica oportunidad para conocer gente y reencontrarte con compa\u00f1eros con los que llevabas demasiado tiempo (meses, o incluso a\u00f1os) comunic\u00e1ndote por tel\u00e9fono y email. Hemos querido compartir&#8230;<\/p>\n","protected":false},"author":1,"featured_media":1,"comment_status":"open","ping_status":"open","sticky":false,"template":"","format":"standard","meta":{"_acf_changed":false,"footnotes":""},"categories":[9,8],"tags":[],"class_list":["post-1052","post","type-post","status-publish","format-standard","has-post-thumbnail","hentry","category-entrevistas","category-novedades-y-eventos"],"acf":[],"yoast_head":"<!-- This site is optimized with the Yoast SEO plugin v27.5 - https:\/\/yoast.com\/product\/yoast-seo-wordpress\/ -->\n<title>Host 2011: 8 preguntas para 8 profesionales de Fagor Industrial<\/title>\n<meta name=\"description\" content=\"Hemos querido compartir esta experiencia con vosotros, con este v\u00eddeo que acabamos de colgar en nuestro canal YouTube: ocho profesionales de diversos pa\u00edses del mundo nos contestan a ocho preguntas sobre su actividad, el mundo de las ferias, y el mundo de Fagor Industrial.\" \/>\n<meta name=\"robots\" content=\"index, follow, max-snippet:-1, max-image-preview:large, max-video-preview:-1\" \/>\n<link rel=\"canonical\" href=\"https:\/\/www.fagorprofessional.com\/blog\/es\/host-2011-8-preguntas-8-profesionales-fagor-industrial\/\" \/>\n<meta property=\"og:locale\" content=\"es_ES\" \/>\n<meta property=\"og:type\" content=\"article\" \/>\n<meta property=\"og:title\" content=\"Host 2011: 8 preguntas para 8 profesionales de Fagor Industrial\" \/>\n<meta property=\"og:description\" content=\"Hemos querido compartir esta experiencia con vosotros, con este v\u00eddeo que acabamos de colgar en nuestro canal YouTube: ocho profesionales de diversos pa\u00edses del mundo nos contestan a ocho preguntas sobre su actividad, el mundo de las ferias, y el mundo de Fagor Industrial.\" \/>\n<meta property=\"og:url\" content=\"https:\/\/www.fagorprofessional.com\/blog\/es\/host-2011-8-preguntas-8-profesionales-fagor-industrial\/\" \/>\n<meta property=\"og:site_name\" content=\"Fagor Professional&#039;s Blog\" \/>\n<meta property=\"article:published_time\" content=\"2011-11-18T13:45:00+00:00\" \/>\n<meta property=\"article:modified_time\" content=\"2022-11-23T09:43:26+00:00\" \/>\n<meta name=\"author\" content=\"admin\" \/>\n<meta name=\"twitter:card\" content=\"summary_large_image\" \/>\n<meta name=\"twitter:label1\" content=\"Escrito por\" \/>\n\t<meta name=\"twitter:data1\" content=\"admin\" \/>\n\t<meta name=\"twitter:label2\" content=\"Tiempo de lectura\" \/>\n\t<meta name=\"twitter:data2\" content=\"1 minuto\" \/>\n<script type=\"application\/ld+json\" class=\"yoast-schema-graph\">{\"@context\":\"https:\\\/\\\/schema.org\",\"@graph\":[{\"@type\":\"Article\",\"@id\":\"https:\\\/\\\/www.fagorprofessional.com\\\/blog\\\/es\\\/host-2011-8-preguntas-8-profesionales-fagor-industrial\\\/#article\",\"isPartOf\":{\"@id\":\"https:\\\/\\\/www.fagorprofessional.com\\\/blog\\\/es\\\/host-2011-8-preguntas-8-profesionales-fagor-industrial\\\/\"},\"author\":{\"name\":\"admin\",\"@id\":\"https:\\\/\\\/www.fagorprofessional.com\\\/blog\\\/#\\\/schema\\\/person\\\/c2dc508ffda39316cf0e8a45f15cb4e4\"},\"headline\":\"Host 2011: 8 preguntas para 8 profesionales de Fagor Professional\",\"datePublished\":\"2011-11-18T13:45:00+00:00\",\"dateModified\":\"2022-11-23T09:43:26+00:00\",\"mainEntityOfPage\":{\"@id\":\"https:\\\/\\\/www.fagorprofessional.com\\\/blog\\\/es\\\/host-2011-8-preguntas-8-profesionales-fagor-industrial\\\/\"},\"wordCount\":142,\"commentCount\":0,\"image\":{\"@id\":\"https:\\\/\\\/www.fagorprofessional.com\\\/blog\\\/es\\\/host-2011-8-preguntas-8-profesionales-fagor-industrial\\\/#primaryimage\"},\"thumbnailUrl\":\"\",\"articleSection\":[\"Entrevistas\",\"Novedades y eventos\"],\"inLanguage\":\"es\",\"potentialAction\":[{\"@type\":\"CommentAction\",\"name\":\"Comment\",\"target\":[\"https:\\\/\\\/www.fagorprofessional.com\\\/blog\\\/es\\\/host-2011-8-preguntas-8-profesionales-fagor-industrial\\\/#respond\"]}]},{\"@type\":\"WebPage\",\"@id\":\"https:\\\/\\\/www.fagorprofessional.com\\\/blog\\\/es\\\/host-2011-8-preguntas-8-profesionales-fagor-industrial\\\/\",\"url\":\"https:\\\/\\\/www.fagorprofessional.com\\\/blog\\\/es\\\/host-2011-8-preguntas-8-profesionales-fagor-industrial\\\/\",\"name\":\"Host 2011: 8 preguntas para 8 profesionales de Fagor Industrial\",\"isPartOf\":{\"@id\":\"https:\\\/\\\/www.fagorprofessional.com\\\/blog\\\/#website\"},\"primaryImageOfPage\":{\"@id\":\"https:\\\/\\\/www.fagorprofessional.com\\\/blog\\\/es\\\/host-2011-8-preguntas-8-profesionales-fagor-industrial\\\/#primaryimage\"},\"image\":{\"@id\":\"https:\\\/\\\/www.fagorprofessional.com\\\/blog\\\/es\\\/host-2011-8-preguntas-8-profesionales-fagor-industrial\\\/#primaryimage\"},\"thumbnailUrl\":\"\",\"datePublished\":\"2011-11-18T13:45:00+00:00\",\"dateModified\":\"2022-11-23T09:43:26+00:00\",\"author\":{\"@id\":\"https:\\\/\\\/www.fagorprofessional.com\\\/blog\\\/#\\\/schema\\\/person\\\/c2dc508ffda39316cf0e8a45f15cb4e4\"},\"description\":\"Hemos querido compartir esta experiencia con vosotros, con este v\u00eddeo que acabamos de colgar en nuestro canal YouTube: ocho profesionales de diversos pa\u00edses del mundo nos contestan a ocho preguntas sobre su actividad, el mundo de las ferias, y el mundo de Fagor Industrial.\",\"breadcrumb\":{\"@id\":\"https:\\\/\\\/www.fagorprofessional.com\\\/blog\\\/es\\\/host-2011-8-preguntas-8-profesionales-fagor-industrial\\\/#breadcrumb\"},\"inLanguage\":\"es\",\"potentialAction\":[{\"@type\":\"ReadAction\",\"target\":[\"https:\\\/\\\/www.fagorprofessional.com\\\/blog\\\/es\\\/host-2011-8-preguntas-8-profesionales-fagor-industrial\\\/\"]}]},{\"@type\":\"ImageObject\",\"inLanguage\":\"es\",\"@id\":\"https:\\\/\\\/www.fagorprofessional.com\\\/blog\\\/es\\\/host-2011-8-preguntas-8-profesionales-fagor-industrial\\\/#primaryimage\",\"url\":\"\",\"contentUrl\":\"\"},{\"@type\":\"BreadcrumbList\",\"@id\":\"https:\\\/\\\/www.fagorprofessional.com\\\/blog\\\/es\\\/host-2011-8-preguntas-8-profesionales-fagor-industrial\\\/#breadcrumb\",\"itemListElement\":[{\"@type\":\"ListItem\",\"position\":1,\"name\":\"Fagor Professional Blog\",\"item\":\"https:\\\/\\\/www.fagorprofessional.com\\\/blog\\\/\"},{\"@type\":\"ListItem\",\"position\":2,\"name\":\"Entrevistas\",\"item\":\"https:\\\/\\\/www.fagorprofessional.com\\\/blog\\\/es\\\/entrevistas\\\/\"},{\"@type\":\"ListItem\",\"position\":3,\"name\":\"Host 2011: 8 preguntas para 8 profesionales de Fagor Professional\"}]},{\"@type\":\"WebSite\",\"@id\":\"https:\\\/\\\/www.fagorprofessional.com\\\/blog\\\/#website\",\"url\":\"https:\\\/\\\/www.fagorprofessional.com\\\/blog\\\/\",\"name\":\"Fagor Professional&#039;s Blog\",\"description\":\"Fagor Professional&#039;s Blog\",\"potentialAction\":[{\"@type\":\"SearchAction\",\"target\":{\"@type\":\"EntryPoint\",\"urlTemplate\":\"https:\\\/\\\/www.fagorprofessional.com\\\/blog\\\/?s={search_term_string}\"},\"query-input\":{\"@type\":\"PropertyValueSpecification\",\"valueRequired\":true,\"valueName\":\"search_term_string\"}}],\"inLanguage\":\"es\"},{\"@type\":\"Person\",\"@id\":\"https:\\\/\\\/www.fagorprofessional.com\\\/blog\\\/#\\\/schema\\\/person\\\/c2dc508ffda39316cf0e8a45f15cb4e4\",\"name\":\"admin\",\"image\":{\"@type\":\"ImageObject\",\"inLanguage\":\"es\",\"@id\":\"https:\\\/\\\/secure.gravatar.com\\\/avatar\\\/af0a4c336046e868f98b17f2a27b6f9426e8aba09b92828569a3ca2b54e3d91c?s=96&d=mm&r=g\",\"url\":\"https:\\\/\\\/secure.gravatar.com\\\/avatar\\\/af0a4c336046e868f98b17f2a27b6f9426e8aba09b92828569a3ca2b54e3d91c?s=96&d=mm&r=g\",\"contentUrl\":\"https:\\\/\\\/secure.gravatar.com\\\/avatar\\\/af0a4c336046e868f98b17f2a27b6f9426e8aba09b92828569a3ca2b54e3d91c?s=96&d=mm&r=g\",\"caption\":\"admin\"},\"sameAs\":[\"https:\\\/\\\/www.fagorprofessional.com\\\/blog\"]}]}<\/script>\n<!-- \/ Yoast SEO plugin. -->","yoast_head_json":{"title":"Host 2011: 8 preguntas para 8 profesionales de Fagor Industrial","description":"Hemos querido compartir esta experiencia con vosotros, con este v\u00eddeo que acabamos de colgar en nuestro canal YouTube: ocho profesionales de diversos pa\u00edses del mundo nos contestan a ocho preguntas sobre su actividad, el mundo de las ferias, y el mundo de Fagor Industrial.","robots":{"index":"index","follow":"follow","max-snippet":"max-snippet:-1","max-image-preview":"max-image-preview:large","max-video-preview":"max-video-preview:-1"},"canonical":"https:\/\/www.fagorprofessional.com\/blog\/es\/host-2011-8-preguntas-8-profesionales-fagor-industrial\/","og_locale":"es_ES","og_type":"article","og_title":"Host 2011: 8 preguntas para 8 profesionales de Fagor Industrial","og_description":"Hemos querido compartir esta experiencia con vosotros, con este v\u00eddeo que acabamos de colgar en nuestro canal YouTube: ocho profesionales de diversos pa\u00edses del mundo nos contestan a ocho preguntas sobre su actividad, el mundo de las ferias, y el mundo de Fagor Industrial.","og_url":"https:\/\/www.fagorprofessional.com\/blog\/es\/host-2011-8-preguntas-8-profesionales-fagor-industrial\/","og_site_name":"Fagor Professional&#039;s Blog","article_published_time":"2011-11-18T13:45:00+00:00","article_modified_time":"2022-11-23T09:43:26+00:00","author":"admin","twitter_card":"summary_large_image","twitter_misc":{"Escrito por":"admin","Tiempo de lectura":"1 minuto"},"schema":{"@context":"https:\/\/schema.org","@graph":[{"@type":"Article","@id":"https:\/\/www.fagorprofessional.com\/blog\/es\/host-2011-8-preguntas-8-profesionales-fagor-industrial\/#article","isPartOf":{"@id":"https:\/\/www.fagorprofessional.com\/blog\/es\/host-2011-8-preguntas-8-profesionales-fagor-industrial\/"},"author":{"name":"admin","@id":"https:\/\/www.fagorprofessional.com\/blog\/#\/schema\/person\/c2dc508ffda39316cf0e8a45f15cb4e4"},"headline":"Host 2011: 8 preguntas para 8 profesionales de Fagor Professional","datePublished":"2011-11-18T13:45:00+00:00","dateModified":"2022-11-23T09:43:26+00:00","mainEntityOfPage":{"@id":"https:\/\/www.fagorprofessional.com\/blog\/es\/host-2011-8-preguntas-8-profesionales-fagor-industrial\/"},"wordCount":142,"commentCount":0,"image":{"@id":"https:\/\/www.fagorprofessional.com\/blog\/es\/host-2011-8-preguntas-8-profesionales-fagor-industrial\/#primaryimage"},"thumbnailUrl":"","articleSection":["Entrevistas","Novedades y eventos"],"inLanguage":"es","potentialAction":[{"@type":"CommentAction","name":"Comment","target":["https:\/\/www.fagorprofessional.com\/blog\/es\/host-2011-8-preguntas-8-profesionales-fagor-industrial\/#respond"]}]},{"@type":"WebPage","@id":"https:\/\/www.fagorprofessional.com\/blog\/es\/host-2011-8-preguntas-8-profesionales-fagor-industrial\/","url":"https:\/\/www.fagorprofessional.com\/blog\/es\/host-2011-8-preguntas-8-profesionales-fagor-industrial\/","name":"Host 2011: 8 preguntas para 8 profesionales de Fagor Industrial","isPartOf":{"@id":"https:\/\/www.fagorprofessional.com\/blog\/#website"},"primaryImageOfPage":{"@id":"https:\/\/www.fagorprofessional.com\/blog\/es\/host-2011-8-preguntas-8-profesionales-fagor-industrial\/#primaryimage"},"image":{"@id":"https:\/\/www.fagorprofessional.com\/blog\/es\/host-2011-8-preguntas-8-profesionales-fagor-industrial\/#primaryimage"},"thumbnailUrl":"","datePublished":"2011-11-18T13:45:00+00:00","dateModified":"2022-11-23T09:43:26+00:00","author":{"@id":"https:\/\/www.fagorprofessional.com\/blog\/#\/schema\/person\/c2dc508ffda39316cf0e8a45f15cb4e4"},"description":"Hemos querido compartir esta experiencia con vosotros, con este v\u00eddeo que acabamos de colgar en nuestro canal YouTube: ocho profesionales de diversos pa\u00edses del mundo nos contestan a ocho preguntas sobre su actividad, el mundo de las ferias, y el mundo de Fagor Industrial.","breadcrumb":{"@id":"https:\/\/www.fagorprofessional.com\/blog\/es\/host-2011-8-preguntas-8-profesionales-fagor-industrial\/#breadcrumb"},"inLanguage":"es","potentialAction":[{"@type":"ReadAction","target":["https:\/\/www.fagorprofessional.com\/blog\/es\/host-2011-8-preguntas-8-profesionales-fagor-industrial\/"]}]},{"@type":"ImageObject","inLanguage":"es","@id":"https:\/\/www.fagorprofessional.com\/blog\/es\/host-2011-8-preguntas-8-profesionales-fagor-industrial\/#primaryimage","url":"","contentUrl":""},{"@type":"BreadcrumbList","@id":"https:\/\/www.fagorprofessional.com\/blog\/es\/host-2011-8-preguntas-8-profesionales-fagor-industrial\/#breadcrumb","itemListElement":[{"@type":"ListItem","position":1,"name":"Fagor Professional Blog","item":"https:\/\/www.fagorprofessional.com\/blog\/"},{"@type":"ListItem","position":2,"name":"Entrevistas","item":"https:\/\/www.fagorprofessional.com\/blog\/es\/entrevistas\/"},{"@type":"ListItem","position":3,"name":"Host 2011: 8 preguntas para 8 profesionales de Fagor Professional"}]},{"@type":"WebSite","@id":"https:\/\/www.fagorprofessional.com\/blog\/#website","url":"https:\/\/www.fagorprofessional.com\/blog\/","name":"Fagor Professional&#039;s Blog","description":"Fagor Professional&#039;s Blog","potentialAction":[{"@type":"SearchAction","target":{"@type":"EntryPoint","urlTemplate":"https:\/\/www.fagorprofessional.com\/blog\/?s={search_term_string}"},"query-input":{"@type":"PropertyValueSpecification","valueRequired":true,"valueName":"search_term_string"}}],"inLanguage":"es"},{"@type":"Person","@id":"https:\/\/www.fagorprofessional.com\/blog\/#\/schema\/person\/c2dc508ffda39316cf0e8a45f15cb4e4","name":"admin","image":{"@type":"ImageObject","inLanguage":"es","@id":"https:\/\/secure.gravatar.com\/avatar\/af0a4c336046e868f98b17f2a27b6f9426e8aba09b92828569a3ca2b54e3d91c?s=96&d=mm&r=g","url":"https:\/\/secure.gravatar.com\/avatar\/af0a4c336046e868f98b17f2a27b6f9426e8aba09b92828569a3ca2b54e3d91c?s=96&d=mm&r=g","contentUrl":"https:\/\/secure.gravatar.com\/avatar\/af0a4c336046e868f98b17f2a27b6f9426e8aba09b92828569a3ca2b54e3d91c?s=96&d=mm&r=g","caption":"admin"},"sameAs":["https:\/\/www.fagorprofessional.com\/blog"]}]}},"_links":{"self":[{"href":"https:\/\/www.fagorprofessional.com\/blog\/wp-json\/wp\/v2\/posts\/1052","targetHints":{"allow":["GET"]}}],"collection":[{"href":"https:\/\/www.fagorprofessional.com\/blog\/wp-json\/wp\/v2\/posts"}],"about":[{"href":"https:\/\/www.fagorprofessional.com\/blog\/wp-json\/wp\/v2\/types\/post"}],"author":[{"embeddable":true,"href":"https:\/\/www.fagorprofessional.com\/blog\/wp-json\/wp\/v2\/users\/1"}],"replies":[{"embeddable":true,"href":"https:\/\/www.fagorprofessional.com\/blog\/wp-json\/wp\/v2\/comments?post=1052"}],"version-history":[{"count":4,"href":"https:\/\/www.fagorprofessional.com\/blog\/wp-json\/wp\/v2\/posts\/1052\/revisions"}],"predecessor-version":[{"id":490509,"href":"https:\/\/www.fagorprofessional.com\/blog\/wp-json\/wp\/v2\/posts\/1052\/revisions\/490509"}],"wp:featuredmedia":[{"embeddable":true,"href":"https:\/\/www.fagorprofessional.com\/blog\/wp-json\/"}],"wp:attachment":[{"href":"https:\/\/www.fagorprofessional.com\/blog\/wp-json\/wp\/v2\/media?parent=1052"}],"wp:term":[{"taxonomy":"category","embeddable":true,"href":"https:\/\/www.fagorprofessional.com\/blog\/wp-json\/wp\/v2\/categories?post=1052"},{"taxonomy":"post_tag","embeddable":true,"href":"https:\/\/www.fagorprofessional.com\/blog\/wp-json\/wp\/v2\/tags?post=1052"}],"curies":[{"name":"wp","href":"https:\/\/api.w.org\/{rel}","templated":true}]}}