{"id":1076,"date":"2011-12-01T12:04:00","date_gmt":"2011-12-01T11:04:00","guid":{"rendered":"https:\/\/www.fagorprofessional.com\/blog\/?p=1076"},"modified":"2024-04-19T09:54:57","modified_gmt":"2024-04-19T09:54:57","slug":"chef-josean-martinez-alija-estrena-estrella-michelin","status":"publish","type":"post","link":"https:\/\/www.fagorprofessional.com\/blog\/es\/chef-josean-martinez-alija-estrena-estrella-michelin\/","title":{"rendered":"El chef Josean Mart\u00ednez-Alija estrena estrella Michel\u00edn (y se lo merece)"},"content":{"rendered":"<p>Como suele decirse, nunca llueve a gusto de todos. Mucho menos si la lluvia en cuesti\u00f3n no es de agua, sino que m\u00e1s bien se refiere al reparto de estrellas que la Gu\u00ed\u00ada Michel\u00ed\u00adn otorga cada a\u00f1o a restaurantes de todo el mundo. La llegada de la edici\u00f3n anual de la publicaci\u00f3n gastron\u00f3mica m\u00e1s prestigiosa siempre trae consigo una amalgama de alegr\u00ed\u00adas y decepciones.<\/p>\n<p>La edici\u00f3n 2012 de Espa\u00f1a ha supuesto resultados agridulces, con p\u00e9rdidas y omisiones que han levantado ampollas en muchos cr\u00ed\u00adticos y especialistas, y con un saldo total que se ha visto afectado por factores como el cierre de El Bulli, que ha supuesto la desaparici\u00f3n de la lista de sus tres estrellas.<\/p>\n<p><img decoding=\"async\" class=\"lazyload\" src=\"data:image\/gif;base64,R0lGODlhAQABAIAAAAAAAP\/\/\/yH5BAEAAAAALAAAAAABAAEAAAIBRAA7\" data-src=\"https:\/\/www.fagorprofessional.com\/blog\/wp-content\/uploads\/2011\/12\/MG_1290-200x300.jpg\" \/><noscript><img decoding=\"async\" class=\"lazyload\" src=\"https:\/\/www.fagorprofessional.com\/blog\/wp-content\/uploads\/2011\/12\/MG_1290-200x300.jpg\" \/><\/noscript><\/p>\n<p><span style=\"color: initial;\">Josean Mart\u00ed\u00adnez, el joven chef del Nerua<\/span><\/p>\n<p>De todos modos, en este blog tenemos una cierta tendencia a fijarnos sobre todo en lo positivo. Muy especialmente en lo que ata\u00f1e a un cocinero cuyo esfuerzo y visi\u00f3n le han supuesto estrenar su primera estrella Michel\u00ed\u00adn. Nos referimos a Josean Mart\u00ed\u00adnez Alija, viejo conocido de nuestros lectores, que a partir de ahora puede ostentar el galard\u00f3n en su restaurante Nerua, situado en el Museo Guggenheim, en plena r\u00ed\u00ada de Bilbao.<\/p>\n<p>Nerua no ha sido \u00fanicamente el gran proyecto personal de Josean; para nosotros, que nos encargamos de su <a <a href=\"https:\/\/www.fagorprofessional.com\/es\/home\" rel=\"nofollow\" target=\"_blank\">dise\u00f1o, instalaci\u00f3n y equipamiento<\/a> ha supuesto tambi\u00e9n un desaf\u00ed\u00ado tan complicado como estimulante. Una cocina completamente a medida, donde no hubiera humos, calor ni ruido, a la vista del p\u00fablico, de forma que cualquier comensal pudiera asistir en directo a la preparaci\u00f3n de los platos que iba a degustar, y que estuviera en consonancia con un marco tan vanguardista y representativo de la ciudad como es el propio Museo. No fue una tarea sencilla, y que Josean confiara en nosotros para cumplirla siempre ser\u00e1 para nosotros motivo de orgullo, mucho m\u00e1s si tenemos en cuenta los resultados.<\/p>\n<p>No vamos a caer en el topicazo de sentir que esa estrella es tambi\u00e9n un poco nuestra, porque ser\u00ed\u00ada faltar a la verdad. La estrella es m\u00e9rito exclusivo de Josean y su equipo de Nerua, la recompensa a a\u00f1os de creatividad, talento y dedicaci\u00f3n a su arte. Lo que s\u00ed\u00ad queremos hacer es felicitar a todos los galardonados en esta edici\u00f3n, y decirle a Josean \u00a1Felicidades y a por la segunda!<\/p>\n","protected":false},"excerpt":{"rendered":"<p>Como suele decirse, nunca llueve a gusto de todos. Mucho menos si la lluvia en cuesti\u00f3n no es de agua, sino que m\u00e1s bien se refiere al reparto de estrellas que la Gu\u00ed\u00ada Michel\u00ed\u00adn otorga cada a\u00f1o a restaurantes de todo el mundo. La llegada de la edici\u00f3n anual de la publicaci\u00f3n gastron\u00f3mica m\u00e1s prestigiosa&#8230;<\/p>\n","protected":false},"author":1,"featured_media":1,"comment_status":"open","ping_status":"open","sticky":false,"template":"","format":"standard","meta":{"_acf_changed":false,"footnotes":""},"categories":[7],"tags":[],"class_list":["post-1076","post","type-post","status-publish","format-standard","has-post-thumbnail","hentry","category-tendencias-y-consejos"],"acf":[],"yoast_head":"<!-- This site is optimized with the Yoast SEO plugin v27.5 - https:\/\/yoast.com\/product\/yoast-seo-wordpress\/ -->\n<title>El chef Josean Mart\u00ednez-Alija estrena estrella Michel\u00edn<\/title>\n<meta name=\"description\" content=\"La llegada de la edici\u00f3n anual de la publicaci\u00f3n gastron\u00f3mica m\u00e1s prestigiosa siempre trae consigo una amalgama de alegr\u00edas y decepciones.\" \/>\n<meta name=\"robots\" content=\"index, follow, max-snippet:-1, max-image-preview:large, max-video-preview:-1\" \/>\n<link rel=\"canonical\" href=\"https:\/\/www.fagorprofessional.com\/blog\/es\/chef-josean-martinez-alija-estrena-estrella-michelin\/\" \/>\n<meta property=\"og:locale\" content=\"es_ES\" \/>\n<meta property=\"og:type\" content=\"article\" \/>\n<meta property=\"og:title\" content=\"El chef Josean Mart\u00ednez-Alija estrena estrella Michel\u00edn\" \/>\n<meta property=\"og:description\" content=\"La llegada de la edici\u00f3n anual de la publicaci\u00f3n gastron\u00f3mica m\u00e1s prestigiosa siempre trae consigo una amalgama de alegr\u00edas y decepciones.\" \/>\n<meta property=\"og:url\" content=\"https:\/\/www.fagorprofessional.com\/blog\/es\/chef-josean-martinez-alija-estrena-estrella-michelin\/\" \/>\n<meta property=\"og:site_name\" content=\"Fagor Professional&#039;s Blog\" \/>\n<meta property=\"article:published_time\" content=\"2011-12-01T11:04:00+00:00\" \/>\n<meta property=\"article:modified_time\" content=\"2024-04-19T09:54:57+00:00\" \/>\n<meta name=\"author\" content=\"admin\" \/>\n<meta name=\"twitter:card\" content=\"summary_large_image\" \/>\n<meta name=\"twitter:label1\" content=\"Escrito por\" \/>\n\t<meta name=\"twitter:data1\" content=\"admin\" \/>\n\t<meta name=\"twitter:label2\" content=\"Tiempo de lectura\" \/>\n\t<meta name=\"twitter:data2\" content=\"2 minutos\" \/>\n<script type=\"application\/ld+json\" class=\"yoast-schema-graph\">{\"@context\":\"https:\\\/\\\/schema.org\",\"@graph\":[{\"@type\":\"Article\",\"@id\":\"https:\\\/\\\/www.fagorprofessional.com\\\/blog\\\/es\\\/chef-josean-martinez-alija-estrena-estrella-michelin\\\/#article\",\"isPartOf\":{\"@id\":\"https:\\\/\\\/www.fagorprofessional.com\\\/blog\\\/es\\\/chef-josean-martinez-alija-estrena-estrella-michelin\\\/\"},\"author\":{\"name\":\"admin\",\"@id\":\"https:\\\/\\\/www.fagorprofessional.com\\\/blog\\\/#\\\/schema\\\/person\\\/c2dc508ffda39316cf0e8a45f15cb4e4\"},\"headline\":\"El chef Josean Mart\u00ednez-Alija estrena estrella Michel\u00edn (y se lo merece)\",\"datePublished\":\"2011-12-01T11:04:00+00:00\",\"dateModified\":\"2024-04-19T09:54:57+00:00\",\"mainEntityOfPage\":{\"@id\":\"https:\\\/\\\/www.fagorprofessional.com\\\/blog\\\/es\\\/chef-josean-martinez-alija-estrena-estrella-michelin\\\/\"},\"wordCount\":428,\"commentCount\":0,\"image\":{\"@id\":\"https:\\\/\\\/www.fagorprofessional.com\\\/blog\\\/es\\\/chef-josean-martinez-alija-estrena-estrella-michelin\\\/#primaryimage\"},\"thumbnailUrl\":\"\",\"articleSection\":[\"Tendencias y consejos\"],\"inLanguage\":\"es\",\"potentialAction\":[{\"@type\":\"CommentAction\",\"name\":\"Comment\",\"target\":[\"https:\\\/\\\/www.fagorprofessional.com\\\/blog\\\/es\\\/chef-josean-martinez-alija-estrena-estrella-michelin\\\/#respond\"]}]},{\"@type\":\"WebPage\",\"@id\":\"https:\\\/\\\/www.fagorprofessional.com\\\/blog\\\/es\\\/chef-josean-martinez-alija-estrena-estrella-michelin\\\/\",\"url\":\"https:\\\/\\\/www.fagorprofessional.com\\\/blog\\\/es\\\/chef-josean-martinez-alija-estrena-estrella-michelin\\\/\",\"name\":\"El chef Josean Mart\u00ednez-Alija estrena estrella Michel\u00edn\",\"isPartOf\":{\"@id\":\"https:\\\/\\\/www.fagorprofessional.com\\\/blog\\\/#website\"},\"primaryImageOfPage\":{\"@id\":\"https:\\\/\\\/www.fagorprofessional.com\\\/blog\\\/es\\\/chef-josean-martinez-alija-estrena-estrella-michelin\\\/#primaryimage\"},\"image\":{\"@id\":\"https:\\\/\\\/www.fagorprofessional.com\\\/blog\\\/es\\\/chef-josean-martinez-alija-estrena-estrella-michelin\\\/#primaryimage\"},\"thumbnailUrl\":\"\",\"datePublished\":\"2011-12-01T11:04:00+00:00\",\"dateModified\":\"2024-04-19T09:54:57+00:00\",\"author\":{\"@id\":\"https:\\\/\\\/www.fagorprofessional.com\\\/blog\\\/#\\\/schema\\\/person\\\/c2dc508ffda39316cf0e8a45f15cb4e4\"},\"description\":\"La llegada de la edici\u00f3n anual de la publicaci\u00f3n gastron\u00f3mica m\u00e1s prestigiosa siempre trae consigo una amalgama de alegr\u00edas y decepciones.\",\"breadcrumb\":{\"@id\":\"https:\\\/\\\/www.fagorprofessional.com\\\/blog\\\/es\\\/chef-josean-martinez-alija-estrena-estrella-michelin\\\/#breadcrumb\"},\"inLanguage\":\"es\",\"potentialAction\":[{\"@type\":\"ReadAction\",\"target\":[\"https:\\\/\\\/www.fagorprofessional.com\\\/blog\\\/es\\\/chef-josean-martinez-alija-estrena-estrella-michelin\\\/\"]}]},{\"@type\":\"ImageObject\",\"inLanguage\":\"es\",\"@id\":\"https:\\\/\\\/www.fagorprofessional.com\\\/blog\\\/es\\\/chef-josean-martinez-alija-estrena-estrella-michelin\\\/#primaryimage\",\"url\":\"\",\"contentUrl\":\"\"},{\"@type\":\"BreadcrumbList\",\"@id\":\"https:\\\/\\\/www.fagorprofessional.com\\\/blog\\\/es\\\/chef-josean-martinez-alija-estrena-estrella-michelin\\\/#breadcrumb\",\"itemListElement\":[{\"@type\":\"ListItem\",\"position\":1,\"name\":\"Fagor Professional Blog\",\"item\":\"https:\\\/\\\/www.fagorprofessional.com\\\/blog\\\/\"},{\"@type\":\"ListItem\",\"position\":2,\"name\":\"Tendencias y consejos\",\"item\":\"https:\\\/\\\/www.fagorprofessional.com\\\/blog\\\/es\\\/tendencias-y-consejos\\\/\"},{\"@type\":\"ListItem\",\"position\":3,\"name\":\"El chef Josean Mart\u00ednez-Alija estrena estrella Michel\u00edn (y se lo merece)\"}]},{\"@type\":\"WebSite\",\"@id\":\"https:\\\/\\\/www.fagorprofessional.com\\\/blog\\\/#website\",\"url\":\"https:\\\/\\\/www.fagorprofessional.com\\\/blog\\\/\",\"name\":\"Fagor Professional&#039;s Blog\",\"description\":\"Fagor Professional&#039;s Blog\",\"potentialAction\":[{\"@type\":\"SearchAction\",\"target\":{\"@type\":\"EntryPoint\",\"urlTemplate\":\"https:\\\/\\\/www.fagorprofessional.com\\\/blog\\\/?s={search_term_string}\"},\"query-input\":{\"@type\":\"PropertyValueSpecification\",\"valueRequired\":true,\"valueName\":\"search_term_string\"}}],\"inLanguage\":\"es\"},{\"@type\":\"Person\",\"@id\":\"https:\\\/\\\/www.fagorprofessional.com\\\/blog\\\/#\\\/schema\\\/person\\\/c2dc508ffda39316cf0e8a45f15cb4e4\",\"name\":\"admin\",\"image\":{\"@type\":\"ImageObject\",\"inLanguage\":\"es\",\"@id\":\"https:\\\/\\\/secure.gravatar.com\\\/avatar\\\/af0a4c336046e868f98b17f2a27b6f9426e8aba09b92828569a3ca2b54e3d91c?s=96&d=mm&r=g\",\"url\":\"https:\\\/\\\/secure.gravatar.com\\\/avatar\\\/af0a4c336046e868f98b17f2a27b6f9426e8aba09b92828569a3ca2b54e3d91c?s=96&d=mm&r=g\",\"contentUrl\":\"https:\\\/\\\/secure.gravatar.com\\\/avatar\\\/af0a4c336046e868f98b17f2a27b6f9426e8aba09b92828569a3ca2b54e3d91c?s=96&d=mm&r=g\",\"caption\":\"admin\"},\"sameAs\":[\"https:\\\/\\\/www.fagorprofessional.com\\\/blog\"]}]}<\/script>\n<!-- \/ Yoast SEO plugin. -->","yoast_head_json":{"title":"El chef Josean Mart\u00ednez-Alija estrena estrella Michel\u00edn","description":"La llegada de la edici\u00f3n anual de la publicaci\u00f3n gastron\u00f3mica m\u00e1s prestigiosa siempre trae consigo una amalgama de alegr\u00edas y decepciones.","robots":{"index":"index","follow":"follow","max-snippet":"max-snippet:-1","max-image-preview":"max-image-preview:large","max-video-preview":"max-video-preview:-1"},"canonical":"https:\/\/www.fagorprofessional.com\/blog\/es\/chef-josean-martinez-alija-estrena-estrella-michelin\/","og_locale":"es_ES","og_type":"article","og_title":"El chef Josean Mart\u00ednez-Alija estrena estrella Michel\u00edn","og_description":"La llegada de la edici\u00f3n anual de la publicaci\u00f3n gastron\u00f3mica m\u00e1s prestigiosa siempre trae consigo una amalgama de alegr\u00edas y decepciones.","og_url":"https:\/\/www.fagorprofessional.com\/blog\/es\/chef-josean-martinez-alija-estrena-estrella-michelin\/","og_site_name":"Fagor Professional&#039;s Blog","article_published_time":"2011-12-01T11:04:00+00:00","article_modified_time":"2024-04-19T09:54:57+00:00","author":"admin","twitter_card":"summary_large_image","twitter_misc":{"Escrito por":"admin","Tiempo de lectura":"2 minutos"},"schema":{"@context":"https:\/\/schema.org","@graph":[{"@type":"Article","@id":"https:\/\/www.fagorprofessional.com\/blog\/es\/chef-josean-martinez-alija-estrena-estrella-michelin\/#article","isPartOf":{"@id":"https:\/\/www.fagorprofessional.com\/blog\/es\/chef-josean-martinez-alija-estrena-estrella-michelin\/"},"author":{"name":"admin","@id":"https:\/\/www.fagorprofessional.com\/blog\/#\/schema\/person\/c2dc508ffda39316cf0e8a45f15cb4e4"},"headline":"El chef Josean Mart\u00ednez-Alija estrena estrella Michel\u00edn (y se lo merece)","datePublished":"2011-12-01T11:04:00+00:00","dateModified":"2024-04-19T09:54:57+00:00","mainEntityOfPage":{"@id":"https:\/\/www.fagorprofessional.com\/blog\/es\/chef-josean-martinez-alija-estrena-estrella-michelin\/"},"wordCount":428,"commentCount":0,"image":{"@id":"https:\/\/www.fagorprofessional.com\/blog\/es\/chef-josean-martinez-alija-estrena-estrella-michelin\/#primaryimage"},"thumbnailUrl":"","articleSection":["Tendencias y consejos"],"inLanguage":"es","potentialAction":[{"@type":"CommentAction","name":"Comment","target":["https:\/\/www.fagorprofessional.com\/blog\/es\/chef-josean-martinez-alija-estrena-estrella-michelin\/#respond"]}]},{"@type":"WebPage","@id":"https:\/\/www.fagorprofessional.com\/blog\/es\/chef-josean-martinez-alija-estrena-estrella-michelin\/","url":"https:\/\/www.fagorprofessional.com\/blog\/es\/chef-josean-martinez-alija-estrena-estrella-michelin\/","name":"El chef Josean Mart\u00ednez-Alija estrena estrella Michel\u00edn","isPartOf":{"@id":"https:\/\/www.fagorprofessional.com\/blog\/#website"},"primaryImageOfPage":{"@id":"https:\/\/www.fagorprofessional.com\/blog\/es\/chef-josean-martinez-alija-estrena-estrella-michelin\/#primaryimage"},"image":{"@id":"https:\/\/www.fagorprofessional.com\/blog\/es\/chef-josean-martinez-alija-estrena-estrella-michelin\/#primaryimage"},"thumbnailUrl":"","datePublished":"2011-12-01T11:04:00+00:00","dateModified":"2024-04-19T09:54:57+00:00","author":{"@id":"https:\/\/www.fagorprofessional.com\/blog\/#\/schema\/person\/c2dc508ffda39316cf0e8a45f15cb4e4"},"description":"La llegada de la edici\u00f3n anual de la publicaci\u00f3n gastron\u00f3mica m\u00e1s prestigiosa siempre trae consigo una amalgama de alegr\u00edas y decepciones.","breadcrumb":{"@id":"https:\/\/www.fagorprofessional.com\/blog\/es\/chef-josean-martinez-alija-estrena-estrella-michelin\/#breadcrumb"},"inLanguage":"es","potentialAction":[{"@type":"ReadAction","target":["https:\/\/www.fagorprofessional.com\/blog\/es\/chef-josean-martinez-alija-estrena-estrella-michelin\/"]}]},{"@type":"ImageObject","inLanguage":"es","@id":"https:\/\/www.fagorprofessional.com\/blog\/es\/chef-josean-martinez-alija-estrena-estrella-michelin\/#primaryimage","url":"","contentUrl":""},{"@type":"BreadcrumbList","@id":"https:\/\/www.fagorprofessional.com\/blog\/es\/chef-josean-martinez-alija-estrena-estrella-michelin\/#breadcrumb","itemListElement":[{"@type":"ListItem","position":1,"name":"Fagor Professional Blog","item":"https:\/\/www.fagorprofessional.com\/blog\/"},{"@type":"ListItem","position":2,"name":"Tendencias y consejos","item":"https:\/\/www.fagorprofessional.com\/blog\/es\/tendencias-y-consejos\/"},{"@type":"ListItem","position":3,"name":"El chef Josean Mart\u00ednez-Alija estrena estrella Michel\u00edn (y se lo merece)"}]},{"@type":"WebSite","@id":"https:\/\/www.fagorprofessional.com\/blog\/#website","url":"https:\/\/www.fagorprofessional.com\/blog\/","name":"Fagor Professional&#039;s Blog","description":"Fagor Professional&#039;s Blog","potentialAction":[{"@type":"SearchAction","target":{"@type":"EntryPoint","urlTemplate":"https:\/\/www.fagorprofessional.com\/blog\/?s={search_term_string}"},"query-input":{"@type":"PropertyValueSpecification","valueRequired":true,"valueName":"search_term_string"}}],"inLanguage":"es"},{"@type":"Person","@id":"https:\/\/www.fagorprofessional.com\/blog\/#\/schema\/person\/c2dc508ffda39316cf0e8a45f15cb4e4","name":"admin","image":{"@type":"ImageObject","inLanguage":"es","@id":"https:\/\/secure.gravatar.com\/avatar\/af0a4c336046e868f98b17f2a27b6f9426e8aba09b92828569a3ca2b54e3d91c?s=96&d=mm&r=g","url":"https:\/\/secure.gravatar.com\/avatar\/af0a4c336046e868f98b17f2a27b6f9426e8aba09b92828569a3ca2b54e3d91c?s=96&d=mm&r=g","contentUrl":"https:\/\/secure.gravatar.com\/avatar\/af0a4c336046e868f98b17f2a27b6f9426e8aba09b92828569a3ca2b54e3d91c?s=96&d=mm&r=g","caption":"admin"},"sameAs":["https:\/\/www.fagorprofessional.com\/blog"]}]}},"_links":{"self":[{"href":"https:\/\/www.fagorprofessional.com\/blog\/wp-json\/wp\/v2\/posts\/1076","targetHints":{"allow":["GET"]}}],"collection":[{"href":"https:\/\/www.fagorprofessional.com\/blog\/wp-json\/wp\/v2\/posts"}],"about":[{"href":"https:\/\/www.fagorprofessional.com\/blog\/wp-json\/wp\/v2\/types\/post"}],"author":[{"embeddable":true,"href":"https:\/\/www.fagorprofessional.com\/blog\/wp-json\/wp\/v2\/users\/1"}],"replies":[{"embeddable":true,"href":"https:\/\/www.fagorprofessional.com\/blog\/wp-json\/wp\/v2\/comments?post=1076"}],"version-history":[{"count":8,"href":"https:\/\/www.fagorprofessional.com\/blog\/wp-json\/wp\/v2\/posts\/1076\/revisions"}],"predecessor-version":[{"id":490512,"href":"https:\/\/www.fagorprofessional.com\/blog\/wp-json\/wp\/v2\/posts\/1076\/revisions\/490512"}],"wp:featuredmedia":[{"embeddable":true,"href":"https:\/\/www.fagorprofessional.com\/blog\/wp-json\/"}],"wp:attachment":[{"href":"https:\/\/www.fagorprofessional.com\/blog\/wp-json\/wp\/v2\/media?parent=1076"}],"wp:term":[{"taxonomy":"category","embeddable":true,"href":"https:\/\/www.fagorprofessional.com\/blog\/wp-json\/wp\/v2\/categories?post=1076"},{"taxonomy":"post_tag","embeddable":true,"href":"https:\/\/www.fagorprofessional.com\/blog\/wp-json\/wp\/v2\/tags?post=1076"}],"curies":[{"name":"wp","href":"https:\/\/api.w.org\/{rel}","templated":true}]}}