{"id":1090,"date":"2011-12-15T11:32:00","date_gmt":"2011-12-15T10:32:00","guid":{"rendered":"https:\/\/www.fagorprofessional.com\/blog\/?p=1090"},"modified":"2022-11-23T10:31:35","modified_gmt":"2022-11-23T10:31:35","slug":"catering-navideno-no-solo-empresas","status":"publish","type":"post","link":"https:\/\/www.fagorprofessional.com\/blog\/es\/catering-navideno-no-solo-empresas\/","title":{"rendered":"Catering navide\u00f1o: no es s\u00f3lo para empresas\u2026"},"content":{"rendered":"<p>La palabra cocina est\u00e1 tan unida a la Navidad como los villancicos. No s\u00f3lo son los avisos sobre las consecuencias de los posibles excesos gastron\u00f3micos que parecen propios de estas Fiestas, sino tambi\u00e9n la enorme variedad de platos navide\u00f1os que se preparan en las diferentes zonas del pa\u00ed\u00ads y del mundo (algo de eso ya os contamos aqu\u00ed\u00ad el a\u00f1o pasado). Es una \u00e9poca de mucho trabajo entre fogones\u2026 pero s\u00f3lo si nos apetece. Otra posibilidad es dejar que se ocupe del men\u00fa navide\u00f1o (o findea\u00f1ero) alguna empresa especializada, entre las muchas que hay en nuestro pa\u00ed\u00ads (pod\u00e9is encontrar un listado exhaustivo en la web http:\/\/www.guiacatering.com) y que, en contra de lo que mucha gente se piensa, no dan servicio \u00fanicamente a empresas.<\/p>\n<p>El sector del catering no se ha escapado de la crisis; los profesionales han percibido el mismo descenso en su negocio que las dem\u00e1s ramas del sector de la restauraci\u00f3n. A pesar de ello, numerosas empresas puestas en marcha por emprendedores que un d\u00ed\u00ada decidieron aprovechar su experiencia en la cocina para suministrar sus delicias a quien lo pidiese \u2013sorprende ver cu\u00e1ntas comenzaron organizando eventos para familiares y amigos- ampl\u00ed\u00adan y diversifican su actividad para llegar a todo tipo de p\u00fablico.<\/p>\n<p>Una de ellas es En Tus Fogones, empresa de catering puesta en marcha hace tres a\u00f1os por Jaime Guadaljafara y \u00ed\u0081lvaro Ardanza despu\u00e9s de a\u00f1os trabajando en algunos de los mejores hoteles del mundo. Jaime nos aclara que las empresas constituyen su principal cliente, pero que prestan tambi\u00e9n servicio a particulares, a partir de 60 personas: \u00abDe dar eventos para amigos pasamos a empresas y comenzamos a fidelizar clientes. Ahora estamos a punto de trasladarnos a una nave de cien metros cuadrados, para empezar con el negocio de las bodas\u00bb. Si no se tiene la previsi\u00f3n de invitar a tanta gente, se puede recurrir a su servicio de manjares navide\u00f1os: \u00abrepartimos pulardas rellenas y pavos por encargo, todo deshuesado, para cortar y servir. Salen por unos cien euros unidad, con guarnici\u00f3n y salsas\u00bb.<\/p>\n<p><img decoding=\"async\" class=\"aligncenter lazyload\" src=\"data:image\/gif;base64,R0lGODlhAQABAIAAAAAAAP\/\/\/yH5BAEAAAAALAAAAAABAAEAAAIBRAA7\" data-src=\"https:\/\/www.fagorprofessional.com\/blog\/wp-content\/uploads\/2011\/12\/Captura-de-pantalla-2011-12-15-a-las-11.17.48.png\" \/><noscript><img decoding=\"async\" class=\"aligncenter lazyload\" src=\"https:\/\/www.fagorprofessional.com\/blog\/wp-content\/uploads\/2011\/12\/Captura-de-pantalla-2011-12-15-a-las-11.17.48.png\" \/><\/noscript><\/p>\n<p><span style=\"color: initial;\">Una buena presentaci\u00f3n es caracter\u00ed\u00adstica de las empresas de catering (Foto: Azulius)<\/span><\/p>\n<p>Otras empresas atienden a cantidades m\u00e1s modestas; Azulius, fundada en Barcelona hace once a\u00f1os por Patricia Masdevall, ofrece comidas y cenas a partir de ocho personas. \u00abPara particulares, antes llevabamos a las casas un t\u00ed\u00adpico men\u00fa catal\u00e1n de Navidad, con canelones, escudella\u2026 Ahora lo seguimos haciendo si nos lo piden, pero nos adaptamos a lo que nos pide el cliente: aperitivos, c\u00f3cteles&#8230; Nos desviamos de la oferta tradicional y as\u00ed\u00ad la gente se anima a probar cosas diferentes\u00bb, nos cuenta Patricia, que comenta que la gente prefiere recurrir a este servicio en Nochevieja, m\u00e1s que en Navidad. En Celinacatering, donde organizan cenas con o sin camareros a partir de ocho comensales, tienen tambi\u00e9n sus especialidades propias, aunque les siguen pidiendo lo tradicional: \u00abUno de nuestros men\u00fas de navidad es un rulo de pollo de corral relleno de zanahorias y frutos secos, y una crema de chocolate blanco con espuma de chocolate blanco tambi\u00e9n. Son cosas que nos piden mucho en los men\u00fas\u00bb, nos cuenta su propietaria, Celina Lozano Gallardo. \u00abPero antes se com\u00ed\u00adan muchos mariscos, o cordero, y ahora parece que se ha vuelto a poner de moda el pavo, porque la gente lo est\u00e1 pidiendo otra vez\u00bb.<\/p>\n<p><img decoding=\"async\" class=\"aligncenter lazyload\" src=\"data:image\/gif;base64,R0lGODlhAQABAIAAAAAAAP\/\/\/yH5BAEAAAAALAAAAAABAAEAAAIBRAA7\" data-src=\"https:\/\/www.fagorprofessional.com\/blog\/wp-content\/uploads\/2011\/12\/CELINA.jpg\" \/><noscript><img decoding=\"async\" class=\"aligncenter lazyload\" src=\"https:\/\/www.fagorprofessional.com\/blog\/wp-content\/uploads\/2011\/12\/CELINA.jpg\" \/><\/noscript><\/p>\n<p><span style=\"color: initial;\">Las ofertas var\u00ed\u00adan desde men\u00fas completos con camareros al formato c\u00f3ctel (Foto: Celina Catering)<\/span><\/p>\n<p>Aunque estas empresas hayan nacido como negocios dom\u00e9sticos, su equipamiento va m\u00e1s all\u00e1 que el de una cocina tradicional: de un modo similar a los restaurantes, \u00abtenemos una cocina que necesita su zona de fr\u00ed\u00ado, su c\u00e1mara y su congelador para croquetas y cosas congeladas, luego una zona de preparaci\u00f3n que incluya envasado al vac\u00ed\u00ado y un buen almac\u00e9n para temas de bebidas, etc\u00bb, cuenta Jaime Guadaljafara. \u00abLa distribuci\u00f3n de una cocina de catering es algo distinta de la de un restaurante. Es un circuito circular de recepci\u00f3n de mercader\u00ed\u00adas, almacenaje, fuegos, cuarto fr\u00ed\u00ado\u2026 y luego est\u00e1 la zona de expedici\u00f3n y reparto, que es lo que nos diferencia principalmente. Est\u00e1 todo mucho m\u00e1s sectorizado\u00bb, a\u00f1ade Patricia Masdevall.<\/p>\n<p>Los motivos para impulsar a la gente a recurrir a uno de estos servicios para estas fiestas tienen que ver, fundamentalmente, con la comodidad: \u00abTodo el mundo tiene derecho a disfrutar, que llegue alguien que te sirva la cena y est\u00e9 todo rico, en su punto, y t\u00fa puedas dedicarte a disfrutar de tu familia y de las fiestas\u00bb, opina Celina Lozano. \u00abY en casa siempre est\u00e1s m\u00e1s a gusto que en un restaurante. Adem\u00e1s, que hoy no se pueda coger el coche si te has tomado una copa, o que no dejen fumar, tambi\u00e9n es un punto a nuestro favor: porque en casa puedes fumar y tomarte las copas que quieras\u00bb.<\/p>\n","protected":false},"excerpt":{"rendered":"<p>La palabra cocina est\u00e1 tan unida a la Navidad como los villancicos. No s\u00f3lo son los avisos sobre las consecuencias de los posibles excesos gastron\u00f3micos que parecen propios de estas Fiestas, sino tambi\u00e9n la enorme variedad de platos navide\u00f1os que se preparan en las diferentes zonas del pa\u00ed\u00ads y del mundo (algo de eso ya&#8230;<\/p>\n","protected":false},"author":1,"featured_media":1,"comment_status":"open","ping_status":"open","sticky":false,"template":"","format":"standard","meta":{"_acf_changed":false,"footnotes":""},"categories":[9,7],"tags":[],"class_list":["post-1090","post","type-post","status-publish","format-standard","has-post-thumbnail","hentry","category-entrevistas","category-tendencias-y-consejos"],"acf":[],"yoast_head":"<!-- This site is optimized with the Yoast SEO plugin v27.5 - https:\/\/yoast.com\/product\/yoast-seo-wordpress\/ -->\n<title>Catering navide\u00f1o: no es s\u00f3lo para empresas<\/title>\n<meta name=\"description\" content=\"Otra posibilidad es dejar que se ocupe del men\u00fa navide\u00f1o (o findea\u00f1ero) alguna empresa especializada, entre las muchas que hay en nuestro pa\u00eds (pod\u00e9is encontrar un listado exhaustivo en la web ) y que, en contra de lo que mucha gente se piensa, no dan servicio \u00fanicamente a empresas.\" \/>\n<meta name=\"robots\" content=\"index, follow, max-snippet:-1, max-image-preview:large, max-video-preview:-1\" \/>\n<link rel=\"canonical\" href=\"https:\/\/www.fagorprofessional.com\/blog\/es\/catering-navideno-no-solo-empresas\/\" \/>\n<meta property=\"og:locale\" content=\"es_ES\" \/>\n<meta property=\"og:type\" content=\"article\" \/>\n<meta property=\"og:title\" content=\"Catering navide\u00f1o: no es s\u00f3lo para empresas\" \/>\n<meta property=\"og:description\" content=\"Otra posibilidad es dejar que se ocupe del men\u00fa navide\u00f1o (o findea\u00f1ero) alguna empresa especializada, entre las muchas que hay en nuestro pa\u00eds (pod\u00e9is encontrar un listado exhaustivo en la web ) y que, en contra de lo que mucha gente se piensa, no dan servicio \u00fanicamente a empresas.\" \/>\n<meta property=\"og:url\" content=\"https:\/\/www.fagorprofessional.com\/blog\/es\/catering-navideno-no-solo-empresas\/\" \/>\n<meta property=\"og:site_name\" content=\"Fagor Professional&#039;s Blog\" \/>\n<meta property=\"article:published_time\" content=\"2011-12-15T10:32:00+00:00\" \/>\n<meta property=\"article:modified_time\" content=\"2022-11-23T10:31:35+00:00\" \/>\n<meta name=\"author\" content=\"admin\" \/>\n<meta name=\"twitter:card\" content=\"summary_large_image\" \/>\n<meta name=\"twitter:label1\" content=\"Escrito por\" \/>\n\t<meta name=\"twitter:data1\" content=\"admin\" \/>\n\t<meta name=\"twitter:label2\" content=\"Tiempo de lectura\" \/>\n\t<meta name=\"twitter:data2\" content=\"5 minutos\" \/>\n<script type=\"application\/ld+json\" class=\"yoast-schema-graph\">{\"@context\":\"https:\\\/\\\/schema.org\",\"@graph\":[{\"@type\":\"Article\",\"@id\":\"https:\\\/\\\/www.fagorprofessional.com\\\/blog\\\/es\\\/catering-navideno-no-solo-empresas\\\/#article\",\"isPartOf\":{\"@id\":\"https:\\\/\\\/www.fagorprofessional.com\\\/blog\\\/es\\\/catering-navideno-no-solo-empresas\\\/\"},\"author\":{\"name\":\"admin\",\"@id\":\"https:\\\/\\\/www.fagorprofessional.com\\\/blog\\\/#\\\/schema\\\/person\\\/c2dc508ffda39316cf0e8a45f15cb4e4\"},\"headline\":\"Catering navide\u00f1o: no es s\u00f3lo para empresas\u2026\",\"datePublished\":\"2011-12-15T10:32:00+00:00\",\"dateModified\":\"2022-11-23T10:31:35+00:00\",\"mainEntityOfPage\":{\"@id\":\"https:\\\/\\\/www.fagorprofessional.com\\\/blog\\\/es\\\/catering-navideno-no-solo-empresas\\\/\"},\"wordCount\":860,\"commentCount\":0,\"image\":{\"@id\":\"https:\\\/\\\/www.fagorprofessional.com\\\/blog\\\/es\\\/catering-navideno-no-solo-empresas\\\/#primaryimage\"},\"thumbnailUrl\":\"\",\"articleSection\":[\"Entrevistas\",\"Tendencias y consejos\"],\"inLanguage\":\"es\",\"potentialAction\":[{\"@type\":\"CommentAction\",\"name\":\"Comment\",\"target\":[\"https:\\\/\\\/www.fagorprofessional.com\\\/blog\\\/es\\\/catering-navideno-no-solo-empresas\\\/#respond\"]}]},{\"@type\":\"WebPage\",\"@id\":\"https:\\\/\\\/www.fagorprofessional.com\\\/blog\\\/es\\\/catering-navideno-no-solo-empresas\\\/\",\"url\":\"https:\\\/\\\/www.fagorprofessional.com\\\/blog\\\/es\\\/catering-navideno-no-solo-empresas\\\/\",\"name\":\"Catering navide\u00f1o: no es s\u00f3lo para empresas\",\"isPartOf\":{\"@id\":\"https:\\\/\\\/www.fagorprofessional.com\\\/blog\\\/#website\"},\"primaryImageOfPage\":{\"@id\":\"https:\\\/\\\/www.fagorprofessional.com\\\/blog\\\/es\\\/catering-navideno-no-solo-empresas\\\/#primaryimage\"},\"image\":{\"@id\":\"https:\\\/\\\/www.fagorprofessional.com\\\/blog\\\/es\\\/catering-navideno-no-solo-empresas\\\/#primaryimage\"},\"thumbnailUrl\":\"\",\"datePublished\":\"2011-12-15T10:32:00+00:00\",\"dateModified\":\"2022-11-23T10:31:35+00:00\",\"author\":{\"@id\":\"https:\\\/\\\/www.fagorprofessional.com\\\/blog\\\/#\\\/schema\\\/person\\\/c2dc508ffda39316cf0e8a45f15cb4e4\"},\"description\":\"Otra posibilidad es dejar que se ocupe del men\u00fa navide\u00f1o (o findea\u00f1ero) alguna empresa especializada, entre las muchas que hay en nuestro pa\u00eds (pod\u00e9is encontrar un listado exhaustivo en la web ) y que, en contra de lo que mucha gente se piensa, no dan servicio \u00fanicamente a empresas.\",\"breadcrumb\":{\"@id\":\"https:\\\/\\\/www.fagorprofessional.com\\\/blog\\\/es\\\/catering-navideno-no-solo-empresas\\\/#breadcrumb\"},\"inLanguage\":\"es\",\"potentialAction\":[{\"@type\":\"ReadAction\",\"target\":[\"https:\\\/\\\/www.fagorprofessional.com\\\/blog\\\/es\\\/catering-navideno-no-solo-empresas\\\/\"]}]},{\"@type\":\"ImageObject\",\"inLanguage\":\"es\",\"@id\":\"https:\\\/\\\/www.fagorprofessional.com\\\/blog\\\/es\\\/catering-navideno-no-solo-empresas\\\/#primaryimage\",\"url\":\"\",\"contentUrl\":\"\"},{\"@type\":\"BreadcrumbList\",\"@id\":\"https:\\\/\\\/www.fagorprofessional.com\\\/blog\\\/es\\\/catering-navideno-no-solo-empresas\\\/#breadcrumb\",\"itemListElement\":[{\"@type\":\"ListItem\",\"position\":1,\"name\":\"Fagor Professional Blog\",\"item\":\"https:\\\/\\\/www.fagorprofessional.com\\\/blog\\\/\"},{\"@type\":\"ListItem\",\"position\":2,\"name\":\"Entrevistas\",\"item\":\"https:\\\/\\\/www.fagorprofessional.com\\\/blog\\\/es\\\/entrevistas\\\/\"},{\"@type\":\"ListItem\",\"position\":3,\"name\":\"Catering navide\u00f1o: no es s\u00f3lo para empresas\u2026\"}]},{\"@type\":\"WebSite\",\"@id\":\"https:\\\/\\\/www.fagorprofessional.com\\\/blog\\\/#website\",\"url\":\"https:\\\/\\\/www.fagorprofessional.com\\\/blog\\\/\",\"name\":\"Fagor Professional&#039;s Blog\",\"description\":\"Fagor Professional&#039;s Blog\",\"potentialAction\":[{\"@type\":\"SearchAction\",\"target\":{\"@type\":\"EntryPoint\",\"urlTemplate\":\"https:\\\/\\\/www.fagorprofessional.com\\\/blog\\\/?s={search_term_string}\"},\"query-input\":{\"@type\":\"PropertyValueSpecification\",\"valueRequired\":true,\"valueName\":\"search_term_string\"}}],\"inLanguage\":\"es\"},{\"@type\":\"Person\",\"@id\":\"https:\\\/\\\/www.fagorprofessional.com\\\/blog\\\/#\\\/schema\\\/person\\\/c2dc508ffda39316cf0e8a45f15cb4e4\",\"name\":\"admin\",\"image\":{\"@type\":\"ImageObject\",\"inLanguage\":\"es\",\"@id\":\"https:\\\/\\\/secure.gravatar.com\\\/avatar\\\/af0a4c336046e868f98b17f2a27b6f9426e8aba09b92828569a3ca2b54e3d91c?s=96&d=mm&r=g\",\"url\":\"https:\\\/\\\/secure.gravatar.com\\\/avatar\\\/af0a4c336046e868f98b17f2a27b6f9426e8aba09b92828569a3ca2b54e3d91c?s=96&d=mm&r=g\",\"contentUrl\":\"https:\\\/\\\/secure.gravatar.com\\\/avatar\\\/af0a4c336046e868f98b17f2a27b6f9426e8aba09b92828569a3ca2b54e3d91c?s=96&d=mm&r=g\",\"caption\":\"admin\"},\"sameAs\":[\"https:\\\/\\\/www.fagorprofessional.com\\\/blog\"]}]}<\/script>\n<!-- \/ Yoast SEO plugin. -->","yoast_head_json":{"title":"Catering navide\u00f1o: no es s\u00f3lo para empresas","description":"Otra posibilidad es dejar que se ocupe del men\u00fa navide\u00f1o (o findea\u00f1ero) alguna empresa especializada, entre las muchas que hay en nuestro pa\u00eds (pod\u00e9is encontrar un listado exhaustivo en la web ) y que, en contra de lo que mucha gente se piensa, no dan servicio \u00fanicamente a empresas.","robots":{"index":"index","follow":"follow","max-snippet":"max-snippet:-1","max-image-preview":"max-image-preview:large","max-video-preview":"max-video-preview:-1"},"canonical":"https:\/\/www.fagorprofessional.com\/blog\/es\/catering-navideno-no-solo-empresas\/","og_locale":"es_ES","og_type":"article","og_title":"Catering navide\u00f1o: no es s\u00f3lo para empresas","og_description":"Otra posibilidad es dejar que se ocupe del men\u00fa navide\u00f1o (o findea\u00f1ero) alguna empresa especializada, entre las muchas que hay en nuestro pa\u00eds (pod\u00e9is encontrar un listado exhaustivo en la web ) y que, en contra de lo que mucha gente se piensa, no dan servicio \u00fanicamente a empresas.","og_url":"https:\/\/www.fagorprofessional.com\/blog\/es\/catering-navideno-no-solo-empresas\/","og_site_name":"Fagor Professional&#039;s Blog","article_published_time":"2011-12-15T10:32:00+00:00","article_modified_time":"2022-11-23T10:31:35+00:00","author":"admin","twitter_card":"summary_large_image","twitter_misc":{"Escrito por":"admin","Tiempo de lectura":"5 minutos"},"schema":{"@context":"https:\/\/schema.org","@graph":[{"@type":"Article","@id":"https:\/\/www.fagorprofessional.com\/blog\/es\/catering-navideno-no-solo-empresas\/#article","isPartOf":{"@id":"https:\/\/www.fagorprofessional.com\/blog\/es\/catering-navideno-no-solo-empresas\/"},"author":{"name":"admin","@id":"https:\/\/www.fagorprofessional.com\/blog\/#\/schema\/person\/c2dc508ffda39316cf0e8a45f15cb4e4"},"headline":"Catering navide\u00f1o: no es s\u00f3lo para empresas\u2026","datePublished":"2011-12-15T10:32:00+00:00","dateModified":"2022-11-23T10:31:35+00:00","mainEntityOfPage":{"@id":"https:\/\/www.fagorprofessional.com\/blog\/es\/catering-navideno-no-solo-empresas\/"},"wordCount":860,"commentCount":0,"image":{"@id":"https:\/\/www.fagorprofessional.com\/blog\/es\/catering-navideno-no-solo-empresas\/#primaryimage"},"thumbnailUrl":"","articleSection":["Entrevistas","Tendencias y consejos"],"inLanguage":"es","potentialAction":[{"@type":"CommentAction","name":"Comment","target":["https:\/\/www.fagorprofessional.com\/blog\/es\/catering-navideno-no-solo-empresas\/#respond"]}]},{"@type":"WebPage","@id":"https:\/\/www.fagorprofessional.com\/blog\/es\/catering-navideno-no-solo-empresas\/","url":"https:\/\/www.fagorprofessional.com\/blog\/es\/catering-navideno-no-solo-empresas\/","name":"Catering navide\u00f1o: no es s\u00f3lo para empresas","isPartOf":{"@id":"https:\/\/www.fagorprofessional.com\/blog\/#website"},"primaryImageOfPage":{"@id":"https:\/\/www.fagorprofessional.com\/blog\/es\/catering-navideno-no-solo-empresas\/#primaryimage"},"image":{"@id":"https:\/\/www.fagorprofessional.com\/blog\/es\/catering-navideno-no-solo-empresas\/#primaryimage"},"thumbnailUrl":"","datePublished":"2011-12-15T10:32:00+00:00","dateModified":"2022-11-23T10:31:35+00:00","author":{"@id":"https:\/\/www.fagorprofessional.com\/blog\/#\/schema\/person\/c2dc508ffda39316cf0e8a45f15cb4e4"},"description":"Otra posibilidad es dejar que se ocupe del men\u00fa navide\u00f1o (o findea\u00f1ero) alguna empresa especializada, entre las muchas que hay en nuestro pa\u00eds (pod\u00e9is encontrar un listado exhaustivo en la web ) y que, en contra de lo que mucha gente se piensa, no dan servicio \u00fanicamente a empresas.","breadcrumb":{"@id":"https:\/\/www.fagorprofessional.com\/blog\/es\/catering-navideno-no-solo-empresas\/#breadcrumb"},"inLanguage":"es","potentialAction":[{"@type":"ReadAction","target":["https:\/\/www.fagorprofessional.com\/blog\/es\/catering-navideno-no-solo-empresas\/"]}]},{"@type":"ImageObject","inLanguage":"es","@id":"https:\/\/www.fagorprofessional.com\/blog\/es\/catering-navideno-no-solo-empresas\/#primaryimage","url":"","contentUrl":""},{"@type":"BreadcrumbList","@id":"https:\/\/www.fagorprofessional.com\/blog\/es\/catering-navideno-no-solo-empresas\/#breadcrumb","itemListElement":[{"@type":"ListItem","position":1,"name":"Fagor Professional Blog","item":"https:\/\/www.fagorprofessional.com\/blog\/"},{"@type":"ListItem","position":2,"name":"Entrevistas","item":"https:\/\/www.fagorprofessional.com\/blog\/es\/entrevistas\/"},{"@type":"ListItem","position":3,"name":"Catering navide\u00f1o: no es s\u00f3lo para empresas\u2026"}]},{"@type":"WebSite","@id":"https:\/\/www.fagorprofessional.com\/blog\/#website","url":"https:\/\/www.fagorprofessional.com\/blog\/","name":"Fagor Professional&#039;s Blog","description":"Fagor Professional&#039;s Blog","potentialAction":[{"@type":"SearchAction","target":{"@type":"EntryPoint","urlTemplate":"https:\/\/www.fagorprofessional.com\/blog\/?s={search_term_string}"},"query-input":{"@type":"PropertyValueSpecification","valueRequired":true,"valueName":"search_term_string"}}],"inLanguage":"es"},{"@type":"Person","@id":"https:\/\/www.fagorprofessional.com\/blog\/#\/schema\/person\/c2dc508ffda39316cf0e8a45f15cb4e4","name":"admin","image":{"@type":"ImageObject","inLanguage":"es","@id":"https:\/\/secure.gravatar.com\/avatar\/af0a4c336046e868f98b17f2a27b6f9426e8aba09b92828569a3ca2b54e3d91c?s=96&d=mm&r=g","url":"https:\/\/secure.gravatar.com\/avatar\/af0a4c336046e868f98b17f2a27b6f9426e8aba09b92828569a3ca2b54e3d91c?s=96&d=mm&r=g","contentUrl":"https:\/\/secure.gravatar.com\/avatar\/af0a4c336046e868f98b17f2a27b6f9426e8aba09b92828569a3ca2b54e3d91c?s=96&d=mm&r=g","caption":"admin"},"sameAs":["https:\/\/www.fagorprofessional.com\/blog"]}]}},"_links":{"self":[{"href":"https:\/\/www.fagorprofessional.com\/blog\/wp-json\/wp\/v2\/posts\/1090","targetHints":{"allow":["GET"]}}],"collection":[{"href":"https:\/\/www.fagorprofessional.com\/blog\/wp-json\/wp\/v2\/posts"}],"about":[{"href":"https:\/\/www.fagorprofessional.com\/blog\/wp-json\/wp\/v2\/types\/post"}],"author":[{"embeddable":true,"href":"https:\/\/www.fagorprofessional.com\/blog\/wp-json\/wp\/v2\/users\/1"}],"replies":[{"embeddable":true,"href":"https:\/\/www.fagorprofessional.com\/blog\/wp-json\/wp\/v2\/comments?post=1090"}],"version-history":[{"count":6,"href":"https:\/\/www.fagorprofessional.com\/blog\/wp-json\/wp\/v2\/posts\/1090\/revisions"}],"predecessor-version":[{"id":490513,"href":"https:\/\/www.fagorprofessional.com\/blog\/wp-json\/wp\/v2\/posts\/1090\/revisions\/490513"}],"wp:featuredmedia":[{"embeddable":true,"href":"https:\/\/www.fagorprofessional.com\/blog\/wp-json\/"}],"wp:attachment":[{"href":"https:\/\/www.fagorprofessional.com\/blog\/wp-json\/wp\/v2\/media?parent=1090"}],"wp:term":[{"taxonomy":"category","embeddable":true,"href":"https:\/\/www.fagorprofessional.com\/blog\/wp-json\/wp\/v2\/categories?post=1090"},{"taxonomy":"post_tag","embeddable":true,"href":"https:\/\/www.fagorprofessional.com\/blog\/wp-json\/wp\/v2\/tags?post=1090"}],"curies":[{"name":"wp","href":"https:\/\/api.w.org\/{rel}","templated":true}]}}