{"id":1107,"date":"2011-12-21T14:22:00","date_gmt":"2011-12-21T13:22:00","guid":{"rendered":"https:\/\/www.fagorprofessional.com\/blog\/?p=1107"},"modified":"2022-10-14T08:18:04","modified_gmt":"2022-10-14T08:18:04","slug":"navidad-regala-libros-cocina-mejor","status":"publish","type":"post","link":"https:\/\/www.fagorprofessional.com\/blog\/es\/navidad-regala-libros-cocina-mejor\/","title":{"rendered":"Esta Navidad, regala libros (y si son de cocina, mejor)"},"content":{"rendered":"<p>Vaya. Nos hemos dado cuenta de que todav\u00ed\u00ada no hemos contribuido en nada a ayudaros con vuestros regalos de Navidad. La verdad es que a la hora de hacer recomendaciones, <a <a href=\"https:\/\/www.fagorprofessional.com\/es\/equipos-cocina\/hornos-industriales\" rel=\"nofollow\" target=\"_blank\">pensamos que un horno industrial<\/a> o un bloque de cocina pueden quedar un poco aparatosos debajo del \u00e1rbol, as\u00ed\u00ad que nos hemos decidido a buscar algunos libros \u2013casualmente, todos relacionados con la cocina- que estamos seguros os van a llamar la atenci\u00f3n para regalar a amigos y parientes\u2026 e incluso a vosotros, que la Navidad bien entendida empieza por uno mismo.<\/p>\n<p><img decoding=\"async\" class=\"aligncenter lazyload\" src=\"data:image\/gif;base64,R0lGODlhAQABAIAAAAAAAP\/\/\/yH5BAEAAAAALAAAAAABAAEAAAIBRAA7\" data-src=\"https:\/\/www.fagorprofessional.com\/blog\/wp-content\/uploads\/2011\/12\/shutterstock_87085262-300x296.jpg\" \/><noscript><img decoding=\"async\" class=\"aligncenter lazyload\" src=\"https:\/\/www.fagorprofessional.com\/blog\/wp-content\/uploads\/2011\/12\/shutterstock_87085262-300x296.jpg\" \/><\/noscript><\/p>\n<p>Con este fin, nos hemos dado una vuelta por la librer\u00ed\u00ada gastron\u00f3mica Aliana, situada en Madrid, pero con un eficaz servicio de venta por Internet para (literalmente) todo el mundo y hemos pedido a <strong>Ar\u00e1nzazu Miralles<\/strong>, su propietaria, que nos se\u00f1ale algunas novedades dignas de menci\u00f3n. La verdad es que las hay para todos los bolsillos, desde ediciones de mucho lujo a vol\u00famenes econ\u00f3micos pero pr\u00e1cticos. De entre todo lo que hay para elegir, nos hemos quedado con los siguientes:<\/p>\n<p><strong><strong><a href=\"http:\/blog.fagorindustrial.com\/wp-content\/uploads\/2011\/12\/cover_xl_modernist_cuisine_box_e_1109051101_id_496097.jpg\"><img class=\"lazyload\" class=\"\" alt=\"\" width=\"\" height=\"\" \/><\/a> <img decoding=\"async\" class=\"lazyload\" src=\"data:image\/gif;base64,R0lGODlhAQABAIAAAAAAAP\/\/\/yH5BAEAAAAALAAAAAABAAEAAAIBRAA7\" data-src=\"https:\/\/www.fagorprofessional.com\/blog\/wp-content\/uploads\/2011\/12\/cover_xl_modernist_cuisine_box_e_1109051101_id_496097-150x150.jpg\" \/><noscript><img decoding=\"async\" class=\"lazyload\" src=\"https:\/\/www.fagorprofessional.com\/blog\/wp-content\/uploads\/2011\/12\/cover_xl_modernist_cuisine_box_e_1109051101_id_496097-150x150.jpg\" \/><\/noscript><br \/>\nModernist Cuisine.<\/strong> <\/strong>Empezamos por arriba, ya que la editora Taschen, conocida por sus ediciones espectaculares en tama\u00f1o, calidad y precio, ha echado la casa por la ventana con esta colecci\u00f3n de seis tomos (25 kilos de peso, ah\u00ed\u00ad es nada), que se venden junto con una estanter\u00ed\u00ada especial. La editorial alemana sigue fiel a sus principios de combinar unas fotos nunca vistas con abundantes textos de alt\u00ed\u00adsima calidad. Es todo un capricho, como demuestra su elevado precio:<strong><strong> 399 euros.<\/strong> <\/strong>Pero es un capricho de los que no se olvidan (Por si os anim\u00e1is, en Aliana se hacen cargo de los gastos de env\u00ed\u00ado dentro de Espa\u00f1a si lo ped\u00ed\u00ads por Internet).<\/p>\n<p><strong><strong><img decoding=\"async\" class=\"lazyload\" src=\"data:image\/gif;base64,R0lGODlhAQABAIAAAAAAAP\/\/\/yH5BAEAAAAALAAAAAABAAEAAAIBRAA7\" data-src=\"https:\/\/www.fagorprofessional.com\/blog\/wp-content\/uploads\/2011\/12\/41VYog2PLiL._SL500_AA240_-150x150.jpg\" \/><noscript><img decoding=\"async\" class=\"lazyload\" src=\"https:\/\/www.fagorprofessional.com\/blog\/wp-content\/uploads\/2011\/12\/41VYog2PLiL._SL500_AA240_-150x150.jpg\" \/><\/noscript><br \/>\n<\/strong><\/strong><strong>La comida de la familia<\/strong>, de Ferr\u00e1n Adri\u00e1 y el equipo de El Bulli. \u00bfHay algo que no se haya contado sobre El Bulli a estas alturas? Pues s\u00ed\u00ad: qu\u00e9 com\u00ed\u00ada su personal mientras preparaba et\u00e9reas exquisiteces para los clientes. Los platos de su men\u00fa para la plantilla aparecen aqu\u00ed\u00ad agrupados en 31 men\u00fas r\u00e1pidos, f\u00e1ciles y baratos (no m\u00e1s de cuatro euros por plato), que pueden prepararse para dos o seis personas, o para grupos mucho m\u00e1s numerosos: sopa de pescado, espaguetis con tomate y albahaca, pescado del d\u00ed\u00ada a la plancha con refrito de ajos, naranjas con miel, aceite de oliva y sal\u2026 Edita RBA.<strong> <strong>Precio: 30 euros.<\/strong><\/strong><\/p>\n<p><strong><strong><strong><a href=\"http:\/blog.fagorindustrial.com\/wp-content\/uploads\/2011\/12\/41dttdyrmql._sl500_aa240_.jpg\"><img class=\"lazyload\" class=\"\" alt=\"\" width=\"\" height=\"\" \/><\/a><\/strong><strong> <img decoding=\"async\" class=\"lazyload\" src=\"data:image\/gif;base64,R0lGODlhAQABAIAAAAAAAP\/\/\/yH5BAEAAAAALAAAAAABAAEAAAIBRAA7\" data-src=\"https:\/\/www.fagorprofessional.com\/blog\/wp-content\/uploads\/2011\/12\/41dTTDYrmqL._SL500_AA240_-150x150.jpg\" \/><noscript><img decoding=\"async\" class=\"lazyload\" src=\"https:\/\/www.fagorprofessional.com\/blog\/wp-content\/uploads\/2011\/12\/41dTTDYrmqL._SL500_AA240_-150x150.jpg\" \/><\/noscript><br \/>\nLa cocina japonesa del Kabuki<\/strong><\/strong><\/strong>, de Ricardo Sanz (recetas) y Juan Manuel Bellver (textos). \u00abHeterodoxo y m\u00e1s castizo que un bocata de calamares\u00bb, as\u00ed\u00ad se define en la contraportada del libro Ricardo Sanz, un enamorado de la cocina japonesa que llev\u00f3 su pasi\u00f3n hasta la creaci\u00f3n, en el a\u00f1o 2000, del restaurante Kabuki en Madrid. Este libro combina su biograf\u00ed\u00ada y declaraciones con abundantes recetas niponas, que no necesitan de elevados conocimientos culinarios para quedar perfectas. Incluye secci\u00f3n de trucos y glosario para novatos. Edita Planeta. <strong><strong><strong>Precio: 24,90 euros.<\/strong><\/strong><\/strong><\/p>\n<p><strong><strong><strong><a href=\"http:\/blog.fagorindustrial.com\/wp-content\/uploads\/2011\/12\/51umladf2sl._sl500_aa280_1.jpg\"><img class=\"lazyload\" class=\"\" alt=\"\" width=\"\" height=\"\" \/><\/a><img decoding=\"async\" class=\"lazyload\" src=\"data:image\/gif;base64,R0lGODlhAQABAIAAAAAAAP\/\/\/yH5BAEAAAAALAAAAAABAAEAAAIBRAA7\" data-src=\"https:\/\/www.fagorprofessional.com\/blog\/wp-content\/uploads\/2011\/12\/51umLaDF2SL._SL500_AA280_1-150x150.jpg\" \/><noscript><img decoding=\"async\" class=\"lazyload\" src=\"https:\/\/www.fagorprofessional.com\/blog\/wp-content\/uploads\/2011\/12\/51umLaDF2SL._SL500_AA280_1-150x150.jpg\" \/><\/noscript><br \/>\n<\/strong><strong>Recetas caseras con pan de ayer<\/strong><\/strong><\/strong>, de Xavier Barriga. Nuestras abuelas ya lo sab\u00ed\u00adan; no hay que tirar nada, y algo tan despreciado hoy como el pan duro puede ser la base de un sinn\u00famero de platos deliciosos. Xavier Barriga nos lo demuestra con un desfile de tostas dulces y saladas, sopas de pan, pasteles, y platos m\u00e1s elaborados con el pan como referente, sin olvidar recetas para celiacos y el uso del pan rallado. Pocas veces se han explicado mejor las posibilidades culinarias de un simple currusco. Edita Grijalbo.<strong><strong> <strong>Precio: 17,90 euros.<\/strong><\/strong><\/strong><strong><strong><strong><a href=\"http:\/blog.fagorindustrial.com\/wp-content\/uploads\/2011\/12\/conunpar.jpg\"><img class=\"lazyload\" class=\"\" alt=\"\" width=\"\" height=\"\" \/><\/a><\/strong><\/strong><\/strong><\/p>\n<p><strong><strong><strong><img decoding=\"async\" class=\"lazyload\" src=\"data:image\/gif;base64,R0lGODlhAQABAIAAAAAAAP\/\/\/yH5BAEAAAAALAAAAAABAAEAAAIBRAA7\" data-src=\"https:\/\/www.fagorprofessional.com\/blog\/wp-content\/uploads\/2011\/12\/conunpar-150x150.jpg\" \/><noscript><img decoding=\"async\" class=\"lazyload\" src=\"https:\/\/www.fagorprofessional.com\/blog\/wp-content\/uploads\/2011\/12\/conunpar-150x150.jpg\" \/><\/noscript><br \/>\nCon un par. <\/strong><\/strong><\/strong>Esa delicia m\u00e1s o menos circular que es el huevo frito es la estrella indiscutible de este libro, que se presenta con sart\u00e9n incorporada para que no haya que perder un minuto en empezar a cocinar. No s\u00f3lo los de gallina, sino los de pato o codorniz, protagonizan un sinf\u00ed\u00adn de platos a cual m\u00e1s suculento: jud\u00ed\u00adas verdes con gambitas y huevo frito, huevo frito de pato con migas de jam\u00f3n y esp\u00e1rragos trigueros, huevos rancheros al estilo mexicano, cazuelita de garbanzos con chorizo, pimiento verde y huevo frito\u2026 Como dice el refr\u00e1n, al fre\u00ed\u00adr ser\u00e1 el re\u00ed\u00adr, y el disfrutar en este caso. Edita Larousse.<strong><strong> <strong>Precio: 22,50 euros.<\/strong><\/strong><\/strong><\/p>\n<p><strong>\u00a0<\/strong><\/p>\n<p>Nos vemos la pr\u00f3xima semana, pero entre tanto \u00a1Os deseamos a todos unas muy felices y gastron\u00f3micas Navidades!<\/p>\n","protected":false},"excerpt":{"rendered":"<p>Vaya. Nos hemos dado cuenta de que todav\u00ed\u00ada no hemos contribuido en nada a ayudaros con vuestros regalos de Navidad. La verdad es que a la hora de hacer recomendaciones,<\/p>\n","protected":false},"author":1,"featured_media":1,"comment_status":"open","ping_status":"open","sticky":false,"template":"","format":"standard","meta":{"_acf_changed":false,"footnotes":""},"categories":[7],"tags":[],"class_list":["post-1107","post","type-post","status-publish","format-standard","has-post-thumbnail","hentry","category-tendencias-y-consejos"],"acf":[],"yoast_head":"<!-- This site is optimized with the Yoast SEO plugin v27.5 - https:\/\/yoast.com\/product\/yoast-seo-wordpress\/ -->\n<title>Esta Navidad, regala libros y si son de cocina, mejor<\/title>\n<meta name=\"description\" content=\"Os hemos decidido a buscar algunos libros \u2013casualmente, todos relacionados con la cocina- que estamos seguros os van a llamar la atenci\u00f3n para regalar a amigos y parientes.\" \/>\n<meta name=\"robots\" content=\"index, follow, max-snippet:-1, max-image-preview:large, max-video-preview:-1\" \/>\n<link rel=\"canonical\" href=\"https:\/\/www.fagorprofessional.com\/blog\/es\/navidad-regala-libros-cocina-mejor\/\" \/>\n<meta property=\"og:locale\" content=\"es_ES\" \/>\n<meta property=\"og:type\" content=\"article\" \/>\n<meta property=\"og:title\" content=\"Esta Navidad, regala libros y si son de cocina, mejor\" \/>\n<meta property=\"og:description\" content=\"Os hemos decidido a buscar algunos libros \u2013casualmente, todos relacionados con la cocina- que estamos seguros os van a llamar la atenci\u00f3n para regalar a amigos y parientes.\" \/>\n<meta property=\"og:url\" content=\"https:\/\/www.fagorprofessional.com\/blog\/es\/navidad-regala-libros-cocina-mejor\/\" \/>\n<meta property=\"og:site_name\" content=\"Fagor Professional&#039;s Blog\" \/>\n<meta property=\"article:published_time\" content=\"2011-12-21T13:22:00+00:00\" \/>\n<meta property=\"article:modified_time\" content=\"2022-10-14T08:18:04+00:00\" \/>\n<meta name=\"author\" content=\"admin\" \/>\n<meta name=\"twitter:card\" content=\"summary_large_image\" \/>\n<meta name=\"twitter:label1\" content=\"Escrito por\" \/>\n\t<meta name=\"twitter:data1\" content=\"admin\" \/>\n\t<meta name=\"twitter:label2\" content=\"Tiempo de lectura\" \/>\n\t<meta name=\"twitter:data2\" content=\"6 minutos\" \/>\n<script type=\"application\/ld+json\" class=\"yoast-schema-graph\">{\"@context\":\"https:\\\/\\\/schema.org\",\"@graph\":[{\"@type\":\"Article\",\"@id\":\"https:\\\/\\\/www.fagorprofessional.com\\\/blog\\\/es\\\/navidad-regala-libros-cocina-mejor\\\/#article\",\"isPartOf\":{\"@id\":\"https:\\\/\\\/www.fagorprofessional.com\\\/blog\\\/es\\\/navidad-regala-libros-cocina-mejor\\\/\"},\"author\":{\"name\":\"admin\",\"@id\":\"https:\\\/\\\/www.fagorprofessional.com\\\/blog\\\/#\\\/schema\\\/person\\\/c2dc508ffda39316cf0e8a45f15cb4e4\"},\"headline\":\"Esta Navidad, regala libros (y si son de cocina, mejor)\",\"datePublished\":\"2011-12-21T13:22:00+00:00\",\"dateModified\":\"2022-10-14T08:18:04+00:00\",\"mainEntityOfPage\":{\"@id\":\"https:\\\/\\\/www.fagorprofessional.com\\\/blog\\\/es\\\/navidad-regala-libros-cocina-mejor\\\/\"},\"wordCount\":755,\"commentCount\":0,\"image\":{\"@id\":\"https:\\\/\\\/www.fagorprofessional.com\\\/blog\\\/es\\\/navidad-regala-libros-cocina-mejor\\\/#primaryimage\"},\"thumbnailUrl\":\"\",\"articleSection\":[\"Tendencias y consejos\"],\"inLanguage\":\"es\",\"potentialAction\":[{\"@type\":\"CommentAction\",\"name\":\"Comment\",\"target\":[\"https:\\\/\\\/www.fagorprofessional.com\\\/blog\\\/es\\\/navidad-regala-libros-cocina-mejor\\\/#respond\"]}]},{\"@type\":\"WebPage\",\"@id\":\"https:\\\/\\\/www.fagorprofessional.com\\\/blog\\\/es\\\/navidad-regala-libros-cocina-mejor\\\/\",\"url\":\"https:\\\/\\\/www.fagorprofessional.com\\\/blog\\\/es\\\/navidad-regala-libros-cocina-mejor\\\/\",\"name\":\"Esta Navidad, regala libros y si son de cocina, mejor\",\"isPartOf\":{\"@id\":\"https:\\\/\\\/www.fagorprofessional.com\\\/blog\\\/#website\"},\"primaryImageOfPage\":{\"@id\":\"https:\\\/\\\/www.fagorprofessional.com\\\/blog\\\/es\\\/navidad-regala-libros-cocina-mejor\\\/#primaryimage\"},\"image\":{\"@id\":\"https:\\\/\\\/www.fagorprofessional.com\\\/blog\\\/es\\\/navidad-regala-libros-cocina-mejor\\\/#primaryimage\"},\"thumbnailUrl\":\"\",\"datePublished\":\"2011-12-21T13:22:00+00:00\",\"dateModified\":\"2022-10-14T08:18:04+00:00\",\"author\":{\"@id\":\"https:\\\/\\\/www.fagorprofessional.com\\\/blog\\\/#\\\/schema\\\/person\\\/c2dc508ffda39316cf0e8a45f15cb4e4\"},\"description\":\"Os hemos decidido a buscar algunos libros \u2013casualmente, todos relacionados con la cocina- que estamos seguros os van a llamar la atenci\u00f3n para regalar a amigos y parientes.\",\"breadcrumb\":{\"@id\":\"https:\\\/\\\/www.fagorprofessional.com\\\/blog\\\/es\\\/navidad-regala-libros-cocina-mejor\\\/#breadcrumb\"},\"inLanguage\":\"es\",\"potentialAction\":[{\"@type\":\"ReadAction\",\"target\":[\"https:\\\/\\\/www.fagorprofessional.com\\\/blog\\\/es\\\/navidad-regala-libros-cocina-mejor\\\/\"]}]},{\"@type\":\"ImageObject\",\"inLanguage\":\"es\",\"@id\":\"https:\\\/\\\/www.fagorprofessional.com\\\/blog\\\/es\\\/navidad-regala-libros-cocina-mejor\\\/#primaryimage\",\"url\":\"\",\"contentUrl\":\"\"},{\"@type\":\"BreadcrumbList\",\"@id\":\"https:\\\/\\\/www.fagorprofessional.com\\\/blog\\\/es\\\/navidad-regala-libros-cocina-mejor\\\/#breadcrumb\",\"itemListElement\":[{\"@type\":\"ListItem\",\"position\":1,\"name\":\"Fagor Professional Blog\",\"item\":\"https:\\\/\\\/www.fagorprofessional.com\\\/blog\\\/\"},{\"@type\":\"ListItem\",\"position\":2,\"name\":\"Tendencias y consejos\",\"item\":\"https:\\\/\\\/www.fagorprofessional.com\\\/blog\\\/es\\\/tendencias-y-consejos\\\/\"},{\"@type\":\"ListItem\",\"position\":3,\"name\":\"Esta Navidad, regala libros (y si son de cocina, mejor)\"}]},{\"@type\":\"WebSite\",\"@id\":\"https:\\\/\\\/www.fagorprofessional.com\\\/blog\\\/#website\",\"url\":\"https:\\\/\\\/www.fagorprofessional.com\\\/blog\\\/\",\"name\":\"Fagor Professional&#039;s Blog\",\"description\":\"Fagor Professional&#039;s Blog\",\"potentialAction\":[{\"@type\":\"SearchAction\",\"target\":{\"@type\":\"EntryPoint\",\"urlTemplate\":\"https:\\\/\\\/www.fagorprofessional.com\\\/blog\\\/?s={search_term_string}\"},\"query-input\":{\"@type\":\"PropertyValueSpecification\",\"valueRequired\":true,\"valueName\":\"search_term_string\"}}],\"inLanguage\":\"es\"},{\"@type\":\"Person\",\"@id\":\"https:\\\/\\\/www.fagorprofessional.com\\\/blog\\\/#\\\/schema\\\/person\\\/c2dc508ffda39316cf0e8a45f15cb4e4\",\"name\":\"admin\",\"image\":{\"@type\":\"ImageObject\",\"inLanguage\":\"es\",\"@id\":\"https:\\\/\\\/secure.gravatar.com\\\/avatar\\\/af0a4c336046e868f98b17f2a27b6f9426e8aba09b92828569a3ca2b54e3d91c?s=96&d=mm&r=g\",\"url\":\"https:\\\/\\\/secure.gravatar.com\\\/avatar\\\/af0a4c336046e868f98b17f2a27b6f9426e8aba09b92828569a3ca2b54e3d91c?s=96&d=mm&r=g\",\"contentUrl\":\"https:\\\/\\\/secure.gravatar.com\\\/avatar\\\/af0a4c336046e868f98b17f2a27b6f9426e8aba09b92828569a3ca2b54e3d91c?s=96&d=mm&r=g\",\"caption\":\"admin\"},\"sameAs\":[\"https:\\\/\\\/www.fagorprofessional.com\\\/blog\"]}]}<\/script>\n<!-- \/ Yoast SEO plugin. -->","yoast_head_json":{"title":"Esta Navidad, regala libros y si son de cocina, mejor","description":"Os hemos decidido a buscar algunos libros \u2013casualmente, todos relacionados con la cocina- que estamos seguros os van a llamar la atenci\u00f3n para regalar a amigos y parientes.","robots":{"index":"index","follow":"follow","max-snippet":"max-snippet:-1","max-image-preview":"max-image-preview:large","max-video-preview":"max-video-preview:-1"},"canonical":"https:\/\/www.fagorprofessional.com\/blog\/es\/navidad-regala-libros-cocina-mejor\/","og_locale":"es_ES","og_type":"article","og_title":"Esta Navidad, regala libros y si son de cocina, mejor","og_description":"Os hemos decidido a buscar algunos libros \u2013casualmente, todos relacionados con la cocina- que estamos seguros os van a llamar la atenci\u00f3n para regalar a amigos y parientes.","og_url":"https:\/\/www.fagorprofessional.com\/blog\/es\/navidad-regala-libros-cocina-mejor\/","og_site_name":"Fagor Professional&#039;s Blog","article_published_time":"2011-12-21T13:22:00+00:00","article_modified_time":"2022-10-14T08:18:04+00:00","author":"admin","twitter_card":"summary_large_image","twitter_misc":{"Escrito por":"admin","Tiempo de lectura":"6 minutos"},"schema":{"@context":"https:\/\/schema.org","@graph":[{"@type":"Article","@id":"https:\/\/www.fagorprofessional.com\/blog\/es\/navidad-regala-libros-cocina-mejor\/#article","isPartOf":{"@id":"https:\/\/www.fagorprofessional.com\/blog\/es\/navidad-regala-libros-cocina-mejor\/"},"author":{"name":"admin","@id":"https:\/\/www.fagorprofessional.com\/blog\/#\/schema\/person\/c2dc508ffda39316cf0e8a45f15cb4e4"},"headline":"Esta Navidad, regala libros (y si son de cocina, mejor)","datePublished":"2011-12-21T13:22:00+00:00","dateModified":"2022-10-14T08:18:04+00:00","mainEntityOfPage":{"@id":"https:\/\/www.fagorprofessional.com\/blog\/es\/navidad-regala-libros-cocina-mejor\/"},"wordCount":755,"commentCount":0,"image":{"@id":"https:\/\/www.fagorprofessional.com\/blog\/es\/navidad-regala-libros-cocina-mejor\/#primaryimage"},"thumbnailUrl":"","articleSection":["Tendencias y consejos"],"inLanguage":"es","potentialAction":[{"@type":"CommentAction","name":"Comment","target":["https:\/\/www.fagorprofessional.com\/blog\/es\/navidad-regala-libros-cocina-mejor\/#respond"]}]},{"@type":"WebPage","@id":"https:\/\/www.fagorprofessional.com\/blog\/es\/navidad-regala-libros-cocina-mejor\/","url":"https:\/\/www.fagorprofessional.com\/blog\/es\/navidad-regala-libros-cocina-mejor\/","name":"Esta Navidad, regala libros y si son de cocina, mejor","isPartOf":{"@id":"https:\/\/www.fagorprofessional.com\/blog\/#website"},"primaryImageOfPage":{"@id":"https:\/\/www.fagorprofessional.com\/blog\/es\/navidad-regala-libros-cocina-mejor\/#primaryimage"},"image":{"@id":"https:\/\/www.fagorprofessional.com\/blog\/es\/navidad-regala-libros-cocina-mejor\/#primaryimage"},"thumbnailUrl":"","datePublished":"2011-12-21T13:22:00+00:00","dateModified":"2022-10-14T08:18:04+00:00","author":{"@id":"https:\/\/www.fagorprofessional.com\/blog\/#\/schema\/person\/c2dc508ffda39316cf0e8a45f15cb4e4"},"description":"Os hemos decidido a buscar algunos libros \u2013casualmente, todos relacionados con la cocina- que estamos seguros os van a llamar la atenci\u00f3n para regalar a amigos y parientes.","breadcrumb":{"@id":"https:\/\/www.fagorprofessional.com\/blog\/es\/navidad-regala-libros-cocina-mejor\/#breadcrumb"},"inLanguage":"es","potentialAction":[{"@type":"ReadAction","target":["https:\/\/www.fagorprofessional.com\/blog\/es\/navidad-regala-libros-cocina-mejor\/"]}]},{"@type":"ImageObject","inLanguage":"es","@id":"https:\/\/www.fagorprofessional.com\/blog\/es\/navidad-regala-libros-cocina-mejor\/#primaryimage","url":"","contentUrl":""},{"@type":"BreadcrumbList","@id":"https:\/\/www.fagorprofessional.com\/blog\/es\/navidad-regala-libros-cocina-mejor\/#breadcrumb","itemListElement":[{"@type":"ListItem","position":1,"name":"Fagor Professional Blog","item":"https:\/\/www.fagorprofessional.com\/blog\/"},{"@type":"ListItem","position":2,"name":"Tendencias y consejos","item":"https:\/\/www.fagorprofessional.com\/blog\/es\/tendencias-y-consejos\/"},{"@type":"ListItem","position":3,"name":"Esta Navidad, regala libros (y si son de cocina, mejor)"}]},{"@type":"WebSite","@id":"https:\/\/www.fagorprofessional.com\/blog\/#website","url":"https:\/\/www.fagorprofessional.com\/blog\/","name":"Fagor Professional&#039;s Blog","description":"Fagor Professional&#039;s Blog","potentialAction":[{"@type":"SearchAction","target":{"@type":"EntryPoint","urlTemplate":"https:\/\/www.fagorprofessional.com\/blog\/?s={search_term_string}"},"query-input":{"@type":"PropertyValueSpecification","valueRequired":true,"valueName":"search_term_string"}}],"inLanguage":"es"},{"@type":"Person","@id":"https:\/\/www.fagorprofessional.com\/blog\/#\/schema\/person\/c2dc508ffda39316cf0e8a45f15cb4e4","name":"admin","image":{"@type":"ImageObject","inLanguage":"es","@id":"https:\/\/secure.gravatar.com\/avatar\/af0a4c336046e868f98b17f2a27b6f9426e8aba09b92828569a3ca2b54e3d91c?s=96&d=mm&r=g","url":"https:\/\/secure.gravatar.com\/avatar\/af0a4c336046e868f98b17f2a27b6f9426e8aba09b92828569a3ca2b54e3d91c?s=96&d=mm&r=g","contentUrl":"https:\/\/secure.gravatar.com\/avatar\/af0a4c336046e868f98b17f2a27b6f9426e8aba09b92828569a3ca2b54e3d91c?s=96&d=mm&r=g","caption":"admin"},"sameAs":["https:\/\/www.fagorprofessional.com\/blog"]}]}},"_links":{"self":[{"href":"https:\/\/www.fagorprofessional.com\/blog\/wp-json\/wp\/v2\/posts\/1107","targetHints":{"allow":["GET"]}}],"collection":[{"href":"https:\/\/www.fagorprofessional.com\/blog\/wp-json\/wp\/v2\/posts"}],"about":[{"href":"https:\/\/www.fagorprofessional.com\/blog\/wp-json\/wp\/v2\/types\/post"}],"author":[{"embeddable":true,"href":"https:\/\/www.fagorprofessional.com\/blog\/wp-json\/wp\/v2\/users\/1"}],"replies":[{"embeddable":true,"href":"https:\/\/www.fagorprofessional.com\/blog\/wp-json\/wp\/v2\/comments?post=1107"}],"version-history":[{"count":4,"href":"https:\/\/www.fagorprofessional.com\/blog\/wp-json\/wp\/v2\/posts\/1107\/revisions"}],"predecessor-version":[{"id":489660,"href":"https:\/\/www.fagorprofessional.com\/blog\/wp-json\/wp\/v2\/posts\/1107\/revisions\/489660"}],"wp:featuredmedia":[{"embeddable":true,"href":"https:\/\/www.fagorprofessional.com\/blog\/wp-json\/"}],"wp:attachment":[{"href":"https:\/\/www.fagorprofessional.com\/blog\/wp-json\/wp\/v2\/media?parent=1107"}],"wp:term":[{"taxonomy":"category","embeddable":true,"href":"https:\/\/www.fagorprofessional.com\/blog\/wp-json\/wp\/v2\/categories?post=1107"},{"taxonomy":"post_tag","embeddable":true,"href":"https:\/\/www.fagorprofessional.com\/blog\/wp-json\/wp\/v2\/tags?post=1107"}],"curies":[{"name":"wp","href":"https:\/\/api.w.org\/{rel}","templated":true}]}}