{"id":1250,"date":"2012-02-16T16:36:00","date_gmt":"2012-02-16T15:36:00","guid":{"rendered":"https:\/\/www.fagorprofessional.com\/blog\/?p=1250"},"modified":"2022-11-23T11:16:33","modified_gmt":"2022-11-23T11:16:33","slug":"os-esperamos-gulfood-domingo","status":"publish","type":"post","link":"https:\/\/www.fagorprofessional.com\/blog\/es\/os-esperamos-gulfood-domingo\/","title":{"rendered":"\u00a1Os esperamos en Gulfood! (A partir del domingo)"},"content":{"rendered":"<p>\u00bfSe puede postear y hacer el equipaje al mismo tiempo? Bueno, a veces no hay m\u00e1s remedio. El caso es que el domingo comienza <a <a href=\"http:\/www.gulfood.com\/\" rel=\"nofollow\" target=\"_blank\">Gulfood<\/a>, la feria de las ferias del sector alimentario en la zona de Oriente Medio, y estamos a todo correr ultimando los detalles de <strong>nuestra participaci\u00f3n en la misma<\/strong>. Este evento en Dubai es uno de los m\u00e1s importantes a nivel mundial, y ha sido definido como la puerta de entrada a todos los pa\u00ed\u00adses de la zona.<\/p>\n<p>No es en absoluto una exageraci\u00f3n: <strong>la edici\u00f3n anterior cont\u00f3 con 62.000 visitantes de 150 pa\u00ed\u00adses y 3.800 exhibidores<\/strong>, y todo apunta a que las cifras de este a\u00f1o van a ser incluso mayores; de hecho, la expectativa que genera esta feria hace que <strong>todas las plazas de exhibici\u00f3n est\u00e9n reservadas de un a\u00f1o para otro<\/strong>. Todo el mundo que es alguien quiere estar en Gulfood, entre otras cosas, porque si no est\u00e1s en Gulfood es dif\u00ed\u00adcil demostrar que eres alguien.<\/p>\n<p><img decoding=\"async\" class=\"aligncenter lazyload\" src=\"data:image\/gif;base64,R0lGODlhAQABAIAAAAAAAP\/\/\/yH5BAEAAAAALAAAAAABAAEAAAIBRAA7\" data-src=\"https:\/\/www.fagorprofessional.com\/blog\/wp-content\/uploads\/2012\/02\/AgspB5OCQAEkyTo.jpg\" \/><noscript><img decoding=\"async\" class=\"aligncenter lazyload\" src=\"https:\/\/www.fagorprofessional.com\/blog\/wp-content\/uploads\/2012\/02\/AgspB5OCQAEkyTo.jpg\" \/><\/noscript><\/p>\n<p><span style=\"color: initial;\">Una vista general del mundo gastroprofesional de Gulfood<\/span><\/p>\n<p>As\u00ed\u00ad que, una vez m\u00e1s, no nos lo pensamos perder. De todos modos, en honor a la verdad conviene hacer una precisi\u00f3n cuando decimos que \u00abestaremos all\u00ed\u00ad\u00bb. <strong>Lo cierto es que ya estamos all\u00ed\u00ad<\/strong>. Desde hace tiempo. Y lo estamos <strong>gracias al intenso trabajo de nuestra delegaci\u00f3n en Oriente Medio<\/strong>, encabezada por su director Nadeem Abdul Wahed, que es la que lleva tiempo sudando sobre el terreno para garantizar el \u00e9xito de nuestra participaci\u00f3n. Lo cual va mucho m\u00e1s all\u00e1 de s\u00f3lo montar el stand; comprende tambi\u00e9n el trabajo que han desarrollado ofreciendo un magn\u00ed\u00adfico servicio a los clientes que ya tenemos en estos pa\u00ed\u00adses, y a la eficacia de su centro de distribuci\u00f3n en la zona franca de Sharjah, lo que ha pavimentado el terreno <strong>convirti\u00e9ndonos en una firma cada vez m\u00e1s conocida<\/strong> entre los profesionales de los diversos sectores donde estamos presentes.<\/p>\n<p><img decoding=\"async\" class=\"aligncenter lazyload\" src=\"data:image\/gif;base64,R0lGODlhAQABAIAAAAAAAP\/\/\/yH5BAEAAAAALAAAAAABAAEAAAIBRAA7\" data-src=\"https:\/\/www.fagorprofessional.com\/blog\/wp-content\/uploads\/2012\/02\/P1010936.jpg\" \/><noscript><img decoding=\"async\" class=\"aligncenter lazyload\" src=\"https:\/\/www.fagorprofessional.com\/blog\/wp-content\/uploads\/2012\/02\/P1010936.jpg\" \/><\/noscript><\/p>\n<p><span style=\"color: initial;\">Nuestro stand de la pasada edici\u00f3n. \u00a1Este a\u00f1o prometemos superarnos!<\/span><\/p>\n<p>Concretando: estaremos presentes en un espectacular stand de 65 metros cuadrados ubicado en el <strong>Zabeel Hall, stand Z-C102<\/strong>, del Dubai International Convention and Exhibition Center. All\u00ed\u00ad presentaremos nuestras \u00faltimas novedades en cocci\u00f3n, hornos, lavander\u00ed\u00ada, lavado de vajilla, fr\u00ed\u00ado comercial y abatidores de temperatura. Y all\u00ed\u00ad <strong>recibiremos encantados a todos los profesionales, partners, periodistas y bloggers<\/strong> que tengan la oportunidad de pasarse por la Feria, y que quieran conocer nuestras novedades o, simplemente, parar a tomarse un caf\u00e9 y descansar del ajetreo. \u00bfPens\u00e1is ir? Avisadnos por correo, por comentario o por Twitter. \u00a1Y nos vemos all\u00ed\u00ad!<\/p>\n","protected":false},"excerpt":{"rendered":"<p>\u00bfSe puede postear y hacer el equipaje al mismo tiempo? Bueno, a veces no hay m\u00e1s remedio. El caso es que el domingo comienza<\/p>\n","protected":false},"author":1,"featured_media":1,"comment_status":"open","ping_status":"open","sticky":false,"template":"","format":"standard","meta":{"_acf_changed":false,"footnotes":""},"categories":[8],"tags":[],"class_list":["post-1250","post","type-post","status-publish","format-standard","has-post-thumbnail","hentry","category-novedades-y-eventos"],"acf":[],"yoast_head":"<!-- This site is optimized with the Yoast SEO plugin v27.5 - https:\/\/yoast.com\/product\/yoast-seo-wordpress\/ -->\n<title>Os esperamos en Gulfood A partir del domingo<\/title>\n<meta name=\"description\" content=\"El domingo comienza Gulfood, la feria de las ferias del sector alimentario en la zona de Oriente Medio, y estamos a todo correr ultimando los detalles de nuestra participaci\u00f3n en la misma.\" \/>\n<meta name=\"robots\" content=\"index, follow, max-snippet:-1, max-image-preview:large, max-video-preview:-1\" \/>\n<link rel=\"canonical\" href=\"https:\/\/www.fagorprofessional.com\/blog\/es\/os-esperamos-gulfood-domingo\/\" \/>\n<meta property=\"og:locale\" content=\"es_ES\" \/>\n<meta property=\"og:type\" content=\"article\" \/>\n<meta property=\"og:title\" content=\"Os esperamos en Gulfood A partir del domingo\" \/>\n<meta property=\"og:description\" content=\"El domingo comienza Gulfood, la feria de las ferias del sector alimentario en la zona de Oriente Medio, y estamos a todo correr ultimando los detalles de nuestra participaci\u00f3n en la misma.\" \/>\n<meta property=\"og:url\" content=\"https:\/\/www.fagorprofessional.com\/blog\/es\/os-esperamos-gulfood-domingo\/\" \/>\n<meta property=\"og:site_name\" content=\"Fagor Professional&#039;s Blog\" \/>\n<meta property=\"article:published_time\" content=\"2012-02-16T15:36:00+00:00\" \/>\n<meta property=\"article:modified_time\" content=\"2022-11-23T11:16:33+00:00\" \/>\n<meta name=\"author\" content=\"admin\" \/>\n<meta name=\"twitter:card\" content=\"summary_large_image\" \/>\n<meta name=\"twitter:label1\" content=\"Escrito por\" \/>\n\t<meta name=\"twitter:data1\" content=\"admin\" \/>\n\t<meta name=\"twitter:label2\" content=\"Tiempo de lectura\" \/>\n\t<meta name=\"twitter:data2\" content=\"3 minutos\" \/>\n<script type=\"application\/ld+json\" class=\"yoast-schema-graph\">{\"@context\":\"https:\\\/\\\/schema.org\",\"@graph\":[{\"@type\":\"Article\",\"@id\":\"https:\\\/\\\/www.fagorprofessional.com\\\/blog\\\/es\\\/os-esperamos-gulfood-domingo\\\/#article\",\"isPartOf\":{\"@id\":\"https:\\\/\\\/www.fagorprofessional.com\\\/blog\\\/es\\\/os-esperamos-gulfood-domingo\\\/\"},\"author\":{\"name\":\"admin\",\"@id\":\"https:\\\/\\\/www.fagorprofessional.com\\\/blog\\\/#\\\/schema\\\/person\\\/c2dc508ffda39316cf0e8a45f15cb4e4\"},\"headline\":\"\u00a1Os esperamos en Gulfood! (A partir del domingo)\",\"datePublished\":\"2012-02-16T15:36:00+00:00\",\"dateModified\":\"2022-11-23T11:16:33+00:00\",\"mainEntityOfPage\":{\"@id\":\"https:\\\/\\\/www.fagorprofessional.com\\\/blog\\\/es\\\/os-esperamos-gulfood-domingo\\\/\"},\"wordCount\":455,\"commentCount\":0,\"image\":{\"@id\":\"https:\\\/\\\/www.fagorprofessional.com\\\/blog\\\/es\\\/os-esperamos-gulfood-domingo\\\/#primaryimage\"},\"thumbnailUrl\":\"\",\"articleSection\":[\"Novedades y eventos\"],\"inLanguage\":\"es\",\"potentialAction\":[{\"@type\":\"CommentAction\",\"name\":\"Comment\",\"target\":[\"https:\\\/\\\/www.fagorprofessional.com\\\/blog\\\/es\\\/os-esperamos-gulfood-domingo\\\/#respond\"]}]},{\"@type\":\"WebPage\",\"@id\":\"https:\\\/\\\/www.fagorprofessional.com\\\/blog\\\/es\\\/os-esperamos-gulfood-domingo\\\/\",\"url\":\"https:\\\/\\\/www.fagorprofessional.com\\\/blog\\\/es\\\/os-esperamos-gulfood-domingo\\\/\",\"name\":\"Os esperamos en Gulfood A partir del domingo\",\"isPartOf\":{\"@id\":\"https:\\\/\\\/www.fagorprofessional.com\\\/blog\\\/#website\"},\"primaryImageOfPage\":{\"@id\":\"https:\\\/\\\/www.fagorprofessional.com\\\/blog\\\/es\\\/os-esperamos-gulfood-domingo\\\/#primaryimage\"},\"image\":{\"@id\":\"https:\\\/\\\/www.fagorprofessional.com\\\/blog\\\/es\\\/os-esperamos-gulfood-domingo\\\/#primaryimage\"},\"thumbnailUrl\":\"\",\"datePublished\":\"2012-02-16T15:36:00+00:00\",\"dateModified\":\"2022-11-23T11:16:33+00:00\",\"author\":{\"@id\":\"https:\\\/\\\/www.fagorprofessional.com\\\/blog\\\/#\\\/schema\\\/person\\\/c2dc508ffda39316cf0e8a45f15cb4e4\"},\"description\":\"El domingo comienza Gulfood, la feria de las ferias del sector alimentario en la zona de Oriente Medio, y estamos a todo correr ultimando los detalles de nuestra participaci\u00f3n en la misma.\",\"breadcrumb\":{\"@id\":\"https:\\\/\\\/www.fagorprofessional.com\\\/blog\\\/es\\\/os-esperamos-gulfood-domingo\\\/#breadcrumb\"},\"inLanguage\":\"es\",\"potentialAction\":[{\"@type\":\"ReadAction\",\"target\":[\"https:\\\/\\\/www.fagorprofessional.com\\\/blog\\\/es\\\/os-esperamos-gulfood-domingo\\\/\"]}]},{\"@type\":\"ImageObject\",\"inLanguage\":\"es\",\"@id\":\"https:\\\/\\\/www.fagorprofessional.com\\\/blog\\\/es\\\/os-esperamos-gulfood-domingo\\\/#primaryimage\",\"url\":\"\",\"contentUrl\":\"\"},{\"@type\":\"BreadcrumbList\",\"@id\":\"https:\\\/\\\/www.fagorprofessional.com\\\/blog\\\/es\\\/os-esperamos-gulfood-domingo\\\/#breadcrumb\",\"itemListElement\":[{\"@type\":\"ListItem\",\"position\":1,\"name\":\"Fagor Professional Blog\",\"item\":\"https:\\\/\\\/www.fagorprofessional.com\\\/blog\\\/\"},{\"@type\":\"ListItem\",\"position\":2,\"name\":\"Novedades y eventos\",\"item\":\"https:\\\/\\\/www.fagorprofessional.com\\\/blog\\\/es\\\/novedades-y-eventos\\\/\"},{\"@type\":\"ListItem\",\"position\":3,\"name\":\"\u00a1Os esperamos en Gulfood! (A partir del domingo)\"}]},{\"@type\":\"WebSite\",\"@id\":\"https:\\\/\\\/www.fagorprofessional.com\\\/blog\\\/#website\",\"url\":\"https:\\\/\\\/www.fagorprofessional.com\\\/blog\\\/\",\"name\":\"Fagor Professional&#039;s Blog\",\"description\":\"Fagor Professional&#039;s Blog\",\"potentialAction\":[{\"@type\":\"SearchAction\",\"target\":{\"@type\":\"EntryPoint\",\"urlTemplate\":\"https:\\\/\\\/www.fagorprofessional.com\\\/blog\\\/?s={search_term_string}\"},\"query-input\":{\"@type\":\"PropertyValueSpecification\",\"valueRequired\":true,\"valueName\":\"search_term_string\"}}],\"inLanguage\":\"es\"},{\"@type\":\"Person\",\"@id\":\"https:\\\/\\\/www.fagorprofessional.com\\\/blog\\\/#\\\/schema\\\/person\\\/c2dc508ffda39316cf0e8a45f15cb4e4\",\"name\":\"admin\",\"image\":{\"@type\":\"ImageObject\",\"inLanguage\":\"es\",\"@id\":\"https:\\\/\\\/secure.gravatar.com\\\/avatar\\\/af0a4c336046e868f98b17f2a27b6f9426e8aba09b92828569a3ca2b54e3d91c?s=96&d=mm&r=g\",\"url\":\"https:\\\/\\\/secure.gravatar.com\\\/avatar\\\/af0a4c336046e868f98b17f2a27b6f9426e8aba09b92828569a3ca2b54e3d91c?s=96&d=mm&r=g\",\"contentUrl\":\"https:\\\/\\\/secure.gravatar.com\\\/avatar\\\/af0a4c336046e868f98b17f2a27b6f9426e8aba09b92828569a3ca2b54e3d91c?s=96&d=mm&r=g\",\"caption\":\"admin\"},\"sameAs\":[\"https:\\\/\\\/www.fagorprofessional.com\\\/blog\"]}]}<\/script>\n<!-- \/ Yoast SEO plugin. -->","yoast_head_json":{"title":"Os esperamos en Gulfood A partir del domingo","description":"El domingo comienza Gulfood, la feria de las ferias del sector alimentario en la zona de Oriente Medio, y estamos a todo correr ultimando los detalles de nuestra participaci\u00f3n en la misma.","robots":{"index":"index","follow":"follow","max-snippet":"max-snippet:-1","max-image-preview":"max-image-preview:large","max-video-preview":"max-video-preview:-1"},"canonical":"https:\/\/www.fagorprofessional.com\/blog\/es\/os-esperamos-gulfood-domingo\/","og_locale":"es_ES","og_type":"article","og_title":"Os esperamos en Gulfood A partir del domingo","og_description":"El domingo comienza Gulfood, la feria de las ferias del sector alimentario en la zona de Oriente Medio, y estamos a todo correr ultimando los detalles de nuestra participaci\u00f3n en la misma.","og_url":"https:\/\/www.fagorprofessional.com\/blog\/es\/os-esperamos-gulfood-domingo\/","og_site_name":"Fagor Professional&#039;s Blog","article_published_time":"2012-02-16T15:36:00+00:00","article_modified_time":"2022-11-23T11:16:33+00:00","author":"admin","twitter_card":"summary_large_image","twitter_misc":{"Escrito por":"admin","Tiempo de lectura":"3 minutos"},"schema":{"@context":"https:\/\/schema.org","@graph":[{"@type":"Article","@id":"https:\/\/www.fagorprofessional.com\/blog\/es\/os-esperamos-gulfood-domingo\/#article","isPartOf":{"@id":"https:\/\/www.fagorprofessional.com\/blog\/es\/os-esperamos-gulfood-domingo\/"},"author":{"name":"admin","@id":"https:\/\/www.fagorprofessional.com\/blog\/#\/schema\/person\/c2dc508ffda39316cf0e8a45f15cb4e4"},"headline":"\u00a1Os esperamos en Gulfood! (A partir del domingo)","datePublished":"2012-02-16T15:36:00+00:00","dateModified":"2022-11-23T11:16:33+00:00","mainEntityOfPage":{"@id":"https:\/\/www.fagorprofessional.com\/blog\/es\/os-esperamos-gulfood-domingo\/"},"wordCount":455,"commentCount":0,"image":{"@id":"https:\/\/www.fagorprofessional.com\/blog\/es\/os-esperamos-gulfood-domingo\/#primaryimage"},"thumbnailUrl":"","articleSection":["Novedades y eventos"],"inLanguage":"es","potentialAction":[{"@type":"CommentAction","name":"Comment","target":["https:\/\/www.fagorprofessional.com\/blog\/es\/os-esperamos-gulfood-domingo\/#respond"]}]},{"@type":"WebPage","@id":"https:\/\/www.fagorprofessional.com\/blog\/es\/os-esperamos-gulfood-domingo\/","url":"https:\/\/www.fagorprofessional.com\/blog\/es\/os-esperamos-gulfood-domingo\/","name":"Os esperamos en Gulfood A partir del domingo","isPartOf":{"@id":"https:\/\/www.fagorprofessional.com\/blog\/#website"},"primaryImageOfPage":{"@id":"https:\/\/www.fagorprofessional.com\/blog\/es\/os-esperamos-gulfood-domingo\/#primaryimage"},"image":{"@id":"https:\/\/www.fagorprofessional.com\/blog\/es\/os-esperamos-gulfood-domingo\/#primaryimage"},"thumbnailUrl":"","datePublished":"2012-02-16T15:36:00+00:00","dateModified":"2022-11-23T11:16:33+00:00","author":{"@id":"https:\/\/www.fagorprofessional.com\/blog\/#\/schema\/person\/c2dc508ffda39316cf0e8a45f15cb4e4"},"description":"El domingo comienza Gulfood, la feria de las ferias del sector alimentario en la zona de Oriente Medio, y estamos a todo correr ultimando los detalles de nuestra participaci\u00f3n en la misma.","breadcrumb":{"@id":"https:\/\/www.fagorprofessional.com\/blog\/es\/os-esperamos-gulfood-domingo\/#breadcrumb"},"inLanguage":"es","potentialAction":[{"@type":"ReadAction","target":["https:\/\/www.fagorprofessional.com\/blog\/es\/os-esperamos-gulfood-domingo\/"]}]},{"@type":"ImageObject","inLanguage":"es","@id":"https:\/\/www.fagorprofessional.com\/blog\/es\/os-esperamos-gulfood-domingo\/#primaryimage","url":"","contentUrl":""},{"@type":"BreadcrumbList","@id":"https:\/\/www.fagorprofessional.com\/blog\/es\/os-esperamos-gulfood-domingo\/#breadcrumb","itemListElement":[{"@type":"ListItem","position":1,"name":"Fagor Professional Blog","item":"https:\/\/www.fagorprofessional.com\/blog\/"},{"@type":"ListItem","position":2,"name":"Novedades y eventos","item":"https:\/\/www.fagorprofessional.com\/blog\/es\/novedades-y-eventos\/"},{"@type":"ListItem","position":3,"name":"\u00a1Os esperamos en Gulfood! (A partir del domingo)"}]},{"@type":"WebSite","@id":"https:\/\/www.fagorprofessional.com\/blog\/#website","url":"https:\/\/www.fagorprofessional.com\/blog\/","name":"Fagor Professional&#039;s Blog","description":"Fagor Professional&#039;s Blog","potentialAction":[{"@type":"SearchAction","target":{"@type":"EntryPoint","urlTemplate":"https:\/\/www.fagorprofessional.com\/blog\/?s={search_term_string}"},"query-input":{"@type":"PropertyValueSpecification","valueRequired":true,"valueName":"search_term_string"}}],"inLanguage":"es"},{"@type":"Person","@id":"https:\/\/www.fagorprofessional.com\/blog\/#\/schema\/person\/c2dc508ffda39316cf0e8a45f15cb4e4","name":"admin","image":{"@type":"ImageObject","inLanguage":"es","@id":"https:\/\/secure.gravatar.com\/avatar\/af0a4c336046e868f98b17f2a27b6f9426e8aba09b92828569a3ca2b54e3d91c?s=96&d=mm&r=g","url":"https:\/\/secure.gravatar.com\/avatar\/af0a4c336046e868f98b17f2a27b6f9426e8aba09b92828569a3ca2b54e3d91c?s=96&d=mm&r=g","contentUrl":"https:\/\/secure.gravatar.com\/avatar\/af0a4c336046e868f98b17f2a27b6f9426e8aba09b92828569a3ca2b54e3d91c?s=96&d=mm&r=g","caption":"admin"},"sameAs":["https:\/\/www.fagorprofessional.com\/blog"]}]}},"_links":{"self":[{"href":"https:\/\/www.fagorprofessional.com\/blog\/wp-json\/wp\/v2\/posts\/1250","targetHints":{"allow":["GET"]}}],"collection":[{"href":"https:\/\/www.fagorprofessional.com\/blog\/wp-json\/wp\/v2\/posts"}],"about":[{"href":"https:\/\/www.fagorprofessional.com\/blog\/wp-json\/wp\/v2\/types\/post"}],"author":[{"embeddable":true,"href":"https:\/\/www.fagorprofessional.com\/blog\/wp-json\/wp\/v2\/users\/1"}],"replies":[{"embeddable":true,"href":"https:\/\/www.fagorprofessional.com\/blog\/wp-json\/wp\/v2\/comments?post=1250"}],"version-history":[{"count":6,"href":"https:\/\/www.fagorprofessional.com\/blog\/wp-json\/wp\/v2\/posts\/1250\/revisions"}],"predecessor-version":[{"id":490520,"href":"https:\/\/www.fagorprofessional.com\/blog\/wp-json\/wp\/v2\/posts\/1250\/revisions\/490520"}],"wp:featuredmedia":[{"embeddable":true,"href":"https:\/\/www.fagorprofessional.com\/blog\/wp-json\/"}],"wp:attachment":[{"href":"https:\/\/www.fagorprofessional.com\/blog\/wp-json\/wp\/v2\/media?parent=1250"}],"wp:term":[{"taxonomy":"category","embeddable":true,"href":"https:\/\/www.fagorprofessional.com\/blog\/wp-json\/wp\/v2\/categories?post=1250"},{"taxonomy":"post_tag","embeddable":true,"href":"https:\/\/www.fagorprofessional.com\/blog\/wp-json\/wp\/v2\/tags?post=1250"}],"curies":[{"name":"wp","href":"https:\/\/api.w.org\/{rel}","templated":true}]}}