{"id":1328,"date":"2012-04-20T13:07:00","date_gmt":"2012-04-20T11:07:00","guid":{"rendered":"https:\/\/www.fagorprofessional.com\/blog\/?p=1328"},"modified":"2024-04-19T10:00:44","modified_gmt":"2024-04-19T10:00:44","slug":"gonzalo-anton-congreso-cocineros-ponencias-obligados-cocinar","status":"publish","type":"post","link":"https:\/\/www.fagorprofessional.com\/blog\/es\/gonzalo-anton-congreso-cocineros-ponencias-obligados-cocinar\/","title":{"rendered":"Gonzalo Ant\u00f3n: \u00ab\u00bbEn este Congreso, los cocineros, adem\u00e1s de hacer las ponencias, est\u00e1n obligados a cocinar\u00bb\u00bb"},"content":{"rendered":"<p>Convertirse en el centro de reuni\u00f3n de los mejores cocineros de Espa\u00f1a y muchos de los del extranjero tiene su m\u00e9rito; lograr que profesionales de varios pa\u00ed\u00adses dejen un hueco en su agenda para viajar a Vitoria en los \u00faltimos d\u00ed\u00adas de abril, tiene m\u00e1s m\u00e9rito a\u00fan; pero conseguir overbooking en un evento cuyo tarifa de admisi\u00f3n es bastante elevada, sobre todo en los tiempos que corren, ya es el s\u00fammum. Y sin embargo, en el Congreso Nacional de Cocina de Autor lo han vuelto a conseguir, en una XVIII edici\u00f3n que comienza el pr\u00f3ximo lunes 23 y que promete ser tan apasionante como las anteriores.<\/p>\n<p><strong>\u00abHay unos 400 asistentes confirmados, y est\u00e1n todas las plazas reservadas desde hace una semana\u00bb<\/strong>, nos cuenta Gonzalo Ant\u00f3n, del restaurante Zaldiar\u00e1n, que ha ideado y dirigido este Congreso desde su primera edici\u00f3n. <strong>\u00abDe todos modos, la crisis se hace notar. Hay gente que antes ven\u00ed\u00ada los cuatro d\u00ed\u00adas y este a\u00f1o a lo mejor vienen a una comida y una ponencia, pero lo importante es que seguimos atrayendo a hosteleros de toda Espa\u00f1a, en unos momentos en los que el sector est\u00e1 pasando por muchas dificultades\u00bb<\/strong>.<\/p>\n<p>\u00bfY qu\u00e9 tiene el Congreso Nacional de Cocina de Autor \u2013en el que, por cierto, colaboramos activamente este a\u00f1o\u2013 para atraer de esa manera al p\u00fablico? De entrada, un programa de lo m\u00e1s apetecible, que incluye un completo escaparate de almuerzos, cenas y degustaciones, acompa\u00f1ados (o seguidos) siempre de un coloquio o debate moderado por nombres como Mart\u00ed\u00adn Berasategui o Rafael Garc\u00ed\u00ada Santos. <strong>\u00abLos congresistas vienen de toda Espa\u00f1a, y tambi\u00e9n este a\u00f1o de Suecia, Copenhague, Suiza, M\u00e9xico, Estados Unidos\u2026 tambi\u00e9n hacemos una degustaci\u00f3n de los mejores productos de Espa\u00f1a, y hay una menci\u00f3n especial a la cocina en miniatura, que est\u00e1 tan de moda hoy\u00bb<\/strong>, nos cuenta Ant\u00f3n. Varios de estos congresistas protagonizar\u00e1n las ponencias que se celebrar\u00e1n en el Palacio de Congresos Europa, que constituyen uno de los mayores atractivos del certamen, tanto por el nivel de los ponentes como por su obligaci\u00f3n de mezclar teor\u00ed\u00ada y pr\u00e1ctica: <strong>\u00abAqu\u00ed\u00ad los cocineros, aparte de hacer las ponencias, est\u00e1n obligados a cocinar\u00bb<\/strong>.<\/p>\n<p>As\u00ed\u00ad, entre teor\u00ed\u00ada y pr\u00e1ctica, Mart\u00ed\u00adn Berasategui hablar\u00e1 de \u00abLos secretos de poseer 7 estrellas Michel\u00ed\u00adn en Espa\u00f1a\u00bb, Josean Mart\u00ed\u00adnez Alija revelar\u00e1 \u00abLa esencia de las verduras\u00bb, Joan Roca presentar\u00e1 las \u00faltimas creaciones de su restaurante, Sen\u00e9n Gonz\u00e1lez su cocina en miniatura, y Jordi Roca tratar\u00e1 el tema de \u00abLa reposter\u00ed\u00ada en la alta cocina\u00bb, entre otros muchos. Los almuerzos y cenas correr\u00e1n a cargo de nombres como Bo Bech (Dinamarca), Daniel Berl\u00ed\u00adn (Suecia) y Trond Aam (Noruega), o del franc\u00e9s Pascal Barbot, considerado actualmente el mejor cocinero de su pa\u00ed\u00ads.<\/p>\n<p>El Congreso tambi\u00e9n ofrecer\u00e1 los homenajes preceptivos de cada edici\u00f3n, que en este caso recaer\u00e1n en el en\u00f3logo Mariano Garc\u00ed\u00ada, de Bodegas Mauro; Lorenzo Ca\u00f1as, del restaurante La Merced, de Logro\u00f1o; Pedro Arregui, del restaurante Elkano, de Guetaria; los hermanos Jos\u00e9 y Miguel Pedraza, del restaurante Ruta del Veleta, de Granada; y Joan Roca, que recibir\u00e1 el Gorro de Plata del Congreso.<\/p>\n<p>Preguntado por la evoluci\u00f3n del Congreso, Gonzalo Ant\u00f3n recuerda todo el camino recorrido desde que comenzaron en 1984. <strong>\u00abQuer\u00ed\u00adamos hacer algo con ilusi\u00f3n y cari\u00f1o\u2026 al principio trajimos a Argui\u00f1ano y a gente del Pa\u00ed\u00ads Vasco. En el a\u00f1o 86 este Congreso no lo conoc\u00ed\u00ada nadie. Mart\u00ed\u00adn Berasategui dice siempre que \u00e9l ven\u00ed\u00ada al principio de monaguillo y ahora mira qu\u00e9 nivel tiene, y Andoni Luis Aduriz que era entonces un cr\u00ed\u00ado, qued\u00f3 campe\u00f3n de Espa\u00f1a de nuestro certamen de cocina\u00bb<\/strong>.<\/p>\n<p>Ant\u00f3n recuerda el alto porcentaje de cocineros que han pasado por alguna edici\u00f3n del Congreso, y que posteriormente han acabado entre los primeros puestos de la gastronom\u00ed\u00ada mundial. Solo por eso, es un buen motivo para prestar atenci\u00f3n a lo que se cuece en sus jornadas\u2026 las estrellas de ma\u00f1ana pueden estar muy bien all\u00ed\u00ad hoy.<\/p>\n","protected":false},"excerpt":{"rendered":"<p>Convertirse en el centro de reuni\u00f3n de los mejores cocineros de Espa\u00f1a y muchos de los del extranjero tiene su m\u00e9rito; lograr que profesionales de varios pa\u00ed\u00adses dejen un hueco en su agenda para viajar a Vitoria en los \u00faltimos d\u00ed\u00adas de abril, tiene m\u00e1s m\u00e9rito a\u00fan; pero conseguir overbooking en un evento cuyo tarifa&#8230;<\/p>\n","protected":false},"author":1,"featured_media":1,"comment_status":"open","ping_status":"open","sticky":false,"template":"","format":"standard","meta":{"_acf_changed":false,"footnotes":""},"categories":[8],"tags":[],"class_list":["post-1328","post","type-post","status-publish","format-standard","has-post-thumbnail","hentry","category-novedades-y-eventos"],"acf":[],"yoast_head":"<!-- This site is optimized with the Yoast SEO plugin v27.5 - https:\/\/yoast.com\/product\/yoast-seo-wordpress\/ -->\n<title>Gonzalo Ant\u00f3n en el Congreso Nacional de Cocina de Autor<\/title>\n<meta name=\"description\" content=\"En el Congreso Nacional de Cocina de Autor lo han vuelto a conseguir, en una XVIII edici\u00f3n que comienza el pr\u00f3ximo lunes 23 y que promete ser tan apasionante como las anteriores.\" \/>\n<meta name=\"robots\" content=\"index, follow, max-snippet:-1, max-image-preview:large, max-video-preview:-1\" \/>\n<link rel=\"canonical\" href=\"https:\/\/www.fagorprofessional.com\/blog\/es\/gonzalo-anton-congreso-cocineros-ponencias-obligados-cocinar\/\" \/>\n<meta property=\"og:locale\" content=\"es_ES\" \/>\n<meta property=\"og:type\" content=\"article\" \/>\n<meta property=\"og:title\" content=\"Gonzalo Ant\u00f3n en el Congreso Nacional de Cocina de Autor\" \/>\n<meta property=\"og:description\" content=\"En el Congreso Nacional de Cocina de Autor lo han vuelto a conseguir, en una XVIII edici\u00f3n que comienza el pr\u00f3ximo lunes 23 y que promete ser tan apasionante como las anteriores.\" \/>\n<meta property=\"og:url\" content=\"https:\/\/www.fagorprofessional.com\/blog\/es\/gonzalo-anton-congreso-cocineros-ponencias-obligados-cocinar\/\" \/>\n<meta property=\"og:site_name\" content=\"Fagor Professional&#039;s Blog\" \/>\n<meta property=\"article:published_time\" content=\"2012-04-20T11:07:00+00:00\" \/>\n<meta property=\"article:modified_time\" content=\"2024-04-19T10:00:44+00:00\" \/>\n<meta name=\"author\" content=\"admin\" \/>\n<meta name=\"twitter:card\" content=\"summary_large_image\" \/>\n<meta name=\"twitter:label1\" content=\"Escrito por\" \/>\n\t<meta name=\"twitter:data1\" content=\"admin\" \/>\n\t<meta name=\"twitter:label2\" content=\"Tiempo de lectura\" \/>\n\t<meta name=\"twitter:data2\" content=\"3 minutos\" \/>\n<script type=\"application\/ld+json\" class=\"yoast-schema-graph\">{\"@context\":\"https:\\\/\\\/schema.org\",\"@graph\":[{\"@type\":\"Article\",\"@id\":\"https:\\\/\\\/www.fagorprofessional.com\\\/blog\\\/es\\\/gonzalo-anton-congreso-cocineros-ponencias-obligados-cocinar\\\/#article\",\"isPartOf\":{\"@id\":\"https:\\\/\\\/www.fagorprofessional.com\\\/blog\\\/es\\\/gonzalo-anton-congreso-cocineros-ponencias-obligados-cocinar\\\/\"},\"author\":{\"name\":\"admin\",\"@id\":\"https:\\\/\\\/www.fagorprofessional.com\\\/blog\\\/#\\\/schema\\\/person\\\/c2dc508ffda39316cf0e8a45f15cb4e4\"},\"headline\":\"Gonzalo Ant\u00f3n: \u00ab\u00bbEn este Congreso, los cocineros, adem\u00e1s de hacer las ponencias, est\u00e1n obligados a cocinar\u00bb\u00bb\",\"datePublished\":\"2012-04-20T11:07:00+00:00\",\"dateModified\":\"2024-04-19T10:00:44+00:00\",\"mainEntityOfPage\":{\"@id\":\"https:\\\/\\\/www.fagorprofessional.com\\\/blog\\\/es\\\/gonzalo-anton-congreso-cocineros-ponencias-obligados-cocinar\\\/\"},\"wordCount\":739,\"commentCount\":0,\"image\":{\"@id\":\"https:\\\/\\\/www.fagorprofessional.com\\\/blog\\\/es\\\/gonzalo-anton-congreso-cocineros-ponencias-obligados-cocinar\\\/#primaryimage\"},\"thumbnailUrl\":\"\",\"articleSection\":[\"Novedades y eventos\"],\"inLanguage\":\"es\",\"potentialAction\":[{\"@type\":\"CommentAction\",\"name\":\"Comment\",\"target\":[\"https:\\\/\\\/www.fagorprofessional.com\\\/blog\\\/es\\\/gonzalo-anton-congreso-cocineros-ponencias-obligados-cocinar\\\/#respond\"]}]},{\"@type\":\"WebPage\",\"@id\":\"https:\\\/\\\/www.fagorprofessional.com\\\/blog\\\/es\\\/gonzalo-anton-congreso-cocineros-ponencias-obligados-cocinar\\\/\",\"url\":\"https:\\\/\\\/www.fagorprofessional.com\\\/blog\\\/es\\\/gonzalo-anton-congreso-cocineros-ponencias-obligados-cocinar\\\/\",\"name\":\"Gonzalo Ant\u00f3n en el Congreso Nacional de Cocina de Autor\",\"isPartOf\":{\"@id\":\"https:\\\/\\\/www.fagorprofessional.com\\\/blog\\\/#website\"},\"primaryImageOfPage\":{\"@id\":\"https:\\\/\\\/www.fagorprofessional.com\\\/blog\\\/es\\\/gonzalo-anton-congreso-cocineros-ponencias-obligados-cocinar\\\/#primaryimage\"},\"image\":{\"@id\":\"https:\\\/\\\/www.fagorprofessional.com\\\/blog\\\/es\\\/gonzalo-anton-congreso-cocineros-ponencias-obligados-cocinar\\\/#primaryimage\"},\"thumbnailUrl\":\"\",\"datePublished\":\"2012-04-20T11:07:00+00:00\",\"dateModified\":\"2024-04-19T10:00:44+00:00\",\"author\":{\"@id\":\"https:\\\/\\\/www.fagorprofessional.com\\\/blog\\\/#\\\/schema\\\/person\\\/c2dc508ffda39316cf0e8a45f15cb4e4\"},\"description\":\"En el Congreso Nacional de Cocina de Autor lo han vuelto a conseguir, en una XVIII edici\u00f3n que comienza el pr\u00f3ximo lunes 23 y que promete ser tan apasionante como las anteriores.\",\"breadcrumb\":{\"@id\":\"https:\\\/\\\/www.fagorprofessional.com\\\/blog\\\/es\\\/gonzalo-anton-congreso-cocineros-ponencias-obligados-cocinar\\\/#breadcrumb\"},\"inLanguage\":\"es\",\"potentialAction\":[{\"@type\":\"ReadAction\",\"target\":[\"https:\\\/\\\/www.fagorprofessional.com\\\/blog\\\/es\\\/gonzalo-anton-congreso-cocineros-ponencias-obligados-cocinar\\\/\"]}]},{\"@type\":\"ImageObject\",\"inLanguage\":\"es\",\"@id\":\"https:\\\/\\\/www.fagorprofessional.com\\\/blog\\\/es\\\/gonzalo-anton-congreso-cocineros-ponencias-obligados-cocinar\\\/#primaryimage\",\"url\":\"\",\"contentUrl\":\"\"},{\"@type\":\"BreadcrumbList\",\"@id\":\"https:\\\/\\\/www.fagorprofessional.com\\\/blog\\\/es\\\/gonzalo-anton-congreso-cocineros-ponencias-obligados-cocinar\\\/#breadcrumb\",\"itemListElement\":[{\"@type\":\"ListItem\",\"position\":1,\"name\":\"Fagor Professional Blog\",\"item\":\"https:\\\/\\\/www.fagorprofessional.com\\\/blog\\\/\"},{\"@type\":\"ListItem\",\"position\":2,\"name\":\"Novedades y eventos\",\"item\":\"https:\\\/\\\/www.fagorprofessional.com\\\/blog\\\/es\\\/novedades-y-eventos\\\/\"},{\"@type\":\"ListItem\",\"position\":3,\"name\":\"Gonzalo Ant\u00f3n: \u00ab\u00bbEn este Congreso, los cocineros, adem\u00e1s de hacer las ponencias, est\u00e1n obligados a cocinar\u00bb\u00bb\"}]},{\"@type\":\"WebSite\",\"@id\":\"https:\\\/\\\/www.fagorprofessional.com\\\/blog\\\/#website\",\"url\":\"https:\\\/\\\/www.fagorprofessional.com\\\/blog\\\/\",\"name\":\"Fagor Professional&#039;s Blog\",\"description\":\"Fagor Professional&#039;s Blog\",\"potentialAction\":[{\"@type\":\"SearchAction\",\"target\":{\"@type\":\"EntryPoint\",\"urlTemplate\":\"https:\\\/\\\/www.fagorprofessional.com\\\/blog\\\/?s={search_term_string}\"},\"query-input\":{\"@type\":\"PropertyValueSpecification\",\"valueRequired\":true,\"valueName\":\"search_term_string\"}}],\"inLanguage\":\"es\"},{\"@type\":\"Person\",\"@id\":\"https:\\\/\\\/www.fagorprofessional.com\\\/blog\\\/#\\\/schema\\\/person\\\/c2dc508ffda39316cf0e8a45f15cb4e4\",\"name\":\"admin\",\"image\":{\"@type\":\"ImageObject\",\"inLanguage\":\"es\",\"@id\":\"https:\\\/\\\/secure.gravatar.com\\\/avatar\\\/af0a4c336046e868f98b17f2a27b6f9426e8aba09b92828569a3ca2b54e3d91c?s=96&d=mm&r=g\",\"url\":\"https:\\\/\\\/secure.gravatar.com\\\/avatar\\\/af0a4c336046e868f98b17f2a27b6f9426e8aba09b92828569a3ca2b54e3d91c?s=96&d=mm&r=g\",\"contentUrl\":\"https:\\\/\\\/secure.gravatar.com\\\/avatar\\\/af0a4c336046e868f98b17f2a27b6f9426e8aba09b92828569a3ca2b54e3d91c?s=96&d=mm&r=g\",\"caption\":\"admin\"},\"sameAs\":[\"https:\\\/\\\/www.fagorprofessional.com\\\/blog\"]}]}<\/script>\n<!-- \/ Yoast SEO plugin. -->","yoast_head_json":{"title":"Gonzalo Ant\u00f3n en el Congreso Nacional de Cocina de Autor","description":"En el Congreso Nacional de Cocina de Autor lo han vuelto a conseguir, en una XVIII edici\u00f3n que comienza el pr\u00f3ximo lunes 23 y que promete ser tan apasionante como las anteriores.","robots":{"index":"index","follow":"follow","max-snippet":"max-snippet:-1","max-image-preview":"max-image-preview:large","max-video-preview":"max-video-preview:-1"},"canonical":"https:\/\/www.fagorprofessional.com\/blog\/es\/gonzalo-anton-congreso-cocineros-ponencias-obligados-cocinar\/","og_locale":"es_ES","og_type":"article","og_title":"Gonzalo Ant\u00f3n en el Congreso Nacional de Cocina de Autor","og_description":"En el Congreso Nacional de Cocina de Autor lo han vuelto a conseguir, en una XVIII edici\u00f3n que comienza el pr\u00f3ximo lunes 23 y que promete ser tan apasionante como las anteriores.","og_url":"https:\/\/www.fagorprofessional.com\/blog\/es\/gonzalo-anton-congreso-cocineros-ponencias-obligados-cocinar\/","og_site_name":"Fagor Professional&#039;s Blog","article_published_time":"2012-04-20T11:07:00+00:00","article_modified_time":"2024-04-19T10:00:44+00:00","author":"admin","twitter_card":"summary_large_image","twitter_misc":{"Escrito por":"admin","Tiempo de lectura":"3 minutos"},"schema":{"@context":"https:\/\/schema.org","@graph":[{"@type":"Article","@id":"https:\/\/www.fagorprofessional.com\/blog\/es\/gonzalo-anton-congreso-cocineros-ponencias-obligados-cocinar\/#article","isPartOf":{"@id":"https:\/\/www.fagorprofessional.com\/blog\/es\/gonzalo-anton-congreso-cocineros-ponencias-obligados-cocinar\/"},"author":{"name":"admin","@id":"https:\/\/www.fagorprofessional.com\/blog\/#\/schema\/person\/c2dc508ffda39316cf0e8a45f15cb4e4"},"headline":"Gonzalo Ant\u00f3n: \u00ab\u00bbEn este Congreso, los cocineros, adem\u00e1s de hacer las ponencias, est\u00e1n obligados a cocinar\u00bb\u00bb","datePublished":"2012-04-20T11:07:00+00:00","dateModified":"2024-04-19T10:00:44+00:00","mainEntityOfPage":{"@id":"https:\/\/www.fagorprofessional.com\/blog\/es\/gonzalo-anton-congreso-cocineros-ponencias-obligados-cocinar\/"},"wordCount":739,"commentCount":0,"image":{"@id":"https:\/\/www.fagorprofessional.com\/blog\/es\/gonzalo-anton-congreso-cocineros-ponencias-obligados-cocinar\/#primaryimage"},"thumbnailUrl":"","articleSection":["Novedades y eventos"],"inLanguage":"es","potentialAction":[{"@type":"CommentAction","name":"Comment","target":["https:\/\/www.fagorprofessional.com\/blog\/es\/gonzalo-anton-congreso-cocineros-ponencias-obligados-cocinar\/#respond"]}]},{"@type":"WebPage","@id":"https:\/\/www.fagorprofessional.com\/blog\/es\/gonzalo-anton-congreso-cocineros-ponencias-obligados-cocinar\/","url":"https:\/\/www.fagorprofessional.com\/blog\/es\/gonzalo-anton-congreso-cocineros-ponencias-obligados-cocinar\/","name":"Gonzalo Ant\u00f3n en el Congreso Nacional de Cocina de Autor","isPartOf":{"@id":"https:\/\/www.fagorprofessional.com\/blog\/#website"},"primaryImageOfPage":{"@id":"https:\/\/www.fagorprofessional.com\/blog\/es\/gonzalo-anton-congreso-cocineros-ponencias-obligados-cocinar\/#primaryimage"},"image":{"@id":"https:\/\/www.fagorprofessional.com\/blog\/es\/gonzalo-anton-congreso-cocineros-ponencias-obligados-cocinar\/#primaryimage"},"thumbnailUrl":"","datePublished":"2012-04-20T11:07:00+00:00","dateModified":"2024-04-19T10:00:44+00:00","author":{"@id":"https:\/\/www.fagorprofessional.com\/blog\/#\/schema\/person\/c2dc508ffda39316cf0e8a45f15cb4e4"},"description":"En el Congreso Nacional de Cocina de Autor lo han vuelto a conseguir, en una XVIII edici\u00f3n que comienza el pr\u00f3ximo lunes 23 y que promete ser tan apasionante como las anteriores.","breadcrumb":{"@id":"https:\/\/www.fagorprofessional.com\/blog\/es\/gonzalo-anton-congreso-cocineros-ponencias-obligados-cocinar\/#breadcrumb"},"inLanguage":"es","potentialAction":[{"@type":"ReadAction","target":["https:\/\/www.fagorprofessional.com\/blog\/es\/gonzalo-anton-congreso-cocineros-ponencias-obligados-cocinar\/"]}]},{"@type":"ImageObject","inLanguage":"es","@id":"https:\/\/www.fagorprofessional.com\/blog\/es\/gonzalo-anton-congreso-cocineros-ponencias-obligados-cocinar\/#primaryimage","url":"","contentUrl":""},{"@type":"BreadcrumbList","@id":"https:\/\/www.fagorprofessional.com\/blog\/es\/gonzalo-anton-congreso-cocineros-ponencias-obligados-cocinar\/#breadcrumb","itemListElement":[{"@type":"ListItem","position":1,"name":"Fagor Professional Blog","item":"https:\/\/www.fagorprofessional.com\/blog\/"},{"@type":"ListItem","position":2,"name":"Novedades y eventos","item":"https:\/\/www.fagorprofessional.com\/blog\/es\/novedades-y-eventos\/"},{"@type":"ListItem","position":3,"name":"Gonzalo Ant\u00f3n: \u00ab\u00bbEn este Congreso, los cocineros, adem\u00e1s de hacer las ponencias, est\u00e1n obligados a cocinar\u00bb\u00bb"}]},{"@type":"WebSite","@id":"https:\/\/www.fagorprofessional.com\/blog\/#website","url":"https:\/\/www.fagorprofessional.com\/blog\/","name":"Fagor Professional&#039;s Blog","description":"Fagor Professional&#039;s Blog","potentialAction":[{"@type":"SearchAction","target":{"@type":"EntryPoint","urlTemplate":"https:\/\/www.fagorprofessional.com\/blog\/?s={search_term_string}"},"query-input":{"@type":"PropertyValueSpecification","valueRequired":true,"valueName":"search_term_string"}}],"inLanguage":"es"},{"@type":"Person","@id":"https:\/\/www.fagorprofessional.com\/blog\/#\/schema\/person\/c2dc508ffda39316cf0e8a45f15cb4e4","name":"admin","image":{"@type":"ImageObject","inLanguage":"es","@id":"https:\/\/secure.gravatar.com\/avatar\/af0a4c336046e868f98b17f2a27b6f9426e8aba09b92828569a3ca2b54e3d91c?s=96&d=mm&r=g","url":"https:\/\/secure.gravatar.com\/avatar\/af0a4c336046e868f98b17f2a27b6f9426e8aba09b92828569a3ca2b54e3d91c?s=96&d=mm&r=g","contentUrl":"https:\/\/secure.gravatar.com\/avatar\/af0a4c336046e868f98b17f2a27b6f9426e8aba09b92828569a3ca2b54e3d91c?s=96&d=mm&r=g","caption":"admin"},"sameAs":["https:\/\/www.fagorprofessional.com\/blog"]}]}},"_links":{"self":[{"href":"https:\/\/www.fagorprofessional.com\/blog\/wp-json\/wp\/v2\/posts\/1328","targetHints":{"allow":["GET"]}}],"collection":[{"href":"https:\/\/www.fagorprofessional.com\/blog\/wp-json\/wp\/v2\/posts"}],"about":[{"href":"https:\/\/www.fagorprofessional.com\/blog\/wp-json\/wp\/v2\/types\/post"}],"author":[{"embeddable":true,"href":"https:\/\/www.fagorprofessional.com\/blog\/wp-json\/wp\/v2\/users\/1"}],"replies":[{"embeddable":true,"href":"https:\/\/www.fagorprofessional.com\/blog\/wp-json\/wp\/v2\/comments?post=1328"}],"version-history":[{"count":5,"href":"https:\/\/www.fagorprofessional.com\/blog\/wp-json\/wp\/v2\/posts\/1328\/revisions"}],"predecessor-version":[{"id":490527,"href":"https:\/\/www.fagorprofessional.com\/blog\/wp-json\/wp\/v2\/posts\/1328\/revisions\/490527"}],"wp:featuredmedia":[{"embeddable":true,"href":"https:\/\/www.fagorprofessional.com\/blog\/wp-json\/"}],"wp:attachment":[{"href":"https:\/\/www.fagorprofessional.com\/blog\/wp-json\/wp\/v2\/media?parent=1328"}],"wp:term":[{"taxonomy":"category","embeddable":true,"href":"https:\/\/www.fagorprofessional.com\/blog\/wp-json\/wp\/v2\/categories?post=1328"},{"taxonomy":"post_tag","embeddable":true,"href":"https:\/\/www.fagorprofessional.com\/blog\/wp-json\/wp\/v2\/tags?post=1328"}],"curies":[{"name":"wp","href":"https:\/\/api.w.org\/{rel}","templated":true}]}}