{"id":1336,"date":"2012-04-26T13:21:00","date_gmt":"2012-04-26T11:21:00","guid":{"rendered":"https:\/\/www.fagorprofessional.com\/blog\/?p=1336"},"modified":"2022-10-14T14:27:18","modified_gmt":"2022-10-14T14:27:18","slug":"lavanderias-autoservicio-explosion-laveselo-usted-mismo","status":"publish","type":"post","link":"https:\/\/www.fagorprofessional.com\/blog\/es\/lavanderias-autoservicio-explosion-laveselo-usted-mismo\/","title":{"rendered":"Lavander\u00edas autoservicio: la explosi\u00f3n del l\u00e1veselo usted mismo\u00a0"},"content":{"rendered":"<p>\u00bfLavander\u00ed\u00adas autoservicio en Espa\u00f1a? Cuesta creerlo; a fin de cuentas, siempre que hemos visto una pel\u00ed\u00adcula donde los protagonistas se conocen, charlan o ligan entre lavadoras y cestas de ropa, esta era indefectiblemente norteamericana. Al costumbrismo moderno espa\u00f1ol corresponden m\u00e1s bien las escenas de ropa tendida al sol\u2026 por lo menos hasta que llegaron las secadoras.<\/p>\n<p>Pero los tiempos cambian, y las costumbres tambi\u00e9n. O m\u00e1s bien son las costumbres las que hacen cambiar los tiempos. <a <a href=\"https:\/\/www.fagorprofessional.com\/es\/maquinaria-lavanderia\/soluciones\/autoservicio\" rel=\"nofollow\" target=\"_blank\">Las lavander\u00ed\u00adas de autoservicio existen desde hace mucho tiempo<\/a> \u2013de hecho, se dice que la primera fue abierta en Fort Worth, Texas, en 1934\u2013, y de su pa\u00ed\u00ads de origen, Estados Unidos, pasaron a otros como Inglaterra donde vivieron un verdadero auge en los a\u00f1os 60. La misma \u00e9poca donde en Espa\u00f1a parec\u00ed\u00adamos habernos tomado en sentido literal la frase de que \u00abla ropa sucia se lava en casa\u00bb. Aqu\u00ed\u00ad pasamos de lavar a mano a llenar nuestros hogares de lavadoras pagadas en c\u00f3modos plazos.<\/p>\n<p><img decoding=\"async\" class=\"aligncenter lazyload\" src=\"data:image\/gif;base64,R0lGODlhAQABAIAAAAAAAP\/\/\/yH5BAEAAAAALAAAAAABAAEAAAIBRAA7\" data-src=\"https:\/\/www.fagorprofessional.com\/blog\/wp-content\/uploads\/2012\/04\/shutterstock_66814078.jpg\" \/><noscript><img decoding=\"async\" class=\"aligncenter lazyload\" src=\"https:\/\/www.fagorprofessional.com\/blog\/wp-content\/uploads\/2012\/04\/shutterstock_66814078.jpg\" \/><\/noscript><\/p>\n<p><span style=\"color: initial;\">Del colectivo de inmigrantes y los solteros, su uso se est\u00e1 extendiendo cada vez m\u00e1s a las familias<\/span><\/p>\n<p>Y sin embargo, de repente vemos que el n\u00famero de lavander\u00ed\u00adas de autoservicio en Madrid se ha duplicado en el \u00faltimo a\u00f1o. Obviamente, partiendo de cifras muy bajas, pero al mismo tiempo con expectativas muy altas de crecimiento: de cinco locales se ha pasado a once, y hay previsiones de abrir otras catorce. La verdad es que la lavander\u00ed\u00ada de autoservicio es un campo por el que siempre hemos apostado en Fagor Professional, y contamos con modelos de lavadoras espec\u00ed\u00adficos para este sector. De hecho, acabamos de proporcionar el equipamiento para abrir una lavander\u00ed\u00ada autom\u00e1tica en Valencia, a la que seguir\u00e1n otras de la misma cadena. Pero \u00bfc\u00f3mo es que las lavadoras est\u00e1n saliendo poco a poco de los hogares?<\/p>\n<p>Para Francisco G\u00f3mez, Director de nuestra Divisi\u00f3n de Lavander\u00ed\u00ada Industrial, uno de los motivos principales es que <strong>\u00abel espectro de poblaci\u00f3n ha cambiado. Ahora hay mucha poblaci\u00f3n inmigrante que procede de pa\u00ed\u00adses donde s\u00ed\u00ad est\u00e1n acostumbrados a las lavander\u00ed\u00adas; tambi\u00e9n hay personas que se independizan, viven solas, pero no pueden dedicarle todos los d\u00ed\u00adas el tiempo necesario a lavar la ropa, y prefieren, en vez de hacer dos o tres coladas con las lavadoras peque\u00f1as, ir el fin de semana con un paquete grande de ropa y lavarla toda a la vez en una sola carga. Y por \u00faltimo, hay tambi\u00e9n gente que tiene averiada la m\u00e1quina de casa y no tiene trescientos euros para comprar una nueva\u2026 pero s\u00ed\u00ad cuatro para hacer en la lavander\u00ed\u00ada la colada de la semana, con las s\u00e1banas y las toallas\u00bb<\/strong>.<\/p>\n<p>Una caracter\u00ed\u00adstica curiosa de este negocio, afirma Francisco G\u00f3mez, es que no importa que haya varias lavander\u00ed\u00adas en una misma calle, ya que <strong>\u00abla gente va siempre a la que est\u00e1 m\u00e1s cerca de su casa\u00bb<\/strong>. Una gente que incluye, cada vez m\u00e1s, a eso que se ha llamado siempre familias tradicionales espa\u00f1olas, que van copiando las costumbres de los inmigrantes. Con buenos motivos: <strong>\u00abEn una lavadora de casa cabe un edred\u00f3n, uno solo, y con dificultad seg\u00fan lo grande o esponjoso que sea. Y a veces no se remoja bien, porque con \u00e9l la lavadora est\u00e1 muy llena. Una opci\u00f3n es ir a la tintorer\u00ed\u00ada, que es cara, aunque como consecuencia de la extensi\u00f3n de las lavander\u00ed\u00adas, los precios est\u00e1n empezando a bajar. Y otra es la lavander\u00ed\u00ada donde, por cuatro o cinco euros, puedes lavar no uno, sino tres o cuatro edredones, s\u00e1banas, mantas\u2026 y luego secarlos por tres o cuatro euros m\u00e1s\u00bb<\/strong>.<\/p>\n<p>\u00bfQu\u00e9 caracter\u00ed\u00adsticas necesita uno de estos establecimientos para tener \u00e9xito? Algunas ni siquiera requieren personal, salvo el que vaya cada d\u00ed\u00ada para el mantenimiento. Pero s\u00ed\u00ad es necesario que cuenten con \u00ab<strong>m\u00e1quinas muy sencillas, sin grandes complicaciones para poner en marcha, con cuatro programas muy explicados y rotulados, en plan \u00abapretar bot\u00f3n A\u00bb, para que nadie tenga problemas\u00bb<\/strong>, explica Francisco G\u00f3mez. Todos estos factores parecen haber confluido para que la lavander\u00ed\u00ada se termine convirtiendo, tambi\u00e9n aqu\u00ed\u00ad, en uno de los puntos de contacto del barrio. Ahora solo nos falta la primera pel\u00ed\u00adcula que se anime a utilizar una como decorado.<\/p>\n","protected":false},"excerpt":{"rendered":"<p>\u00bfLavander\u00ed\u00adas autoservicio en Espa\u00f1a? Cuesta creerlo; a fin de cuentas, siempre que hemos visto una pel\u00ed\u00adcula donde los protagonistas se conocen, charlan o ligan entre lavadoras y cestas de ropa, esta era indefectiblemente norteamericana. Al costumbrismo moderno espa\u00f1ol corresponden m\u00e1s bien las escenas de ropa tendida al sol\u2026 por lo menos hasta que llegaron las&#8230;<\/p>\n","protected":false},"author":1,"featured_media":1,"comment_status":"open","ping_status":"open","sticky":false,"template":"","format":"standard","meta":{"_acf_changed":false,"footnotes":""},"categories":[5],"tags":[],"class_list":["post-1336","post","type-post","status-publish","format-standard","has-post-thumbnail","hentry","category-equipamiento"],"acf":[],"yoast_head":"<!-- This site is optimized with the Yoast SEO plugin v27.5 - https:\/\/yoast.com\/product\/yoast-seo-wordpress\/ -->\n<title>Lavander\u00edas autoservicio: la explosi\u00f3n del l\u00e1veselo usted mismo\u00a0<\/title>\n<meta name=\"description\" content=\"El n\u00famero de lavander\u00edas de autoservicio en Madrid\u00a0se ha duplicado en el \u00faltimo a\u00f1o.\" \/>\n<meta name=\"robots\" content=\"index, follow, max-snippet:-1, max-image-preview:large, max-video-preview:-1\" \/>\n<link rel=\"canonical\" href=\"https:\/\/www.fagorprofessional.com\/blog\/es\/lavanderias-autoservicio-explosion-laveselo-usted-mismo\/\" \/>\n<meta property=\"og:locale\" content=\"es_ES\" \/>\n<meta property=\"og:type\" content=\"article\" \/>\n<meta property=\"og:title\" content=\"Lavander\u00edas autoservicio: la explosi\u00f3n del l\u00e1veselo usted mismo\u00a0\" \/>\n<meta property=\"og:description\" content=\"El n\u00famero de lavander\u00edas de autoservicio en Madrid\u00a0se ha duplicado en el \u00faltimo a\u00f1o.\" \/>\n<meta property=\"og:url\" content=\"https:\/\/www.fagorprofessional.com\/blog\/es\/lavanderias-autoservicio-explosion-laveselo-usted-mismo\/\" \/>\n<meta property=\"og:site_name\" content=\"Fagor Professional&#039;s Blog\" \/>\n<meta property=\"article:published_time\" content=\"2012-04-26T11:21:00+00:00\" \/>\n<meta property=\"article:modified_time\" content=\"2022-10-14T14:27:18+00:00\" \/>\n<meta name=\"author\" content=\"admin\" \/>\n<meta name=\"twitter:card\" content=\"summary_large_image\" \/>\n<meta name=\"twitter:label1\" content=\"Escrito por\" \/>\n\t<meta name=\"twitter:data1\" content=\"admin\" \/>\n\t<meta name=\"twitter:label2\" content=\"Tiempo de lectura\" \/>\n\t<meta name=\"twitter:data2\" content=\"4 minutos\" \/>\n<script type=\"application\/ld+json\" class=\"yoast-schema-graph\">{\"@context\":\"https:\\\/\\\/schema.org\",\"@graph\":[{\"@type\":\"Article\",\"@id\":\"https:\\\/\\\/www.fagorprofessional.com\\\/blog\\\/es\\\/lavanderias-autoservicio-explosion-laveselo-usted-mismo\\\/#article\",\"isPartOf\":{\"@id\":\"https:\\\/\\\/www.fagorprofessional.com\\\/blog\\\/es\\\/lavanderias-autoservicio-explosion-laveselo-usted-mismo\\\/\"},\"author\":{\"name\":\"admin\",\"@id\":\"https:\\\/\\\/www.fagorprofessional.com\\\/blog\\\/#\\\/schema\\\/person\\\/c2dc508ffda39316cf0e8a45f15cb4e4\"},\"headline\":\"Lavander\u00edas autoservicio: la explosi\u00f3n del l\u00e1veselo usted mismo\u00a0\",\"datePublished\":\"2012-04-26T11:21:00+00:00\",\"dateModified\":\"2022-10-14T14:27:18+00:00\",\"mainEntityOfPage\":{\"@id\":\"https:\\\/\\\/www.fagorprofessional.com\\\/blog\\\/es\\\/lavanderias-autoservicio-explosion-laveselo-usted-mismo\\\/\"},\"wordCount\":763,\"commentCount\":38,\"image\":{\"@id\":\"https:\\\/\\\/www.fagorprofessional.com\\\/blog\\\/es\\\/lavanderias-autoservicio-explosion-laveselo-usted-mismo\\\/#primaryimage\"},\"thumbnailUrl\":\"\",\"articleSection\":[\"Equipamiento\"],\"inLanguage\":\"es\",\"potentialAction\":[{\"@type\":\"CommentAction\",\"name\":\"Comment\",\"target\":[\"https:\\\/\\\/www.fagorprofessional.com\\\/blog\\\/es\\\/lavanderias-autoservicio-explosion-laveselo-usted-mismo\\\/#respond\"]}]},{\"@type\":\"WebPage\",\"@id\":\"https:\\\/\\\/www.fagorprofessional.com\\\/blog\\\/es\\\/lavanderias-autoservicio-explosion-laveselo-usted-mismo\\\/\",\"url\":\"https:\\\/\\\/www.fagorprofessional.com\\\/blog\\\/es\\\/lavanderias-autoservicio-explosion-laveselo-usted-mismo\\\/\",\"name\":\"Lavander\u00edas autoservicio: la explosi\u00f3n del l\u00e1veselo usted mismo\u00a0\",\"isPartOf\":{\"@id\":\"https:\\\/\\\/www.fagorprofessional.com\\\/blog\\\/#website\"},\"primaryImageOfPage\":{\"@id\":\"https:\\\/\\\/www.fagorprofessional.com\\\/blog\\\/es\\\/lavanderias-autoservicio-explosion-laveselo-usted-mismo\\\/#primaryimage\"},\"image\":{\"@id\":\"https:\\\/\\\/www.fagorprofessional.com\\\/blog\\\/es\\\/lavanderias-autoservicio-explosion-laveselo-usted-mismo\\\/#primaryimage\"},\"thumbnailUrl\":\"\",\"datePublished\":\"2012-04-26T11:21:00+00:00\",\"dateModified\":\"2022-10-14T14:27:18+00:00\",\"author\":{\"@id\":\"https:\\\/\\\/www.fagorprofessional.com\\\/blog\\\/#\\\/schema\\\/person\\\/c2dc508ffda39316cf0e8a45f15cb4e4\"},\"description\":\"El n\u00famero de lavander\u00edas de autoservicio en Madrid\u00a0se ha duplicado en el \u00faltimo a\u00f1o.\",\"breadcrumb\":{\"@id\":\"https:\\\/\\\/www.fagorprofessional.com\\\/blog\\\/es\\\/lavanderias-autoservicio-explosion-laveselo-usted-mismo\\\/#breadcrumb\"},\"inLanguage\":\"es\",\"potentialAction\":[{\"@type\":\"ReadAction\",\"target\":[\"https:\\\/\\\/www.fagorprofessional.com\\\/blog\\\/es\\\/lavanderias-autoservicio-explosion-laveselo-usted-mismo\\\/\"]}]},{\"@type\":\"ImageObject\",\"inLanguage\":\"es\",\"@id\":\"https:\\\/\\\/www.fagorprofessional.com\\\/blog\\\/es\\\/lavanderias-autoservicio-explosion-laveselo-usted-mismo\\\/#primaryimage\",\"url\":\"\",\"contentUrl\":\"\"},{\"@type\":\"BreadcrumbList\",\"@id\":\"https:\\\/\\\/www.fagorprofessional.com\\\/blog\\\/es\\\/lavanderias-autoservicio-explosion-laveselo-usted-mismo\\\/#breadcrumb\",\"itemListElement\":[{\"@type\":\"ListItem\",\"position\":1,\"name\":\"Fagor Professional Blog\",\"item\":\"https:\\\/\\\/www.fagorprofessional.com\\\/blog\\\/\"},{\"@type\":\"ListItem\",\"position\":2,\"name\":\"Equipamiento\",\"item\":\"https:\\\/\\\/www.fagorprofessional.com\\\/blog\\\/es\\\/equipamiento\\\/\"},{\"@type\":\"ListItem\",\"position\":3,\"name\":\"Lavander\u00edas autoservicio: la explosi\u00f3n del l\u00e1veselo usted mismo\u00a0\"}]},{\"@type\":\"WebSite\",\"@id\":\"https:\\\/\\\/www.fagorprofessional.com\\\/blog\\\/#website\",\"url\":\"https:\\\/\\\/www.fagorprofessional.com\\\/blog\\\/\",\"name\":\"Fagor Professional&#039;s Blog\",\"description\":\"Fagor Professional&#039;s Blog\",\"potentialAction\":[{\"@type\":\"SearchAction\",\"target\":{\"@type\":\"EntryPoint\",\"urlTemplate\":\"https:\\\/\\\/www.fagorprofessional.com\\\/blog\\\/?s={search_term_string}\"},\"query-input\":{\"@type\":\"PropertyValueSpecification\",\"valueRequired\":true,\"valueName\":\"search_term_string\"}}],\"inLanguage\":\"es\"},{\"@type\":\"Person\",\"@id\":\"https:\\\/\\\/www.fagorprofessional.com\\\/blog\\\/#\\\/schema\\\/person\\\/c2dc508ffda39316cf0e8a45f15cb4e4\",\"name\":\"admin\",\"image\":{\"@type\":\"ImageObject\",\"inLanguage\":\"es\",\"@id\":\"https:\\\/\\\/secure.gravatar.com\\\/avatar\\\/af0a4c336046e868f98b17f2a27b6f9426e8aba09b92828569a3ca2b54e3d91c?s=96&d=mm&r=g\",\"url\":\"https:\\\/\\\/secure.gravatar.com\\\/avatar\\\/af0a4c336046e868f98b17f2a27b6f9426e8aba09b92828569a3ca2b54e3d91c?s=96&d=mm&r=g\",\"contentUrl\":\"https:\\\/\\\/secure.gravatar.com\\\/avatar\\\/af0a4c336046e868f98b17f2a27b6f9426e8aba09b92828569a3ca2b54e3d91c?s=96&d=mm&r=g\",\"caption\":\"admin\"},\"sameAs\":[\"https:\\\/\\\/www.fagorprofessional.com\\\/blog\"]}]}<\/script>\n<!-- \/ Yoast SEO plugin. -->","yoast_head_json":{"title":"Lavander\u00edas autoservicio: la explosi\u00f3n del l\u00e1veselo usted mismo\u00a0","description":"El n\u00famero de lavander\u00edas de autoservicio en Madrid\u00a0se ha duplicado en el \u00faltimo a\u00f1o.","robots":{"index":"index","follow":"follow","max-snippet":"max-snippet:-1","max-image-preview":"max-image-preview:large","max-video-preview":"max-video-preview:-1"},"canonical":"https:\/\/www.fagorprofessional.com\/blog\/es\/lavanderias-autoservicio-explosion-laveselo-usted-mismo\/","og_locale":"es_ES","og_type":"article","og_title":"Lavander\u00edas autoservicio: la explosi\u00f3n del l\u00e1veselo usted mismo\u00a0","og_description":"El n\u00famero de lavander\u00edas de autoservicio en Madrid\u00a0se ha duplicado en el \u00faltimo a\u00f1o.","og_url":"https:\/\/www.fagorprofessional.com\/blog\/es\/lavanderias-autoservicio-explosion-laveselo-usted-mismo\/","og_site_name":"Fagor Professional&#039;s Blog","article_published_time":"2012-04-26T11:21:00+00:00","article_modified_time":"2022-10-14T14:27:18+00:00","author":"admin","twitter_card":"summary_large_image","twitter_misc":{"Escrito por":"admin","Tiempo de lectura":"4 minutos"},"schema":{"@context":"https:\/\/schema.org","@graph":[{"@type":"Article","@id":"https:\/\/www.fagorprofessional.com\/blog\/es\/lavanderias-autoservicio-explosion-laveselo-usted-mismo\/#article","isPartOf":{"@id":"https:\/\/www.fagorprofessional.com\/blog\/es\/lavanderias-autoservicio-explosion-laveselo-usted-mismo\/"},"author":{"name":"admin","@id":"https:\/\/www.fagorprofessional.com\/blog\/#\/schema\/person\/c2dc508ffda39316cf0e8a45f15cb4e4"},"headline":"Lavander\u00edas autoservicio: la explosi\u00f3n del l\u00e1veselo usted mismo\u00a0","datePublished":"2012-04-26T11:21:00+00:00","dateModified":"2022-10-14T14:27:18+00:00","mainEntityOfPage":{"@id":"https:\/\/www.fagorprofessional.com\/blog\/es\/lavanderias-autoservicio-explosion-laveselo-usted-mismo\/"},"wordCount":763,"commentCount":38,"image":{"@id":"https:\/\/www.fagorprofessional.com\/blog\/es\/lavanderias-autoservicio-explosion-laveselo-usted-mismo\/#primaryimage"},"thumbnailUrl":"","articleSection":["Equipamiento"],"inLanguage":"es","potentialAction":[{"@type":"CommentAction","name":"Comment","target":["https:\/\/www.fagorprofessional.com\/blog\/es\/lavanderias-autoservicio-explosion-laveselo-usted-mismo\/#respond"]}]},{"@type":"WebPage","@id":"https:\/\/www.fagorprofessional.com\/blog\/es\/lavanderias-autoservicio-explosion-laveselo-usted-mismo\/","url":"https:\/\/www.fagorprofessional.com\/blog\/es\/lavanderias-autoservicio-explosion-laveselo-usted-mismo\/","name":"Lavander\u00edas autoservicio: la explosi\u00f3n del l\u00e1veselo usted mismo\u00a0","isPartOf":{"@id":"https:\/\/www.fagorprofessional.com\/blog\/#website"},"primaryImageOfPage":{"@id":"https:\/\/www.fagorprofessional.com\/blog\/es\/lavanderias-autoservicio-explosion-laveselo-usted-mismo\/#primaryimage"},"image":{"@id":"https:\/\/www.fagorprofessional.com\/blog\/es\/lavanderias-autoservicio-explosion-laveselo-usted-mismo\/#primaryimage"},"thumbnailUrl":"","datePublished":"2012-04-26T11:21:00+00:00","dateModified":"2022-10-14T14:27:18+00:00","author":{"@id":"https:\/\/www.fagorprofessional.com\/blog\/#\/schema\/person\/c2dc508ffda39316cf0e8a45f15cb4e4"},"description":"El n\u00famero de lavander\u00edas de autoservicio en Madrid\u00a0se ha duplicado en el \u00faltimo a\u00f1o.","breadcrumb":{"@id":"https:\/\/www.fagorprofessional.com\/blog\/es\/lavanderias-autoservicio-explosion-laveselo-usted-mismo\/#breadcrumb"},"inLanguage":"es","potentialAction":[{"@type":"ReadAction","target":["https:\/\/www.fagorprofessional.com\/blog\/es\/lavanderias-autoservicio-explosion-laveselo-usted-mismo\/"]}]},{"@type":"ImageObject","inLanguage":"es","@id":"https:\/\/www.fagorprofessional.com\/blog\/es\/lavanderias-autoservicio-explosion-laveselo-usted-mismo\/#primaryimage","url":"","contentUrl":""},{"@type":"BreadcrumbList","@id":"https:\/\/www.fagorprofessional.com\/blog\/es\/lavanderias-autoservicio-explosion-laveselo-usted-mismo\/#breadcrumb","itemListElement":[{"@type":"ListItem","position":1,"name":"Fagor Professional Blog","item":"https:\/\/www.fagorprofessional.com\/blog\/"},{"@type":"ListItem","position":2,"name":"Equipamiento","item":"https:\/\/www.fagorprofessional.com\/blog\/es\/equipamiento\/"},{"@type":"ListItem","position":3,"name":"Lavander\u00edas autoservicio: la explosi\u00f3n del l\u00e1veselo usted mismo\u00a0"}]},{"@type":"WebSite","@id":"https:\/\/www.fagorprofessional.com\/blog\/#website","url":"https:\/\/www.fagorprofessional.com\/blog\/","name":"Fagor Professional&#039;s Blog","description":"Fagor Professional&#039;s Blog","potentialAction":[{"@type":"SearchAction","target":{"@type":"EntryPoint","urlTemplate":"https:\/\/www.fagorprofessional.com\/blog\/?s={search_term_string}"},"query-input":{"@type":"PropertyValueSpecification","valueRequired":true,"valueName":"search_term_string"}}],"inLanguage":"es"},{"@type":"Person","@id":"https:\/\/www.fagorprofessional.com\/blog\/#\/schema\/person\/c2dc508ffda39316cf0e8a45f15cb4e4","name":"admin","image":{"@type":"ImageObject","inLanguage":"es","@id":"https:\/\/secure.gravatar.com\/avatar\/af0a4c336046e868f98b17f2a27b6f9426e8aba09b92828569a3ca2b54e3d91c?s=96&d=mm&r=g","url":"https:\/\/secure.gravatar.com\/avatar\/af0a4c336046e868f98b17f2a27b6f9426e8aba09b92828569a3ca2b54e3d91c?s=96&d=mm&r=g","contentUrl":"https:\/\/secure.gravatar.com\/avatar\/af0a4c336046e868f98b17f2a27b6f9426e8aba09b92828569a3ca2b54e3d91c?s=96&d=mm&r=g","caption":"admin"},"sameAs":["https:\/\/www.fagorprofessional.com\/blog"]}]}},"_links":{"self":[{"href":"https:\/\/www.fagorprofessional.com\/blog\/wp-json\/wp\/v2\/posts\/1336","targetHints":{"allow":["GET"]}}],"collection":[{"href":"https:\/\/www.fagorprofessional.com\/blog\/wp-json\/wp\/v2\/posts"}],"about":[{"href":"https:\/\/www.fagorprofessional.com\/blog\/wp-json\/wp\/v2\/types\/post"}],"author":[{"embeddable":true,"href":"https:\/\/www.fagorprofessional.com\/blog\/wp-json\/wp\/v2\/users\/1"}],"replies":[{"embeddable":true,"href":"https:\/\/www.fagorprofessional.com\/blog\/wp-json\/wp\/v2\/comments?post=1336"}],"version-history":[{"count":4,"href":"https:\/\/www.fagorprofessional.com\/blog\/wp-json\/wp\/v2\/posts\/1336\/revisions"}],"predecessor-version":[{"id":489694,"href":"https:\/\/www.fagorprofessional.com\/blog\/wp-json\/wp\/v2\/posts\/1336\/revisions\/489694"}],"wp:featuredmedia":[{"embeddable":true,"href":"https:\/\/www.fagorprofessional.com\/blog\/wp-json\/"}],"wp:attachment":[{"href":"https:\/\/www.fagorprofessional.com\/blog\/wp-json\/wp\/v2\/media?parent=1336"}],"wp:term":[{"taxonomy":"category","embeddable":true,"href":"https:\/\/www.fagorprofessional.com\/blog\/wp-json\/wp\/v2\/categories?post=1336"},{"taxonomy":"post_tag","embeddable":true,"href":"https:\/\/www.fagorprofessional.com\/blog\/wp-json\/wp\/v2\/tags?post=1336"}],"curies":[{"name":"wp","href":"https:\/\/api.w.org\/{rel}","templated":true}]}}