{"id":1422,"date":"2012-08-28T10:31:00","date_gmt":"2012-08-28T08:31:00","guid":{"rendered":"https:\/\/www.fagorprofessional.com\/blog\/?p=1422"},"modified":"2022-11-23T13:39:52","modified_gmt":"2022-11-23T13:39:52","slug":"acaba-verano-empiezan-ferias-abastur-equipotel","status":"publish","type":"post","link":"https:\/\/www.fagorprofessional.com\/blog\/es\/acaba-verano-empiezan-ferias-abastur-equipotel\/","title":{"rendered":"Acaba el verano, empiezan las ferias: Abastur y Equipotel"},"content":{"rendered":"<p>Ya se sabe que las vacaciones de verano sirven para coger fuerzas de cara a ese nuevo a\u00f1o que todos, de forma inconsciente, comenzamos en septiembre (una man\u00ed\u00ada que se nos ha quedado de nuestra \u00e9poca escolar). Es exactamente lo que hemos hecho nosotros, y tan reforzados hemos vuelto, que cuando todo el mundo vuelve, nosotros nos vamos. Concretamente a Am\u00e9rica, donde recibiremos el oto\u00f1o participando en dos de las principales ferias del sector de restauraci\u00f3n, <a <a href=\"https:\/\/www.fagorprofessional.com\/es\/equipos-cocina\" rel=\"nofollow\" target=\"_blank\">hosteler\u00ed\u00ada y colectividades<\/a>. All\u00ed\u00ad estaremos para recibir a clientes, partners y amigos, y como estamos seguros de que algunos de vosotros os dejar\u00e9is caer por alguna de ellas, os contamos el plan ferial para septiembre:<\/p>\n<p>En primer lugar, esta misma semana nos pod\u00e9is encontrar en M\u00e9xico, en Abastur. Esta nueva edici\u00f3n de una de las principales ferias del pa\u00ed\u00ads y del continente tendr\u00e1 lugar en el Centro Banamex de M\u00e9xico D. F. entre el 28 y el 30 de agosto, y promete hacer un honor una vez m\u00e1s a su categor\u00ed\u00ada de evento multitudinario. Se esperan 25.000 visitantes, procedentes de pa\u00ed\u00adses del norte, centro y sur de Am\u00e9rica, con una fuerte presencia de todo el sector de equipamiento y tecnolog\u00ed\u00ada para la industria de la hosteler\u00ed\u00ada y la restauraci\u00f3n.Esta feria es una enorme vor\u00e1gine por los asistentes, demostraciones y shows en directo.<\/p>\n<p>Tras unos d\u00ed\u00adas de descanso, la siguiente parada ser\u00e1 el Pavilh\u00ed\u00a3o de Exposi\u00ed\u00a7\u00ed\u00b5es do Anhembi, en Sao Paulo (Brasil), donde del 10 al 13 de septiembre tendr\u00e1 lugar la nueva edici\u00f3n de Equipotel, una de las cinco mayores ferias del mundo en su especialidad, y la mayor de toda Sudam\u00e9rica en gastronom\u00ed\u00ada, hosteler\u00ed\u00ada y restauraci\u00f3n. Con m\u00e1s de 50 a\u00f1os de historia, la edici\u00f3n del pasado a\u00f1o registr\u00f3 la visita de 48.474 profesionales y cont\u00f3 con 1.384 exhibidores en 672 stands, unas cifras que este a\u00f1o, con o sin crisis, est\u00e1n convencidos de batir.<\/p>\n<p>Aunque digan que el oto\u00f1o deprime porque los d\u00ed\u00adas se hacen m\u00e1s cortos, nosotros lo hemos iniciado con ganas de aprovechar esos d\u00ed\u00adas al m\u00e1ximo. Esperamos contagiaros esas fuerzas renovadas que nos hemos tra\u00ed\u00addo de las vacaciones. \u00a1Feliz regreso de verano a todos!<\/p>\n","protected":false},"excerpt":{"rendered":"<p>Ya se sabe que las vacaciones de verano sirven para coger fuerzas de cara a ese nuevo a\u00f1o que todos, de forma inconsciente, comenzamos en septiembre (una man\u00ed\u00ada que se nos ha quedado de nuestra \u00e9poca escolar). Es exactamente lo que hemos hecho nosotros, y tan reforzados hemos vuelto, que cuando todo el mundo vuelve,&#8230;<\/p>\n","protected":false},"author":1,"featured_media":1,"comment_status":"open","ping_status":"open","sticky":false,"template":"","format":"standard","meta":{"_acf_changed":false,"footnotes":""},"categories":[8],"tags":[],"class_list":["post-1422","post","type-post","status-publish","format-standard","has-post-thumbnail","hentry","category-novedades-y-eventos"],"acf":[],"yoast_head":"<!-- This site is optimized with the Yoast SEO plugin v27.5 - https:\/\/yoast.com\/product\/yoast-seo-wordpress\/ -->\n<title>Acaba el verano, empiezan las ferias: Abastur y Equipotel<\/title>\n<meta name=\"description\" content=\"Nos vamos, concretamente a Am\u00e9rica, donde recibiremos el oto\u00f1o participando en dos de las principales ferias del sector de restauraci\u00f3n, hosteler\u00eda y colectividades.\" \/>\n<meta name=\"robots\" content=\"index, follow, max-snippet:-1, max-image-preview:large, max-video-preview:-1\" \/>\n<link rel=\"canonical\" href=\"https:\/\/www.fagorprofessional.com\/blog\/es\/acaba-verano-empiezan-ferias-abastur-equipotel\/\" \/>\n<meta property=\"og:locale\" content=\"es_ES\" \/>\n<meta property=\"og:type\" content=\"article\" \/>\n<meta property=\"og:title\" content=\"Acaba el verano, empiezan las ferias: Abastur y Equipotel\" \/>\n<meta property=\"og:description\" content=\"Nos vamos, concretamente a Am\u00e9rica, donde recibiremos el oto\u00f1o participando en dos de las principales ferias del sector de restauraci\u00f3n, hosteler\u00eda y colectividades.\" \/>\n<meta property=\"og:url\" content=\"https:\/\/www.fagorprofessional.com\/blog\/es\/acaba-verano-empiezan-ferias-abastur-equipotel\/\" \/>\n<meta property=\"og:site_name\" content=\"Fagor Professional&#039;s Blog\" \/>\n<meta property=\"article:published_time\" content=\"2012-08-28T08:31:00+00:00\" \/>\n<meta property=\"article:modified_time\" content=\"2022-11-23T13:39:52+00:00\" \/>\n<meta name=\"author\" content=\"admin\" \/>\n<meta name=\"twitter:card\" content=\"summary_large_image\" \/>\n<meta name=\"twitter:label1\" content=\"Escrito por\" \/>\n\t<meta name=\"twitter:data1\" content=\"admin\" \/>\n\t<meta name=\"twitter:label2\" content=\"Tiempo de lectura\" \/>\n\t<meta name=\"twitter:data2\" content=\"2 minutos\" \/>\n<script type=\"application\/ld+json\" class=\"yoast-schema-graph\">{\"@context\":\"https:\\\/\\\/schema.org\",\"@graph\":[{\"@type\":\"Article\",\"@id\":\"https:\\\/\\\/www.fagorprofessional.com\\\/blog\\\/es\\\/acaba-verano-empiezan-ferias-abastur-equipotel\\\/#article\",\"isPartOf\":{\"@id\":\"https:\\\/\\\/www.fagorprofessional.com\\\/blog\\\/es\\\/acaba-verano-empiezan-ferias-abastur-equipotel\\\/\"},\"author\":{\"name\":\"admin\",\"@id\":\"https:\\\/\\\/www.fagorprofessional.com\\\/blog\\\/#\\\/schema\\\/person\\\/c2dc508ffda39316cf0e8a45f15cb4e4\"},\"headline\":\"Acaba el verano, empiezan las ferias: Abastur y Equipotel\",\"datePublished\":\"2012-08-28T08:31:00+00:00\",\"dateModified\":\"2022-11-23T13:39:52+00:00\",\"mainEntityOfPage\":{\"@id\":\"https:\\\/\\\/www.fagorprofessional.com\\\/blog\\\/es\\\/acaba-verano-empiezan-ferias-abastur-equipotel\\\/\"},\"wordCount\":396,\"commentCount\":0,\"image\":{\"@id\":\"https:\\\/\\\/www.fagorprofessional.com\\\/blog\\\/es\\\/acaba-verano-empiezan-ferias-abastur-equipotel\\\/#primaryimage\"},\"thumbnailUrl\":\"\",\"articleSection\":[\"Novedades y eventos\"],\"inLanguage\":\"es\",\"potentialAction\":[{\"@type\":\"CommentAction\",\"name\":\"Comment\",\"target\":[\"https:\\\/\\\/www.fagorprofessional.com\\\/blog\\\/es\\\/acaba-verano-empiezan-ferias-abastur-equipotel\\\/#respond\"]}]},{\"@type\":\"WebPage\",\"@id\":\"https:\\\/\\\/www.fagorprofessional.com\\\/blog\\\/es\\\/acaba-verano-empiezan-ferias-abastur-equipotel\\\/\",\"url\":\"https:\\\/\\\/www.fagorprofessional.com\\\/blog\\\/es\\\/acaba-verano-empiezan-ferias-abastur-equipotel\\\/\",\"name\":\"Acaba el verano, empiezan las ferias: Abastur y Equipotel\",\"isPartOf\":{\"@id\":\"https:\\\/\\\/www.fagorprofessional.com\\\/blog\\\/#website\"},\"primaryImageOfPage\":{\"@id\":\"https:\\\/\\\/www.fagorprofessional.com\\\/blog\\\/es\\\/acaba-verano-empiezan-ferias-abastur-equipotel\\\/#primaryimage\"},\"image\":{\"@id\":\"https:\\\/\\\/www.fagorprofessional.com\\\/blog\\\/es\\\/acaba-verano-empiezan-ferias-abastur-equipotel\\\/#primaryimage\"},\"thumbnailUrl\":\"\",\"datePublished\":\"2012-08-28T08:31:00+00:00\",\"dateModified\":\"2022-11-23T13:39:52+00:00\",\"author\":{\"@id\":\"https:\\\/\\\/www.fagorprofessional.com\\\/blog\\\/#\\\/schema\\\/person\\\/c2dc508ffda39316cf0e8a45f15cb4e4\"},\"description\":\"Nos vamos, concretamente a Am\u00e9rica, donde recibiremos el oto\u00f1o participando en dos de las principales ferias del sector de restauraci\u00f3n, hosteler\u00eda y colectividades.\",\"breadcrumb\":{\"@id\":\"https:\\\/\\\/www.fagorprofessional.com\\\/blog\\\/es\\\/acaba-verano-empiezan-ferias-abastur-equipotel\\\/#breadcrumb\"},\"inLanguage\":\"es\",\"potentialAction\":[{\"@type\":\"ReadAction\",\"target\":[\"https:\\\/\\\/www.fagorprofessional.com\\\/blog\\\/es\\\/acaba-verano-empiezan-ferias-abastur-equipotel\\\/\"]}]},{\"@type\":\"ImageObject\",\"inLanguage\":\"es\",\"@id\":\"https:\\\/\\\/www.fagorprofessional.com\\\/blog\\\/es\\\/acaba-verano-empiezan-ferias-abastur-equipotel\\\/#primaryimage\",\"url\":\"\",\"contentUrl\":\"\"},{\"@type\":\"BreadcrumbList\",\"@id\":\"https:\\\/\\\/www.fagorprofessional.com\\\/blog\\\/es\\\/acaba-verano-empiezan-ferias-abastur-equipotel\\\/#breadcrumb\",\"itemListElement\":[{\"@type\":\"ListItem\",\"position\":1,\"name\":\"Fagor Professional Blog\",\"item\":\"https:\\\/\\\/www.fagorprofessional.com\\\/blog\\\/\"},{\"@type\":\"ListItem\",\"position\":2,\"name\":\"Novedades y eventos\",\"item\":\"https:\\\/\\\/www.fagorprofessional.com\\\/blog\\\/es\\\/novedades-y-eventos\\\/\"},{\"@type\":\"ListItem\",\"position\":3,\"name\":\"Acaba el verano, empiezan las ferias: Abastur y Equipotel\"}]},{\"@type\":\"WebSite\",\"@id\":\"https:\\\/\\\/www.fagorprofessional.com\\\/blog\\\/#website\",\"url\":\"https:\\\/\\\/www.fagorprofessional.com\\\/blog\\\/\",\"name\":\"Fagor Professional&#039;s Blog\",\"description\":\"Fagor Professional&#039;s Blog\",\"potentialAction\":[{\"@type\":\"SearchAction\",\"target\":{\"@type\":\"EntryPoint\",\"urlTemplate\":\"https:\\\/\\\/www.fagorprofessional.com\\\/blog\\\/?s={search_term_string}\"},\"query-input\":{\"@type\":\"PropertyValueSpecification\",\"valueRequired\":true,\"valueName\":\"search_term_string\"}}],\"inLanguage\":\"es\"},{\"@type\":\"Person\",\"@id\":\"https:\\\/\\\/www.fagorprofessional.com\\\/blog\\\/#\\\/schema\\\/person\\\/c2dc508ffda39316cf0e8a45f15cb4e4\",\"name\":\"admin\",\"image\":{\"@type\":\"ImageObject\",\"inLanguage\":\"es\",\"@id\":\"https:\\\/\\\/secure.gravatar.com\\\/avatar\\\/af0a4c336046e868f98b17f2a27b6f9426e8aba09b92828569a3ca2b54e3d91c?s=96&d=mm&r=g\",\"url\":\"https:\\\/\\\/secure.gravatar.com\\\/avatar\\\/af0a4c336046e868f98b17f2a27b6f9426e8aba09b92828569a3ca2b54e3d91c?s=96&d=mm&r=g\",\"contentUrl\":\"https:\\\/\\\/secure.gravatar.com\\\/avatar\\\/af0a4c336046e868f98b17f2a27b6f9426e8aba09b92828569a3ca2b54e3d91c?s=96&d=mm&r=g\",\"caption\":\"admin\"},\"sameAs\":[\"https:\\\/\\\/www.fagorprofessional.com\\\/blog\"]}]}<\/script>\n<!-- \/ Yoast SEO plugin. -->","yoast_head_json":{"title":"Acaba el verano, empiezan las ferias: Abastur y Equipotel","description":"Nos vamos, concretamente a Am\u00e9rica, donde recibiremos el oto\u00f1o participando en dos de las principales ferias del sector de restauraci\u00f3n, hosteler\u00eda y colectividades.","robots":{"index":"index","follow":"follow","max-snippet":"max-snippet:-1","max-image-preview":"max-image-preview:large","max-video-preview":"max-video-preview:-1"},"canonical":"https:\/\/www.fagorprofessional.com\/blog\/es\/acaba-verano-empiezan-ferias-abastur-equipotel\/","og_locale":"es_ES","og_type":"article","og_title":"Acaba el verano, empiezan las ferias: Abastur y Equipotel","og_description":"Nos vamos, concretamente a Am\u00e9rica, donde recibiremos el oto\u00f1o participando en dos de las principales ferias del sector de restauraci\u00f3n, hosteler\u00eda y colectividades.","og_url":"https:\/\/www.fagorprofessional.com\/blog\/es\/acaba-verano-empiezan-ferias-abastur-equipotel\/","og_site_name":"Fagor Professional&#039;s Blog","article_published_time":"2012-08-28T08:31:00+00:00","article_modified_time":"2022-11-23T13:39:52+00:00","author":"admin","twitter_card":"summary_large_image","twitter_misc":{"Escrito por":"admin","Tiempo de lectura":"2 minutos"},"schema":{"@context":"https:\/\/schema.org","@graph":[{"@type":"Article","@id":"https:\/\/www.fagorprofessional.com\/blog\/es\/acaba-verano-empiezan-ferias-abastur-equipotel\/#article","isPartOf":{"@id":"https:\/\/www.fagorprofessional.com\/blog\/es\/acaba-verano-empiezan-ferias-abastur-equipotel\/"},"author":{"name":"admin","@id":"https:\/\/www.fagorprofessional.com\/blog\/#\/schema\/person\/c2dc508ffda39316cf0e8a45f15cb4e4"},"headline":"Acaba el verano, empiezan las ferias: Abastur y Equipotel","datePublished":"2012-08-28T08:31:00+00:00","dateModified":"2022-11-23T13:39:52+00:00","mainEntityOfPage":{"@id":"https:\/\/www.fagorprofessional.com\/blog\/es\/acaba-verano-empiezan-ferias-abastur-equipotel\/"},"wordCount":396,"commentCount":0,"image":{"@id":"https:\/\/www.fagorprofessional.com\/blog\/es\/acaba-verano-empiezan-ferias-abastur-equipotel\/#primaryimage"},"thumbnailUrl":"","articleSection":["Novedades y eventos"],"inLanguage":"es","potentialAction":[{"@type":"CommentAction","name":"Comment","target":["https:\/\/www.fagorprofessional.com\/blog\/es\/acaba-verano-empiezan-ferias-abastur-equipotel\/#respond"]}]},{"@type":"WebPage","@id":"https:\/\/www.fagorprofessional.com\/blog\/es\/acaba-verano-empiezan-ferias-abastur-equipotel\/","url":"https:\/\/www.fagorprofessional.com\/blog\/es\/acaba-verano-empiezan-ferias-abastur-equipotel\/","name":"Acaba el verano, empiezan las ferias: Abastur y Equipotel","isPartOf":{"@id":"https:\/\/www.fagorprofessional.com\/blog\/#website"},"primaryImageOfPage":{"@id":"https:\/\/www.fagorprofessional.com\/blog\/es\/acaba-verano-empiezan-ferias-abastur-equipotel\/#primaryimage"},"image":{"@id":"https:\/\/www.fagorprofessional.com\/blog\/es\/acaba-verano-empiezan-ferias-abastur-equipotel\/#primaryimage"},"thumbnailUrl":"","datePublished":"2012-08-28T08:31:00+00:00","dateModified":"2022-11-23T13:39:52+00:00","author":{"@id":"https:\/\/www.fagorprofessional.com\/blog\/#\/schema\/person\/c2dc508ffda39316cf0e8a45f15cb4e4"},"description":"Nos vamos, concretamente a Am\u00e9rica, donde recibiremos el oto\u00f1o participando en dos de las principales ferias del sector de restauraci\u00f3n, hosteler\u00eda y colectividades.","breadcrumb":{"@id":"https:\/\/www.fagorprofessional.com\/blog\/es\/acaba-verano-empiezan-ferias-abastur-equipotel\/#breadcrumb"},"inLanguage":"es","potentialAction":[{"@type":"ReadAction","target":["https:\/\/www.fagorprofessional.com\/blog\/es\/acaba-verano-empiezan-ferias-abastur-equipotel\/"]}]},{"@type":"ImageObject","inLanguage":"es","@id":"https:\/\/www.fagorprofessional.com\/blog\/es\/acaba-verano-empiezan-ferias-abastur-equipotel\/#primaryimage","url":"","contentUrl":""},{"@type":"BreadcrumbList","@id":"https:\/\/www.fagorprofessional.com\/blog\/es\/acaba-verano-empiezan-ferias-abastur-equipotel\/#breadcrumb","itemListElement":[{"@type":"ListItem","position":1,"name":"Fagor Professional Blog","item":"https:\/\/www.fagorprofessional.com\/blog\/"},{"@type":"ListItem","position":2,"name":"Novedades y eventos","item":"https:\/\/www.fagorprofessional.com\/blog\/es\/novedades-y-eventos\/"},{"@type":"ListItem","position":3,"name":"Acaba el verano, empiezan las ferias: Abastur y Equipotel"}]},{"@type":"WebSite","@id":"https:\/\/www.fagorprofessional.com\/blog\/#website","url":"https:\/\/www.fagorprofessional.com\/blog\/","name":"Fagor Professional&#039;s Blog","description":"Fagor Professional&#039;s Blog","potentialAction":[{"@type":"SearchAction","target":{"@type":"EntryPoint","urlTemplate":"https:\/\/www.fagorprofessional.com\/blog\/?s={search_term_string}"},"query-input":{"@type":"PropertyValueSpecification","valueRequired":true,"valueName":"search_term_string"}}],"inLanguage":"es"},{"@type":"Person","@id":"https:\/\/www.fagorprofessional.com\/blog\/#\/schema\/person\/c2dc508ffda39316cf0e8a45f15cb4e4","name":"admin","image":{"@type":"ImageObject","inLanguage":"es","@id":"https:\/\/secure.gravatar.com\/avatar\/af0a4c336046e868f98b17f2a27b6f9426e8aba09b92828569a3ca2b54e3d91c?s=96&d=mm&r=g","url":"https:\/\/secure.gravatar.com\/avatar\/af0a4c336046e868f98b17f2a27b6f9426e8aba09b92828569a3ca2b54e3d91c?s=96&d=mm&r=g","contentUrl":"https:\/\/secure.gravatar.com\/avatar\/af0a4c336046e868f98b17f2a27b6f9426e8aba09b92828569a3ca2b54e3d91c?s=96&d=mm&r=g","caption":"admin"},"sameAs":["https:\/\/www.fagorprofessional.com\/blog"]}]}},"_links":{"self":[{"href":"https:\/\/www.fagorprofessional.com\/blog\/wp-json\/wp\/v2\/posts\/1422","targetHints":{"allow":["GET"]}}],"collection":[{"href":"https:\/\/www.fagorprofessional.com\/blog\/wp-json\/wp\/v2\/posts"}],"about":[{"href":"https:\/\/www.fagorprofessional.com\/blog\/wp-json\/wp\/v2\/types\/post"}],"author":[{"embeddable":true,"href":"https:\/\/www.fagorprofessional.com\/blog\/wp-json\/wp\/v2\/users\/1"}],"replies":[{"embeddable":true,"href":"https:\/\/www.fagorprofessional.com\/blog\/wp-json\/wp\/v2\/comments?post=1422"}],"version-history":[{"count":4,"href":"https:\/\/www.fagorprofessional.com\/blog\/wp-json\/wp\/v2\/posts\/1422\/revisions"}],"predecessor-version":[{"id":490540,"href":"https:\/\/www.fagorprofessional.com\/blog\/wp-json\/wp\/v2\/posts\/1422\/revisions\/490540"}],"wp:featuredmedia":[{"embeddable":true,"href":"https:\/\/www.fagorprofessional.com\/blog\/wp-json\/"}],"wp:attachment":[{"href":"https:\/\/www.fagorprofessional.com\/blog\/wp-json\/wp\/v2\/media?parent=1422"}],"wp:term":[{"taxonomy":"category","embeddable":true,"href":"https:\/\/www.fagorprofessional.com\/blog\/wp-json\/wp\/v2\/categories?post=1422"},{"taxonomy":"post_tag","embeddable":true,"href":"https:\/\/www.fagorprofessional.com\/blog\/wp-json\/wp\/v2\/tags?post=1422"}],"curies":[{"name":"wp","href":"https:\/\/api.w.org\/{rel}","templated":true}]}}