{"id":162,"date":"2010-05-31T15:42:00","date_gmt":"2010-05-31T15:42:00","guid":{"rendered":"https:\/\/www.fagorprofessional.com\/blog\/?p=122"},"modified":"2022-10-10T10:08:37","modified_gmt":"2022-10-10T10:08:37","slug":"te-invitamos-fagor-cooking-experience","status":"publish","type":"post","link":"https:\/\/www.fagorprofessional.com\/blog\/es\/te-invitamos-fagor-cooking-experience\/","title":{"rendered":"\u00a1Te invitamos a la Fagor Cooking Experience!"},"content":{"rendered":"<p>Si tienes un blog y eres un apasionado de la cocina, la gastronom\u00ed\u00ada, y \u00ab\u00bbtodo lo que se cuece\u00bb\u00bb alrededor de ella, el pr\u00f3ximo d\u00ed\u00ada <strong>17 de junio, <\/strong>\u00a1la cena la preparas t\u00fa! \u00a1Ven a participar en nuestra <strong>Fagor Cooking Experience<\/strong> en una tarde llena de gastronom\u00ed\u00ada y sentido del humor!<\/p>\n<p><a href=\"http:\/blog.fagorindustrial.com\/wp-content\/uploads\/2010\/05\/fagorcookingexperience1.jpg\"><img class=\"lazyload\" class=\"\" title=\"\" alt=\"\" width=\"\" height=\"\" \/><\/a><\/p>\n<p>\u00bfTe apetece cocinar? \u00bfY hacerlo con la tecnolog\u00ed\u00ada m\u00e1s avanzada del mercado? \u00bfY bajo la supervisi\u00f3n de un chef de primer orden? Queremos contar con tu presencia en la presentaci\u00f3n de la <strong>nueva sala de Demos<\/strong> que Fagor Professional inaugura en Madrid, donde conocer\u00e1s sus <a <a href=\"https:\/\/www.fagorprofessional.com\/es\/equipos-cocina\/hornos-industriales\" rel=\"nofollow\" target=\"_blank\">\u00faltimos modelos en hornos<\/a> y sistemas de cocci\u00f3n.<\/p>\n<p>Y queremos que esa presencia sea lo m\u00e1s activa posible: <strong>bajo la supervisi\u00f3n de nuestro chef corporativo Oier Biritxinaga<\/strong>, contribuir\u00e1s a preparar la cena del evento y a sacar todo el partido del equipamiento de cocina para obtener unos deliciosos resultados\u2026 que t\u00fa mismo podr\u00e1s degustar a continuaci\u00f3n.<\/p>\n<p>Aprende, degusta y, sobre todo <strong>\u00a1divi\u00e9rtete en nuestra Fagor Cooking Experience!<\/strong><\/p>\n<p><strong>Hora: 20.00 h \/ Recogida servicio de autob\u00fas: 19:30h <\/strong><\/p>\n<p>El servicio especial de autob\u00fas para ir y volver al lugar del evento, saldr\u00e1 de la Glorieta de Atocha, frente al Ministerio de Agricultura, a las 19:30 h (si estuvisteis en el VI Tapas&amp;Blogs, sab\u00e9is d\u00f3nde es).<\/p>\n<p>Pero si prefer\u00ed\u00ads ir por vuestra cuenta, os dejamos los datos:<\/p>\n<p><strong>Lugar:<\/strong> Delegaci\u00f3n Fagor Professional Madrid<\/p>\n<p>Pol\u00ed\u00adgono Industrial San Marcos<\/p>\n<p>c\/ Edison, 33<\/p>\n<p>28906 Getafe (MADRID)<\/p>\n<p><strong>\u00a1Eso s\u00ed\u00ad, las plazas son limitadas! <\/strong>As\u00ed\u00ad que por favor confirmadnos vuestra asistencia aqu\u00ed\u00ad en el blog o en nuestro <a title=\"\" <a href=\"https:\/\/twitter.com\/FagorPro\" rel=\"nofollow\" target=\"_blank\">canal Twitter<\/a>. Actualizaremos esta entrada con la lista de asistentes, por supuesto. \u00a1Os esperamos!<\/p>\n<p><strong>ACTUALIZACI\u00ed\u201cN 07 de junio<\/strong>: Gracias a todos por la incre\u00ed\u00adble acogida que le hab\u00e9is dado a este evento, porque hemos agotado el aforo. En realidad, ya somos m\u00e1s de lo que inicialmente hab\u00ed\u00adamos previsto, pero no quer\u00ed\u00adamos dejar a nadie fuera. Si todo va bien, \u00a1habr\u00e1 m\u00e1s eventos!<\/p>\n<p><strong>ACTUALIZACI\u00ed\u201cN<\/strong>: la lista de personas apuntadas para el evento es la que sigue:<\/p>\n<ul>\n<li>Dodepecho (una persona)<\/li>\n<li><a <a href=\"http:\/twitter.com\/comermadrid\" rel=\"nofollow\" target=\"_blank\">@comermadrid<\/a><\/li>\n<li><a <a href=\"http:\/twitter.com\/pintxo\" rel=\"nofollow\" target=\"_blank\">@pintxo<\/a> (<a <a href=\"http:\/www.elmonstruodelasgalletas.com\" rel=\"nofollow\" target=\"_blank\">El Monstruo de las Galletas<\/a>)<\/li>\n<li>Bel\u00e9n (<a <a href=\"http:\/twitter.com\/cocinarparados\" rel=\"nofollow\" target=\"_blank\">@cocinarparados<\/a>, <a <a href=\"http:\/cocinarparados.blogspot.com\" rel=\"nofollow\" target=\"_blank\">Cocinar para dos<\/a>)<\/li>\n<li>Dami\u00e1n (<a <a href=\"http:\/twitter.com\/cocinillas\" rel=\"nofollow\" target=\"_blank\">@cocinillas<\/a>, <a <a href=\"http:\/estoyhechouncocinillas.blogspot.com\/\" rel=\"nofollow\" target=\"_blank\">Estoy hecho un cocinillas<\/a>)<\/li>\n<li>Carlos (<a <a href=\"http:\/twitter.com\/cnriva\" rel=\"nofollow\" target=\"_blank\">@cnriva<\/a>, <a <a href=\"http:\/averquecocinamoshoy.blogspot.com\/\" rel=\"nofollow\" target=\"_blank\">A ver qu\u00e9 cocinamos hoy<\/a>)<\/li>\n<li><a <a href=\"http:\/twitter.com\/futurobloguero\" rel=\"nofollow\" target=\"_blank\">@FuturoBloguero<\/a> (<a <a href=\"lazyblog.net\" rel=\"nofollow\" target=\"_blank\">lazyblog.net<\/a>)<\/li>\n<li>Mariana (<a <a href=\"http:\/twitter.com\/epicuriosa\" rel=\"nofollow\" target=\"_blank\">@epicuriosa<\/a>, <a <a href=\"http:\/epicuriosa.wordpress.com\/\" rel=\"nofollow\" target=\"_blank\">Epicuriosa<\/a>)<\/li>\n<li>Gabriel (<a <a href=\"http:\/twitter.com\/eatingmadrid\" rel=\"nofollow\" target=\"_blank\">@EatingMadrid<\/a>, <a <a href=\"http:\/eating-madrid.blogspot.com\/\" rel=\"nofollow\" target=\"_blank\">Eating Madrid<\/a>)<\/li>\n<li>Alejandra (<a <a href=\"http:\/twitter.com\/alefeldman\" rel=\"nofollow\" target=\"_blank\">@alefeldman<\/a>, <a <a href=\"http:\/www.cocinaconencanto.blogspot.com\/\" rel=\"nofollow\" target=\"_blank\">Cocina con encanto<\/a>)<\/li>\n<li><a <a href=\"http:\/twitter.com\/maldaz\" rel=\"nofollow\" target=\"_blank\">@maldaz<\/a><\/li>\n<li><a <a href=\"http:\/twitter.com\/pilarmill\u00e1n\" rel=\"nofollow\" target=\"_blank\">@PilarMill\u00e1n<\/a><\/li>\n<li><a <a href=\"http:\/recetas1000.wordpress.com\/\" rel=\"nofollow\" target=\"_blank\">El Blog de una cocinitas<\/a><\/li>\n<li>Ana (<a <a href=\"http:\/twitter.com\/anitacocinitas\" rel=\"nofollow\" target=\"_blank\">@anitacocintas<\/a>, <a <a href=\"http:\/anitacocinitas.blogspot.com\/\" rel=\"nofollow\" target=\"_blank\">Anita Cocinitas<\/a>)<\/li>\n<li>Alfonso (<a <a href=\"http:\/twitter.com\/derechupete\" rel=\"nofollow\" target=\"_blank\">@derechupete<\/a>, <a <a href=\"http:\/www.recetasderechupete.com\/\" rel=\"nofollow\" target=\"_blank\">Recetas de rechupete<\/a>)<\/li>\n<li><a <a href=\"http:\/twitter.com\/muminai\" rel=\"nofollow\" target=\"_blank\">@muminai<\/a>, <a <a href=\"http:\/muminai.com\/\" rel=\"nofollow\" target=\"_blank\">Muminai<\/a><\/li>\n<li>Alya Mark, <a <a href=\"http:\/cartooncooking.blogspot.com\/\" rel=\"nofollow\" target=\"_blank\">Cartoon Cooking<\/a><\/li>\n<li>Ruth, <a <a href=\"http:\/www.apetitoh.com\/\" rel=\"nofollow\" target=\"_blank\">Apetitoh<\/a><\/li>\n<li>Ana y V\u00ed\u00adctor, <a <a href=\"http:\/caminarsingluten.com\" rel=\"nofollow\" target=\"_blank\">Caminar sin Gluten<\/a> (pendiente de confirmaci\u00f3n de men\u00fa)<\/li>\n<\/ul>\n<p>\u00a1Creemos que no nos hemos dejado a nadie!<\/p>\n","protected":false},"excerpt":{"rendered":"<p>Si tienes un blog y eres un apasionado de la cocina, la gastronom\u00ed\u00ada, y \u00ab\u00bbtodo lo que se cuece\u00bb\u00bb alrededor de ella, el pr\u00f3ximo d\u00ed\u00ada 17 de junio, \u00a1la cena la preparas t\u00fa! \u00a1Ven a participar en nuestra Fagor Cooking Experience en una tarde llena de gastronom\u00ed\u00ada y sentido del humor! \u00bfTe apetece cocinar? \u00bfY&#8230;<\/p>\n","protected":false},"author":1,"featured_media":1,"comment_status":"open","ping_status":"open","sticky":false,"template":"","format":"standard","meta":{"_acf_changed":false,"footnotes":""},"categories":[8],"tags":[],"class_list":["post-162","post","type-post","status-publish","format-standard","has-post-thumbnail","hentry","category-novedades-y-eventos"],"acf":[],"yoast_head":"<!-- This site is optimized with the Yoast SEO plugin v27.4 - https:\/\/yoast.com\/product\/yoast-seo-wordpress\/ -->\n<title>\u00a1Te invitamos a la Fagor Cooking Experience!<\/title>\n<meta name=\"description\" content=\"Si tienes un blog y eres un apasionado de la cocina, la gastronom\u00eda, y &quot;todo lo que se cuece&quot; alrededor de ella, el pr\u00f3ximo d\u00eda 17 de junio, \u00a1la cena la preparas t\u00fa! \u00a1Ven a participar en nuestra Fagor Cooking Experience en una tarde llena de gastronom\u00eda y sentido del humor!\" \/>\n<meta name=\"robots\" content=\"index, follow, max-snippet:-1, max-image-preview:large, max-video-preview:-1\" \/>\n<link rel=\"canonical\" href=\"https:\/\/www.fagorprofessional.com\/blog\/es\/te-invitamos-fagor-cooking-experience\/\" \/>\n<meta property=\"og:locale\" content=\"es_ES\" \/>\n<meta property=\"og:type\" content=\"article\" \/>\n<meta property=\"og:title\" content=\"\u00a1Te invitamos a la Fagor Cooking Experience!\" \/>\n<meta property=\"og:description\" content=\"Si tienes un blog y eres un apasionado de la cocina, la gastronom\u00eda, y &quot;todo lo que se cuece&quot; alrededor de ella, el pr\u00f3ximo d\u00eda 17 de junio, \u00a1la cena la preparas t\u00fa! \u00a1Ven a participar en nuestra Fagor Cooking Experience en una tarde llena de gastronom\u00eda y sentido del humor!\" \/>\n<meta property=\"og:url\" content=\"https:\/\/www.fagorprofessional.com\/blog\/es\/te-invitamos-fagor-cooking-experience\/\" \/>\n<meta property=\"og:site_name\" content=\"Fagor Professional&#039;s Blog\" \/>\n<meta property=\"article:published_time\" content=\"2010-05-31T15:42:00+00:00\" \/>\n<meta property=\"article:modified_time\" content=\"2022-10-10T10:08:37+00:00\" \/>\n<meta name=\"author\" content=\"admin\" \/>\n<meta name=\"twitter:card\" content=\"summary_large_image\" \/>\n<meta name=\"twitter:label1\" content=\"Escrito por\" \/>\n\t<meta name=\"twitter:data1\" content=\"admin\" \/>\n\t<meta name=\"twitter:label2\" content=\"Tiempo de lectura\" \/>\n\t<meta name=\"twitter:data2\" content=\"3 minutos\" \/>\n<script type=\"application\/ld+json\" class=\"yoast-schema-graph\">{\"@context\":\"https:\\\/\\\/schema.org\",\"@graph\":[{\"@type\":\"Article\",\"@id\":\"https:\\\/\\\/www.fagorprofessional.com\\\/blog\\\/es\\\/te-invitamos-fagor-cooking-experience\\\/#article\",\"isPartOf\":{\"@id\":\"https:\\\/\\\/www.fagorprofessional.com\\\/blog\\\/es\\\/te-invitamos-fagor-cooking-experience\\\/\"},\"author\":{\"name\":\"admin\",\"@id\":\"https:\\\/\\\/www.fagorprofessional.com\\\/blog\\\/#\\\/schema\\\/person\\\/c2dc508ffda39316cf0e8a45f15cb4e4\"},\"headline\":\"\u00a1Te invitamos a la Fagor Cooking Experience!\",\"datePublished\":\"2010-05-31T15:42:00+00:00\",\"dateModified\":\"2022-10-10T10:08:37+00:00\",\"mainEntityOfPage\":{\"@id\":\"https:\\\/\\\/www.fagorprofessional.com\\\/blog\\\/es\\\/te-invitamos-fagor-cooking-experience\\\/\"},\"wordCount\":454,\"commentCount\":24,\"image\":{\"@id\":\"https:\\\/\\\/www.fagorprofessional.com\\\/blog\\\/es\\\/te-invitamos-fagor-cooking-experience\\\/#primaryimage\"},\"thumbnailUrl\":\"\",\"articleSection\":[\"Novedades y eventos\"],\"inLanguage\":\"es\",\"potentialAction\":[{\"@type\":\"CommentAction\",\"name\":\"Comment\",\"target\":[\"https:\\\/\\\/www.fagorprofessional.com\\\/blog\\\/es\\\/te-invitamos-fagor-cooking-experience\\\/#respond\"]}]},{\"@type\":\"WebPage\",\"@id\":\"https:\\\/\\\/www.fagorprofessional.com\\\/blog\\\/es\\\/te-invitamos-fagor-cooking-experience\\\/\",\"url\":\"https:\\\/\\\/www.fagorprofessional.com\\\/blog\\\/es\\\/te-invitamos-fagor-cooking-experience\\\/\",\"name\":\"\u00a1Te invitamos a la Fagor Cooking Experience!\",\"isPartOf\":{\"@id\":\"https:\\\/\\\/www.fagorprofessional.com\\\/blog\\\/#website\"},\"primaryImageOfPage\":{\"@id\":\"https:\\\/\\\/www.fagorprofessional.com\\\/blog\\\/es\\\/te-invitamos-fagor-cooking-experience\\\/#primaryimage\"},\"image\":{\"@id\":\"https:\\\/\\\/www.fagorprofessional.com\\\/blog\\\/es\\\/te-invitamos-fagor-cooking-experience\\\/#primaryimage\"},\"thumbnailUrl\":\"\",\"datePublished\":\"2010-05-31T15:42:00+00:00\",\"dateModified\":\"2022-10-10T10:08:37+00:00\",\"author\":{\"@id\":\"https:\\\/\\\/www.fagorprofessional.com\\\/blog\\\/#\\\/schema\\\/person\\\/c2dc508ffda39316cf0e8a45f15cb4e4\"},\"description\":\"Si tienes un blog y eres un apasionado de la cocina, la gastronom\u00eda, y \\\"todo lo que se cuece\\\" alrededor de ella, el pr\u00f3ximo d\u00eda 17 de junio, \u00a1la cena la preparas t\u00fa! \u00a1Ven a participar en nuestra Fagor Cooking Experience en una tarde llena de gastronom\u00eda y sentido del humor!\",\"breadcrumb\":{\"@id\":\"https:\\\/\\\/www.fagorprofessional.com\\\/blog\\\/es\\\/te-invitamos-fagor-cooking-experience\\\/#breadcrumb\"},\"inLanguage\":\"es\",\"potentialAction\":[{\"@type\":\"ReadAction\",\"target\":[\"https:\\\/\\\/www.fagorprofessional.com\\\/blog\\\/es\\\/te-invitamos-fagor-cooking-experience\\\/\"]}]},{\"@type\":\"ImageObject\",\"inLanguage\":\"es\",\"@id\":\"https:\\\/\\\/www.fagorprofessional.com\\\/blog\\\/es\\\/te-invitamos-fagor-cooking-experience\\\/#primaryimage\",\"url\":\"\",\"contentUrl\":\"\"},{\"@type\":\"BreadcrumbList\",\"@id\":\"https:\\\/\\\/www.fagorprofessional.com\\\/blog\\\/es\\\/te-invitamos-fagor-cooking-experience\\\/#breadcrumb\",\"itemListElement\":[{\"@type\":\"ListItem\",\"position\":1,\"name\":\"Fagor Professional Blog\",\"item\":\"https:\\\/\\\/www.fagorprofessional.com\\\/blog\\\/\"},{\"@type\":\"ListItem\",\"position\":2,\"name\":\"Novedades y eventos\",\"item\":\"https:\\\/\\\/www.fagorprofessional.com\\\/blog\\\/es\\\/novedades-y-eventos\\\/\"},{\"@type\":\"ListItem\",\"position\":3,\"name\":\"\u00a1Te invitamos a la Fagor Cooking Experience!\"}]},{\"@type\":\"WebSite\",\"@id\":\"https:\\\/\\\/www.fagorprofessional.com\\\/blog\\\/#website\",\"url\":\"https:\\\/\\\/www.fagorprofessional.com\\\/blog\\\/\",\"name\":\"Fagor Professional&#039;s Blog\",\"description\":\"Fagor Professional&#039;s Blog\",\"potentialAction\":[{\"@type\":\"SearchAction\",\"target\":{\"@type\":\"EntryPoint\",\"urlTemplate\":\"https:\\\/\\\/www.fagorprofessional.com\\\/blog\\\/?s={search_term_string}\"},\"query-input\":{\"@type\":\"PropertyValueSpecification\",\"valueRequired\":true,\"valueName\":\"search_term_string\"}}],\"inLanguage\":\"es\"},{\"@type\":\"Person\",\"@id\":\"https:\\\/\\\/www.fagorprofessional.com\\\/blog\\\/#\\\/schema\\\/person\\\/c2dc508ffda39316cf0e8a45f15cb4e4\",\"name\":\"admin\",\"image\":{\"@type\":\"ImageObject\",\"inLanguage\":\"es\",\"@id\":\"https:\\\/\\\/secure.gravatar.com\\\/avatar\\\/af0a4c336046e868f98b17f2a27b6f9426e8aba09b92828569a3ca2b54e3d91c?s=96&d=mm&r=g\",\"url\":\"https:\\\/\\\/secure.gravatar.com\\\/avatar\\\/af0a4c336046e868f98b17f2a27b6f9426e8aba09b92828569a3ca2b54e3d91c?s=96&d=mm&r=g\",\"contentUrl\":\"https:\\\/\\\/secure.gravatar.com\\\/avatar\\\/af0a4c336046e868f98b17f2a27b6f9426e8aba09b92828569a3ca2b54e3d91c?s=96&d=mm&r=g\",\"caption\":\"admin\"},\"sameAs\":[\"https:\\\/\\\/www.fagorprofessional.com\\\/blog\"]}]}<\/script>\n<!-- \/ Yoast SEO plugin. -->","yoast_head_json":{"title":"\u00a1Te invitamos a la Fagor Cooking Experience!","description":"Si tienes un blog y eres un apasionado de la cocina, la gastronom\u00eda, y \"todo lo que se cuece\" alrededor de ella, el pr\u00f3ximo d\u00eda 17 de junio, \u00a1la cena la preparas t\u00fa! \u00a1Ven a participar en nuestra Fagor Cooking Experience en una tarde llena de gastronom\u00eda y sentido del humor!","robots":{"index":"index","follow":"follow","max-snippet":"max-snippet:-1","max-image-preview":"max-image-preview:large","max-video-preview":"max-video-preview:-1"},"canonical":"https:\/\/www.fagorprofessional.com\/blog\/es\/te-invitamos-fagor-cooking-experience\/","og_locale":"es_ES","og_type":"article","og_title":"\u00a1Te invitamos a la Fagor Cooking Experience!","og_description":"Si tienes un blog y eres un apasionado de la cocina, la gastronom\u00eda, y \"todo lo que se cuece\" alrededor de ella, el pr\u00f3ximo d\u00eda 17 de junio, \u00a1la cena la preparas t\u00fa! \u00a1Ven a participar en nuestra Fagor Cooking Experience en una tarde llena de gastronom\u00eda y sentido del humor!","og_url":"https:\/\/www.fagorprofessional.com\/blog\/es\/te-invitamos-fagor-cooking-experience\/","og_site_name":"Fagor Professional&#039;s Blog","article_published_time":"2010-05-31T15:42:00+00:00","article_modified_time":"2022-10-10T10:08:37+00:00","author":"admin","twitter_card":"summary_large_image","twitter_misc":{"Escrito por":"admin","Tiempo de lectura":"3 minutos"},"schema":{"@context":"https:\/\/schema.org","@graph":[{"@type":"Article","@id":"https:\/\/www.fagorprofessional.com\/blog\/es\/te-invitamos-fagor-cooking-experience\/#article","isPartOf":{"@id":"https:\/\/www.fagorprofessional.com\/blog\/es\/te-invitamos-fagor-cooking-experience\/"},"author":{"name":"admin","@id":"https:\/\/www.fagorprofessional.com\/blog\/#\/schema\/person\/c2dc508ffda39316cf0e8a45f15cb4e4"},"headline":"\u00a1Te invitamos a la Fagor Cooking Experience!","datePublished":"2010-05-31T15:42:00+00:00","dateModified":"2022-10-10T10:08:37+00:00","mainEntityOfPage":{"@id":"https:\/\/www.fagorprofessional.com\/blog\/es\/te-invitamos-fagor-cooking-experience\/"},"wordCount":454,"commentCount":24,"image":{"@id":"https:\/\/www.fagorprofessional.com\/blog\/es\/te-invitamos-fagor-cooking-experience\/#primaryimage"},"thumbnailUrl":"","articleSection":["Novedades y eventos"],"inLanguage":"es","potentialAction":[{"@type":"CommentAction","name":"Comment","target":["https:\/\/www.fagorprofessional.com\/blog\/es\/te-invitamos-fagor-cooking-experience\/#respond"]}]},{"@type":"WebPage","@id":"https:\/\/www.fagorprofessional.com\/blog\/es\/te-invitamos-fagor-cooking-experience\/","url":"https:\/\/www.fagorprofessional.com\/blog\/es\/te-invitamos-fagor-cooking-experience\/","name":"\u00a1Te invitamos a la Fagor Cooking Experience!","isPartOf":{"@id":"https:\/\/www.fagorprofessional.com\/blog\/#website"},"primaryImageOfPage":{"@id":"https:\/\/www.fagorprofessional.com\/blog\/es\/te-invitamos-fagor-cooking-experience\/#primaryimage"},"image":{"@id":"https:\/\/www.fagorprofessional.com\/blog\/es\/te-invitamos-fagor-cooking-experience\/#primaryimage"},"thumbnailUrl":"","datePublished":"2010-05-31T15:42:00+00:00","dateModified":"2022-10-10T10:08:37+00:00","author":{"@id":"https:\/\/www.fagorprofessional.com\/blog\/#\/schema\/person\/c2dc508ffda39316cf0e8a45f15cb4e4"},"description":"Si tienes un blog y eres un apasionado de la cocina, la gastronom\u00eda, y \"todo lo que se cuece\" alrededor de ella, el pr\u00f3ximo d\u00eda 17 de junio, \u00a1la cena la preparas t\u00fa! \u00a1Ven a participar en nuestra Fagor Cooking Experience en una tarde llena de gastronom\u00eda y sentido del humor!","breadcrumb":{"@id":"https:\/\/www.fagorprofessional.com\/blog\/es\/te-invitamos-fagor-cooking-experience\/#breadcrumb"},"inLanguage":"es","potentialAction":[{"@type":"ReadAction","target":["https:\/\/www.fagorprofessional.com\/blog\/es\/te-invitamos-fagor-cooking-experience\/"]}]},{"@type":"ImageObject","inLanguage":"es","@id":"https:\/\/www.fagorprofessional.com\/blog\/es\/te-invitamos-fagor-cooking-experience\/#primaryimage","url":"","contentUrl":""},{"@type":"BreadcrumbList","@id":"https:\/\/www.fagorprofessional.com\/blog\/es\/te-invitamos-fagor-cooking-experience\/#breadcrumb","itemListElement":[{"@type":"ListItem","position":1,"name":"Fagor Professional Blog","item":"https:\/\/www.fagorprofessional.com\/blog\/"},{"@type":"ListItem","position":2,"name":"Novedades y eventos","item":"https:\/\/www.fagorprofessional.com\/blog\/es\/novedades-y-eventos\/"},{"@type":"ListItem","position":3,"name":"\u00a1Te invitamos a la Fagor Cooking Experience!"}]},{"@type":"WebSite","@id":"https:\/\/www.fagorprofessional.com\/blog\/#website","url":"https:\/\/www.fagorprofessional.com\/blog\/","name":"Fagor Professional&#039;s Blog","description":"Fagor Professional&#039;s Blog","potentialAction":[{"@type":"SearchAction","target":{"@type":"EntryPoint","urlTemplate":"https:\/\/www.fagorprofessional.com\/blog\/?s={search_term_string}"},"query-input":{"@type":"PropertyValueSpecification","valueRequired":true,"valueName":"search_term_string"}}],"inLanguage":"es"},{"@type":"Person","@id":"https:\/\/www.fagorprofessional.com\/blog\/#\/schema\/person\/c2dc508ffda39316cf0e8a45f15cb4e4","name":"admin","image":{"@type":"ImageObject","inLanguage":"es","@id":"https:\/\/secure.gravatar.com\/avatar\/af0a4c336046e868f98b17f2a27b6f9426e8aba09b92828569a3ca2b54e3d91c?s=96&d=mm&r=g","url":"https:\/\/secure.gravatar.com\/avatar\/af0a4c336046e868f98b17f2a27b6f9426e8aba09b92828569a3ca2b54e3d91c?s=96&d=mm&r=g","contentUrl":"https:\/\/secure.gravatar.com\/avatar\/af0a4c336046e868f98b17f2a27b6f9426e8aba09b92828569a3ca2b54e3d91c?s=96&d=mm&r=g","caption":"admin"},"sameAs":["https:\/\/www.fagorprofessional.com\/blog"]}]}},"_links":{"self":[{"href":"https:\/\/www.fagorprofessional.com\/blog\/wp-json\/wp\/v2\/posts\/162","targetHints":{"allow":["GET"]}}],"collection":[{"href":"https:\/\/www.fagorprofessional.com\/blog\/wp-json\/wp\/v2\/posts"}],"about":[{"href":"https:\/\/www.fagorprofessional.com\/blog\/wp-json\/wp\/v2\/types\/post"}],"author":[{"embeddable":true,"href":"https:\/\/www.fagorprofessional.com\/blog\/wp-json\/wp\/v2\/users\/1"}],"replies":[{"embeddable":true,"href":"https:\/\/www.fagorprofessional.com\/blog\/wp-json\/wp\/v2\/comments?post=162"}],"version-history":[{"count":5,"href":"https:\/\/www.fagorprofessional.com\/blog\/wp-json\/wp\/v2\/posts\/162\/revisions"}],"predecessor-version":[{"id":489397,"href":"https:\/\/www.fagorprofessional.com\/blog\/wp-json\/wp\/v2\/posts\/162\/revisions\/489397"}],"wp:featuredmedia":[{"embeddable":true,"href":"https:\/\/www.fagorprofessional.com\/blog\/wp-json\/"}],"wp:attachment":[{"href":"https:\/\/www.fagorprofessional.com\/blog\/wp-json\/wp\/v2\/media?parent=162"}],"wp:term":[{"taxonomy":"category","embeddable":true,"href":"https:\/\/www.fagorprofessional.com\/blog\/wp-json\/wp\/v2\/categories?post=162"},{"taxonomy":"post_tag","embeddable":true,"href":"https:\/\/www.fagorprofessional.com\/blog\/wp-json\/wp\/v2\/tags?post=162"}],"curies":[{"name":"wp","href":"https:\/\/api.w.org\/{rel}","templated":true}]}}