{"id":1684,"date":"2012-11-02T11:10:00","date_gmt":"2012-11-02T10:10:00","guid":{"rendered":"https:\/\/www.fagorprofessional.com\/blog\/?p=1684"},"modified":"2022-11-23T14:41:34","modified_gmt":"2022-11-23T14:41:34","slug":"alimenta-tu-solidaridad","status":"publish","type":"post","link":"https:\/\/www.fagorprofessional.com\/blog\/es\/alimenta-tu-solidaridad\/","title":{"rendered":"Alimenta tu solidaridad contra el hambre"},"content":{"rendered":"<div class=\"\">\n<dl>\n<dt><a href=\"http:\/blog.fagorindustrial.com\/wp-content\/uploads\/2012\/10\/screen-shot-2012-10-31-at-13.07.22.png\"><img class=\"lazyload\" alt=\"\" width=\"\" height=\"\" \/><\/a><\/dt>\n<dd>Una iniciativa de Acci\u00f3n Contra el Hambre y la Federaci\u00f3n Espa\u00f1ola de Hosteler\u00ed\u00ada<\/dd>\n<\/dl>\n<\/div>\n<p>En el mundo en el que vivimos, la gastronom\u00ed\u00ada significa desayuno, comida, merienda y cena. O\u00ed\u00admos esta palabra tan a menudo y participamos tanto de ella que en ocasiones nos olvidamos de que hay lugares en el mundo en los que la comida es un verdadero privilegio.<\/p>\n<p>Para tratar de erradicar este problema trabajan organizaciones humanitarias internacionales como <strong>Acci\u00f3n contra el Hambre<\/strong>, que combate la desnutrici\u00f3n de 6,4 millones de personas, desde sus sedes en m\u00e1s de 40 pa\u00ed\u00adses. Junto a ellos, la <strong>Federaci\u00f3n Espa\u00f1ola de Hosteler\u00ed\u00ada<\/strong> ha puesto en marcha una iniciativa que a\u00fana gastronom\u00ed\u00ada y solidaridad: <strong>Restaurantes contra el hambre<\/strong>. Esta acci\u00f3n para prevenir, diagnosticar y tratar la desnutrici\u00f3n infantil aguda recauda fondos destinados a proyectos y misiones de urgencia para luchar activamente contra la desnutrici\u00f3n infantil y formar a profesionales para trabajar en urgencias humanitarias en las zonas m\u00e1s pobres del mundo.<\/p>\n<p>La iniciativa consiste en que cada uno de los restaurantes adheridos elige un plato o men\u00fa de su carta y lo convierte en solidario. Participar es muy f\u00e1cil: s\u00f3lo hay que salir a comer o cenar fuera del <strong>15 de septiembre al 15 de noviembre<\/strong>, y elegir uno de los <strong>restaurantes contra el hambre<\/strong>. Con la elecci\u00f3n del plato solidario el restaurante dona un porcentaje a la causa y si el que quiere colaborar es el cliente directamente se puede seleccionar un plato solidario, enviar un SMS con la palabra \u00abHambre\u00bb al 28010 y con ello se dona 1 euro m\u00e1s del importe de la cuenta.<\/p>\n<p>Patrocinada por Calvo y Makro, esta iniciativa est\u00e1 respaldada por reputados cocineros a nivel nacional como Mario Sandoval; y a nivel local, como Paco Morales en Valencia o Carles Gaig en Catalu\u00f1a.<\/p>\n<p>Para los establecimientos participantes todo son ventajas, no solo les da la posibilidad de apoyar una gran causa humanitaria, sino que adem\u00e1s pueden mejorar su imagen de empresa, captar nuevos clientes y recibir una desgravaci\u00f3n fiscal.<\/p>\n<p>Tras el \u00e9xito de la anterior edici\u00f3n en la que se recaudaron 100.000 euros gracias a los 489 restaurantes adheridos de 42 provincias espa\u00f1olas, este a\u00f1o se realiza la tercera edici\u00f3n con 450 restaurantes.<\/p>\n<p>Ahora el poder lo tienes t\u00fa, \u00a1convierte tu comida o cena en un gesto solidario!<\/p>\n","protected":false},"excerpt":{"rendered":"<p>Una iniciativa de Acci\u00f3n Contra el Hambre y la Federaci\u00f3n Espa\u00f1ola de Hosteler\u00ed\u00ada En el mundo en el que vivimos, la gastronom\u00ed\u00ada significa desayuno, comida, merienda y cena. O\u00ed\u00admos esta palabra tan a menudo y participamos tanto de ella que en ocasiones nos olvidamos de que hay lugares en el mundo en los que la&#8230;<\/p>\n","protected":false},"author":1,"featured_media":1,"comment_status":"open","ping_status":"open","sticky":false,"template":"","format":"standard","meta":{"_acf_changed":false,"footnotes":""},"categories":[7],"tags":[],"class_list":["post-1684","post","type-post","status-publish","format-standard","has-post-thumbnail","hentry","category-tendencias-y-consejos"],"acf":[],"yoast_head":"<!-- This site is optimized with the Yoast SEO plugin v27.5 - https:\/\/yoast.com\/product\/yoast-seo-wordpress\/ -->\n<title>Alimenta tu solidaridad contra el hambre<\/title>\n<meta name=\"description\" content=\"La\u00a0Federaci\u00f3n Espa\u00f1ola de Hosteler\u00eda\u00a0ha puesto en marcha una iniciativa que a\u00fana gastronom\u00eda y solidaridad:\u00a0Restaurantes contra el hambre.\u00a0\" \/>\n<meta name=\"robots\" content=\"index, follow, max-snippet:-1, max-image-preview:large, max-video-preview:-1\" \/>\n<link rel=\"canonical\" href=\"https:\/\/www.fagorprofessional.com\/blog\/es\/alimenta-tu-solidaridad\/\" \/>\n<meta property=\"og:locale\" content=\"es_ES\" \/>\n<meta property=\"og:type\" content=\"article\" \/>\n<meta property=\"og:title\" content=\"Alimenta tu solidaridad contra el hambre\" \/>\n<meta property=\"og:description\" content=\"La\u00a0Federaci\u00f3n Espa\u00f1ola de Hosteler\u00eda\u00a0ha puesto en marcha una iniciativa que a\u00fana gastronom\u00eda y solidaridad:\u00a0Restaurantes contra el hambre.\u00a0\" \/>\n<meta property=\"og:url\" content=\"https:\/\/www.fagorprofessional.com\/blog\/es\/alimenta-tu-solidaridad\/\" \/>\n<meta property=\"og:site_name\" content=\"Fagor Professional&#039;s Blog\" \/>\n<meta property=\"article:published_time\" content=\"2012-11-02T10:10:00+00:00\" \/>\n<meta property=\"article:modified_time\" content=\"2022-11-23T14:41:34+00:00\" \/>\n<meta name=\"author\" content=\"admin\" \/>\n<meta name=\"twitter:card\" content=\"summary_large_image\" \/>\n<meta name=\"twitter:label1\" content=\"Escrito por\" \/>\n\t<meta name=\"twitter:data1\" content=\"admin\" \/>\n\t<meta name=\"twitter:label2\" content=\"Tiempo de lectura\" \/>\n\t<meta name=\"twitter:data2\" content=\"2 minutos\" \/>\n<script type=\"application\/ld+json\" class=\"yoast-schema-graph\">{\"@context\":\"https:\\\/\\\/schema.org\",\"@graph\":[{\"@type\":\"Article\",\"@id\":\"https:\\\/\\\/www.fagorprofessional.com\\\/blog\\\/es\\\/alimenta-tu-solidaridad\\\/#article\",\"isPartOf\":{\"@id\":\"https:\\\/\\\/www.fagorprofessional.com\\\/blog\\\/es\\\/alimenta-tu-solidaridad\\\/\"},\"author\":{\"name\":\"admin\",\"@id\":\"https:\\\/\\\/www.fagorprofessional.com\\\/blog\\\/#\\\/schema\\\/person\\\/c2dc508ffda39316cf0e8a45f15cb4e4\"},\"headline\":\"Alimenta tu solidaridad contra el hambre\",\"datePublished\":\"2012-11-02T10:10:00+00:00\",\"dateModified\":\"2022-11-23T14:41:34+00:00\",\"mainEntityOfPage\":{\"@id\":\"https:\\\/\\\/www.fagorprofessional.com\\\/blog\\\/es\\\/alimenta-tu-solidaridad\\\/\"},\"wordCount\":407,\"commentCount\":0,\"image\":{\"@id\":\"https:\\\/\\\/www.fagorprofessional.com\\\/blog\\\/es\\\/alimenta-tu-solidaridad\\\/#primaryimage\"},\"thumbnailUrl\":\"\",\"articleSection\":[\"Tendencias y consejos\"],\"inLanguage\":\"es\",\"potentialAction\":[{\"@type\":\"CommentAction\",\"name\":\"Comment\",\"target\":[\"https:\\\/\\\/www.fagorprofessional.com\\\/blog\\\/es\\\/alimenta-tu-solidaridad\\\/#respond\"]}]},{\"@type\":\"WebPage\",\"@id\":\"https:\\\/\\\/www.fagorprofessional.com\\\/blog\\\/es\\\/alimenta-tu-solidaridad\\\/\",\"url\":\"https:\\\/\\\/www.fagorprofessional.com\\\/blog\\\/es\\\/alimenta-tu-solidaridad\\\/\",\"name\":\"Alimenta tu solidaridad contra el hambre\",\"isPartOf\":{\"@id\":\"https:\\\/\\\/www.fagorprofessional.com\\\/blog\\\/#website\"},\"primaryImageOfPage\":{\"@id\":\"https:\\\/\\\/www.fagorprofessional.com\\\/blog\\\/es\\\/alimenta-tu-solidaridad\\\/#primaryimage\"},\"image\":{\"@id\":\"https:\\\/\\\/www.fagorprofessional.com\\\/blog\\\/es\\\/alimenta-tu-solidaridad\\\/#primaryimage\"},\"thumbnailUrl\":\"\",\"datePublished\":\"2012-11-02T10:10:00+00:00\",\"dateModified\":\"2022-11-23T14:41:34+00:00\",\"author\":{\"@id\":\"https:\\\/\\\/www.fagorprofessional.com\\\/blog\\\/#\\\/schema\\\/person\\\/c2dc508ffda39316cf0e8a45f15cb4e4\"},\"description\":\"La\u00a0Federaci\u00f3n Espa\u00f1ola de Hosteler\u00eda\u00a0ha puesto en marcha una iniciativa que a\u00fana gastronom\u00eda y solidaridad:\u00a0Restaurantes contra el hambre.\u00a0\",\"breadcrumb\":{\"@id\":\"https:\\\/\\\/www.fagorprofessional.com\\\/blog\\\/es\\\/alimenta-tu-solidaridad\\\/#breadcrumb\"},\"inLanguage\":\"es\",\"potentialAction\":[{\"@type\":\"ReadAction\",\"target\":[\"https:\\\/\\\/www.fagorprofessional.com\\\/blog\\\/es\\\/alimenta-tu-solidaridad\\\/\"]}]},{\"@type\":\"ImageObject\",\"inLanguage\":\"es\",\"@id\":\"https:\\\/\\\/www.fagorprofessional.com\\\/blog\\\/es\\\/alimenta-tu-solidaridad\\\/#primaryimage\",\"url\":\"\",\"contentUrl\":\"\"},{\"@type\":\"BreadcrumbList\",\"@id\":\"https:\\\/\\\/www.fagorprofessional.com\\\/blog\\\/es\\\/alimenta-tu-solidaridad\\\/#breadcrumb\",\"itemListElement\":[{\"@type\":\"ListItem\",\"position\":1,\"name\":\"Fagor Professional Blog\",\"item\":\"https:\\\/\\\/www.fagorprofessional.com\\\/blog\\\/\"},{\"@type\":\"ListItem\",\"position\":2,\"name\":\"Tendencias y consejos\",\"item\":\"https:\\\/\\\/www.fagorprofessional.com\\\/blog\\\/es\\\/tendencias-y-consejos\\\/\"},{\"@type\":\"ListItem\",\"position\":3,\"name\":\"Alimenta tu solidaridad contra el hambre\"}]},{\"@type\":\"WebSite\",\"@id\":\"https:\\\/\\\/www.fagorprofessional.com\\\/blog\\\/#website\",\"url\":\"https:\\\/\\\/www.fagorprofessional.com\\\/blog\\\/\",\"name\":\"Fagor Professional&#039;s Blog\",\"description\":\"Fagor Professional&#039;s Blog\",\"potentialAction\":[{\"@type\":\"SearchAction\",\"target\":{\"@type\":\"EntryPoint\",\"urlTemplate\":\"https:\\\/\\\/www.fagorprofessional.com\\\/blog\\\/?s={search_term_string}\"},\"query-input\":{\"@type\":\"PropertyValueSpecification\",\"valueRequired\":true,\"valueName\":\"search_term_string\"}}],\"inLanguage\":\"es\"},{\"@type\":\"Person\",\"@id\":\"https:\\\/\\\/www.fagorprofessional.com\\\/blog\\\/#\\\/schema\\\/person\\\/c2dc508ffda39316cf0e8a45f15cb4e4\",\"name\":\"admin\",\"image\":{\"@type\":\"ImageObject\",\"inLanguage\":\"es\",\"@id\":\"https:\\\/\\\/secure.gravatar.com\\\/avatar\\\/af0a4c336046e868f98b17f2a27b6f9426e8aba09b92828569a3ca2b54e3d91c?s=96&d=mm&r=g\",\"url\":\"https:\\\/\\\/secure.gravatar.com\\\/avatar\\\/af0a4c336046e868f98b17f2a27b6f9426e8aba09b92828569a3ca2b54e3d91c?s=96&d=mm&r=g\",\"contentUrl\":\"https:\\\/\\\/secure.gravatar.com\\\/avatar\\\/af0a4c336046e868f98b17f2a27b6f9426e8aba09b92828569a3ca2b54e3d91c?s=96&d=mm&r=g\",\"caption\":\"admin\"},\"sameAs\":[\"https:\\\/\\\/www.fagorprofessional.com\\\/blog\"]}]}<\/script>\n<!-- \/ Yoast SEO plugin. -->","yoast_head_json":{"title":"Alimenta tu solidaridad contra el hambre","description":"La\u00a0Federaci\u00f3n Espa\u00f1ola de Hosteler\u00eda\u00a0ha puesto en marcha una iniciativa que a\u00fana gastronom\u00eda y solidaridad:\u00a0Restaurantes contra el hambre.\u00a0","robots":{"index":"index","follow":"follow","max-snippet":"max-snippet:-1","max-image-preview":"max-image-preview:large","max-video-preview":"max-video-preview:-1"},"canonical":"https:\/\/www.fagorprofessional.com\/blog\/es\/alimenta-tu-solidaridad\/","og_locale":"es_ES","og_type":"article","og_title":"Alimenta tu solidaridad contra el hambre","og_description":"La\u00a0Federaci\u00f3n Espa\u00f1ola de Hosteler\u00eda\u00a0ha puesto en marcha una iniciativa que a\u00fana gastronom\u00eda y solidaridad:\u00a0Restaurantes contra el hambre.\u00a0","og_url":"https:\/\/www.fagorprofessional.com\/blog\/es\/alimenta-tu-solidaridad\/","og_site_name":"Fagor Professional&#039;s Blog","article_published_time":"2012-11-02T10:10:00+00:00","article_modified_time":"2022-11-23T14:41:34+00:00","author":"admin","twitter_card":"summary_large_image","twitter_misc":{"Escrito por":"admin","Tiempo de lectura":"2 minutos"},"schema":{"@context":"https:\/\/schema.org","@graph":[{"@type":"Article","@id":"https:\/\/www.fagorprofessional.com\/blog\/es\/alimenta-tu-solidaridad\/#article","isPartOf":{"@id":"https:\/\/www.fagorprofessional.com\/blog\/es\/alimenta-tu-solidaridad\/"},"author":{"name":"admin","@id":"https:\/\/www.fagorprofessional.com\/blog\/#\/schema\/person\/c2dc508ffda39316cf0e8a45f15cb4e4"},"headline":"Alimenta tu solidaridad contra el hambre","datePublished":"2012-11-02T10:10:00+00:00","dateModified":"2022-11-23T14:41:34+00:00","mainEntityOfPage":{"@id":"https:\/\/www.fagorprofessional.com\/blog\/es\/alimenta-tu-solidaridad\/"},"wordCount":407,"commentCount":0,"image":{"@id":"https:\/\/www.fagorprofessional.com\/blog\/es\/alimenta-tu-solidaridad\/#primaryimage"},"thumbnailUrl":"","articleSection":["Tendencias y consejos"],"inLanguage":"es","potentialAction":[{"@type":"CommentAction","name":"Comment","target":["https:\/\/www.fagorprofessional.com\/blog\/es\/alimenta-tu-solidaridad\/#respond"]}]},{"@type":"WebPage","@id":"https:\/\/www.fagorprofessional.com\/blog\/es\/alimenta-tu-solidaridad\/","url":"https:\/\/www.fagorprofessional.com\/blog\/es\/alimenta-tu-solidaridad\/","name":"Alimenta tu solidaridad contra el hambre","isPartOf":{"@id":"https:\/\/www.fagorprofessional.com\/blog\/#website"},"primaryImageOfPage":{"@id":"https:\/\/www.fagorprofessional.com\/blog\/es\/alimenta-tu-solidaridad\/#primaryimage"},"image":{"@id":"https:\/\/www.fagorprofessional.com\/blog\/es\/alimenta-tu-solidaridad\/#primaryimage"},"thumbnailUrl":"","datePublished":"2012-11-02T10:10:00+00:00","dateModified":"2022-11-23T14:41:34+00:00","author":{"@id":"https:\/\/www.fagorprofessional.com\/blog\/#\/schema\/person\/c2dc508ffda39316cf0e8a45f15cb4e4"},"description":"La\u00a0Federaci\u00f3n Espa\u00f1ola de Hosteler\u00eda\u00a0ha puesto en marcha una iniciativa que a\u00fana gastronom\u00eda y solidaridad:\u00a0Restaurantes contra el hambre.\u00a0","breadcrumb":{"@id":"https:\/\/www.fagorprofessional.com\/blog\/es\/alimenta-tu-solidaridad\/#breadcrumb"},"inLanguage":"es","potentialAction":[{"@type":"ReadAction","target":["https:\/\/www.fagorprofessional.com\/blog\/es\/alimenta-tu-solidaridad\/"]}]},{"@type":"ImageObject","inLanguage":"es","@id":"https:\/\/www.fagorprofessional.com\/blog\/es\/alimenta-tu-solidaridad\/#primaryimage","url":"","contentUrl":""},{"@type":"BreadcrumbList","@id":"https:\/\/www.fagorprofessional.com\/blog\/es\/alimenta-tu-solidaridad\/#breadcrumb","itemListElement":[{"@type":"ListItem","position":1,"name":"Fagor Professional Blog","item":"https:\/\/www.fagorprofessional.com\/blog\/"},{"@type":"ListItem","position":2,"name":"Tendencias y consejos","item":"https:\/\/www.fagorprofessional.com\/blog\/es\/tendencias-y-consejos\/"},{"@type":"ListItem","position":3,"name":"Alimenta tu solidaridad contra el hambre"}]},{"@type":"WebSite","@id":"https:\/\/www.fagorprofessional.com\/blog\/#website","url":"https:\/\/www.fagorprofessional.com\/blog\/","name":"Fagor Professional&#039;s Blog","description":"Fagor Professional&#039;s Blog","potentialAction":[{"@type":"SearchAction","target":{"@type":"EntryPoint","urlTemplate":"https:\/\/www.fagorprofessional.com\/blog\/?s={search_term_string}"},"query-input":{"@type":"PropertyValueSpecification","valueRequired":true,"valueName":"search_term_string"}}],"inLanguage":"es"},{"@type":"Person","@id":"https:\/\/www.fagorprofessional.com\/blog\/#\/schema\/person\/c2dc508ffda39316cf0e8a45f15cb4e4","name":"admin","image":{"@type":"ImageObject","inLanguage":"es","@id":"https:\/\/secure.gravatar.com\/avatar\/af0a4c336046e868f98b17f2a27b6f9426e8aba09b92828569a3ca2b54e3d91c?s=96&d=mm&r=g","url":"https:\/\/secure.gravatar.com\/avatar\/af0a4c336046e868f98b17f2a27b6f9426e8aba09b92828569a3ca2b54e3d91c?s=96&d=mm&r=g","contentUrl":"https:\/\/secure.gravatar.com\/avatar\/af0a4c336046e868f98b17f2a27b6f9426e8aba09b92828569a3ca2b54e3d91c?s=96&d=mm&r=g","caption":"admin"},"sameAs":["https:\/\/www.fagorprofessional.com\/blog"]}]}},"_links":{"self":[{"href":"https:\/\/www.fagorprofessional.com\/blog\/wp-json\/wp\/v2\/posts\/1684","targetHints":{"allow":["GET"]}}],"collection":[{"href":"https:\/\/www.fagorprofessional.com\/blog\/wp-json\/wp\/v2\/posts"}],"about":[{"href":"https:\/\/www.fagorprofessional.com\/blog\/wp-json\/wp\/v2\/types\/post"}],"author":[{"embeddable":true,"href":"https:\/\/www.fagorprofessional.com\/blog\/wp-json\/wp\/v2\/users\/1"}],"replies":[{"embeddable":true,"href":"https:\/\/www.fagorprofessional.com\/blog\/wp-json\/wp\/v2\/comments?post=1684"}],"version-history":[{"count":5,"href":"https:\/\/www.fagorprofessional.com\/blog\/wp-json\/wp\/v2\/posts\/1684\/revisions"}],"predecessor-version":[{"id":490550,"href":"https:\/\/www.fagorprofessional.com\/blog\/wp-json\/wp\/v2\/posts\/1684\/revisions\/490550"}],"wp:featuredmedia":[{"embeddable":true,"href":"https:\/\/www.fagorprofessional.com\/blog\/wp-json\/"}],"wp:attachment":[{"href":"https:\/\/www.fagorprofessional.com\/blog\/wp-json\/wp\/v2\/media?parent=1684"}],"wp:term":[{"taxonomy":"category","embeddable":true,"href":"https:\/\/www.fagorprofessional.com\/blog\/wp-json\/wp\/v2\/categories?post=1684"},{"taxonomy":"post_tag","embeddable":true,"href":"https:\/\/www.fagorprofessional.com\/blog\/wp-json\/wp\/v2\/tags?post=1684"}],"curies":[{"name":"wp","href":"https:\/\/api.w.org\/{rel}","templated":true}]}}