{"id":1712,"date":"2012-11-16T14:55:00","date_gmt":"2012-11-16T13:55:00","guid":{"rendered":"https:\/\/www.fagorprofessional.com\/blog\/?p=1712"},"modified":"2022-11-23T14:53:38","modified_gmt":"2022-11-23T14:53:38","slug":"premio-nacional-gastronomia-es-para","status":"publish","type":"post","link":"https:\/\/www.fagorprofessional.com\/blog\/es\/premio-nacional-gastronomia-es-para\/","title":{"rendered":"Y el premio Nacional de gastronom\u00eda es para\u2026"},"content":{"rendered":"\n\n\n<p>Desde hace m\u00e1s de 30 a\u00f1os, la Real Academia de Gastronom\u00ed\u00ada entrega los Premios Nacionales que reconocen el trabajo de los profesionales de este sector. En estas casi 4 d\u00e9cadas de historia, estos galardones han reconocido la profesionalidad y el esfuerzo de cocineros j\u00f3venes y chefs consagrados; a la vez que han impulsado el trabajo de cientos de profesionales de la gastronom\u00ed\u00ada a todos los niveles.<\/p>\n\n\n\n<p>Siguiendo con esta tradici\u00f3n, el pr\u00f3ximo martes 20 de noviembre se celebrar\u00e1 en Madrid una nueva edici\u00f3n de los <strong>Premios Nacionales de Gastronom\u00ed\u00ada 2011<\/strong>, en una ceremonia que se celebrar\u00e1 en el Hotel NH Eurobuilding y que estar\u00e1 presidida por Jos\u00e9 Manuel Soria, ministro de Industria, Energ\u00ed\u00ada y Turismo; junto con Rafael Ans\u00f3n, presidente de la Real Academia.<\/p>\n\n\n\n<p>El pr\u00f3ximo martes veremos como se entregan los premios a:<\/p>\n\n\n\n<ul class=\"wp-block-list\">\n<li>Mejor Jefe de Cocina<\/li>\n\n\n\n<li>Mejor Director de Sala<\/li>\n\n\n\n<li>Mejor Sumiller<\/li>\n\n\n\n<li>Mejor Labor Period\u00ed\u00adstica<\/li>\n\n\n\n<li>Mejor Publicaci\u00f3n<\/li>\n\n\n\n<li>Mejor Publicaci\u00f3n peri\u00f3dica<\/li>\n\n\n\n<li>Mejor libro<\/li>\n\n\n\n<li>Premio Nacional de Gastronom\u00ed\u00ada especial<\/li>\n<\/ul>\n\n\n\n<p>En cada una de las modalidades se han seleccionado tres candidatos de los cuales uno ser\u00e1 el ganador absoluto, elegido por un jurado compuesto por las juntas directivas de la Real Academia de Gastronom\u00ed\u00ada y de la Cofrad\u00ed\u00ada de la Buena Mesa, que se reunir\u00e1n esa misma tarde para deliberar.<\/p>\n\n\n\n<p>Una de las mayores inc\u00f3gnitas de este a\u00f1o es conocer el nombre del cocinero que se har\u00e1 con el <strong>Premio Nacional de Gastronom\u00ed\u00ada al Mejor Jefe de Cocina 2011<\/strong>. Los candidatos son Jordi Cruz, de Abac (Barcelona); \u00ed\u0081ngel Le\u00f3n, de Aponiente (Puerto de Santa Mar\u00ed\u00ada, C\u00e1diz); y Francis Paniego, de Echaurren (Ezcaray-La Rioja).<\/p>\n\n\n\n<p>En la categor\u00ed\u00ada <strong>Premio Nacional de Gastronom\u00ed\u00ada al Mejor Director de Sala<\/strong> han sido nominados Javier Andr\u00e9s, de La Sucursal (Valencia); Jorge D\u00e1vila, de Pi\u00f1era (Madrid); y Joan Junc\u00ed&nbsp;, de Ca lEnric (La Vall de Bianya-Gerona).<\/p>\n\n\n\n<p>Para el <strong>Premio Nacional de Gastronom\u00ed\u00ada al Mejor Sumiller<\/strong> optan C\u00e9sar C\u00e1novas, de Monv\u00ed\u00adnic (Barcelona); Jos\u00e9 Antonio Navarrete, de Quique Dacosta Restaurante (Denia-Alicante); y Gema Vela, del Hotel Ritz (Madrid).<\/p>\n\n\n\n<p>En la categor\u00ed\u00ada <strong>Premio Nacional de Gastronom\u00ed\u00ada a la Mejor Labor Period\u00ed\u00adstica<\/strong> han sido nominados Javier Antoja, de Apicius; Luis Guti\u00e9rrez Santo Domingo, de www.elmundovino.com; y Mikel L\u00f3pez Iturriaga, de El Comidista. De esta manera, www.elmundodelvino.com recibe dos nominaciones, puesto que tambi\u00e9n opta al <strong>Premio Nacional de Gastronom\u00ed\u00ada a la Mejor Publicaci\u00f3n <\/strong>en internet, junto con www.gastronostrum.com y www.observaciongastronomica2.wordpress.com<\/p>\n\n\n\n<p>Finalmente, al premio a la <strong>Mejor Publicaci\u00f3n Peri\u00f3dica<\/strong> optan: Apicius Cuaderno de Gastronom\u00ed\u00ada, La Luna de Metr\u00f3poli, del diario El Mundo; y La Semana Vitivin\u00ed\u00adcola. Y &nbsp;al de <strong>Mejor Libro<\/strong>: Gastronom\u00ed\u00ada Precolombina, de Pedro Plasencia; Modernist Cuisine, de Nathan Myhrvol; y \u00bfVerdad? \u00bfMentira? La respuesta a los mitos m\u00e1s frecuentes de la alimentaci\u00f3n, de Ismael D\u00ed\u00adaz Yubero y Jos\u00e9 Luis Murcia.<\/p>\n\n\n\n<p>En esta ocasi\u00f3n, el jurado ha decidido conceder el <strong>Premio Nacional de Gastronom\u00ed\u00ada Especial<\/strong> por unanimidad y sin nominaciones previas a las <strong>Oficinas Espa\u00f1olas de Turismo en el Extranjero.<\/strong><\/p>\n\n\n\n<p>Por primera vez, los nombres de los premiados se desvelar\u00e1n durante el transcurso de la gala que, reunir\u00e1 a los m\u00e1s de 20 nominados de todas las categor\u00ed\u00adas. Adem\u00e1s, esta es la primera edici\u00f3n en la que los Premios Nacionales se entregan por separado de los Premios Memoriales de Gastronom\u00ed\u00ada, que conceden los mismos organismos, y que ya se entregaron en Madrid el pasado mes de junio.<\/p>\n","protected":false},"excerpt":{"rendered":"<p>Desde hace m\u00e1s de 30 a\u00f1os, la Real Academia de Gastronom\u00ed\u00ada entrega los Premios Nacionales que reconocen el trabajo de los profesionales de este sector. En estas casi 4 d\u00e9cadas de historia, estos galardones han reconocido la profesionalidad y el esfuerzo de cocineros j\u00f3venes y chefs consagrados; a la vez que han impulsado el trabajo&#8230;<\/p>\n","protected":false},"author":1,"featured_media":1,"comment_status":"open","ping_status":"open","sticky":false,"template":"","format":"standard","meta":{"_acf_changed":false,"footnotes":""},"categories":[7],"tags":[],"class_list":["post-1712","post","type-post","status-publish","format-standard","has-post-thumbnail","hentry","category-tendencias-y-consejos"],"acf":[],"yoast_head":"<!-- This site is optimized with the Yoast SEO plugin v27.5 - https:\/\/yoast.com\/product\/yoast-seo-wordpress\/ -->\n<title>Y el premio Nacional de gastronom\u00eda es para<\/title>\n<meta name=\"description\" content=\"El pr\u00f3ximo martes 20 de noviembre se celebrar\u00e1 en Madrid una nueva edici\u00f3n de los\u00a0Premios Nacionales de Gastronom\u00eda 2011\" \/>\n<meta name=\"robots\" content=\"index, follow, max-snippet:-1, max-image-preview:large, max-video-preview:-1\" \/>\n<link rel=\"canonical\" href=\"https:\/\/www.fagorprofessional.com\/blog\/es\/premio-nacional-gastronomia-es-para\/\" \/>\n<meta property=\"og:locale\" content=\"es_ES\" \/>\n<meta property=\"og:type\" content=\"article\" \/>\n<meta property=\"og:title\" content=\"Y el premio Nacional de gastronom\u00eda es para\" \/>\n<meta property=\"og:description\" content=\"El pr\u00f3ximo martes 20 de noviembre se celebrar\u00e1 en Madrid una nueva edici\u00f3n de los\u00a0Premios Nacionales de Gastronom\u00eda 2011\" \/>\n<meta property=\"og:url\" content=\"https:\/\/www.fagorprofessional.com\/blog\/es\/premio-nacional-gastronomia-es-para\/\" \/>\n<meta property=\"og:site_name\" content=\"Fagor Professional&#039;s Blog\" \/>\n<meta property=\"article:published_time\" content=\"2012-11-16T13:55:00+00:00\" \/>\n<meta property=\"article:modified_time\" content=\"2022-11-23T14:53:38+00:00\" \/>\n<meta name=\"author\" content=\"admin\" \/>\n<meta name=\"twitter:card\" content=\"summary_large_image\" \/>\n<meta name=\"twitter:label1\" content=\"Escrito por\" \/>\n\t<meta name=\"twitter:data1\" content=\"admin\" \/>\n\t<meta name=\"twitter:label2\" content=\"Tiempo de lectura\" \/>\n\t<meta name=\"twitter:data2\" content=\"3 minutos\" \/>\n<script type=\"application\/ld+json\" class=\"yoast-schema-graph\">{\"@context\":\"https:\\\/\\\/schema.org\",\"@graph\":[{\"@type\":\"Article\",\"@id\":\"https:\\\/\\\/www.fagorprofessional.com\\\/blog\\\/es\\\/premio-nacional-gastronomia-es-para\\\/#article\",\"isPartOf\":{\"@id\":\"https:\\\/\\\/www.fagorprofessional.com\\\/blog\\\/es\\\/premio-nacional-gastronomia-es-para\\\/\"},\"author\":{\"name\":\"admin\",\"@id\":\"https:\\\/\\\/www.fagorprofessional.com\\\/blog\\\/#\\\/schema\\\/person\\\/c2dc508ffda39316cf0e8a45f15cb4e4\"},\"headline\":\"Y el premio Nacional de gastronom\u00eda es para\u2026\",\"datePublished\":\"2012-11-16T13:55:00+00:00\",\"dateModified\":\"2022-11-23T14:53:38+00:00\",\"mainEntityOfPage\":{\"@id\":\"https:\\\/\\\/www.fagorprofessional.com\\\/blog\\\/es\\\/premio-nacional-gastronomia-es-para\\\/\"},\"wordCount\":620,\"commentCount\":0,\"image\":{\"@id\":\"https:\\\/\\\/www.fagorprofessional.com\\\/blog\\\/es\\\/premio-nacional-gastronomia-es-para\\\/#primaryimage\"},\"thumbnailUrl\":\"\",\"articleSection\":[\"Tendencias y consejos\"],\"inLanguage\":\"es\",\"potentialAction\":[{\"@type\":\"CommentAction\",\"name\":\"Comment\",\"target\":[\"https:\\\/\\\/www.fagorprofessional.com\\\/blog\\\/es\\\/premio-nacional-gastronomia-es-para\\\/#respond\"]}]},{\"@type\":\"WebPage\",\"@id\":\"https:\\\/\\\/www.fagorprofessional.com\\\/blog\\\/es\\\/premio-nacional-gastronomia-es-para\\\/\",\"url\":\"https:\\\/\\\/www.fagorprofessional.com\\\/blog\\\/es\\\/premio-nacional-gastronomia-es-para\\\/\",\"name\":\"Y el premio Nacional de gastronom\u00eda es para\",\"isPartOf\":{\"@id\":\"https:\\\/\\\/www.fagorprofessional.com\\\/blog\\\/#website\"},\"primaryImageOfPage\":{\"@id\":\"https:\\\/\\\/www.fagorprofessional.com\\\/blog\\\/es\\\/premio-nacional-gastronomia-es-para\\\/#primaryimage\"},\"image\":{\"@id\":\"https:\\\/\\\/www.fagorprofessional.com\\\/blog\\\/es\\\/premio-nacional-gastronomia-es-para\\\/#primaryimage\"},\"thumbnailUrl\":\"\",\"datePublished\":\"2012-11-16T13:55:00+00:00\",\"dateModified\":\"2022-11-23T14:53:38+00:00\",\"author\":{\"@id\":\"https:\\\/\\\/www.fagorprofessional.com\\\/blog\\\/#\\\/schema\\\/person\\\/c2dc508ffda39316cf0e8a45f15cb4e4\"},\"description\":\"El pr\u00f3ximo martes 20 de noviembre se celebrar\u00e1 en Madrid una nueva edici\u00f3n de los\u00a0Premios Nacionales de Gastronom\u00eda 2011\",\"breadcrumb\":{\"@id\":\"https:\\\/\\\/www.fagorprofessional.com\\\/blog\\\/es\\\/premio-nacional-gastronomia-es-para\\\/#breadcrumb\"},\"inLanguage\":\"es\",\"potentialAction\":[{\"@type\":\"ReadAction\",\"target\":[\"https:\\\/\\\/www.fagorprofessional.com\\\/blog\\\/es\\\/premio-nacional-gastronomia-es-para\\\/\"]}]},{\"@type\":\"ImageObject\",\"inLanguage\":\"es\",\"@id\":\"https:\\\/\\\/www.fagorprofessional.com\\\/blog\\\/es\\\/premio-nacional-gastronomia-es-para\\\/#primaryimage\",\"url\":\"\",\"contentUrl\":\"\"},{\"@type\":\"BreadcrumbList\",\"@id\":\"https:\\\/\\\/www.fagorprofessional.com\\\/blog\\\/es\\\/premio-nacional-gastronomia-es-para\\\/#breadcrumb\",\"itemListElement\":[{\"@type\":\"ListItem\",\"position\":1,\"name\":\"Fagor Professional Blog\",\"item\":\"https:\\\/\\\/www.fagorprofessional.com\\\/blog\\\/\"},{\"@type\":\"ListItem\",\"position\":2,\"name\":\"Tendencias y consejos\",\"item\":\"https:\\\/\\\/www.fagorprofessional.com\\\/blog\\\/es\\\/tendencias-y-consejos\\\/\"},{\"@type\":\"ListItem\",\"position\":3,\"name\":\"Y el premio Nacional de gastronom\u00eda es para\u2026\"}]},{\"@type\":\"WebSite\",\"@id\":\"https:\\\/\\\/www.fagorprofessional.com\\\/blog\\\/#website\",\"url\":\"https:\\\/\\\/www.fagorprofessional.com\\\/blog\\\/\",\"name\":\"Fagor Professional&#039;s Blog\",\"description\":\"Fagor Professional&#039;s Blog\",\"potentialAction\":[{\"@type\":\"SearchAction\",\"target\":{\"@type\":\"EntryPoint\",\"urlTemplate\":\"https:\\\/\\\/www.fagorprofessional.com\\\/blog\\\/?s={search_term_string}\"},\"query-input\":{\"@type\":\"PropertyValueSpecification\",\"valueRequired\":true,\"valueName\":\"search_term_string\"}}],\"inLanguage\":\"es\"},{\"@type\":\"Person\",\"@id\":\"https:\\\/\\\/www.fagorprofessional.com\\\/blog\\\/#\\\/schema\\\/person\\\/c2dc508ffda39316cf0e8a45f15cb4e4\",\"name\":\"admin\",\"image\":{\"@type\":\"ImageObject\",\"inLanguage\":\"es\",\"@id\":\"https:\\\/\\\/secure.gravatar.com\\\/avatar\\\/af0a4c336046e868f98b17f2a27b6f9426e8aba09b92828569a3ca2b54e3d91c?s=96&d=mm&r=g\",\"url\":\"https:\\\/\\\/secure.gravatar.com\\\/avatar\\\/af0a4c336046e868f98b17f2a27b6f9426e8aba09b92828569a3ca2b54e3d91c?s=96&d=mm&r=g\",\"contentUrl\":\"https:\\\/\\\/secure.gravatar.com\\\/avatar\\\/af0a4c336046e868f98b17f2a27b6f9426e8aba09b92828569a3ca2b54e3d91c?s=96&d=mm&r=g\",\"caption\":\"admin\"},\"sameAs\":[\"https:\\\/\\\/www.fagorprofessional.com\\\/blog\"]}]}<\/script>\n<!-- \/ Yoast SEO plugin. -->","yoast_head_json":{"title":"Y el premio Nacional de gastronom\u00eda es para","description":"El pr\u00f3ximo martes 20 de noviembre se celebrar\u00e1 en Madrid una nueva edici\u00f3n de los\u00a0Premios Nacionales de Gastronom\u00eda 2011","robots":{"index":"index","follow":"follow","max-snippet":"max-snippet:-1","max-image-preview":"max-image-preview:large","max-video-preview":"max-video-preview:-1"},"canonical":"https:\/\/www.fagorprofessional.com\/blog\/es\/premio-nacional-gastronomia-es-para\/","og_locale":"es_ES","og_type":"article","og_title":"Y el premio Nacional de gastronom\u00eda es para","og_description":"El pr\u00f3ximo martes 20 de noviembre se celebrar\u00e1 en Madrid una nueva edici\u00f3n de los\u00a0Premios Nacionales de Gastronom\u00eda 2011","og_url":"https:\/\/www.fagorprofessional.com\/blog\/es\/premio-nacional-gastronomia-es-para\/","og_site_name":"Fagor Professional&#039;s Blog","article_published_time":"2012-11-16T13:55:00+00:00","article_modified_time":"2022-11-23T14:53:38+00:00","author":"admin","twitter_card":"summary_large_image","twitter_misc":{"Escrito por":"admin","Tiempo de lectura":"3 minutos"},"schema":{"@context":"https:\/\/schema.org","@graph":[{"@type":"Article","@id":"https:\/\/www.fagorprofessional.com\/blog\/es\/premio-nacional-gastronomia-es-para\/#article","isPartOf":{"@id":"https:\/\/www.fagorprofessional.com\/blog\/es\/premio-nacional-gastronomia-es-para\/"},"author":{"name":"admin","@id":"https:\/\/www.fagorprofessional.com\/blog\/#\/schema\/person\/c2dc508ffda39316cf0e8a45f15cb4e4"},"headline":"Y el premio Nacional de gastronom\u00eda es para\u2026","datePublished":"2012-11-16T13:55:00+00:00","dateModified":"2022-11-23T14:53:38+00:00","mainEntityOfPage":{"@id":"https:\/\/www.fagorprofessional.com\/blog\/es\/premio-nacional-gastronomia-es-para\/"},"wordCount":620,"commentCount":0,"image":{"@id":"https:\/\/www.fagorprofessional.com\/blog\/es\/premio-nacional-gastronomia-es-para\/#primaryimage"},"thumbnailUrl":"","articleSection":["Tendencias y consejos"],"inLanguage":"es","potentialAction":[{"@type":"CommentAction","name":"Comment","target":["https:\/\/www.fagorprofessional.com\/blog\/es\/premio-nacional-gastronomia-es-para\/#respond"]}]},{"@type":"WebPage","@id":"https:\/\/www.fagorprofessional.com\/blog\/es\/premio-nacional-gastronomia-es-para\/","url":"https:\/\/www.fagorprofessional.com\/blog\/es\/premio-nacional-gastronomia-es-para\/","name":"Y el premio Nacional de gastronom\u00eda es para","isPartOf":{"@id":"https:\/\/www.fagorprofessional.com\/blog\/#website"},"primaryImageOfPage":{"@id":"https:\/\/www.fagorprofessional.com\/blog\/es\/premio-nacional-gastronomia-es-para\/#primaryimage"},"image":{"@id":"https:\/\/www.fagorprofessional.com\/blog\/es\/premio-nacional-gastronomia-es-para\/#primaryimage"},"thumbnailUrl":"","datePublished":"2012-11-16T13:55:00+00:00","dateModified":"2022-11-23T14:53:38+00:00","author":{"@id":"https:\/\/www.fagorprofessional.com\/blog\/#\/schema\/person\/c2dc508ffda39316cf0e8a45f15cb4e4"},"description":"El pr\u00f3ximo martes 20 de noviembre se celebrar\u00e1 en Madrid una nueva edici\u00f3n de los\u00a0Premios Nacionales de Gastronom\u00eda 2011","breadcrumb":{"@id":"https:\/\/www.fagorprofessional.com\/blog\/es\/premio-nacional-gastronomia-es-para\/#breadcrumb"},"inLanguage":"es","potentialAction":[{"@type":"ReadAction","target":["https:\/\/www.fagorprofessional.com\/blog\/es\/premio-nacional-gastronomia-es-para\/"]}]},{"@type":"ImageObject","inLanguage":"es","@id":"https:\/\/www.fagorprofessional.com\/blog\/es\/premio-nacional-gastronomia-es-para\/#primaryimage","url":"","contentUrl":""},{"@type":"BreadcrumbList","@id":"https:\/\/www.fagorprofessional.com\/blog\/es\/premio-nacional-gastronomia-es-para\/#breadcrumb","itemListElement":[{"@type":"ListItem","position":1,"name":"Fagor Professional Blog","item":"https:\/\/www.fagorprofessional.com\/blog\/"},{"@type":"ListItem","position":2,"name":"Tendencias y consejos","item":"https:\/\/www.fagorprofessional.com\/blog\/es\/tendencias-y-consejos\/"},{"@type":"ListItem","position":3,"name":"Y el premio Nacional de gastronom\u00eda es para\u2026"}]},{"@type":"WebSite","@id":"https:\/\/www.fagorprofessional.com\/blog\/#website","url":"https:\/\/www.fagorprofessional.com\/blog\/","name":"Fagor Professional&#039;s Blog","description":"Fagor Professional&#039;s Blog","potentialAction":[{"@type":"SearchAction","target":{"@type":"EntryPoint","urlTemplate":"https:\/\/www.fagorprofessional.com\/blog\/?s={search_term_string}"},"query-input":{"@type":"PropertyValueSpecification","valueRequired":true,"valueName":"search_term_string"}}],"inLanguage":"es"},{"@type":"Person","@id":"https:\/\/www.fagorprofessional.com\/blog\/#\/schema\/person\/c2dc508ffda39316cf0e8a45f15cb4e4","name":"admin","image":{"@type":"ImageObject","inLanguage":"es","@id":"https:\/\/secure.gravatar.com\/avatar\/af0a4c336046e868f98b17f2a27b6f9426e8aba09b92828569a3ca2b54e3d91c?s=96&d=mm&r=g","url":"https:\/\/secure.gravatar.com\/avatar\/af0a4c336046e868f98b17f2a27b6f9426e8aba09b92828569a3ca2b54e3d91c?s=96&d=mm&r=g","contentUrl":"https:\/\/secure.gravatar.com\/avatar\/af0a4c336046e868f98b17f2a27b6f9426e8aba09b92828569a3ca2b54e3d91c?s=96&d=mm&r=g","caption":"admin"},"sameAs":["https:\/\/www.fagorprofessional.com\/blog"]}]}},"_links":{"self":[{"href":"https:\/\/www.fagorprofessional.com\/blog\/wp-json\/wp\/v2\/posts\/1712","targetHints":{"allow":["GET"]}}],"collection":[{"href":"https:\/\/www.fagorprofessional.com\/blog\/wp-json\/wp\/v2\/posts"}],"about":[{"href":"https:\/\/www.fagorprofessional.com\/blog\/wp-json\/wp\/v2\/types\/post"}],"author":[{"embeddable":true,"href":"https:\/\/www.fagorprofessional.com\/blog\/wp-json\/wp\/v2\/users\/1"}],"replies":[{"embeddable":true,"href":"https:\/\/www.fagorprofessional.com\/blog\/wp-json\/wp\/v2\/comments?post=1712"}],"version-history":[{"count":5,"href":"https:\/\/www.fagorprofessional.com\/blog\/wp-json\/wp\/v2\/posts\/1712\/revisions"}],"predecessor-version":[{"id":490553,"href":"https:\/\/www.fagorprofessional.com\/blog\/wp-json\/wp\/v2\/posts\/1712\/revisions\/490553"}],"wp:featuredmedia":[{"embeddable":true,"href":"https:\/\/www.fagorprofessional.com\/blog\/wp-json\/"}],"wp:attachment":[{"href":"https:\/\/www.fagorprofessional.com\/blog\/wp-json\/wp\/v2\/media?parent=1712"}],"wp:term":[{"taxonomy":"category","embeddable":true,"href":"https:\/\/www.fagorprofessional.com\/blog\/wp-json\/wp\/v2\/categories?post=1712"},{"taxonomy":"post_tag","embeddable":true,"href":"https:\/\/www.fagorprofessional.com\/blog\/wp-json\/wp\/v2\/tags?post=1712"}],"curies":[{"name":"wp","href":"https:\/\/api.w.org\/{rel}","templated":true}]}}