{"id":175,"date":"2010-06-23T11:09:00","date_gmt":"2010-06-23T11:09:00","guid":{"rendered":"https:\/\/www.fagorprofessional.com\/blog\/?p=175"},"modified":"2024-04-19T10:31:07","modified_gmt":"2024-04-19T10:31:07","slug":"nuestra-nueva-sala-demos-madrid-movimiento-demuestra-cocinando","status":"publish","type":"post","link":"https:\/\/www.fagorprofessional.com\/blog\/es\/nuestra-nueva-sala-demos-madrid-movimiento-demuestra-cocinando\/","title":{"rendered":"Nuestra nueva sala de demos en Madrid: el movimiento se demuestra cocinando"},"content":{"rendered":"\t\t<div data-elementor-type=\"wp-post\" data-elementor-id=\"175\" class=\"elementor elementor-175\">\n\t\t\t\t\t\t<section class=\"elementor-section elementor-top-section elementor-element elementor-element-4ef8c5c8 elementor-section-boxed elementor-section-height-default elementor-section-height-default\" data-id=\"4ef8c5c8\" data-element_type=\"section\" data-e-type=\"section\">\n\t\t\t\t\t\t<div class=\"elementor-container elementor-column-gap-default\">\n\t\t\t\t\t<div class=\"elementor-column elementor-col-100 elementor-top-column elementor-element elementor-element-459b1795\" data-id=\"459b1795\" data-element_type=\"column\" data-e-type=\"column\">\n\t\t\t<div class=\"elementor-widget-wrap elementor-element-populated\">\n\t\t\t\t\t\t<div class=\"elementor-element elementor-element-2cbb47a3 elementor-widget elementor-widget-text-editor\" data-id=\"2cbb47a3\" data-element_type=\"widget\" data-e-type=\"widget\" data-widget_type=\"text-editor.default\">\n\t\t\t\t<div class=\"elementor-widget-container\">\n\t\t\t\t\t\t\t\t\t<p>Y si no, que se lo digan a nuestro chef corporativo. Que se lo digan, pero cuando tenga tiempo. El jueves pasado, podr\u00ed\u00ada pensarse que no era el mejor momento para decirle nada. \u00a1Dos convocatorias tuvo que preparar en un d\u00ed\u00ada, una dedicada a los bloggers y otra a la prensa especializada, para presentar <strong>la nueva sala de demos<\/strong> que hemos inaugurado en nuestras instalaciones de Madrid! La organizaci\u00f3n de una sola demo ya supone un trabajo \u00ed\u00admprobo: dos en un d\u00ed\u00ada parece superar las expectativas de cualquier profesional. En la foto, de los amigos <strong>V\u00ed\u00adctor y Ana<\/strong> de Caminar sin Gluten, pod\u00e9is vernos a todos los que participamos.<\/p><p><img decoding=\"async\" class=\"aligncenter lazyload\" src=\"data:image\/gif;base64,R0lGODlhAQABAIAAAAAAAP\/\/\/yH5BAEAAAAALAAAAAABAAEAAAIBRAA7\" data-src=\"https:\/\/www.fagorprofessional.com\/blog\/wp-content\/uploads\/2010\/06\/FAGOR-COOKING-Y-BLOGGERSblog.jpg\" \/><noscript><img decoding=\"async\" class=\"aligncenter lazyload\" src=\"https:\/\/www.fagorprofessional.com\/blog\/wp-content\/uploads\/2010\/06\/FAGOR-COOKING-Y-BLOGGERSblog.jpg\" \/><\/noscript><\/p><p>Pero las apariencias enga\u00f1an: Oier <strong>Biritxinaga<\/strong> se mostr\u00f3 tan receptivo como en \u00e9l es habitual a cualquier pregunta, consulta o comentario que los invitados pudieran hacerle, y adem\u00e1s tuvo tiempo de preparar dos rondas de <strong>unos deliciosos men\u00fas de degustaci\u00f3n<\/strong> (o cabr\u00ed\u00ada decir de demostraci\u00f3n) para treinta personas y de facilitar todo tipo de consejos culinarios (algunos, sin ir m\u00e1s lejos, no sab\u00ed\u00adamos que para cocer los langostinos se necesita poner el agua a 80 grados cent\u00ed\u00adgrados por que a 100 destruimos sus prote\u00ed\u00adnas).<\/p><p>No s\u00f3lo gracias a \u00e9l, sino a todos los asistentes a los dos eventos, <strong>la presentaci\u00f3n de la sala de demos se cerr\u00f3 con ovaci\u00f3n y vuelta al ruedo<\/strong>. El buen ambiente ya comenz\u00f3 en el viaje en autob\u00fas que llev\u00f3 a los profesionales de medios y blogs hasta nuestras instalaciones (no a todo el mundo le coge a mano Getafe), y continu\u00f3 con el paseo por la alfombra roja, como en Cannes, que llevaba hasta la sala. Eso s\u00ed\u00ad, dentro no hab\u00ed\u00ada starlettes: hab\u00ed\u00ada <strong>un completo equipamiento profesional de cocci\u00f3n y hornos<\/strong> y un chef corporativo dispuesto a sacarle todo el partido. Y un kit de cocina de obsequio a los asistentes que fue especialmente celebrado, sobre todo (viva la alta tecnolog\u00ed\u00ada) por la inclusi\u00f3n del picaajos. Sino, mirad el precioso dibujo que hizo <strong>Alya<\/strong>, de Cartoon Cooking.<\/p><p><img decoding=\"async\" class=\"aligncenter lazyload\" src=\"data:image\/gif;base64,R0lGODlhAQABAIAAAAAAAP\/\/\/yH5BAEAAAAALAAAAAABAAEAAAIBRAA7\" data-src=\"https:\/\/www.fagorprofessional.com\/blog\/wp-content\/uploads\/2010\/06\/0617_cc_fagor_02.jpg\" \/><noscript><img decoding=\"async\" class=\"aligncenter lazyload\" src=\"https:\/\/www.fagorprofessional.com\/blog\/wp-content\/uploads\/2010\/06\/0617_cc_fagor_02.jpg\" \/><\/noscript><\/p><p>Podr\u00ed\u00adamos decir que los eventos <strong>tuvieron tres protagonistas claros<\/strong>: primero el espectacular men\u00fa, donde nuestro chef intent\u00f3 adem\u00e1s que todos los platos fueran sin gluten, algo que las propias dimensiones del evento le impidieron cumplir al cien por cien\u2026 aunque anduvo cerca. Segundo, el <a <a href=\"https:\/\/www.fagorprofessional.com\/es\/equipos-cocina\" rel=\"nofollow\" target=\"_blank\">equipamiento de cocina<\/a>, con un vedettismo desaforado por parte del horno Visual Plus VPE-101, que acapar\u00f3 buena parte de la atenci\u00f3n de los asistentes y provoc\u00f3 consultas sobre la posibilidad de comprarlo para las cocinas de casa (a lo que Oier se\u00f1al\u00f3 que ser\u00ed\u00ada buena idea, pero que lo imped\u00ed\u00adan problemas como su alimentaci\u00f3n, que es trif\u00e1sica).<\/p><p><img decoding=\"async\" class=\"aligncenter lazyload\" src=\"data:image\/gif;base64,R0lGODlhAQABAIAAAAAAAP\/\/\/yH5BAEAAAAALAAAAAABAAEAAAIBRAA7\" data-src=\"https:\/\/www.fagorprofessional.com\/blog\/wp-content\/uploads\/2010\/06\/platosfagorcooking-198x300.png\" \/><noscript><img decoding=\"async\" class=\"aligncenter lazyload\" src=\"https:\/\/www.fagorprofessional.com\/blog\/wp-content\/uploads\/2010\/06\/platosfagorcooking-198x300.png\" \/><\/noscript><\/p><p><a href=\"http:\/blog.fagorindustrial.com\/wp-content\/uploads\/2010\/06\/platosfagorcooking.png\"><img class=\"lazyload\" class=\"\" title=\"\" alt=\"\" width=\"\" height=\"\" \/><\/a>Y hubo un tercer protagonista: los propios asistentes, porque aqu\u00ed\u00ad no se trataba tanto de ver como de participar. Primero, teniendo acceso a todas las interioridades de la propia de cocina, y segundo, preguntando sin descanso, fotografiando cada plato, cada rinc\u00f3n de la cocina, para obtener la mejor de las experiencias culinarias (<strong>por algo estos eventos se llaman Fagor Cooking Experience<\/strong>) degustando un men\u00fa compuesto por <strong>verduras al vapor, pulpo a la gallega, langostinos al vapor, langostinos a la plancha (en el horno), lubina a la plancha y al horno, pescado marcado en sart\u00e9n y terminado en horno, solomillo de cerdo marcado en plancha y terminado en horno con una reducci\u00f3n de vino y solomillos de ternera al grill de horno con setas, <\/strong>entre otras exquisiteces. Todo ello con el extra de sabor que proporciona el ser parte activa en el proceso, el que el chef te muestre c\u00f3mo se hace cada plato, c\u00f3mo funciona una cocina industrial, y se dirija de forma personal a los asistentes. Eso s\u00ed\u00ad, sabemos que alguno de los presentes se qued\u00f3 con las ganas de cocinar m\u00e1s\u2026 \u00a1Algo que vamos a tener muy en cuenta en el futuro! De nuevo, nuestros amigos <strong>V\u00ed\u00adctor y Ana<\/strong> son los responsables del collage de fotos de los platos que veis en el lateral.<\/p><p>No exactamente con la idea de ponerles los dientes largos a los que no pudieron asistir, sino de informar de manera puntual sobre su evoluci\u00f3n, <strong>transmitimos el evento en directo v\u00ed\u00ada Twitter<\/strong> usando el hashtag #fagorcook y algunos compa\u00f1eros presentes tambi\u00e9n lo retransmitieron (a todos ellos, gracias). Para terminar, merecido aplauso para Oier por su talento culinario y comunicativo. A pesar de todo el trabajo que supuso, nos hemos quedado con ganas de repetir \u00a1As\u00ed\u00ad que os esperamos para el siguiente!<\/p><p>Os dejamos adem\u00e1s con los enlaces de las diferentes cr\u00f3nicas que hemos ido viendo del evento, a cada cual m\u00e1s interesante. Si veis que nos hemos dejado alguno, dec\u00ed\u00addnoslo!<\/p><ul><li>Caminar sin Gluten: <a title=\"\" <a href=\"http:\/www.caminarsingluten.com\/2010\/06\/fagor-cooking-experience-con-bloggers.html\" rel=\"nofollow\" target=\"_blank\">Fagor Cooking Experience con bloggers en Madrid<\/a><\/li><li>Anita Cocinitas: <a title=\"\" <a href=\"http:\/anitacocinitas.blogspot.com\/2010\/06\/cerezas-y-hornos.html\" rel=\"nofollow\" target=\"_blank\">Cerezas y hornos<\/a><\/li><li>Lazy Blog: <a title=\"\" <a href=\"http:\/www.lazyblog.net\/2010\/06\/cooking-experience.html\" rel=\"nofollow\" target=\"_blank\">Cooking Experience<\/a><\/li><li>Cartoon Cooking: <a title=\"\" <a href=\"http:\/cartooncooking.blogspot.com\/2010\/06\/boceto-de-un-jueves.html\" rel=\"nofollow\" target=\"_blank\">Boceto de un jueves<\/a><\/li><li>El Blog de una Cocinitas: <a title=\"\" <a href=\"http:\/recetas1000.wordpress.com\/2010\/06\/21\/reunion-de-bloguers\/\" rel=\"nofollow\" target=\"_blank\">Reuni\u00f3n de bloggers<\/a><\/li><li>Ir de Tapas: <a title=\"\" <a href=\"http:\/irdetapas.wordpress.com\/2010\/06\/18\/en-las-calderas-de-pedro-botero-fagor-industrial\/\" rel=\"nofollow\" target=\"_blank\">En las calderas de Pedro Botero<\/a><\/li><\/ul>\t\t\t\t\t\t\t\t<\/div>\n\t\t\t\t<\/div>\n\t\t\t\t\t<\/div>\n\t\t<\/div>\n\t\t\t\t\t<\/div>\n\t\t<\/section>\n\t\t\t\t<\/div>\n\t\t","protected":false},"excerpt":{"rendered":"<p>Y si no, que se lo digan a nuestro chef corporativo. Que se lo digan, pero cuando tenga tiempo. El jueves pasado, podr\u00ed\u00ada pensarse que no era el mejor momento para decirle nada. \u00a1Dos convocatorias tuvo que preparar en un d\u00ed\u00ada, una dedicada a los bloggers y otra a la prensa especializada, para presentar la&#8230;<\/p>\n","protected":false},"author":1,"featured_media":1,"comment_status":"open","ping_status":"open","sticky":false,"template":"","format":"standard","meta":{"_acf_changed":false,"footnotes":""},"categories":[8],"tags":[],"class_list":["post-175","post","type-post","status-publish","format-standard","has-post-thumbnail","hentry","category-novedades-y-eventos"],"acf":[],"yoast_head":"<!-- This site is optimized with the Yoast SEO plugin v27.5 - https:\/\/yoast.com\/product\/yoast-seo-wordpress\/ -->\n<title>Nueva sala de demos en Madrid: el movimiento se demuestra cocinando<\/title>\n<meta name=\"description\" content=\"\u00a1Dos convocatorias tuvo que preparar en un d\u00eda, una dedicada a los bloggers y otra a la prensa especializada, para presentar la nueva sala de demos que hemos inaugurado en nuestras instalaciones de Madrid!\" \/>\n<meta name=\"robots\" content=\"index, follow, max-snippet:-1, max-image-preview:large, max-video-preview:-1\" \/>\n<link rel=\"canonical\" href=\"https:\/\/www.fagorprofessional.com\/blog\/es\/nuestra-nueva-sala-demos-madrid-movimiento-demuestra-cocinando\/\" \/>\n<meta property=\"og:locale\" content=\"es_ES\" \/>\n<meta property=\"og:type\" content=\"article\" \/>\n<meta property=\"og:title\" content=\"Nueva sala de demos en Madrid: el movimiento se demuestra cocinando\" \/>\n<meta property=\"og:description\" content=\"\u00a1Dos convocatorias tuvo que preparar en un d\u00eda, una dedicada a los bloggers y otra a la prensa especializada, para presentar la nueva sala de demos que hemos inaugurado en nuestras instalaciones de Madrid!\" \/>\n<meta property=\"og:url\" content=\"https:\/\/www.fagorprofessional.com\/blog\/es\/nuestra-nueva-sala-demos-madrid-movimiento-demuestra-cocinando\/\" \/>\n<meta property=\"og:site_name\" content=\"Fagor Professional&#039;s Blog\" \/>\n<meta property=\"article:published_time\" content=\"2010-06-23T11:09:00+00:00\" \/>\n<meta property=\"article:modified_time\" content=\"2024-04-19T10:31:07+00:00\" \/>\n<meta name=\"author\" content=\"admin\" \/>\n<meta name=\"twitter:card\" content=\"summary_large_image\" \/>\n<meta name=\"twitter:label1\" content=\"Escrito por\" \/>\n\t<meta name=\"twitter:data1\" content=\"admin\" \/>\n\t<meta name=\"twitter:label2\" content=\"Tiempo de lectura\" \/>\n\t<meta name=\"twitter:data2\" content=\"5 minutos\" \/>\n<script type=\"application\/ld+json\" class=\"yoast-schema-graph\">{\"@context\":\"https:\\\/\\\/schema.org\",\"@graph\":[{\"@type\":\"Article\",\"@id\":\"https:\\\/\\\/www.fagorprofessional.com\\\/blog\\\/es\\\/nuestra-nueva-sala-demos-madrid-movimiento-demuestra-cocinando\\\/#article\",\"isPartOf\":{\"@id\":\"https:\\\/\\\/www.fagorprofessional.com\\\/blog\\\/es\\\/nuestra-nueva-sala-demos-madrid-movimiento-demuestra-cocinando\\\/\"},\"author\":{\"name\":\"admin\",\"@id\":\"https:\\\/\\\/www.fagorprofessional.com\\\/blog\\\/#\\\/schema\\\/person\\\/c2dc508ffda39316cf0e8a45f15cb4e4\"},\"headline\":\"Nuestra nueva sala de demos en Madrid: el movimiento se demuestra cocinando\",\"datePublished\":\"2010-06-23T11:09:00+00:00\",\"dateModified\":\"2024-04-19T10:31:07+00:00\",\"mainEntityOfPage\":{\"@id\":\"https:\\\/\\\/www.fagorprofessional.com\\\/blog\\\/es\\\/nuestra-nueva-sala-demos-madrid-movimiento-demuestra-cocinando\\\/\"},\"wordCount\":860,\"commentCount\":3,\"image\":{\"@id\":\"https:\\\/\\\/www.fagorprofessional.com\\\/blog\\\/es\\\/nuestra-nueva-sala-demos-madrid-movimiento-demuestra-cocinando\\\/#primaryimage\"},\"thumbnailUrl\":\"\",\"articleSection\":[\"Novedades y eventos\"],\"inLanguage\":\"es\",\"potentialAction\":[{\"@type\":\"CommentAction\",\"name\":\"Comment\",\"target\":[\"https:\\\/\\\/www.fagorprofessional.com\\\/blog\\\/es\\\/nuestra-nueva-sala-demos-madrid-movimiento-demuestra-cocinando\\\/#respond\"]}]},{\"@type\":\"WebPage\",\"@id\":\"https:\\\/\\\/www.fagorprofessional.com\\\/blog\\\/es\\\/nuestra-nueva-sala-demos-madrid-movimiento-demuestra-cocinando\\\/\",\"url\":\"https:\\\/\\\/www.fagorprofessional.com\\\/blog\\\/es\\\/nuestra-nueva-sala-demos-madrid-movimiento-demuestra-cocinando\\\/\",\"name\":\"Nueva sala de demos en Madrid: el movimiento se demuestra cocinando\",\"isPartOf\":{\"@id\":\"https:\\\/\\\/www.fagorprofessional.com\\\/blog\\\/#website\"},\"primaryImageOfPage\":{\"@id\":\"https:\\\/\\\/www.fagorprofessional.com\\\/blog\\\/es\\\/nuestra-nueva-sala-demos-madrid-movimiento-demuestra-cocinando\\\/#primaryimage\"},\"image\":{\"@id\":\"https:\\\/\\\/www.fagorprofessional.com\\\/blog\\\/es\\\/nuestra-nueva-sala-demos-madrid-movimiento-demuestra-cocinando\\\/#primaryimage\"},\"thumbnailUrl\":\"\",\"datePublished\":\"2010-06-23T11:09:00+00:00\",\"dateModified\":\"2024-04-19T10:31:07+00:00\",\"author\":{\"@id\":\"https:\\\/\\\/www.fagorprofessional.com\\\/blog\\\/#\\\/schema\\\/person\\\/c2dc508ffda39316cf0e8a45f15cb4e4\"},\"description\":\"\u00a1Dos convocatorias tuvo que preparar en un d\u00eda, una dedicada a los bloggers y otra a la prensa especializada, para presentar la nueva sala de demos que hemos inaugurado en nuestras instalaciones de Madrid!\",\"breadcrumb\":{\"@id\":\"https:\\\/\\\/www.fagorprofessional.com\\\/blog\\\/es\\\/nuestra-nueva-sala-demos-madrid-movimiento-demuestra-cocinando\\\/#breadcrumb\"},\"inLanguage\":\"es\",\"potentialAction\":[{\"@type\":\"ReadAction\",\"target\":[\"https:\\\/\\\/www.fagorprofessional.com\\\/blog\\\/es\\\/nuestra-nueva-sala-demos-madrid-movimiento-demuestra-cocinando\\\/\"]}]},{\"@type\":\"ImageObject\",\"inLanguage\":\"es\",\"@id\":\"https:\\\/\\\/www.fagorprofessional.com\\\/blog\\\/es\\\/nuestra-nueva-sala-demos-madrid-movimiento-demuestra-cocinando\\\/#primaryimage\",\"url\":\"\",\"contentUrl\":\"\"},{\"@type\":\"BreadcrumbList\",\"@id\":\"https:\\\/\\\/www.fagorprofessional.com\\\/blog\\\/es\\\/nuestra-nueva-sala-demos-madrid-movimiento-demuestra-cocinando\\\/#breadcrumb\",\"itemListElement\":[{\"@type\":\"ListItem\",\"position\":1,\"name\":\"Fagor Professional Blog\",\"item\":\"https:\\\/\\\/www.fagorprofessional.com\\\/blog\\\/\"},{\"@type\":\"ListItem\",\"position\":2,\"name\":\"Novedades y eventos\",\"item\":\"https:\\\/\\\/www.fagorprofessional.com\\\/blog\\\/es\\\/novedades-y-eventos\\\/\"},{\"@type\":\"ListItem\",\"position\":3,\"name\":\"Nuestra nueva sala de demos en Madrid: el movimiento se demuestra cocinando\"}]},{\"@type\":\"WebSite\",\"@id\":\"https:\\\/\\\/www.fagorprofessional.com\\\/blog\\\/#website\",\"url\":\"https:\\\/\\\/www.fagorprofessional.com\\\/blog\\\/\",\"name\":\"Fagor Professional&#039;s Blog\",\"description\":\"Fagor Professional&#039;s Blog\",\"potentialAction\":[{\"@type\":\"SearchAction\",\"target\":{\"@type\":\"EntryPoint\",\"urlTemplate\":\"https:\\\/\\\/www.fagorprofessional.com\\\/blog\\\/?s={search_term_string}\"},\"query-input\":{\"@type\":\"PropertyValueSpecification\",\"valueRequired\":true,\"valueName\":\"search_term_string\"}}],\"inLanguage\":\"es\"},{\"@type\":\"Person\",\"@id\":\"https:\\\/\\\/www.fagorprofessional.com\\\/blog\\\/#\\\/schema\\\/person\\\/c2dc508ffda39316cf0e8a45f15cb4e4\",\"name\":\"admin\",\"image\":{\"@type\":\"ImageObject\",\"inLanguage\":\"es\",\"@id\":\"https:\\\/\\\/secure.gravatar.com\\\/avatar\\\/af0a4c336046e868f98b17f2a27b6f9426e8aba09b92828569a3ca2b54e3d91c?s=96&d=mm&r=g\",\"url\":\"https:\\\/\\\/secure.gravatar.com\\\/avatar\\\/af0a4c336046e868f98b17f2a27b6f9426e8aba09b92828569a3ca2b54e3d91c?s=96&d=mm&r=g\",\"contentUrl\":\"https:\\\/\\\/secure.gravatar.com\\\/avatar\\\/af0a4c336046e868f98b17f2a27b6f9426e8aba09b92828569a3ca2b54e3d91c?s=96&d=mm&r=g\",\"caption\":\"admin\"},\"sameAs\":[\"https:\\\/\\\/www.fagorprofessional.com\\\/blog\"]}]}<\/script>\n<!-- \/ Yoast SEO plugin. -->","yoast_head_json":{"title":"Nueva sala de demos en Madrid: el movimiento se demuestra cocinando","description":"\u00a1Dos convocatorias tuvo que preparar en un d\u00eda, una dedicada a los bloggers y otra a la prensa especializada, para presentar la nueva sala de demos que hemos inaugurado en nuestras instalaciones de Madrid!","robots":{"index":"index","follow":"follow","max-snippet":"max-snippet:-1","max-image-preview":"max-image-preview:large","max-video-preview":"max-video-preview:-1"},"canonical":"https:\/\/www.fagorprofessional.com\/blog\/es\/nuestra-nueva-sala-demos-madrid-movimiento-demuestra-cocinando\/","og_locale":"es_ES","og_type":"article","og_title":"Nueva sala de demos en Madrid: el movimiento se demuestra cocinando","og_description":"\u00a1Dos convocatorias tuvo que preparar en un d\u00eda, una dedicada a los bloggers y otra a la prensa especializada, para presentar la nueva sala de demos que hemos inaugurado en nuestras instalaciones de Madrid!","og_url":"https:\/\/www.fagorprofessional.com\/blog\/es\/nuestra-nueva-sala-demos-madrid-movimiento-demuestra-cocinando\/","og_site_name":"Fagor Professional&#039;s Blog","article_published_time":"2010-06-23T11:09:00+00:00","article_modified_time":"2024-04-19T10:31:07+00:00","author":"admin","twitter_card":"summary_large_image","twitter_misc":{"Escrito por":"admin","Tiempo de lectura":"5 minutos"},"schema":{"@context":"https:\/\/schema.org","@graph":[{"@type":"Article","@id":"https:\/\/www.fagorprofessional.com\/blog\/es\/nuestra-nueva-sala-demos-madrid-movimiento-demuestra-cocinando\/#article","isPartOf":{"@id":"https:\/\/www.fagorprofessional.com\/blog\/es\/nuestra-nueva-sala-demos-madrid-movimiento-demuestra-cocinando\/"},"author":{"name":"admin","@id":"https:\/\/www.fagorprofessional.com\/blog\/#\/schema\/person\/c2dc508ffda39316cf0e8a45f15cb4e4"},"headline":"Nuestra nueva sala de demos en Madrid: el movimiento se demuestra cocinando","datePublished":"2010-06-23T11:09:00+00:00","dateModified":"2024-04-19T10:31:07+00:00","mainEntityOfPage":{"@id":"https:\/\/www.fagorprofessional.com\/blog\/es\/nuestra-nueva-sala-demos-madrid-movimiento-demuestra-cocinando\/"},"wordCount":860,"commentCount":3,"image":{"@id":"https:\/\/www.fagorprofessional.com\/blog\/es\/nuestra-nueva-sala-demos-madrid-movimiento-demuestra-cocinando\/#primaryimage"},"thumbnailUrl":"","articleSection":["Novedades y eventos"],"inLanguage":"es","potentialAction":[{"@type":"CommentAction","name":"Comment","target":["https:\/\/www.fagorprofessional.com\/blog\/es\/nuestra-nueva-sala-demos-madrid-movimiento-demuestra-cocinando\/#respond"]}]},{"@type":"WebPage","@id":"https:\/\/www.fagorprofessional.com\/blog\/es\/nuestra-nueva-sala-demos-madrid-movimiento-demuestra-cocinando\/","url":"https:\/\/www.fagorprofessional.com\/blog\/es\/nuestra-nueva-sala-demos-madrid-movimiento-demuestra-cocinando\/","name":"Nueva sala de demos en Madrid: el movimiento se demuestra cocinando","isPartOf":{"@id":"https:\/\/www.fagorprofessional.com\/blog\/#website"},"primaryImageOfPage":{"@id":"https:\/\/www.fagorprofessional.com\/blog\/es\/nuestra-nueva-sala-demos-madrid-movimiento-demuestra-cocinando\/#primaryimage"},"image":{"@id":"https:\/\/www.fagorprofessional.com\/blog\/es\/nuestra-nueva-sala-demos-madrid-movimiento-demuestra-cocinando\/#primaryimage"},"thumbnailUrl":"","datePublished":"2010-06-23T11:09:00+00:00","dateModified":"2024-04-19T10:31:07+00:00","author":{"@id":"https:\/\/www.fagorprofessional.com\/blog\/#\/schema\/person\/c2dc508ffda39316cf0e8a45f15cb4e4"},"description":"\u00a1Dos convocatorias tuvo que preparar en un d\u00eda, una dedicada a los bloggers y otra a la prensa especializada, para presentar la nueva sala de demos que hemos inaugurado en nuestras instalaciones de Madrid!","breadcrumb":{"@id":"https:\/\/www.fagorprofessional.com\/blog\/es\/nuestra-nueva-sala-demos-madrid-movimiento-demuestra-cocinando\/#breadcrumb"},"inLanguage":"es","potentialAction":[{"@type":"ReadAction","target":["https:\/\/www.fagorprofessional.com\/blog\/es\/nuestra-nueva-sala-demos-madrid-movimiento-demuestra-cocinando\/"]}]},{"@type":"ImageObject","inLanguage":"es","@id":"https:\/\/www.fagorprofessional.com\/blog\/es\/nuestra-nueva-sala-demos-madrid-movimiento-demuestra-cocinando\/#primaryimage","url":"","contentUrl":""},{"@type":"BreadcrumbList","@id":"https:\/\/www.fagorprofessional.com\/blog\/es\/nuestra-nueva-sala-demos-madrid-movimiento-demuestra-cocinando\/#breadcrumb","itemListElement":[{"@type":"ListItem","position":1,"name":"Fagor Professional Blog","item":"https:\/\/www.fagorprofessional.com\/blog\/"},{"@type":"ListItem","position":2,"name":"Novedades y eventos","item":"https:\/\/www.fagorprofessional.com\/blog\/es\/novedades-y-eventos\/"},{"@type":"ListItem","position":3,"name":"Nuestra nueva sala de demos en Madrid: el movimiento se demuestra cocinando"}]},{"@type":"WebSite","@id":"https:\/\/www.fagorprofessional.com\/blog\/#website","url":"https:\/\/www.fagorprofessional.com\/blog\/","name":"Fagor Professional&#039;s Blog","description":"Fagor Professional&#039;s Blog","potentialAction":[{"@type":"SearchAction","target":{"@type":"EntryPoint","urlTemplate":"https:\/\/www.fagorprofessional.com\/blog\/?s={search_term_string}"},"query-input":{"@type":"PropertyValueSpecification","valueRequired":true,"valueName":"search_term_string"}}],"inLanguage":"es"},{"@type":"Person","@id":"https:\/\/www.fagorprofessional.com\/blog\/#\/schema\/person\/c2dc508ffda39316cf0e8a45f15cb4e4","name":"admin","image":{"@type":"ImageObject","inLanguage":"es","@id":"https:\/\/secure.gravatar.com\/avatar\/af0a4c336046e868f98b17f2a27b6f9426e8aba09b92828569a3ca2b54e3d91c?s=96&d=mm&r=g","url":"https:\/\/secure.gravatar.com\/avatar\/af0a4c336046e868f98b17f2a27b6f9426e8aba09b92828569a3ca2b54e3d91c?s=96&d=mm&r=g","contentUrl":"https:\/\/secure.gravatar.com\/avatar\/af0a4c336046e868f98b17f2a27b6f9426e8aba09b92828569a3ca2b54e3d91c?s=96&d=mm&r=g","caption":"admin"},"sameAs":["https:\/\/www.fagorprofessional.com\/blog"]}]}},"_links":{"self":[{"href":"https:\/\/www.fagorprofessional.com\/blog\/wp-json\/wp\/v2\/posts\/175","targetHints":{"allow":["GET"]}}],"collection":[{"href":"https:\/\/www.fagorprofessional.com\/blog\/wp-json\/wp\/v2\/posts"}],"about":[{"href":"https:\/\/www.fagorprofessional.com\/blog\/wp-json\/wp\/v2\/types\/post"}],"author":[{"embeddable":true,"href":"https:\/\/www.fagorprofessional.com\/blog\/wp-json\/wp\/v2\/users\/1"}],"replies":[{"embeddable":true,"href":"https:\/\/www.fagorprofessional.com\/blog\/wp-json\/wp\/v2\/comments?post=175"}],"version-history":[{"count":8,"href":"https:\/\/www.fagorprofessional.com\/blog\/wp-json\/wp\/v2\/posts\/175\/revisions"}],"predecessor-version":[{"id":490334,"href":"https:\/\/www.fagorprofessional.com\/blog\/wp-json\/wp\/v2\/posts\/175\/revisions\/490334"}],"wp:featuredmedia":[{"embeddable":true,"href":"https:\/\/www.fagorprofessional.com\/blog\/wp-json\/"}],"wp:attachment":[{"href":"https:\/\/www.fagorprofessional.com\/blog\/wp-json\/wp\/v2\/media?parent=175"}],"wp:term":[{"taxonomy":"category","embeddable":true,"href":"https:\/\/www.fagorprofessional.com\/blog\/wp-json\/wp\/v2\/categories?post=175"},{"taxonomy":"post_tag","embeddable":true,"href":"https:\/\/www.fagorprofessional.com\/blog\/wp-json\/wp\/v2\/tags?post=175"}],"curies":[{"name":"wp","href":"https:\/\/api.w.org\/{rel}","templated":true}]}}