{"id":1759,"date":"2012-12-07T11:55:00","date_gmt":"2012-12-07T10:55:00","guid":{"rendered":"https:\/\/www.fagorprofessional.com\/blog\/?p=1759"},"modified":"2024-04-19T11:00:55","modified_gmt":"2024-04-19T11:00:55","slug":"donde-comer-navidades","status":"publish","type":"post","link":"https:\/\/www.fagorprofessional.com\/blog\/es\/donde-comer-navidades\/","title":{"rendered":"\u00bfD\u00f3nde vas a comer estas navidades?"},"content":{"rendered":"<p>Cada a\u00f1o nos abruma con su protocolo y los preparativos que requiere. Para algunos, es sin\u00f3nimo de diversi\u00f3n y tiempo dedicado a la familia; para otros, un mero tr\u00e1mite pasajero que roza los l\u00ed\u00admites de lo tedioso. Nos referimos, por supuesto, a la Navidad.<\/p>\n<p>Desde hace un tiempo a esta parte, a principios de diciembre se ha ido forjando una tradici\u00f3n, cada vez m\u00e1s arraigada, en el \u00e1mbito corporativo y que va \u00ed\u00adntimamente ligada a esta \u00e9poca del a\u00f1o: la celebraci\u00f3n de comidas o cenas de empresa para festejar la proximidad de los \u00faltimos d\u00ed\u00adas del calendario. Estos encuentros parten, en algunos casos, de la iniciativa de los propios trabajadores, quienes se unen a t\u00ed\u00adtulo personal para pasar un momento de ocio con sus compa\u00f1eros. En otras ocasiones, es la propia compa\u00f1\u00ed\u00ada la que organiza este encuentro para reunir en un mismo espacio a todos los empleados.<\/p>\n<p>Este a\u00f1o, las reservas para las cenas de Navidad de empresa empezaron pronto. En el mes de septiembre comenz\u00f3 el goteo de peticiones que en esta semana crucial ya han saturado los principales restaurantes del pa\u00ed\u00ads.<\/p>\n<p>Si todav\u00ed\u00ada tu empresa no sabe donde reuniros o si simplemente quieres reunirte con amigos o familia, te dejamos una selecci\u00f3n de 5 restaurantes en 5 ciudades espa\u00f1olas que ofrecen men\u00fas especiales de navidad y experiencias \u00fanicas para estos d\u00ed\u00adas tan entra\u00f1ables:<\/p>\n<p><strong><a href=\"http:\/blog.fagorindustrial.com\/wp-content\/uploads\/2012\/12\/casa-robles.png\"><img decoding=\"async\" class=\"alignleft lazyload\" src=\"data:image\/gif;base64,R0lGODlhAQABAIAAAAAAAP\/\/\/yH5BAEAAAAALAAAAAABAAEAAAIBRAA7\" data-src=\"https:\/\/www.fagorprofessional.com\/blog\/wp-content\/uploads\/2012\/12\/casa-robles.png\" \/><noscript><img decoding=\"async\" class=\"alignleft lazyload\" src=\"https:\/\/www.fagorprofessional.com\/blog\/wp-content\/uploads\/2012\/12\/casa-robles.png\" \/><\/noscript><br \/>\n<img class=\"lazyload\" class=\"\" alt=\"\" width=\"\" height=\"\" \/><\/a><\/strong><strong>Casa Robles<\/strong><strong> (Sevilla):<\/strong> En Casa Robles residen los sabores de la alta cocina combinados con la historia y la evoluci\u00f3n de la gastronom\u00ed\u00ada. Con m\u00e1s de 50 a\u00f1os de experiencia, en sus or\u00ed\u00adgenes como bodega se pon\u00ed\u00adan degustar en ella los mostos nuevos de Villalba del Alcor, procedentes de sus propios vi\u00f1edos en el Condado de Huelva. Esa peque\u00f1a bodega, ha ido evolucionando hasta convertirse en el restaurante actual, ampliado a dos casas colindantes y tres plantas. Casa Robles se encuentra situada en el n\u00famero 58 de la calle de \u00ed\u0081lvarez Quintero, y posee el Premio Alimentos de Espa\u00f1a al Mejor Restaurante en 2007. Este restaurante se orgullece de poseer la carta de vinos m\u00e1s completa de Sevilla, adem\u00e1s de una terraza con vistas privilegiadas a la catedral. Si lo eliges para celebrar tu cena navide\u00f1a, tendr\u00e1s a tu disposici\u00f3n 10 salones privados, con capacidad de entre 20 y 70 comensales, y cuenta con 9 reservados. Adem\u00e1s, el chef de casa Robles ha preparado para estas navidades 7 men\u00fas variados y un men\u00fa de marisco desde 40 hasta 140 euros. \u00a1Una elecci\u00f3n excepcional!<\/p>\n<p><strong><a href=\"http:\/blog.fagorindustrial.com\/wp-content\/uploads\/2012\/12\/el-cenador.png\"><img class=\"lazyload\" class=\"\" alt=\"\" width=\"\" height=\"\" \/><img decoding=\"async\" class=\"alignleft lazyload\" src=\"data:image\/gif;base64,R0lGODlhAQABAIAAAAAAAP\/\/\/yH5BAEAAAAALAAAAAABAAEAAAIBRAA7\" data-src=\"https:\/\/www.fagorprofessional.com\/blog\/wp-content\/uploads\/2012\/12\/el-cenador.png\" \/><noscript><img decoding=\"async\" class=\"alignleft lazyload\" src=\"https:\/\/www.fagorprofessional.com\/blog\/wp-content\/uploads\/2012\/12\/el-cenador.png\" \/><\/noscript><\/a><\/strong><\/p>\n<p><strong><br \/>\n<\/strong><strong>El Cenador del Salvador<\/strong><strong> (Madrid):<\/strong> Con una estrella Michelin entre sus vitrinas, este restaurante madrile\u00f1o naci\u00f3 con vocaci\u00f3n culinaria. Media docena de salones, situados en dos plantas de un chalet en la sierra, con ambientaciones \u00ed\u00adntimas y tres terrazas ajardinadas de diferentes estilos, constituyen espacios donde recrearse con los sabores de la cocina tradicional. Su biblioteca es un coqueto sal\u00f3n para cenas en grupos m\u00e1s reducidos y selectos. Sus paredes enteladas y una c\u00e1lida chimenea crean un ambiente propicio para celebraciones especiales. El precio de sus men\u00fas oscila entorno a los 110 y 90 euros, escogiendo entre men\u00fa degustaci\u00f3n o men\u00fa diario. \u00a1Una opci\u00f3n exquisita para estas Navidades!<\/p>\n<p><strong><a href=\"http:\/blog.fagorindustrial.com\/wp-content\/uploads\/2012\/12\/bilbao.png\"><img class=\"lazyload\" class=\"\" alt=\"\" width=\"\" height=\"\" \/><img decoding=\"async\" class=\"lazyload\" src=\"data:image\/gif;base64,R0lGODlhAQABAIAAAAAAAP\/\/\/yH5BAEAAAAALAAAAAABAAEAAAIBRAA7\" data-src=\"https:\/\/www.fagorprofessional.com\/blog\/wp-content\/uploads\/2012\/12\/bilbao.png\" \/><noscript><img decoding=\"async\" class=\"lazyload\" src=\"https:\/\/www.fagorprofessional.com\/blog\/wp-content\/uploads\/2012\/12\/bilbao.png\" \/><\/noscript><\/a><\/strong><\/p>\n<p><strong><br \/>\n<\/strong><strong>Goizeko Kabi<\/strong><strong> (Bilbao): <\/strong>Este restaurante bilba\u00ed\u00adno es pura gastronom\u00ed\u00ada vasca, un lugar en el que se elaboran verdaderas artesan\u00ed\u00adas culinarias. En el Goizeko, el equipo de cocina, capitaneado por Luis Mart\u00ed\u00adn, se emplea a fondo para darle creatividad y dinamismo, sin prescindir de la base de <a <a href=\"https:\/\/www.fagorprofessional.com\/es\/equipos-cocina\/cocinas-industriales\/\" rel=\"nofollow\" target=\"_blank\">su gran cocina<\/a>: la materia prima. La capacidad es de 65 comensales y los precios oscilan entorno a los 50 euros por comensal. En el Goizeko Kabi, de la calle Comandante Zorita, se oferta una selecci\u00f3n ib\u00e9rica que persigue alcanzar para cada plato una uni\u00f3n arm\u00f3nica. \u00a1Disfruta de tus navidades frente al mar!<\/p>\n<p><strong><a href=\"http:\/blog.fagorindustrial.com\/wp-content\/uploads\/2012\/12\/vivaldi.png\"><img class=\"lazyload\" class=\"\" alt=\"\" width=\"\" height=\"\" \/><img decoding=\"async\" class=\"lazyload\" src=\"data:image\/gif;base64,R0lGODlhAQABAIAAAAAAAP\/\/\/yH5BAEAAAAALAAAAAABAAEAAAIBRAA7\" data-src=\"https:\/\/www.fagorprofessional.com\/blog\/wp-content\/uploads\/2012\/12\/vivaldi.png\" \/><noscript><img decoding=\"async\" class=\"lazyload\" src=\"https:\/\/www.fagorprofessional.com\/blog\/wp-content\/uploads\/2012\/12\/vivaldi.png\" \/><\/noscript><\/a><\/strong><\/p>\n<p><strong><br \/>\n<\/strong><strong>Vivaldi<\/strong><strong> (Le\u00f3n): <\/strong>Este restaurante leon\u00e9s, ubicado en el Edificio MUSAC, se especializa en la preparaci\u00f3n de platos de cocina creativa y de mercado, fusion\u00e1ndola con la cocina castellano-leonesa, destacando platos con una gran variedad de verduras, carnes y productos de temporada. Adem\u00e1s, el Vivaldi, dispone de una amplia bodega de vinos, con varias denominaciones de origen. Sus instalaciones son ideales para celebrar comidas de empresas, grupos y reuniones familiares, dentro de un ambiente elegante y una esmerada atenci\u00f3n, que har\u00e1 de su velada un momento inolvidable. Los men\u00fas van desde los 40 a los 75 euros. \u00a1Un toque modernista y trasgresor para tus Navidades!<\/p>\n<p><strong><a href=\"http:\/blog.fagorindustrial.com\/wp-content\/uploads\/2012\/12\/screen-shot-2012-12-05-at-12.19.21.png\"><img class=\"lazyload\" class=\"\" alt=\"\" width=\"\" height=\"\" \/><img decoding=\"async\" class=\"lazyload\" src=\"data:image\/gif;base64,R0lGODlhAQABAIAAAAAAAP\/\/\/yH5BAEAAAAALAAAAAABAAEAAAIBRAA7\" data-src=\"https:\/\/www.fagorprofessional.com\/blog\/wp-content\/uploads\/2012\/12\/Screen-shot-2012-12-05-at-12.19.21.png\" \/><noscript><img decoding=\"async\" class=\"lazyload\" src=\"https:\/\/www.fagorprofessional.com\/blog\/wp-content\/uploads\/2012\/12\/Screen-shot-2012-12-05-at-12.19.21.png\" \/><\/noscript><\/a><\/strong><\/p>\n<p><strong><br \/>\n<\/strong><strong>Hofmann<\/strong><strong> (Barcelona):<\/strong> Hofmann es el restaurante que da nombre a la famosa escuela de cocina barcelonesa capitaneada por su creadora, Mey Hofmann. En este restaurante se aplica una filosof\u00ed\u00ada de\u00a0cocina que fusiona estilos y t\u00e9cnicas, lo tradicional y lo vanguardista, con marcadas ra\u00ed\u00adces mediterr\u00e1neas, inspiradas en platos t\u00ed\u00adpicos de la cocina catalana. Los men\u00fas se basan en la cuidada selecci\u00f3n de las materias primas, una elaboraci\u00f3n cari\u00f1osa y unas presentaciones que no dejan lugar a la improvisaci\u00f3n. Ubicado en la zona alta de Barcelona, el restaurante cuenta con una sala principal adem\u00e1s de 3 salones privados con capacidad para 7, 10 y 16 personas. Una decoraci\u00f3n de vanguardia, donde la esencia de Mey est\u00e1 muy presente en todos y cada uno de sus detalles, hace de Hofmann un lugar especial\u00a0donde poder disfrutar de una velada \u00fanica. \u00a1Date un homenaje navide\u00f1o con cocina de vanguardia!<\/p>\n","protected":false},"excerpt":{"rendered":"<p>Cada a\u00f1o nos abruma con su protocolo y los preparativos que requiere. Para algunos, es sin\u00f3nimo de diversi\u00f3n y tiempo dedicado a la familia; para otros, un mero tr\u00e1mite pasajero que roza los l\u00ed\u00admites de lo tedioso. Nos referimos, por supuesto, a la Navidad. Desde hace un tiempo a esta parte, a principios de diciembre&#8230;<\/p>\n","protected":false},"author":1,"featured_media":1,"comment_status":"open","ping_status":"open","sticky":false,"template":"","format":"standard","meta":{"_acf_changed":false,"footnotes":""},"categories":[7],"tags":[],"class_list":["post-1759","post","type-post","status-publish","format-standard","has-post-thumbnail","hentry","category-tendencias-y-consejos"],"acf":[],"yoast_head":"<!-- This site is optimized with the Yoast SEO plugin v27.5 - https:\/\/yoast.com\/product\/yoast-seo-wordpress\/ -->\n<title>Descubre donde comer estas navidades<\/title>\n<meta name=\"description\" content=\"A principios de diciembre se ha ido forjando una tradici\u00f3n en el \u00e1mbito corporativo y que va \u00edntimamente ligada a esta \u00e9poca del a\u00f1o: la celebraci\u00f3n de comidas o cenas de empresa.\" \/>\n<meta name=\"robots\" content=\"index, follow, max-snippet:-1, max-image-preview:large, max-video-preview:-1\" \/>\n<link rel=\"canonical\" href=\"https:\/\/www.fagorprofessional.com\/blog\/es\/donde-comer-navidades\/\" \/>\n<meta property=\"og:locale\" content=\"es_ES\" \/>\n<meta property=\"og:type\" content=\"article\" \/>\n<meta property=\"og:title\" content=\"Descubre donde comer estas navidades\" \/>\n<meta property=\"og:description\" content=\"A principios de diciembre se ha ido forjando una tradici\u00f3n en el \u00e1mbito corporativo y que va \u00edntimamente ligada a esta \u00e9poca del a\u00f1o: la celebraci\u00f3n de comidas o cenas de empresa.\" \/>\n<meta property=\"og:url\" content=\"https:\/\/www.fagorprofessional.com\/blog\/es\/donde-comer-navidades\/\" \/>\n<meta property=\"og:site_name\" content=\"Fagor Professional&#039;s Blog\" \/>\n<meta property=\"article:published_time\" content=\"2012-12-07T10:55:00+00:00\" \/>\n<meta property=\"article:modified_time\" content=\"2024-04-19T11:00:55+00:00\" \/>\n<meta name=\"author\" content=\"admin\" \/>\n<meta name=\"twitter:card\" content=\"summary_large_image\" \/>\n<meta name=\"twitter:label1\" content=\"Escrito por\" \/>\n\t<meta name=\"twitter:data1\" content=\"admin\" \/>\n\t<meta name=\"twitter:label2\" content=\"Tiempo de lectura\" \/>\n\t<meta name=\"twitter:data2\" content=\"6 minutos\" \/>\n<script type=\"application\/ld+json\" class=\"yoast-schema-graph\">{\"@context\":\"https:\\\/\\\/schema.org\",\"@graph\":[{\"@type\":\"Article\",\"@id\":\"https:\\\/\\\/www.fagorprofessional.com\\\/blog\\\/es\\\/donde-comer-navidades\\\/#article\",\"isPartOf\":{\"@id\":\"https:\\\/\\\/www.fagorprofessional.com\\\/blog\\\/es\\\/donde-comer-navidades\\\/\"},\"author\":{\"name\":\"admin\",\"@id\":\"https:\\\/\\\/www.fagorprofessional.com\\\/blog\\\/#\\\/schema\\\/person\\\/c2dc508ffda39316cf0e8a45f15cb4e4\"},\"headline\":\"\u00bfD\u00f3nde vas a comer estas navidades?\",\"datePublished\":\"2012-12-07T10:55:00+00:00\",\"dateModified\":\"2024-04-19T11:00:55+00:00\",\"mainEntityOfPage\":{\"@id\":\"https:\\\/\\\/www.fagorprofessional.com\\\/blog\\\/es\\\/donde-comer-navidades\\\/\"},\"wordCount\":925,\"commentCount\":0,\"image\":{\"@id\":\"https:\\\/\\\/www.fagorprofessional.com\\\/blog\\\/es\\\/donde-comer-navidades\\\/#primaryimage\"},\"thumbnailUrl\":\"\",\"articleSection\":[\"Tendencias y consejos\"],\"inLanguage\":\"es\",\"potentialAction\":[{\"@type\":\"CommentAction\",\"name\":\"Comment\",\"target\":[\"https:\\\/\\\/www.fagorprofessional.com\\\/blog\\\/es\\\/donde-comer-navidades\\\/#respond\"]}]},{\"@type\":\"WebPage\",\"@id\":\"https:\\\/\\\/www.fagorprofessional.com\\\/blog\\\/es\\\/donde-comer-navidades\\\/\",\"url\":\"https:\\\/\\\/www.fagorprofessional.com\\\/blog\\\/es\\\/donde-comer-navidades\\\/\",\"name\":\"Descubre donde comer estas navidades\",\"isPartOf\":{\"@id\":\"https:\\\/\\\/www.fagorprofessional.com\\\/blog\\\/#website\"},\"primaryImageOfPage\":{\"@id\":\"https:\\\/\\\/www.fagorprofessional.com\\\/blog\\\/es\\\/donde-comer-navidades\\\/#primaryimage\"},\"image\":{\"@id\":\"https:\\\/\\\/www.fagorprofessional.com\\\/blog\\\/es\\\/donde-comer-navidades\\\/#primaryimage\"},\"thumbnailUrl\":\"\",\"datePublished\":\"2012-12-07T10:55:00+00:00\",\"dateModified\":\"2024-04-19T11:00:55+00:00\",\"author\":{\"@id\":\"https:\\\/\\\/www.fagorprofessional.com\\\/blog\\\/#\\\/schema\\\/person\\\/c2dc508ffda39316cf0e8a45f15cb4e4\"},\"description\":\"A principios de diciembre se ha ido forjando una tradici\u00f3n en el \u00e1mbito corporativo y que va \u00edntimamente ligada a esta \u00e9poca del a\u00f1o: la celebraci\u00f3n de comidas o cenas de empresa.\",\"breadcrumb\":{\"@id\":\"https:\\\/\\\/www.fagorprofessional.com\\\/blog\\\/es\\\/donde-comer-navidades\\\/#breadcrumb\"},\"inLanguage\":\"es\",\"potentialAction\":[{\"@type\":\"ReadAction\",\"target\":[\"https:\\\/\\\/www.fagorprofessional.com\\\/blog\\\/es\\\/donde-comer-navidades\\\/\"]}]},{\"@type\":\"ImageObject\",\"inLanguage\":\"es\",\"@id\":\"https:\\\/\\\/www.fagorprofessional.com\\\/blog\\\/es\\\/donde-comer-navidades\\\/#primaryimage\",\"url\":\"\",\"contentUrl\":\"\"},{\"@type\":\"BreadcrumbList\",\"@id\":\"https:\\\/\\\/www.fagorprofessional.com\\\/blog\\\/es\\\/donde-comer-navidades\\\/#breadcrumb\",\"itemListElement\":[{\"@type\":\"ListItem\",\"position\":1,\"name\":\"Fagor Professional Blog\",\"item\":\"https:\\\/\\\/www.fagorprofessional.com\\\/blog\\\/\"},{\"@type\":\"ListItem\",\"position\":2,\"name\":\"Tendencias y consejos\",\"item\":\"https:\\\/\\\/www.fagorprofessional.com\\\/blog\\\/es\\\/tendencias-y-consejos\\\/\"},{\"@type\":\"ListItem\",\"position\":3,\"name\":\"\u00bfD\u00f3nde vas a comer estas navidades?\"}]},{\"@type\":\"WebSite\",\"@id\":\"https:\\\/\\\/www.fagorprofessional.com\\\/blog\\\/#website\",\"url\":\"https:\\\/\\\/www.fagorprofessional.com\\\/blog\\\/\",\"name\":\"Fagor Professional&#039;s Blog\",\"description\":\"Fagor Professional&#039;s Blog\",\"potentialAction\":[{\"@type\":\"SearchAction\",\"target\":{\"@type\":\"EntryPoint\",\"urlTemplate\":\"https:\\\/\\\/www.fagorprofessional.com\\\/blog\\\/?s={search_term_string}\"},\"query-input\":{\"@type\":\"PropertyValueSpecification\",\"valueRequired\":true,\"valueName\":\"search_term_string\"}}],\"inLanguage\":\"es\"},{\"@type\":\"Person\",\"@id\":\"https:\\\/\\\/www.fagorprofessional.com\\\/blog\\\/#\\\/schema\\\/person\\\/c2dc508ffda39316cf0e8a45f15cb4e4\",\"name\":\"admin\",\"image\":{\"@type\":\"ImageObject\",\"inLanguage\":\"es\",\"@id\":\"https:\\\/\\\/secure.gravatar.com\\\/avatar\\\/af0a4c336046e868f98b17f2a27b6f9426e8aba09b92828569a3ca2b54e3d91c?s=96&d=mm&r=g\",\"url\":\"https:\\\/\\\/secure.gravatar.com\\\/avatar\\\/af0a4c336046e868f98b17f2a27b6f9426e8aba09b92828569a3ca2b54e3d91c?s=96&d=mm&r=g\",\"contentUrl\":\"https:\\\/\\\/secure.gravatar.com\\\/avatar\\\/af0a4c336046e868f98b17f2a27b6f9426e8aba09b92828569a3ca2b54e3d91c?s=96&d=mm&r=g\",\"caption\":\"admin\"},\"sameAs\":[\"https:\\\/\\\/www.fagorprofessional.com\\\/blog\"]}]}<\/script>\n<!-- \/ Yoast SEO plugin. -->","yoast_head_json":{"title":"Descubre donde comer estas navidades","description":"A principios de diciembre se ha ido forjando una tradici\u00f3n en el \u00e1mbito corporativo y que va \u00edntimamente ligada a esta \u00e9poca del a\u00f1o: la celebraci\u00f3n de comidas o cenas de empresa.","robots":{"index":"index","follow":"follow","max-snippet":"max-snippet:-1","max-image-preview":"max-image-preview:large","max-video-preview":"max-video-preview:-1"},"canonical":"https:\/\/www.fagorprofessional.com\/blog\/es\/donde-comer-navidades\/","og_locale":"es_ES","og_type":"article","og_title":"Descubre donde comer estas navidades","og_description":"A principios de diciembre se ha ido forjando una tradici\u00f3n en el \u00e1mbito corporativo y que va \u00edntimamente ligada a esta \u00e9poca del a\u00f1o: la celebraci\u00f3n de comidas o cenas de empresa.","og_url":"https:\/\/www.fagorprofessional.com\/blog\/es\/donde-comer-navidades\/","og_site_name":"Fagor Professional&#039;s Blog","article_published_time":"2012-12-07T10:55:00+00:00","article_modified_time":"2024-04-19T11:00:55+00:00","author":"admin","twitter_card":"summary_large_image","twitter_misc":{"Escrito por":"admin","Tiempo de lectura":"6 minutos"},"schema":{"@context":"https:\/\/schema.org","@graph":[{"@type":"Article","@id":"https:\/\/www.fagorprofessional.com\/blog\/es\/donde-comer-navidades\/#article","isPartOf":{"@id":"https:\/\/www.fagorprofessional.com\/blog\/es\/donde-comer-navidades\/"},"author":{"name":"admin","@id":"https:\/\/www.fagorprofessional.com\/blog\/#\/schema\/person\/c2dc508ffda39316cf0e8a45f15cb4e4"},"headline":"\u00bfD\u00f3nde vas a comer estas navidades?","datePublished":"2012-12-07T10:55:00+00:00","dateModified":"2024-04-19T11:00:55+00:00","mainEntityOfPage":{"@id":"https:\/\/www.fagorprofessional.com\/blog\/es\/donde-comer-navidades\/"},"wordCount":925,"commentCount":0,"image":{"@id":"https:\/\/www.fagorprofessional.com\/blog\/es\/donde-comer-navidades\/#primaryimage"},"thumbnailUrl":"","articleSection":["Tendencias y consejos"],"inLanguage":"es","potentialAction":[{"@type":"CommentAction","name":"Comment","target":["https:\/\/www.fagorprofessional.com\/blog\/es\/donde-comer-navidades\/#respond"]}]},{"@type":"WebPage","@id":"https:\/\/www.fagorprofessional.com\/blog\/es\/donde-comer-navidades\/","url":"https:\/\/www.fagorprofessional.com\/blog\/es\/donde-comer-navidades\/","name":"Descubre donde comer estas navidades","isPartOf":{"@id":"https:\/\/www.fagorprofessional.com\/blog\/#website"},"primaryImageOfPage":{"@id":"https:\/\/www.fagorprofessional.com\/blog\/es\/donde-comer-navidades\/#primaryimage"},"image":{"@id":"https:\/\/www.fagorprofessional.com\/blog\/es\/donde-comer-navidades\/#primaryimage"},"thumbnailUrl":"","datePublished":"2012-12-07T10:55:00+00:00","dateModified":"2024-04-19T11:00:55+00:00","author":{"@id":"https:\/\/www.fagorprofessional.com\/blog\/#\/schema\/person\/c2dc508ffda39316cf0e8a45f15cb4e4"},"description":"A principios de diciembre se ha ido forjando una tradici\u00f3n en el \u00e1mbito corporativo y que va \u00edntimamente ligada a esta \u00e9poca del a\u00f1o: la celebraci\u00f3n de comidas o cenas de empresa.","breadcrumb":{"@id":"https:\/\/www.fagorprofessional.com\/blog\/es\/donde-comer-navidades\/#breadcrumb"},"inLanguage":"es","potentialAction":[{"@type":"ReadAction","target":["https:\/\/www.fagorprofessional.com\/blog\/es\/donde-comer-navidades\/"]}]},{"@type":"ImageObject","inLanguage":"es","@id":"https:\/\/www.fagorprofessional.com\/blog\/es\/donde-comer-navidades\/#primaryimage","url":"","contentUrl":""},{"@type":"BreadcrumbList","@id":"https:\/\/www.fagorprofessional.com\/blog\/es\/donde-comer-navidades\/#breadcrumb","itemListElement":[{"@type":"ListItem","position":1,"name":"Fagor Professional Blog","item":"https:\/\/www.fagorprofessional.com\/blog\/"},{"@type":"ListItem","position":2,"name":"Tendencias y consejos","item":"https:\/\/www.fagorprofessional.com\/blog\/es\/tendencias-y-consejos\/"},{"@type":"ListItem","position":3,"name":"\u00bfD\u00f3nde vas a comer estas navidades?"}]},{"@type":"WebSite","@id":"https:\/\/www.fagorprofessional.com\/blog\/#website","url":"https:\/\/www.fagorprofessional.com\/blog\/","name":"Fagor Professional&#039;s Blog","description":"Fagor Professional&#039;s Blog","potentialAction":[{"@type":"SearchAction","target":{"@type":"EntryPoint","urlTemplate":"https:\/\/www.fagorprofessional.com\/blog\/?s={search_term_string}"},"query-input":{"@type":"PropertyValueSpecification","valueRequired":true,"valueName":"search_term_string"}}],"inLanguage":"es"},{"@type":"Person","@id":"https:\/\/www.fagorprofessional.com\/blog\/#\/schema\/person\/c2dc508ffda39316cf0e8a45f15cb4e4","name":"admin","image":{"@type":"ImageObject","inLanguage":"es","@id":"https:\/\/secure.gravatar.com\/avatar\/af0a4c336046e868f98b17f2a27b6f9426e8aba09b92828569a3ca2b54e3d91c?s=96&d=mm&r=g","url":"https:\/\/secure.gravatar.com\/avatar\/af0a4c336046e868f98b17f2a27b6f9426e8aba09b92828569a3ca2b54e3d91c?s=96&d=mm&r=g","contentUrl":"https:\/\/secure.gravatar.com\/avatar\/af0a4c336046e868f98b17f2a27b6f9426e8aba09b92828569a3ca2b54e3d91c?s=96&d=mm&r=g","caption":"admin"},"sameAs":["https:\/\/www.fagorprofessional.com\/blog"]}]}},"_links":{"self":[{"href":"https:\/\/www.fagorprofessional.com\/blog\/wp-json\/wp\/v2\/posts\/1759","targetHints":{"allow":["GET"]}}],"collection":[{"href":"https:\/\/www.fagorprofessional.com\/blog\/wp-json\/wp\/v2\/posts"}],"about":[{"href":"https:\/\/www.fagorprofessional.com\/blog\/wp-json\/wp\/v2\/types\/post"}],"author":[{"embeddable":true,"href":"https:\/\/www.fagorprofessional.com\/blog\/wp-json\/wp\/v2\/users\/1"}],"replies":[{"embeddable":true,"href":"https:\/\/www.fagorprofessional.com\/blog\/wp-json\/wp\/v2\/comments?post=1759"}],"version-history":[{"count":5,"href":"https:\/\/www.fagorprofessional.com\/blog\/wp-json\/wp\/v2\/posts\/1759\/revisions"}],"predecessor-version":[{"id":490556,"href":"https:\/\/www.fagorprofessional.com\/blog\/wp-json\/wp\/v2\/posts\/1759\/revisions\/490556"}],"wp:featuredmedia":[{"embeddable":true,"href":"https:\/\/www.fagorprofessional.com\/blog\/wp-json\/"}],"wp:attachment":[{"href":"https:\/\/www.fagorprofessional.com\/blog\/wp-json\/wp\/v2\/media?parent=1759"}],"wp:term":[{"taxonomy":"category","embeddable":true,"href":"https:\/\/www.fagorprofessional.com\/blog\/wp-json\/wp\/v2\/categories?post=1759"},{"taxonomy":"post_tag","embeddable":true,"href":"https:\/\/www.fagorprofessional.com\/blog\/wp-json\/wp\/v2\/tags?post=1759"}],"curies":[{"name":"wp","href":"https:\/\/api.w.org\/{rel}","templated":true}]}}