{"id":2002,"date":"2013-08-09T10:31:00","date_gmt":"2013-08-09T08:31:00","guid":{"rendered":"https:\/\/www.fagorprofessional.com\/blog\/?p=2002"},"modified":"2024-04-19T10:56:16","modified_gmt":"2024-04-19T10:56:16","slug":"apetitosas-rutas-verano","status":"publish","type":"post","link":"https:\/\/www.fagorprofessional.com\/blog\/es\/apetitosas-rutas-verano\/","title":{"rendered":"Apetitosas rutas de verano"},"content":{"rendered":"<p>Empezamos el mes de agosto con el objetivo de disfrutar del \u00faltimo tramo del verano, que se alargar\u00e1 hasta finales de septiembre. Para no dejar escapar ni una sola de las propuestas de la oferta gastron\u00f3mica y festiva espa\u00f1ola, os proponemos diversas rutas que no os pod\u00e9is perder.<\/p>\n<p>\u00a1Carretera, manta y a disfrutar del verano!<\/p>\n<p><strong>Rutas en tren<\/strong><\/p>\n<p><img decoding=\"async\" class=\"lazyload\" src=\"data:image\/gif;base64,R0lGODlhAQABAIAAAAAAAP\/\/\/yH5BAEAAAAALAAAAAABAAEAAAIBRAA7\" data-src=\"https:\/\/www.fagorprofessional.com\/blog\/wp-content\/uploads\/2013\/07\/Screen-Shot-2013-08-05-at-13.23.36.png\" \/><noscript><img decoding=\"async\" class=\"lazyload\" src=\"https:\/\/www.fagorprofessional.com\/blog\/wp-content\/uploads\/2013\/07\/Screen-Shot-2013-08-05-at-13.23.36.png\" \/><\/noscript><\/p>\n<p><a href=\"http:\/blog.fagorindustrial.com\/wp-content\/uploads\/2013\/07\/screen-shot-2013-08-05-at-13.23.36.png\"><img class=\"lazyload\" class=\"\" alt=\"\" width=\"\" height=\"\" \/><\/a>De los trenes tem\u00e1ticos gastron\u00f3micos que viajan por Espa\u00f1a destacamos dos: el tren Al Andalus y el tren de la Fresa.<\/p>\n<p>El lujoso tren Al Andalus es un palacio rodante que ha sido totalmente reformado para ofrecer la mejor atenci\u00f3n, gastronom\u00ed\u00ada, decoraci\u00f3n y comodidad. Este tren se puso en marcha el pasado 21 de julio y en sus recorridos, la gastronom\u00ed\u00ada juega un papel important\u00ed\u00adsimo con degustaciones de productos tradicionales en todas sus variantes. Tanto a bordo del tren como en los restaurantes especialmente elegidos para el viaje. No s\u00f3lo cuenta con las materias primas de buena calidad sino tambi\u00e9n con los mejores profesionales de los fogones.<\/p>\n<p>El Tren de la Fresa permite conocer de primera mano c\u00f3mo eran los viajes a principios del siglo pasado, a bordo de un tren con casi un siglo de vida, una divertida iniciativa tur\u00ed\u00adstica y cultural para el ocio familiar y para todo tipo de p\u00fablico, cuyo viaje incluye la degustaci\u00f3n del fres\u00f3n t\u00ed\u00adpico de Aranjuez.<\/p>\n<p><strong>\u00e9poca de vendimia<\/strong><\/p>\n<p><img decoding=\"async\" class=\"lazyload\" src=\"data:image\/gif;base64,R0lGODlhAQABAIAAAAAAAP\/\/\/yH5BAEAAAAALAAAAAABAAEAAAIBRAA7\" data-src=\"https:\/\/www.fagorprofessional.com\/blog\/wp-content\/uploads\/2013\/07\/Screen-Shot-2013-08-05-at-13.18.34.png\" \/><noscript><img decoding=\"async\" class=\"lazyload\" src=\"https:\/\/www.fagorprofessional.com\/blog\/wp-content\/uploads\/2013\/07\/Screen-Shot-2013-08-05-at-13.18.34.png\" \/><\/noscript><\/p>\n<p><strong><a href=\"http:\/blog.fagorindustrial.com\/wp-content\/uploads\/2013\/07\/screen-shot-2013-08-05-at-13.18.34.png\"><img class=\"lazyload\" class=\"\" alt=\"\" width=\"\" height=\"\" \/><\/a><\/strong>De norte a sur y de este a oeste, Espa\u00f1a es un pa\u00ed\u00ads de vino, \u00a1y del bueno! Una ruta vitivin\u00ed\u00adcola podr\u00ed\u00ada tener diversas paradas:<\/p>\n<ul>\n<li><strong>Ruta del Vino de Jerez:<\/strong> La Ruta del Vino y Brandy del Marco de Jerez se extiende por nueve municipios: Chiclana, Chipiona, El Puerto de Santa Mar\u00ed\u00ada, Lebrija, Jerez, Puerto Real, Rota, Sanl\u00facar de Barrameda y Trebujena. Jerez ofrece la posibilidad de visitar\u00a0muchas de sus famosas bodegas, donde los visitantes podr\u00e1n degustar los mejores vinos y brandies, acompa\u00f1ados de la gastronom\u00ed\u00ada t\u00ed\u00adpica de su tierra.<\/li>\n<\/ul>\n<ul>\n<li><strong>Ruta de las R\u00ed\u00adas Baixas:<\/strong> En Galicia, la ruta del vino comprende bodegas como las Mart\u00ed\u00adn C\u00f3dax, Pazo Bai\u00f3n, La Val de Frades o Valmi\u00f1or. Adem\u00e1s, para los m\u00e1s atrevidos, es posible vivir la vendimia bajo la luz de la luna y dormir en el interior de una bodega.<\/li>\n<\/ul>\n<ul>\n<li><strong>Ribera de Duero:<\/strong> Valladolid,\u00a0Burgos\u00a0y Soria ofrecen bodegas que producen excelentes vinos y diferentes oportunidades para realizar turismo. Para obtener una visi\u00f3n completa de todo este territorio es recomendable visitar el\u00a0Museo del Vino de Pe\u00f1afiel\u00a0(Valladolid), instalado en el castillo de esta localidad, junto a las bodegas Protos.<\/li>\n<\/ul>\n<ul>\n<li><strong>Ruta del Vino del Pened\u00ed\u00a8s<\/strong>: En un entorno paisaj\u00ed\u00adstico \u00fanico, caracterizado por interminables vi\u00f1edos, elementos patrimoniales \u00fanicos y alojamientos de turismo rural; se encuentra una gran variedad de bodegas diferentes que ofrecen la posibilidad de visitarlas y degustar sus vinos.<\/li>\n<\/ul>\n<p><strong>Gastronom\u00ed\u00ada Sevillana<\/strong><\/p>\n<p><img decoding=\"async\" class=\"lazyload\" src=\"data:image\/gif;base64,R0lGODlhAQABAIAAAAAAAP\/\/\/yH5BAEAAAAALAAAAAABAAEAAAIBRAA7\" data-src=\"https:\/\/www.fagorprofessional.com\/blog\/wp-content\/uploads\/2013\/07\/Screen-Shot-2013-08-05-at-13.24.07.png\" \/><noscript><img decoding=\"async\" class=\"lazyload\" src=\"https:\/\/www.fagorprofessional.com\/blog\/wp-content\/uploads\/2013\/07\/Screen-Shot-2013-08-05-at-13.24.07.png\" \/><\/noscript><\/p>\n<p><strong><a href=\"http:\/blog.fagorindustrial.com\/wp-content\/uploads\/2013\/07\/screen-shot-2013-08-05-at-13.24.07.png\"><img class=\"lazyload\" class=\"\" alt=\"\" width=\"\" height=\"\" \/><\/a><\/strong>A trav\u00e9s del proyecto\u00a0Patrimonio Gastron\u00f3mico de Sevilla, impulsado por Consorcio Turismo de Sevilla, la ciudad quiere dar a conocer a todos quienes la visitan las tapas y establecimientos que forman parte de su cultura. Hasta el 15 de septiembre, quienes lo deseen pueden dejar sus opiniones sobre las tapas a trav\u00e9s de las redes sociales de Consorcio Turismo de Sevilla. Posteriormente, un comit\u00e9 de expertos analizar\u00e1 todas las propuestas y establecer\u00e1 el conjunto de tapas que forman parte del patrimonio de la ciudad. Un sabroso listado al que anualmente se ir\u00e1n sumando nuevas propuestas.<\/p>\n","protected":false},"excerpt":{"rendered":"<p>Empezamos el mes de agosto con el objetivo de disfrutar del \u00faltimo tramo del verano, que se alargar\u00e1 hasta finales de septiembre. Para no dejar escapar ni una sola de las propuestas de la oferta gastron\u00f3mica y festiva espa\u00f1ola, os proponemos diversas rutas que no os pod\u00e9is perder. \u00a1Carretera, manta y a disfrutar del verano!&#8230;<\/p>\n","protected":false},"author":1,"featured_media":1,"comment_status":"open","ping_status":"open","sticky":false,"template":"","format":"standard","meta":{"_acf_changed":false,"footnotes":""},"categories":[7],"tags":[],"class_list":["post-2002","post","type-post","status-publish","format-standard","has-post-thumbnail","hentry","category-tendencias-y-consejos"],"acf":[],"yoast_head":"<!-- This site is optimized with the Yoast SEO plugin v27.5 - https:\/\/yoast.com\/product\/yoast-seo-wordpress\/ -->\n<title>Descubre estas apetitosas rutas para hacer en verano<\/title>\n<meta name=\"description\" content=\"Empezamos el mes de agosto con el objetivo de disfrutar del \u00faltimo tramo del verano, que se alargar\u00e1 hasta finales de septiembre. Para no dejar escapar ni una sola de las propuestas de la oferta gastron\u00f3mica y festiva espa\u00f1ola, os proponemos diversas rutas que no os pod\u00e9is perder.\" \/>\n<meta name=\"robots\" content=\"index, follow, max-snippet:-1, max-image-preview:large, max-video-preview:-1\" \/>\n<link rel=\"canonical\" href=\"https:\/\/www.fagorprofessional.com\/blog\/es\/apetitosas-rutas-verano\/\" \/>\n<meta property=\"og:locale\" content=\"es_ES\" \/>\n<meta property=\"og:type\" content=\"article\" \/>\n<meta property=\"og:title\" content=\"Descubre estas apetitosas rutas para hacer en verano\" \/>\n<meta property=\"og:description\" content=\"Empezamos el mes de agosto con el objetivo de disfrutar del \u00faltimo tramo del verano, que se alargar\u00e1 hasta finales de septiembre. Para no dejar escapar ni una sola de las propuestas de la oferta gastron\u00f3mica y festiva espa\u00f1ola, os proponemos diversas rutas que no os pod\u00e9is perder.\" \/>\n<meta property=\"og:url\" content=\"https:\/\/www.fagorprofessional.com\/blog\/es\/apetitosas-rutas-verano\/\" \/>\n<meta property=\"og:site_name\" content=\"Fagor Professional&#039;s Blog\" \/>\n<meta property=\"article:published_time\" content=\"2013-08-09T08:31:00+00:00\" \/>\n<meta property=\"article:modified_time\" content=\"2024-04-19T10:56:16+00:00\" \/>\n<meta name=\"author\" content=\"admin\" \/>\n<meta name=\"twitter:card\" content=\"summary_large_image\" \/>\n<meta name=\"twitter:label1\" content=\"Escrito por\" \/>\n\t<meta name=\"twitter:data1\" content=\"admin\" \/>\n\t<meta name=\"twitter:label2\" content=\"Tiempo de lectura\" \/>\n\t<meta name=\"twitter:data2\" content=\"4 minutos\" \/>\n<script type=\"application\/ld+json\" class=\"yoast-schema-graph\">{\"@context\":\"https:\\\/\\\/schema.org\",\"@graph\":[{\"@type\":\"Article\",\"@id\":\"https:\\\/\\\/www.fagorprofessional.com\\\/blog\\\/es\\\/apetitosas-rutas-verano\\\/#article\",\"isPartOf\":{\"@id\":\"https:\\\/\\\/www.fagorprofessional.com\\\/blog\\\/es\\\/apetitosas-rutas-verano\\\/\"},\"author\":{\"name\":\"admin\",\"@id\":\"https:\\\/\\\/www.fagorprofessional.com\\\/blog\\\/#\\\/schema\\\/person\\\/c2dc508ffda39316cf0e8a45f15cb4e4\"},\"headline\":\"Apetitosas rutas de verano\",\"datePublished\":\"2013-08-09T08:31:00+00:00\",\"dateModified\":\"2024-04-19T10:56:16+00:00\",\"mainEntityOfPage\":{\"@id\":\"https:\\\/\\\/www.fagorprofessional.com\\\/blog\\\/es\\\/apetitosas-rutas-verano\\\/\"},\"wordCount\":599,\"commentCount\":0,\"image\":{\"@id\":\"https:\\\/\\\/www.fagorprofessional.com\\\/blog\\\/es\\\/apetitosas-rutas-verano\\\/#primaryimage\"},\"thumbnailUrl\":\"\",\"articleSection\":[\"Tendencias y consejos\"],\"inLanguage\":\"es\",\"potentialAction\":[{\"@type\":\"CommentAction\",\"name\":\"Comment\",\"target\":[\"https:\\\/\\\/www.fagorprofessional.com\\\/blog\\\/es\\\/apetitosas-rutas-verano\\\/#respond\"]}]},{\"@type\":\"WebPage\",\"@id\":\"https:\\\/\\\/www.fagorprofessional.com\\\/blog\\\/es\\\/apetitosas-rutas-verano\\\/\",\"url\":\"https:\\\/\\\/www.fagorprofessional.com\\\/blog\\\/es\\\/apetitosas-rutas-verano\\\/\",\"name\":\"Descubre estas apetitosas rutas para hacer en verano\",\"isPartOf\":{\"@id\":\"https:\\\/\\\/www.fagorprofessional.com\\\/blog\\\/#website\"},\"primaryImageOfPage\":{\"@id\":\"https:\\\/\\\/www.fagorprofessional.com\\\/blog\\\/es\\\/apetitosas-rutas-verano\\\/#primaryimage\"},\"image\":{\"@id\":\"https:\\\/\\\/www.fagorprofessional.com\\\/blog\\\/es\\\/apetitosas-rutas-verano\\\/#primaryimage\"},\"thumbnailUrl\":\"\",\"datePublished\":\"2013-08-09T08:31:00+00:00\",\"dateModified\":\"2024-04-19T10:56:16+00:00\",\"author\":{\"@id\":\"https:\\\/\\\/www.fagorprofessional.com\\\/blog\\\/#\\\/schema\\\/person\\\/c2dc508ffda39316cf0e8a45f15cb4e4\"},\"description\":\"Empezamos el mes de agosto con el objetivo de disfrutar del \u00faltimo tramo del verano, que se alargar\u00e1 hasta finales de septiembre. Para no dejar escapar ni una sola de las propuestas de la oferta gastron\u00f3mica y festiva espa\u00f1ola, os proponemos diversas rutas que no os pod\u00e9is perder.\",\"breadcrumb\":{\"@id\":\"https:\\\/\\\/www.fagorprofessional.com\\\/blog\\\/es\\\/apetitosas-rutas-verano\\\/#breadcrumb\"},\"inLanguage\":\"es\",\"potentialAction\":[{\"@type\":\"ReadAction\",\"target\":[\"https:\\\/\\\/www.fagorprofessional.com\\\/blog\\\/es\\\/apetitosas-rutas-verano\\\/\"]}]},{\"@type\":\"ImageObject\",\"inLanguage\":\"es\",\"@id\":\"https:\\\/\\\/www.fagorprofessional.com\\\/blog\\\/es\\\/apetitosas-rutas-verano\\\/#primaryimage\",\"url\":\"\",\"contentUrl\":\"\"},{\"@type\":\"BreadcrumbList\",\"@id\":\"https:\\\/\\\/www.fagorprofessional.com\\\/blog\\\/es\\\/apetitosas-rutas-verano\\\/#breadcrumb\",\"itemListElement\":[{\"@type\":\"ListItem\",\"position\":1,\"name\":\"Fagor Professional Blog\",\"item\":\"https:\\\/\\\/www.fagorprofessional.com\\\/blog\\\/\"},{\"@type\":\"ListItem\",\"position\":2,\"name\":\"Tendencias y consejos\",\"item\":\"https:\\\/\\\/www.fagorprofessional.com\\\/blog\\\/es\\\/tendencias-y-consejos\\\/\"},{\"@type\":\"ListItem\",\"position\":3,\"name\":\"Apetitosas rutas de verano\"}]},{\"@type\":\"WebSite\",\"@id\":\"https:\\\/\\\/www.fagorprofessional.com\\\/blog\\\/#website\",\"url\":\"https:\\\/\\\/www.fagorprofessional.com\\\/blog\\\/\",\"name\":\"Fagor Professional&#039;s Blog\",\"description\":\"Fagor Professional&#039;s Blog\",\"potentialAction\":[{\"@type\":\"SearchAction\",\"target\":{\"@type\":\"EntryPoint\",\"urlTemplate\":\"https:\\\/\\\/www.fagorprofessional.com\\\/blog\\\/?s={search_term_string}\"},\"query-input\":{\"@type\":\"PropertyValueSpecification\",\"valueRequired\":true,\"valueName\":\"search_term_string\"}}],\"inLanguage\":\"es\"},{\"@type\":\"Person\",\"@id\":\"https:\\\/\\\/www.fagorprofessional.com\\\/blog\\\/#\\\/schema\\\/person\\\/c2dc508ffda39316cf0e8a45f15cb4e4\",\"name\":\"admin\",\"image\":{\"@type\":\"ImageObject\",\"inLanguage\":\"es\",\"@id\":\"https:\\\/\\\/secure.gravatar.com\\\/avatar\\\/af0a4c336046e868f98b17f2a27b6f9426e8aba09b92828569a3ca2b54e3d91c?s=96&d=mm&r=g\",\"url\":\"https:\\\/\\\/secure.gravatar.com\\\/avatar\\\/af0a4c336046e868f98b17f2a27b6f9426e8aba09b92828569a3ca2b54e3d91c?s=96&d=mm&r=g\",\"contentUrl\":\"https:\\\/\\\/secure.gravatar.com\\\/avatar\\\/af0a4c336046e868f98b17f2a27b6f9426e8aba09b92828569a3ca2b54e3d91c?s=96&d=mm&r=g\",\"caption\":\"admin\"},\"sameAs\":[\"https:\\\/\\\/www.fagorprofessional.com\\\/blog\"]}]}<\/script>\n<!-- \/ Yoast SEO plugin. -->","yoast_head_json":{"title":"Descubre estas apetitosas rutas para hacer en verano","description":"Empezamos el mes de agosto con el objetivo de disfrutar del \u00faltimo tramo del verano, que se alargar\u00e1 hasta finales de septiembre. Para no dejar escapar ni una sola de las propuestas de la oferta gastron\u00f3mica y festiva espa\u00f1ola, os proponemos diversas rutas que no os pod\u00e9is perder.","robots":{"index":"index","follow":"follow","max-snippet":"max-snippet:-1","max-image-preview":"max-image-preview:large","max-video-preview":"max-video-preview:-1"},"canonical":"https:\/\/www.fagorprofessional.com\/blog\/es\/apetitosas-rutas-verano\/","og_locale":"es_ES","og_type":"article","og_title":"Descubre estas apetitosas rutas para hacer en verano","og_description":"Empezamos el mes de agosto con el objetivo de disfrutar del \u00faltimo tramo del verano, que se alargar\u00e1 hasta finales de septiembre. Para no dejar escapar ni una sola de las propuestas de la oferta gastron\u00f3mica y festiva espa\u00f1ola, os proponemos diversas rutas que no os pod\u00e9is perder.","og_url":"https:\/\/www.fagorprofessional.com\/blog\/es\/apetitosas-rutas-verano\/","og_site_name":"Fagor Professional&#039;s Blog","article_published_time":"2013-08-09T08:31:00+00:00","article_modified_time":"2024-04-19T10:56:16+00:00","author":"admin","twitter_card":"summary_large_image","twitter_misc":{"Escrito por":"admin","Tiempo de lectura":"4 minutos"},"schema":{"@context":"https:\/\/schema.org","@graph":[{"@type":"Article","@id":"https:\/\/www.fagorprofessional.com\/blog\/es\/apetitosas-rutas-verano\/#article","isPartOf":{"@id":"https:\/\/www.fagorprofessional.com\/blog\/es\/apetitosas-rutas-verano\/"},"author":{"name":"admin","@id":"https:\/\/www.fagorprofessional.com\/blog\/#\/schema\/person\/c2dc508ffda39316cf0e8a45f15cb4e4"},"headline":"Apetitosas rutas de verano","datePublished":"2013-08-09T08:31:00+00:00","dateModified":"2024-04-19T10:56:16+00:00","mainEntityOfPage":{"@id":"https:\/\/www.fagorprofessional.com\/blog\/es\/apetitosas-rutas-verano\/"},"wordCount":599,"commentCount":0,"image":{"@id":"https:\/\/www.fagorprofessional.com\/blog\/es\/apetitosas-rutas-verano\/#primaryimage"},"thumbnailUrl":"","articleSection":["Tendencias y consejos"],"inLanguage":"es","potentialAction":[{"@type":"CommentAction","name":"Comment","target":["https:\/\/www.fagorprofessional.com\/blog\/es\/apetitosas-rutas-verano\/#respond"]}]},{"@type":"WebPage","@id":"https:\/\/www.fagorprofessional.com\/blog\/es\/apetitosas-rutas-verano\/","url":"https:\/\/www.fagorprofessional.com\/blog\/es\/apetitosas-rutas-verano\/","name":"Descubre estas apetitosas rutas para hacer en verano","isPartOf":{"@id":"https:\/\/www.fagorprofessional.com\/blog\/#website"},"primaryImageOfPage":{"@id":"https:\/\/www.fagorprofessional.com\/blog\/es\/apetitosas-rutas-verano\/#primaryimage"},"image":{"@id":"https:\/\/www.fagorprofessional.com\/blog\/es\/apetitosas-rutas-verano\/#primaryimage"},"thumbnailUrl":"","datePublished":"2013-08-09T08:31:00+00:00","dateModified":"2024-04-19T10:56:16+00:00","author":{"@id":"https:\/\/www.fagorprofessional.com\/blog\/#\/schema\/person\/c2dc508ffda39316cf0e8a45f15cb4e4"},"description":"Empezamos el mes de agosto con el objetivo de disfrutar del \u00faltimo tramo del verano, que se alargar\u00e1 hasta finales de septiembre. Para no dejar escapar ni una sola de las propuestas de la oferta gastron\u00f3mica y festiva espa\u00f1ola, os proponemos diversas rutas que no os pod\u00e9is perder.","breadcrumb":{"@id":"https:\/\/www.fagorprofessional.com\/blog\/es\/apetitosas-rutas-verano\/#breadcrumb"},"inLanguage":"es","potentialAction":[{"@type":"ReadAction","target":["https:\/\/www.fagorprofessional.com\/blog\/es\/apetitosas-rutas-verano\/"]}]},{"@type":"ImageObject","inLanguage":"es","@id":"https:\/\/www.fagorprofessional.com\/blog\/es\/apetitosas-rutas-verano\/#primaryimage","url":"","contentUrl":""},{"@type":"BreadcrumbList","@id":"https:\/\/www.fagorprofessional.com\/blog\/es\/apetitosas-rutas-verano\/#breadcrumb","itemListElement":[{"@type":"ListItem","position":1,"name":"Fagor Professional Blog","item":"https:\/\/www.fagorprofessional.com\/blog\/"},{"@type":"ListItem","position":2,"name":"Tendencias y consejos","item":"https:\/\/www.fagorprofessional.com\/blog\/es\/tendencias-y-consejos\/"},{"@type":"ListItem","position":3,"name":"Apetitosas rutas de verano"}]},{"@type":"WebSite","@id":"https:\/\/www.fagorprofessional.com\/blog\/#website","url":"https:\/\/www.fagorprofessional.com\/blog\/","name":"Fagor Professional&#039;s Blog","description":"Fagor Professional&#039;s Blog","potentialAction":[{"@type":"SearchAction","target":{"@type":"EntryPoint","urlTemplate":"https:\/\/www.fagorprofessional.com\/blog\/?s={search_term_string}"},"query-input":{"@type":"PropertyValueSpecification","valueRequired":true,"valueName":"search_term_string"}}],"inLanguage":"es"},{"@type":"Person","@id":"https:\/\/www.fagorprofessional.com\/blog\/#\/schema\/person\/c2dc508ffda39316cf0e8a45f15cb4e4","name":"admin","image":{"@type":"ImageObject","inLanguage":"es","@id":"https:\/\/secure.gravatar.com\/avatar\/af0a4c336046e868f98b17f2a27b6f9426e8aba09b92828569a3ca2b54e3d91c?s=96&d=mm&r=g","url":"https:\/\/secure.gravatar.com\/avatar\/af0a4c336046e868f98b17f2a27b6f9426e8aba09b92828569a3ca2b54e3d91c?s=96&d=mm&r=g","contentUrl":"https:\/\/secure.gravatar.com\/avatar\/af0a4c336046e868f98b17f2a27b6f9426e8aba09b92828569a3ca2b54e3d91c?s=96&d=mm&r=g","caption":"admin"},"sameAs":["https:\/\/www.fagorprofessional.com\/blog"]}]}},"_links":{"self":[{"href":"https:\/\/www.fagorprofessional.com\/blog\/wp-json\/wp\/v2\/posts\/2002","targetHints":{"allow":["GET"]}}],"collection":[{"href":"https:\/\/www.fagorprofessional.com\/blog\/wp-json\/wp\/v2\/posts"}],"about":[{"href":"https:\/\/www.fagorprofessional.com\/blog\/wp-json\/wp\/v2\/types\/post"}],"author":[{"embeddable":true,"href":"https:\/\/www.fagorprofessional.com\/blog\/wp-json\/wp\/v2\/users\/1"}],"replies":[{"embeddable":true,"href":"https:\/\/www.fagorprofessional.com\/blog\/wp-json\/wp\/v2\/comments?post=2002"}],"version-history":[{"count":5,"href":"https:\/\/www.fagorprofessional.com\/blog\/wp-json\/wp\/v2\/posts\/2002\/revisions"}],"predecessor-version":[{"id":490577,"href":"https:\/\/www.fagorprofessional.com\/blog\/wp-json\/wp\/v2\/posts\/2002\/revisions\/490577"}],"wp:featuredmedia":[{"embeddable":true,"href":"https:\/\/www.fagorprofessional.com\/blog\/wp-json\/"}],"wp:attachment":[{"href":"https:\/\/www.fagorprofessional.com\/blog\/wp-json\/wp\/v2\/media?parent=2002"}],"wp:term":[{"taxonomy":"category","embeddable":true,"href":"https:\/\/www.fagorprofessional.com\/blog\/wp-json\/wp\/v2\/categories?post=2002"},{"taxonomy":"post_tag","embeddable":true,"href":"https:\/\/www.fagorprofessional.com\/blog\/wp-json\/wp\/v2\/tags?post=2002"}],"curies":[{"name":"wp","href":"https:\/\/api.w.org\/{rel}","templated":true}]}}