{"id":2086,"date":"2013-09-13T11:23:00","date_gmt":"2013-09-13T09:23:00","guid":{"rendered":"https:\/\/www.fagorprofessional.com\/blog\/?p=2086"},"modified":"2024-04-19T11:01:49","modified_gmt":"2024-04-19T11:01:49","slug":"filmoteca-gastronomica","status":"publish","type":"post","link":"https:\/\/www.fagorprofessional.com\/blog\/es\/filmoteca-gastronomica\/","title":{"rendered":"Filmoteca gastron\u00f3mica"},"content":{"rendered":"<p>Faltan horas para que comience el fin de semana, y si lo que te apetece\u00a0es descansar y reponer fuerzas, tenemos el plan perfecto para ti. Hace tan solo un par de semanas\u00a0hac\u00ed\u00adamos\u00a0un repaso por algunos <strong>libros gastron\u00f3micos<\/strong> imprescindibles para este verano. Esta vez toca tirar de filmoteca para proponerte algunas <a href=\"https:\/\/www.fagorprofessional.com\/blog\/es\/cine-cocina-peliculas-chuparse-dedos\/\" target=\"_blank\" rel=\"noopener\"><strong>pel\u00ed\u00adculas en las que el arte culinario se convierte en el tema principal<\/strong><\/a>. Con esta selecci\u00f3n que hemos hecho, podr\u00e1s disfrutar de algunos platos exquisitos, tomar nota de sencillas recetas a la vez que aprendes el funcionamiento de los grandes restaurantes, o simplemente puedes dejarte llevar y disfrutar, pero siempre acompa\u00f1ado de un trozo de chocolate.<\/p>\n<p><strong><a href=\"http:\/blog.fagorindustrial.com\/wp-content\/uploads\/2013\/09\/captura-de-pantalla-2013-09-06-a-las-11.32.44.png\"><img class=\"lazyload\" class=\"\" alt=\"\" width=\"\" height=\"\" \/><img decoding=\"async\" class=\"lazyload\" src=\"data:image\/gif;base64,R0lGODlhAQABAIAAAAAAAP\/\/\/yH5BAEAAAAALAAAAAABAAEAAAIBRAA7\" data-src=\"https:\/\/www.fagorprofessional.com\/blog\/wp-content\/uploads\/2013\/09\/Captura-de-pantalla-2013-09-06-a-las-11.32.44-150x150.png\" \/><noscript><img decoding=\"async\" class=\"lazyload\" src=\"https:\/\/www.fagorprofessional.com\/blog\/wp-content\/uploads\/2013\/09\/Captura-de-pantalla-2013-09-06-a-las-11.32.44-150x150.png\" \/><\/noscript><\/a><\/strong><\/p>\n<p><strong><br \/>\n<\/strong>Bon App\u00e9tit: El protagonista de esta pel\u00ed\u00adcula es un joven y ambicioso chef espa\u00f1ol que acaba de conseguir su sue\u00f1o: una plaza en un <strong>prestigioso restaurante de Z\u00farich<\/strong>. Su extraordinario talento como chef le servir\u00e1 para progresar en la exigente restaurante. Una trama entretenida con una banda sonora impecable, que os permitir\u00e1 <strong>disfrutar de la gastronom\u00ed\u00ada<\/strong>.<\/p>\n<p><strong><img class=\"lazyload\" class=\"\" alt=\"\" width=\"\" height=\"\" \/><img decoding=\"async\" class=\"lazyload\" src=\"data:image\/gif;base64,R0lGODlhAQABAIAAAAAAAP\/\/\/yH5BAEAAAAALAAAAAABAAEAAAIBRAA7\" data-src=\"http:\/\/pics.filmaffinity.com\/Julie_y_Julia-246106532-large.jpg\" alt=\"Julie &amp; Julia\" \/><noscript><img decoding=\"async\" class=\"lazyload\" src=\"http:\/\/pics.filmaffinity.com\/Julie_y_Julia-246106532-large.jpg\" alt=\"Julie &amp; Julia\" \/><\/noscript><br \/>\n<\/strong><strong>Julie &amp; Julia: <\/strong>Se trata de una\u00a0comedia protagonizada por\u00a0<strong>Meryl Streep<\/strong> y\u00a0<strong>Amy Adams<\/strong>. La pel\u00ed\u00adcula narra la vida de la chef Julia Child en los primeros a\u00f1os de su carrera culinaria mientras estudiaba en <strong>Le Cordon Bleu<\/strong> de Paris, considerada una de las mejores escuelas de cocina. Por otro lado\u00a0Julie Powell aspira a cocinar 50 a\u00f1os despu\u00e9s, las 524 recetas del libro de cocina de Child durante un a\u00f1o. Con esta master class de 120 minutos, adem\u00e1s de re\u00ed\u00adrte, podr\u00e1s tomar nota de algunas exquisitas\u00a0recetas para dejar boquiabiertos a tus invitados.<\/p>\n<p><a href=\"http:\/blog.fagorindustrial.com\/wp-content\/uploads\/2013\/09\/captura-de-pantalla-2013-09-13-a-las-11.21.21.png\"><img class=\"lazyload\" class=\"\" alt=\"\" width=\"\" height=\"\" \/><img decoding=\"async\" class=\"lazyload\" src=\"data:image\/gif;base64,R0lGODlhAQABAIAAAAAAAP\/\/\/yH5BAEAAAAALAAAAAABAAEAAAIBRAA7\" data-src=\"https:\/\/www.fagorprofessional.com\/blog\/wp-content\/uploads\/2013\/09\/Captura-de-pantalla-2013-09-13-a-las-11.21.21.png\" \/><noscript><img decoding=\"async\" class=\"lazyload\" src=\"https:\/\/www.fagorprofessional.com\/blog\/wp-content\/uploads\/2013\/09\/Captura-de-pantalla-2013-09-13-a-las-11.21.21.png\" \/><\/noscript><\/a><\/p>\n<p>American cuisine: Cualquier cocinero sue\u00f1a con igualar el talento de uno de los m\u00e1s prestigiosos chefs de la cocina francesa, <strong>Louis Boyer<\/strong>, y eso es precisamente lo que pretende el protagonista de esta pel\u00ed\u00adcula, <strong>Loren Collins<\/strong>, alberga el sue\u00f1o de compartir fogones con \u00e9l. Las posibilidades de hacerlo realidad parecen nulas: no tiene formaci\u00f3n en una alta escuela de cocina, trabaja para el ej\u00e9rcito de los EE.UU y adem\u00e1s, es un ciudadano americano. Sin embargo, decide apostar por su sue\u00f1o y marcharse para Francia para <strong>trabajar entre fogones<\/strong>. Una interesante comedia gastron\u00f3mica, en la que los amantes de la cocina podr\u00e1n descubrir los entresijos y el funcionamiento de un gran restaurante franc\u00e9s.<\/p>\n<p><strong><a href=\"http:\/blog.fagorindustrial.com\/wp-content\/uploads\/2013\/09\/captura-de-pantalla-2013-09-13-a-las-09.27.54.png\"><img class=\"lazyload\" class=\"\" alt=\"\" width=\"\" height=\"\" \/><img decoding=\"async\" class=\"lazyload\" src=\"data:image\/gif;base64,R0lGODlhAQABAIAAAAAAAP\/\/\/yH5BAEAAAAALAAAAAABAAEAAAIBRAA7\" data-src=\"https:\/\/www.fagorprofessional.com\/blog\/wp-content\/uploads\/2013\/09\/Captura-de-pantalla-2013-09-13-a-las-09.27.54-247x300.png\" \/><noscript><img decoding=\"async\" class=\"lazyload\" src=\"https:\/\/www.fagorprofessional.com\/blog\/wp-content\/uploads\/2013\/09\/Captura-de-pantalla-2013-09-13-a-las-09.27.54-247x300.png\" \/><\/noscript><\/a><\/strong><\/p>\n<p><strong><br \/>\n<\/strong><strong>Charlie y la f\u00e1brica de chocolate: <\/strong>El toque m\u00e1s dulce lo pone esta pel\u00ed\u00adcula dirigida por <strong>Tim Burton <\/strong>y protagonizada por <strong>Johnny Depp<\/strong>. El largometraje narra la historia de Charlie Bucket, un ni\u00f1o de familia humilde que gana un concurso junto con cuatro ni\u00f1os de diferentes partes del mundo, donde podr\u00e1n disfrutar de una visita a la gigantesca f\u00e1brica de chocolate dirigida por el exc\u00e9ntrico Willy Wonka y su equipo de Oompa-Loompas. La f\u00e1brica se parece a un mundo fant\u00e1stico y m\u00e1gico lleno de diferentes sabores, donde e<strong>l chocolate y los dulces nos invadir\u00e1n durante toda la pel\u00ed\u00adcula.<\/strong><\/p>\n","protected":false},"excerpt":{"rendered":"<p>Faltan horas para que comience el fin de semana, y si lo que te apetece\u00a0es descansar y reponer fuerzas, tenemos el plan perfecto para ti. Hace tan solo un par de semanas\u00a0hac\u00ed\u00adamos\u00a0un repaso por algunos libros gastron\u00f3micos imprescindibles para este verano. Esta vez toca tirar de filmoteca para proponerte algunas pel\u00ed\u00adculas en las que el&#8230;<\/p>\n","protected":false},"author":1,"featured_media":1,"comment_status":"open","ping_status":"open","sticky":false,"template":"","format":"standard","meta":{"_acf_changed":false,"footnotes":""},"categories":[7],"tags":[],"class_list":["post-2086","post","type-post","status-publish","format-standard","has-post-thumbnail","hentry","category-tendencias-y-consejos"],"acf":[],"yoast_head":"<!-- This site is optimized with the Yoast SEO plugin v27.5 - https:\/\/yoast.com\/product\/yoast-seo-wordpress\/ -->\n<title>Conoce la filmoteca de gastronom\u00eda<\/title>\n<meta name=\"description\" content=\"Esta vez toca tirar de filmoteca para proponerte algunas pel\u00edculas en las que el arte culinario se convierte en el tema principal.\" \/>\n<meta name=\"robots\" content=\"index, follow, max-snippet:-1, max-image-preview:large, max-video-preview:-1\" \/>\n<link rel=\"canonical\" href=\"https:\/\/www.fagorprofessional.com\/blog\/es\/filmoteca-gastronomica\/\" \/>\n<meta property=\"og:locale\" content=\"es_ES\" \/>\n<meta property=\"og:type\" content=\"article\" \/>\n<meta property=\"og:title\" content=\"Conoce la filmoteca de gastronom\u00eda\" \/>\n<meta property=\"og:description\" content=\"Esta vez toca tirar de filmoteca para proponerte algunas pel\u00edculas en las que el arte culinario se convierte en el tema principal.\" \/>\n<meta property=\"og:url\" content=\"https:\/\/www.fagorprofessional.com\/blog\/es\/filmoteca-gastronomica\/\" \/>\n<meta property=\"og:site_name\" content=\"Fagor Professional&#039;s Blog\" \/>\n<meta property=\"article:published_time\" content=\"2013-09-13T09:23:00+00:00\" \/>\n<meta property=\"article:modified_time\" content=\"2024-04-19T11:01:49+00:00\" \/>\n<meta name=\"author\" content=\"admin\" \/>\n<meta name=\"twitter:card\" content=\"summary_large_image\" \/>\n<meta name=\"twitter:label1\" content=\"Escrito por\" \/>\n\t<meta name=\"twitter:data1\" content=\"admin\" \/>\n\t<meta name=\"twitter:label2\" content=\"Tiempo de lectura\" \/>\n\t<meta name=\"twitter:data2\" content=\"4 minutos\" \/>\n<script type=\"application\/ld+json\" class=\"yoast-schema-graph\">{\"@context\":\"https:\\\/\\\/schema.org\",\"@graph\":[{\"@type\":\"Article\",\"@id\":\"https:\\\/\\\/www.fagorprofessional.com\\\/blog\\\/es\\\/filmoteca-gastronomica\\\/#article\",\"isPartOf\":{\"@id\":\"https:\\\/\\\/www.fagorprofessional.com\\\/blog\\\/es\\\/filmoteca-gastronomica\\\/\"},\"author\":{\"name\":\"admin\",\"@id\":\"https:\\\/\\\/www.fagorprofessional.com\\\/blog\\\/#\\\/schema\\\/person\\\/c2dc508ffda39316cf0e8a45f15cb4e4\"},\"headline\":\"Filmoteca gastron\u00f3mica\",\"datePublished\":\"2013-09-13T09:23:00+00:00\",\"dateModified\":\"2024-04-19T11:01:49+00:00\",\"mainEntityOfPage\":{\"@id\":\"https:\\\/\\\/www.fagorprofessional.com\\\/blog\\\/es\\\/filmoteca-gastronomica\\\/\"},\"wordCount\":515,\"commentCount\":0,\"image\":{\"@id\":\"https:\\\/\\\/www.fagorprofessional.com\\\/blog\\\/es\\\/filmoteca-gastronomica\\\/#primaryimage\"},\"thumbnailUrl\":\"\",\"articleSection\":[\"Tendencias y consejos\"],\"inLanguage\":\"es\",\"potentialAction\":[{\"@type\":\"CommentAction\",\"name\":\"Comment\",\"target\":[\"https:\\\/\\\/www.fagorprofessional.com\\\/blog\\\/es\\\/filmoteca-gastronomica\\\/#respond\"]}]},{\"@type\":\"WebPage\",\"@id\":\"https:\\\/\\\/www.fagorprofessional.com\\\/blog\\\/es\\\/filmoteca-gastronomica\\\/\",\"url\":\"https:\\\/\\\/www.fagorprofessional.com\\\/blog\\\/es\\\/filmoteca-gastronomica\\\/\",\"name\":\"Conoce la filmoteca de gastronom\u00eda\",\"isPartOf\":{\"@id\":\"https:\\\/\\\/www.fagorprofessional.com\\\/blog\\\/#website\"},\"primaryImageOfPage\":{\"@id\":\"https:\\\/\\\/www.fagorprofessional.com\\\/blog\\\/es\\\/filmoteca-gastronomica\\\/#primaryimage\"},\"image\":{\"@id\":\"https:\\\/\\\/www.fagorprofessional.com\\\/blog\\\/es\\\/filmoteca-gastronomica\\\/#primaryimage\"},\"thumbnailUrl\":\"\",\"datePublished\":\"2013-09-13T09:23:00+00:00\",\"dateModified\":\"2024-04-19T11:01:49+00:00\",\"author\":{\"@id\":\"https:\\\/\\\/www.fagorprofessional.com\\\/blog\\\/#\\\/schema\\\/person\\\/c2dc508ffda39316cf0e8a45f15cb4e4\"},\"description\":\"Esta vez toca tirar de filmoteca para proponerte algunas pel\u00edculas en las que el arte culinario se convierte en el tema principal.\",\"breadcrumb\":{\"@id\":\"https:\\\/\\\/www.fagorprofessional.com\\\/blog\\\/es\\\/filmoteca-gastronomica\\\/#breadcrumb\"},\"inLanguage\":\"es\",\"potentialAction\":[{\"@type\":\"ReadAction\",\"target\":[\"https:\\\/\\\/www.fagorprofessional.com\\\/blog\\\/es\\\/filmoteca-gastronomica\\\/\"]}]},{\"@type\":\"ImageObject\",\"inLanguage\":\"es\",\"@id\":\"https:\\\/\\\/www.fagorprofessional.com\\\/blog\\\/es\\\/filmoteca-gastronomica\\\/#primaryimage\",\"url\":\"\",\"contentUrl\":\"\"},{\"@type\":\"BreadcrumbList\",\"@id\":\"https:\\\/\\\/www.fagorprofessional.com\\\/blog\\\/es\\\/filmoteca-gastronomica\\\/#breadcrumb\",\"itemListElement\":[{\"@type\":\"ListItem\",\"position\":1,\"name\":\"Fagor Professional Blog\",\"item\":\"https:\\\/\\\/www.fagorprofessional.com\\\/blog\\\/\"},{\"@type\":\"ListItem\",\"position\":2,\"name\":\"Tendencias y consejos\",\"item\":\"https:\\\/\\\/www.fagorprofessional.com\\\/blog\\\/es\\\/tendencias-y-consejos\\\/\"},{\"@type\":\"ListItem\",\"position\":3,\"name\":\"Filmoteca gastron\u00f3mica\"}]},{\"@type\":\"WebSite\",\"@id\":\"https:\\\/\\\/www.fagorprofessional.com\\\/blog\\\/#website\",\"url\":\"https:\\\/\\\/www.fagorprofessional.com\\\/blog\\\/\",\"name\":\"Fagor Professional&#039;s Blog\",\"description\":\"Fagor Professional&#039;s Blog\",\"potentialAction\":[{\"@type\":\"SearchAction\",\"target\":{\"@type\":\"EntryPoint\",\"urlTemplate\":\"https:\\\/\\\/www.fagorprofessional.com\\\/blog\\\/?s={search_term_string}\"},\"query-input\":{\"@type\":\"PropertyValueSpecification\",\"valueRequired\":true,\"valueName\":\"search_term_string\"}}],\"inLanguage\":\"es\"},{\"@type\":\"Person\",\"@id\":\"https:\\\/\\\/www.fagorprofessional.com\\\/blog\\\/#\\\/schema\\\/person\\\/c2dc508ffda39316cf0e8a45f15cb4e4\",\"name\":\"admin\",\"image\":{\"@type\":\"ImageObject\",\"inLanguage\":\"es\",\"@id\":\"https:\\\/\\\/secure.gravatar.com\\\/avatar\\\/af0a4c336046e868f98b17f2a27b6f9426e8aba09b92828569a3ca2b54e3d91c?s=96&d=mm&r=g\",\"url\":\"https:\\\/\\\/secure.gravatar.com\\\/avatar\\\/af0a4c336046e868f98b17f2a27b6f9426e8aba09b92828569a3ca2b54e3d91c?s=96&d=mm&r=g\",\"contentUrl\":\"https:\\\/\\\/secure.gravatar.com\\\/avatar\\\/af0a4c336046e868f98b17f2a27b6f9426e8aba09b92828569a3ca2b54e3d91c?s=96&d=mm&r=g\",\"caption\":\"admin\"},\"sameAs\":[\"https:\\\/\\\/www.fagorprofessional.com\\\/blog\"]}]}<\/script>\n<!-- \/ Yoast SEO plugin. -->","yoast_head_json":{"title":"Conoce la filmoteca de gastronom\u00eda","description":"Esta vez toca tirar de filmoteca para proponerte algunas pel\u00edculas en las que el arte culinario se convierte en el tema principal.","robots":{"index":"index","follow":"follow","max-snippet":"max-snippet:-1","max-image-preview":"max-image-preview:large","max-video-preview":"max-video-preview:-1"},"canonical":"https:\/\/www.fagorprofessional.com\/blog\/es\/filmoteca-gastronomica\/","og_locale":"es_ES","og_type":"article","og_title":"Conoce la filmoteca de gastronom\u00eda","og_description":"Esta vez toca tirar de filmoteca para proponerte algunas pel\u00edculas en las que el arte culinario se convierte en el tema principal.","og_url":"https:\/\/www.fagorprofessional.com\/blog\/es\/filmoteca-gastronomica\/","og_site_name":"Fagor Professional&#039;s Blog","article_published_time":"2013-09-13T09:23:00+00:00","article_modified_time":"2024-04-19T11:01:49+00:00","author":"admin","twitter_card":"summary_large_image","twitter_misc":{"Escrito por":"admin","Tiempo de lectura":"4 minutos"},"schema":{"@context":"https:\/\/schema.org","@graph":[{"@type":"Article","@id":"https:\/\/www.fagorprofessional.com\/blog\/es\/filmoteca-gastronomica\/#article","isPartOf":{"@id":"https:\/\/www.fagorprofessional.com\/blog\/es\/filmoteca-gastronomica\/"},"author":{"name":"admin","@id":"https:\/\/www.fagorprofessional.com\/blog\/#\/schema\/person\/c2dc508ffda39316cf0e8a45f15cb4e4"},"headline":"Filmoteca gastron\u00f3mica","datePublished":"2013-09-13T09:23:00+00:00","dateModified":"2024-04-19T11:01:49+00:00","mainEntityOfPage":{"@id":"https:\/\/www.fagorprofessional.com\/blog\/es\/filmoteca-gastronomica\/"},"wordCount":515,"commentCount":0,"image":{"@id":"https:\/\/www.fagorprofessional.com\/blog\/es\/filmoteca-gastronomica\/#primaryimage"},"thumbnailUrl":"","articleSection":["Tendencias y consejos"],"inLanguage":"es","potentialAction":[{"@type":"CommentAction","name":"Comment","target":["https:\/\/www.fagorprofessional.com\/blog\/es\/filmoteca-gastronomica\/#respond"]}]},{"@type":"WebPage","@id":"https:\/\/www.fagorprofessional.com\/blog\/es\/filmoteca-gastronomica\/","url":"https:\/\/www.fagorprofessional.com\/blog\/es\/filmoteca-gastronomica\/","name":"Conoce la filmoteca de gastronom\u00eda","isPartOf":{"@id":"https:\/\/www.fagorprofessional.com\/blog\/#website"},"primaryImageOfPage":{"@id":"https:\/\/www.fagorprofessional.com\/blog\/es\/filmoteca-gastronomica\/#primaryimage"},"image":{"@id":"https:\/\/www.fagorprofessional.com\/blog\/es\/filmoteca-gastronomica\/#primaryimage"},"thumbnailUrl":"","datePublished":"2013-09-13T09:23:00+00:00","dateModified":"2024-04-19T11:01:49+00:00","author":{"@id":"https:\/\/www.fagorprofessional.com\/blog\/#\/schema\/person\/c2dc508ffda39316cf0e8a45f15cb4e4"},"description":"Esta vez toca tirar de filmoteca para proponerte algunas pel\u00edculas en las que el arte culinario se convierte en el tema principal.","breadcrumb":{"@id":"https:\/\/www.fagorprofessional.com\/blog\/es\/filmoteca-gastronomica\/#breadcrumb"},"inLanguage":"es","potentialAction":[{"@type":"ReadAction","target":["https:\/\/www.fagorprofessional.com\/blog\/es\/filmoteca-gastronomica\/"]}]},{"@type":"ImageObject","inLanguage":"es","@id":"https:\/\/www.fagorprofessional.com\/blog\/es\/filmoteca-gastronomica\/#primaryimage","url":"","contentUrl":""},{"@type":"BreadcrumbList","@id":"https:\/\/www.fagorprofessional.com\/blog\/es\/filmoteca-gastronomica\/#breadcrumb","itemListElement":[{"@type":"ListItem","position":1,"name":"Fagor Professional Blog","item":"https:\/\/www.fagorprofessional.com\/blog\/"},{"@type":"ListItem","position":2,"name":"Tendencias y consejos","item":"https:\/\/www.fagorprofessional.com\/blog\/es\/tendencias-y-consejos\/"},{"@type":"ListItem","position":3,"name":"Filmoteca gastron\u00f3mica"}]},{"@type":"WebSite","@id":"https:\/\/www.fagorprofessional.com\/blog\/#website","url":"https:\/\/www.fagorprofessional.com\/blog\/","name":"Fagor Professional&#039;s Blog","description":"Fagor Professional&#039;s Blog","potentialAction":[{"@type":"SearchAction","target":{"@type":"EntryPoint","urlTemplate":"https:\/\/www.fagorprofessional.com\/blog\/?s={search_term_string}"},"query-input":{"@type":"PropertyValueSpecification","valueRequired":true,"valueName":"search_term_string"}}],"inLanguage":"es"},{"@type":"Person","@id":"https:\/\/www.fagorprofessional.com\/blog\/#\/schema\/person\/c2dc508ffda39316cf0e8a45f15cb4e4","name":"admin","image":{"@type":"ImageObject","inLanguage":"es","@id":"https:\/\/secure.gravatar.com\/avatar\/af0a4c336046e868f98b17f2a27b6f9426e8aba09b92828569a3ca2b54e3d91c?s=96&d=mm&r=g","url":"https:\/\/secure.gravatar.com\/avatar\/af0a4c336046e868f98b17f2a27b6f9426e8aba09b92828569a3ca2b54e3d91c?s=96&d=mm&r=g","contentUrl":"https:\/\/secure.gravatar.com\/avatar\/af0a4c336046e868f98b17f2a27b6f9426e8aba09b92828569a3ca2b54e3d91c?s=96&d=mm&r=g","caption":"admin"},"sameAs":["https:\/\/www.fagorprofessional.com\/blog"]}]}},"_links":{"self":[{"href":"https:\/\/www.fagorprofessional.com\/blog\/wp-json\/wp\/v2\/posts\/2086","targetHints":{"allow":["GET"]}}],"collection":[{"href":"https:\/\/www.fagorprofessional.com\/blog\/wp-json\/wp\/v2\/posts"}],"about":[{"href":"https:\/\/www.fagorprofessional.com\/blog\/wp-json\/wp\/v2\/types\/post"}],"author":[{"embeddable":true,"href":"https:\/\/www.fagorprofessional.com\/blog\/wp-json\/wp\/v2\/users\/1"}],"replies":[{"embeddable":true,"href":"https:\/\/www.fagorprofessional.com\/blog\/wp-json\/wp\/v2\/comments?post=2086"}],"version-history":[{"count":5,"href":"https:\/\/www.fagorprofessional.com\/blog\/wp-json\/wp\/v2\/posts\/2086\/revisions"}],"predecessor-version":[{"id":490581,"href":"https:\/\/www.fagorprofessional.com\/blog\/wp-json\/wp\/v2\/posts\/2086\/revisions\/490581"}],"wp:featuredmedia":[{"embeddable":true,"href":"https:\/\/www.fagorprofessional.com\/blog\/wp-json\/"}],"wp:attachment":[{"href":"https:\/\/www.fagorprofessional.com\/blog\/wp-json\/wp\/v2\/media?parent=2086"}],"wp:term":[{"taxonomy":"category","embeddable":true,"href":"https:\/\/www.fagorprofessional.com\/blog\/wp-json\/wp\/v2\/categories?post=2086"},{"taxonomy":"post_tag","embeddable":true,"href":"https:\/\/www.fagorprofessional.com\/blog\/wp-json\/wp\/v2\/tags?post=2086"}],"curies":[{"name":"wp","href":"https:\/\/api.w.org\/{rel}","templated":true}]}}