{"id":2156,"date":"2013-09-20T11:18:00","date_gmt":"2013-09-20T09:18:00","guid":{"rendered":"https:\/\/www.fagorprofessional.com\/blog\/?p=2156"},"modified":"2022-11-24T09:15:58","modified_gmt":"2022-11-24T09:15:58","slug":"gastronomia-despedir-verano","status":"publish","type":"post","link":"https:\/\/www.fagorprofessional.com\/blog\/es\/gastronomia-despedir-verano\/","title":{"rendered":"Gastronom\u00eda para despedir el verano"},"content":{"rendered":"<p><a href=\"http:\/blog.fagorindustrial.com\/wp-content\/uploads\/2013\/09\/1024604880_eb2fc5ad7c.jpg\"><img class=\"lazyload\" class=\"\" alt=\"\" width=\"\" height=\"\" \/><\/a><\/p>\n<p><img decoding=\"async\" class=\"lazyload\" src=\"data:image\/gif;base64,R0lGODlhAQABAIAAAAAAAP\/\/\/yH5BAEAAAAALAAAAAABAAEAAAIBRAA7\" data-src=\"https:\/\/www.fagorprofessional.com\/blog\/wp-content\/uploads\/2013\/09\/1024604880_eb2fc5ad7c-150x150.jpg\" \/><noscript><img decoding=\"async\" class=\"lazyload\" src=\"https:\/\/www.fagorprofessional.com\/blog\/wp-content\/uploads\/2013\/09\/1024604880_eb2fc5ad7c-150x150.jpg\" \/><\/noscript><\/p>\n<p>El oto\u00f1o ya est\u00e1 llamando a nuestras puertas, los chiringuitos, la playa, y las noches largas de verano dentro de poco dar\u00e1n \u00a0paso a los abrigos, los gorros y a los platos de cuchara. La gastronom\u00ed\u00ada no pod\u00ed\u00ada ser menos y tambi\u00e9n se adapta seg\u00fan cambiamos de estaci\u00f3n. Por mucho que nos queramos resistir, ma\u00f1ana nos despediremos de la temporada estival, y no se nos ocurre mejor forma de despedirla que degustando unos <strong>sencillos platos t\u00ed\u00adpicos de verano<\/strong>.<\/p>\n<p>Si hay alg\u00fan plato por excelencia durante el verano es el <strong>gazpacho<\/strong>, y es que esta sencilla receta de tomate, pan, pepino, pimiento verde y pimiento rojo combina a la perfecci\u00f3n con cualquier plato. Por sencillo que parezca hasta el mejor chef del mundo no puede evitar sucumbir a este sencillo manjar, a <strong>Ferr\u00e1n Adri\u00e1<\/strong> le gusta combinarlo con marisco, y es que va a la perfecci\u00f3n con el plato estrella del verano. Nunca una receta tan sana ha estado tan rica, adem\u00e1s puedes darle tu toque personal, puedes a\u00f1adirle manzana, zanahoria, y si te aventuras a ser un cocinero vanguardista por un d\u00ed\u00ada, prueba con nuevos sabores como la sand\u00ed\u00ada.<\/p>\n<p><img decoding=\"async\" class=\"lazyload\" src=\"data:image\/gif;base64,R0lGODlhAQABAIAAAAAAAP\/\/\/yH5BAEAAAAALAAAAAABAAEAAAIBRAA7\" data-src=\"https:\/\/www.fagorprofessional.com\/blog\/wp-content\/uploads\/2013\/09\/5224726325_0cb7b6e3024-150x150.jpg\" \/><noscript><img decoding=\"async\" class=\"lazyload\" src=\"https:\/\/www.fagorprofessional.com\/blog\/wp-content\/uploads\/2013\/09\/5224726325_0cb7b6e3024-150x150.jpg\" \/><\/noscript><\/p>\n<p><img class=\"lazyload\" class=\"\" alt=\"\" width=\"\" height=\"\" \/><\/p>\n<p>Si el gazpacho es el plato estrella del verano, el segundo es la <strong>ensalada<\/strong>, ligera, fresca y muy saludable. Adem\u00e1s es la mejor opci\u00f3n cuando no tenemos mucho tiempo, hay infinidad decombinaciones y de ingredientes para hacer el plato perfecto, prueba a echarle frutos secos, naranja, pi\u00f1a, gulas, salm\u00f3n\u2026S\u00f3lo tienes que echarle imaginaci\u00f3n, mezclar nuevos sabores y darle el toque final con ali\u00f1o de lim\u00f3n.<\/p>\n<p>Por \u00faltimo, te proponemos una bebida de lo m\u00e1s refrescante, <strong>limonada de pi\u00f1a con jengibre<\/strong>, es muy sencillo, s\u00f3lo tienes que retirar toda la corteza de la pi\u00f1a y trocearla. Por otro lado pelar y picar el\u00a0jengibre, y exprime el zumo de\u00a0lim\u00f3n. Coloca todos los ingredientes en el vaso de la batidora y trit\u00faralo bien hasta que quede sin grumos. \u00e9chale az\u00facar para darle el punto de dulzor, d\u00e9jala enfriar en la nevera y voil\u00ed\u00a0, ya tienes el men\u00fa perfecto para despedir el verano.<\/p>\n","protected":false},"excerpt":{"rendered":"<p>El oto\u00f1o ya est\u00e1 llamando a nuestras puertas, los chiringuitos, la playa, y las noches largas de verano dentro de poco dar\u00e1n \u00a0paso a los abrigos, los gorros y a los platos de cuchara. La gastronom\u00ed\u00ada no pod\u00ed\u00ada ser menos y tambi\u00e9n se adapta seg\u00fan cambiamos de estaci\u00f3n. Por mucho que nos queramos resistir, ma\u00f1ana&#8230;<\/p>\n","protected":false},"author":1,"featured_media":1,"comment_status":"open","ping_status":"open","sticky":false,"template":"","format":"standard","meta":{"_acf_changed":false,"footnotes":""},"categories":[7],"tags":[],"class_list":["post-2156","post","type-post","status-publish","format-standard","has-post-thumbnail","hentry","category-tendencias-y-consejos"],"acf":[],"yoast_head":"<!-- This site is optimized with the Yoast SEO plugin v27.4 - https:\/\/yoast.com\/product\/yoast-seo-wordpress\/ -->\n<title>Gastronom\u00eda para despedir el verano<\/title>\n<meta name=\"description\" content=\"Ma\u00f1ana nos despediremos de la temporada estival, y no se nos ocurre mejor forma de despedirla que degustando unos sencillos platos t\u00edpicos de verano.\" \/>\n<meta name=\"robots\" content=\"index, follow, max-snippet:-1, max-image-preview:large, max-video-preview:-1\" \/>\n<link rel=\"canonical\" href=\"https:\/\/www.fagorprofessional.com\/blog\/es\/gastronomia-despedir-verano\/\" \/>\n<meta property=\"og:locale\" content=\"es_ES\" \/>\n<meta property=\"og:type\" content=\"article\" \/>\n<meta property=\"og:title\" content=\"Gastronom\u00eda para despedir el verano\" \/>\n<meta property=\"og:description\" content=\"Ma\u00f1ana nos despediremos de la temporada estival, y no se nos ocurre mejor forma de despedirla que degustando unos sencillos platos t\u00edpicos de verano.\" \/>\n<meta property=\"og:url\" content=\"https:\/\/www.fagorprofessional.com\/blog\/es\/gastronomia-despedir-verano\/\" \/>\n<meta property=\"og:site_name\" content=\"Fagor Professional&#039;s Blog\" \/>\n<meta property=\"article:published_time\" content=\"2013-09-20T09:18:00+00:00\" \/>\n<meta property=\"article:modified_time\" content=\"2022-11-24T09:15:58+00:00\" \/>\n<meta name=\"author\" content=\"admin\" \/>\n<meta name=\"twitter:card\" content=\"summary_large_image\" \/>\n<meta name=\"twitter:label1\" content=\"Escrito por\" \/>\n\t<meta name=\"twitter:data1\" content=\"admin\" \/>\n\t<meta name=\"twitter:label2\" content=\"Tiempo de lectura\" \/>\n\t<meta name=\"twitter:data2\" content=\"3 minutos\" \/>\n<script type=\"application\/ld+json\" class=\"yoast-schema-graph\">{\"@context\":\"https:\\\/\\\/schema.org\",\"@graph\":[{\"@type\":\"Article\",\"@id\":\"https:\\\/\\\/www.fagorprofessional.com\\\/blog\\\/es\\\/gastronomia-despedir-verano\\\/#article\",\"isPartOf\":{\"@id\":\"https:\\\/\\\/www.fagorprofessional.com\\\/blog\\\/es\\\/gastronomia-despedir-verano\\\/\"},\"author\":{\"name\":\"admin\",\"@id\":\"https:\\\/\\\/www.fagorprofessional.com\\\/blog\\\/#\\\/schema\\\/person\\\/c2dc508ffda39316cf0e8a45f15cb4e4\"},\"headline\":\"Gastronom\u00eda para despedir el verano\",\"datePublished\":\"2013-09-20T09:18:00+00:00\",\"dateModified\":\"2022-11-24T09:15:58+00:00\",\"mainEntityOfPage\":{\"@id\":\"https:\\\/\\\/www.fagorprofessional.com\\\/blog\\\/es\\\/gastronomia-despedir-verano\\\/\"},\"wordCount\":380,\"commentCount\":0,\"image\":{\"@id\":\"https:\\\/\\\/www.fagorprofessional.com\\\/blog\\\/es\\\/gastronomia-despedir-verano\\\/#primaryimage\"},\"thumbnailUrl\":\"\",\"articleSection\":[\"Tendencias y consejos\"],\"inLanguage\":\"es\",\"potentialAction\":[{\"@type\":\"CommentAction\",\"name\":\"Comment\",\"target\":[\"https:\\\/\\\/www.fagorprofessional.com\\\/blog\\\/es\\\/gastronomia-despedir-verano\\\/#respond\"]}]},{\"@type\":\"WebPage\",\"@id\":\"https:\\\/\\\/www.fagorprofessional.com\\\/blog\\\/es\\\/gastronomia-despedir-verano\\\/\",\"url\":\"https:\\\/\\\/www.fagorprofessional.com\\\/blog\\\/es\\\/gastronomia-despedir-verano\\\/\",\"name\":\"Gastronom\u00eda para despedir el verano\",\"isPartOf\":{\"@id\":\"https:\\\/\\\/www.fagorprofessional.com\\\/blog\\\/#website\"},\"primaryImageOfPage\":{\"@id\":\"https:\\\/\\\/www.fagorprofessional.com\\\/blog\\\/es\\\/gastronomia-despedir-verano\\\/#primaryimage\"},\"image\":{\"@id\":\"https:\\\/\\\/www.fagorprofessional.com\\\/blog\\\/es\\\/gastronomia-despedir-verano\\\/#primaryimage\"},\"thumbnailUrl\":\"\",\"datePublished\":\"2013-09-20T09:18:00+00:00\",\"dateModified\":\"2022-11-24T09:15:58+00:00\",\"author\":{\"@id\":\"https:\\\/\\\/www.fagorprofessional.com\\\/blog\\\/#\\\/schema\\\/person\\\/c2dc508ffda39316cf0e8a45f15cb4e4\"},\"description\":\"Ma\u00f1ana nos despediremos de la temporada estival, y no se nos ocurre mejor forma de despedirla que degustando unos sencillos platos t\u00edpicos de verano.\",\"breadcrumb\":{\"@id\":\"https:\\\/\\\/www.fagorprofessional.com\\\/blog\\\/es\\\/gastronomia-despedir-verano\\\/#breadcrumb\"},\"inLanguage\":\"es\",\"potentialAction\":[{\"@type\":\"ReadAction\",\"target\":[\"https:\\\/\\\/www.fagorprofessional.com\\\/blog\\\/es\\\/gastronomia-despedir-verano\\\/\"]}]},{\"@type\":\"ImageObject\",\"inLanguage\":\"es\",\"@id\":\"https:\\\/\\\/www.fagorprofessional.com\\\/blog\\\/es\\\/gastronomia-despedir-verano\\\/#primaryimage\",\"url\":\"\",\"contentUrl\":\"\"},{\"@type\":\"BreadcrumbList\",\"@id\":\"https:\\\/\\\/www.fagorprofessional.com\\\/blog\\\/es\\\/gastronomia-despedir-verano\\\/#breadcrumb\",\"itemListElement\":[{\"@type\":\"ListItem\",\"position\":1,\"name\":\"Fagor Professional Blog\",\"item\":\"https:\\\/\\\/www.fagorprofessional.com\\\/blog\\\/\"},{\"@type\":\"ListItem\",\"position\":2,\"name\":\"Tendencias y consejos\",\"item\":\"https:\\\/\\\/www.fagorprofessional.com\\\/blog\\\/es\\\/tendencias-y-consejos\\\/\"},{\"@type\":\"ListItem\",\"position\":3,\"name\":\"Gastronom\u00eda para despedir el verano\"}]},{\"@type\":\"WebSite\",\"@id\":\"https:\\\/\\\/www.fagorprofessional.com\\\/blog\\\/#website\",\"url\":\"https:\\\/\\\/www.fagorprofessional.com\\\/blog\\\/\",\"name\":\"Fagor Professional&#039;s Blog\",\"description\":\"Fagor Professional&#039;s Blog\",\"potentialAction\":[{\"@type\":\"SearchAction\",\"target\":{\"@type\":\"EntryPoint\",\"urlTemplate\":\"https:\\\/\\\/www.fagorprofessional.com\\\/blog\\\/?s={search_term_string}\"},\"query-input\":{\"@type\":\"PropertyValueSpecification\",\"valueRequired\":true,\"valueName\":\"search_term_string\"}}],\"inLanguage\":\"es\"},{\"@type\":\"Person\",\"@id\":\"https:\\\/\\\/www.fagorprofessional.com\\\/blog\\\/#\\\/schema\\\/person\\\/c2dc508ffda39316cf0e8a45f15cb4e4\",\"name\":\"admin\",\"image\":{\"@type\":\"ImageObject\",\"inLanguage\":\"es\",\"@id\":\"https:\\\/\\\/secure.gravatar.com\\\/avatar\\\/af0a4c336046e868f98b17f2a27b6f9426e8aba09b92828569a3ca2b54e3d91c?s=96&d=mm&r=g\",\"url\":\"https:\\\/\\\/secure.gravatar.com\\\/avatar\\\/af0a4c336046e868f98b17f2a27b6f9426e8aba09b92828569a3ca2b54e3d91c?s=96&d=mm&r=g\",\"contentUrl\":\"https:\\\/\\\/secure.gravatar.com\\\/avatar\\\/af0a4c336046e868f98b17f2a27b6f9426e8aba09b92828569a3ca2b54e3d91c?s=96&d=mm&r=g\",\"caption\":\"admin\"},\"sameAs\":[\"https:\\\/\\\/www.fagorprofessional.com\\\/blog\"]}]}<\/script>\n<!-- \/ Yoast SEO plugin. -->","yoast_head_json":{"title":"Gastronom\u00eda para despedir el verano","description":"Ma\u00f1ana nos despediremos de la temporada estival, y no se nos ocurre mejor forma de despedirla que degustando unos sencillos platos t\u00edpicos de verano.","robots":{"index":"index","follow":"follow","max-snippet":"max-snippet:-1","max-image-preview":"max-image-preview:large","max-video-preview":"max-video-preview:-1"},"canonical":"https:\/\/www.fagorprofessional.com\/blog\/es\/gastronomia-despedir-verano\/","og_locale":"es_ES","og_type":"article","og_title":"Gastronom\u00eda para despedir el verano","og_description":"Ma\u00f1ana nos despediremos de la temporada estival, y no se nos ocurre mejor forma de despedirla que degustando unos sencillos platos t\u00edpicos de verano.","og_url":"https:\/\/www.fagorprofessional.com\/blog\/es\/gastronomia-despedir-verano\/","og_site_name":"Fagor Professional&#039;s Blog","article_published_time":"2013-09-20T09:18:00+00:00","article_modified_time":"2022-11-24T09:15:58+00:00","author":"admin","twitter_card":"summary_large_image","twitter_misc":{"Escrito por":"admin","Tiempo de lectura":"3 minutos"},"schema":{"@context":"https:\/\/schema.org","@graph":[{"@type":"Article","@id":"https:\/\/www.fagorprofessional.com\/blog\/es\/gastronomia-despedir-verano\/#article","isPartOf":{"@id":"https:\/\/www.fagorprofessional.com\/blog\/es\/gastronomia-despedir-verano\/"},"author":{"name":"admin","@id":"https:\/\/www.fagorprofessional.com\/blog\/#\/schema\/person\/c2dc508ffda39316cf0e8a45f15cb4e4"},"headline":"Gastronom\u00eda para despedir el verano","datePublished":"2013-09-20T09:18:00+00:00","dateModified":"2022-11-24T09:15:58+00:00","mainEntityOfPage":{"@id":"https:\/\/www.fagorprofessional.com\/blog\/es\/gastronomia-despedir-verano\/"},"wordCount":380,"commentCount":0,"image":{"@id":"https:\/\/www.fagorprofessional.com\/blog\/es\/gastronomia-despedir-verano\/#primaryimage"},"thumbnailUrl":"","articleSection":["Tendencias y consejos"],"inLanguage":"es","potentialAction":[{"@type":"CommentAction","name":"Comment","target":["https:\/\/www.fagorprofessional.com\/blog\/es\/gastronomia-despedir-verano\/#respond"]}]},{"@type":"WebPage","@id":"https:\/\/www.fagorprofessional.com\/blog\/es\/gastronomia-despedir-verano\/","url":"https:\/\/www.fagorprofessional.com\/blog\/es\/gastronomia-despedir-verano\/","name":"Gastronom\u00eda para despedir el verano","isPartOf":{"@id":"https:\/\/www.fagorprofessional.com\/blog\/#website"},"primaryImageOfPage":{"@id":"https:\/\/www.fagorprofessional.com\/blog\/es\/gastronomia-despedir-verano\/#primaryimage"},"image":{"@id":"https:\/\/www.fagorprofessional.com\/blog\/es\/gastronomia-despedir-verano\/#primaryimage"},"thumbnailUrl":"","datePublished":"2013-09-20T09:18:00+00:00","dateModified":"2022-11-24T09:15:58+00:00","author":{"@id":"https:\/\/www.fagorprofessional.com\/blog\/#\/schema\/person\/c2dc508ffda39316cf0e8a45f15cb4e4"},"description":"Ma\u00f1ana nos despediremos de la temporada estival, y no se nos ocurre mejor forma de despedirla que degustando unos sencillos platos t\u00edpicos de verano.","breadcrumb":{"@id":"https:\/\/www.fagorprofessional.com\/blog\/es\/gastronomia-despedir-verano\/#breadcrumb"},"inLanguage":"es","potentialAction":[{"@type":"ReadAction","target":["https:\/\/www.fagorprofessional.com\/blog\/es\/gastronomia-despedir-verano\/"]}]},{"@type":"ImageObject","inLanguage":"es","@id":"https:\/\/www.fagorprofessional.com\/blog\/es\/gastronomia-despedir-verano\/#primaryimage","url":"","contentUrl":""},{"@type":"BreadcrumbList","@id":"https:\/\/www.fagorprofessional.com\/blog\/es\/gastronomia-despedir-verano\/#breadcrumb","itemListElement":[{"@type":"ListItem","position":1,"name":"Fagor Professional Blog","item":"https:\/\/www.fagorprofessional.com\/blog\/"},{"@type":"ListItem","position":2,"name":"Tendencias y consejos","item":"https:\/\/www.fagorprofessional.com\/blog\/es\/tendencias-y-consejos\/"},{"@type":"ListItem","position":3,"name":"Gastronom\u00eda para despedir el verano"}]},{"@type":"WebSite","@id":"https:\/\/www.fagorprofessional.com\/blog\/#website","url":"https:\/\/www.fagorprofessional.com\/blog\/","name":"Fagor Professional&#039;s Blog","description":"Fagor Professional&#039;s Blog","potentialAction":[{"@type":"SearchAction","target":{"@type":"EntryPoint","urlTemplate":"https:\/\/www.fagorprofessional.com\/blog\/?s={search_term_string}"},"query-input":{"@type":"PropertyValueSpecification","valueRequired":true,"valueName":"search_term_string"}}],"inLanguage":"es"},{"@type":"Person","@id":"https:\/\/www.fagorprofessional.com\/blog\/#\/schema\/person\/c2dc508ffda39316cf0e8a45f15cb4e4","name":"admin","image":{"@type":"ImageObject","inLanguage":"es","@id":"https:\/\/secure.gravatar.com\/avatar\/af0a4c336046e868f98b17f2a27b6f9426e8aba09b92828569a3ca2b54e3d91c?s=96&d=mm&r=g","url":"https:\/\/secure.gravatar.com\/avatar\/af0a4c336046e868f98b17f2a27b6f9426e8aba09b92828569a3ca2b54e3d91c?s=96&d=mm&r=g","contentUrl":"https:\/\/secure.gravatar.com\/avatar\/af0a4c336046e868f98b17f2a27b6f9426e8aba09b92828569a3ca2b54e3d91c?s=96&d=mm&r=g","caption":"admin"},"sameAs":["https:\/\/www.fagorprofessional.com\/blog"]}]}},"_links":{"self":[{"href":"https:\/\/www.fagorprofessional.com\/blog\/wp-json\/wp\/v2\/posts\/2156","targetHints":{"allow":["GET"]}}],"collection":[{"href":"https:\/\/www.fagorprofessional.com\/blog\/wp-json\/wp\/v2\/posts"}],"about":[{"href":"https:\/\/www.fagorprofessional.com\/blog\/wp-json\/wp\/v2\/types\/post"}],"author":[{"embeddable":true,"href":"https:\/\/www.fagorprofessional.com\/blog\/wp-json\/wp\/v2\/users\/1"}],"replies":[{"embeddable":true,"href":"https:\/\/www.fagorprofessional.com\/blog\/wp-json\/wp\/v2\/comments?post=2156"}],"version-history":[{"count":5,"href":"https:\/\/www.fagorprofessional.com\/blog\/wp-json\/wp\/v2\/posts\/2156\/revisions"}],"predecessor-version":[{"id":490582,"href":"https:\/\/www.fagorprofessional.com\/blog\/wp-json\/wp\/v2\/posts\/2156\/revisions\/490582"}],"wp:featuredmedia":[{"embeddable":true,"href":"https:\/\/www.fagorprofessional.com\/blog\/wp-json\/"}],"wp:attachment":[{"href":"https:\/\/www.fagorprofessional.com\/blog\/wp-json\/wp\/v2\/media?parent=2156"}],"wp:term":[{"taxonomy":"category","embeddable":true,"href":"https:\/\/www.fagorprofessional.com\/blog\/wp-json\/wp\/v2\/categories?post=2156"},{"taxonomy":"post_tag","embeddable":true,"href":"https:\/\/www.fagorprofessional.com\/blog\/wp-json\/wp\/v2\/tags?post=2156"}],"curies":[{"name":"wp","href":"https:\/\/api.w.org\/{rel}","templated":true}]}}