{"id":2197,"date":"2013-10-15T09:31:00","date_gmt":"2013-10-15T07:31:00","guid":{"rendered":"https:\/\/www.fagorprofessional.com\/blog\/?p=2197"},"modified":"2022-11-24T11:22:11","modified_gmt":"2022-11-24T11:22:11","slug":"gastronomia-tine-verde","status":"publish","type":"post","link":"https:\/\/www.fagorprofessional.com\/blog\/es\/gastronomia-tine-verde\/","title":{"rendered":"La gastronom\u00eda se ti\u00f1e de verde"},"content":{"rendered":"<p><a href=\"http:\/blog.fagorindustrial.com\/wp-content\/uploads\/2013\/10\/3856064468_c42f4132f3.jpg\"><img class=\"lazyload\" class=\"\" alt=\"\" width=\"\" height=\"\" \/><\/a>La gastronom\u00ed\u00ada madrile\u00f1a se ti\u00f1e de verde hasta el pr\u00f3ximo 19 de octubre. Coincidiendo con la celebraci\u00f3n de Fruit Attraction (Feria internacional de Sector de Frutas y Hortalizas) y como parte de su programa Fruit Fusion, la capital celebra sus Jornadas Gastron\u00f3micas dedicadas \u00fanica y exclusivamente a las verduras. Desde el pasado s\u00e1bado, 33 establecimientos de la capital ofrecen tapas, platos y men\u00fas elaborados con productos de la huerta espa\u00f1ola.<\/p>\n<p>Dentro del programa de actividades de la feria se encuentra Fruit Fusion. Su objetivo es la promoci\u00f3n de los productos de la huerta para destacar la calidad y promover la excelencia de estos alimentos y sus infinitas posibilidades de presentaci\u00f3n y consumo dentro del canal Horeca.<\/p>\n<p>Bajo el lema \u00abDe la huerta a la mesa\u00bb van a tener lugar infinidad de demostraciones con los mejores cocineros del pa\u00ed\u00ads. Entre su amplio programa se celebrar\u00e1 la segunda edici\u00f3n del Concurso de Tapas Cocinero Verde, la conferencia 5 claves para hacer m\u00e1s rentable tu negocio, o las demostraciones de dos de los chef de los establecimientos participantes en La Ruta Semana de la Verdura Dise\u00f1ando un plato los pr\u00f3ximos d\u00ed\u00adas 17 y 18 de Octubre.<\/p>\n<p>Si estabas pensando en comenzar <a <a href=\"https:\/\/www.fagorprofessional.com\/blog\/es\/millennials-comida-sana\/\" target=\"_blank\">una vida sana<\/a> basada en una alimentaci\u00f3n equilibrada, has elegido la semana perfecta. A continuaci\u00f3n podr\u00e1s encontrar un listado con los establecimientos participantes en la Ruta de la Semana de la Verdura\u00a0 donde podr\u00e1s encontrar una amplia oferta gastron\u00f3mica elaborada a base estos productos:<\/p>\n<p><strong>RESTAURANTES EN MADRID<\/strong><br \/>\nRESTAURANTE \u00c1LBORA<br \/>\nRESTAURANTE ALGARAB\u00cdA<br \/>\nRESTAURANTE EL CAF\u00c9 DE LA \u00d3PERA<br \/>\nRESTAURANTE CHINCHA<br \/>\nRESTAURANTE FUENTES Y BONETILLO<br \/>\nRESTAURANTE LA CESTA DE RECOLETOS<br \/>\nRESTAURANTE LA CROQUETTA<br \/>\nRESTAURANTE LA DOMA, LA COCINA DE JAVIER NAVARRO<br \/>\nRESTAURANTE LA HUERTA DE TUDELA GREEN AND MORE<br \/>\nRESTAURANTE LEMPIKA<br \/>\nRESTAURANTE MEATING<br \/>\nRESTAURANTE MINCHU<br \/>\nRESTAURANTE MYVEG<br \/>\nRESTAURANTE TENGO<br \/>\nRESTAURANTE TREZE<br \/>\nVAIT PASTELER\u00cdAS<\/p>\n<p><strong>RESTAURANTES EN LA COMUNIDAD DE MADRID<\/strong><br \/>\nRESTAURANTE MONTIA<br \/>\nRESTAURANTE DE LA CALLE<br \/>\n<strong><br \/>\nRESTAURANTES EN HOTELES EN MADRID<\/strong><br \/>\nRESTAURANTE ABBA MIA<br \/>\nHOTEL ABBA MADRID<\/p>\n<p>RESTAURANTE AC MADRID FERIA<br \/>\nHOTEL AC MADRID FERIA<\/p>\n<p>RESTAURANTE EL GUERID\u00d3N<br \/>\nLOBBY BAR<br \/>\nHOTEL AUDITORIUM MADRID<\/p>\n<p>RESTAURANTE EL JARD\u00cdN DE ORFILA<br \/>\nHOTEL ORFILA<\/p>\n<p>RESTAURANTE BAR 49<br \/>\nHOTEL INTERCONTINENTAL<\/p>\n<p>RESTAURANTE-CAFETER\u00cdA GLOBAL CAF\u00c9<br \/>\nHOTEL HUSA PRINCESA<\/p>\n<p>RESTAURANTE HOLIDAY INN MADRID<br \/>\nHOTEL HOLIDAY INN MADRID<\/p>\n<p>RESTAURANTE LA BRASSERIE<br \/>\nHOTEL MELI\u00c1 CASTILLA<\/p>\n<p>RESTAURANTE LA MANZANA<br \/>\nHOTEL HESPERIA MADRID<\/p>\n<p>RESTAURANTE LA ORZA<br \/>\nHOTEL SILKEN PUERTA MADRID<\/p>\n<p>RESTAURANTE L\u00c1GRIMAS NEGRAS<br \/>\nHOTEL PUERTA AM\u00c9RICA MADRID<\/p>\n<p>RESTAURANTE MAGERIT<br \/>\nHOTEL NH EUROBUILDING<\/p>\n<p>RESTAURANTE MARE NOSTRUM<br \/>\nPULLMAN MADRID AIRPORT &amp; FERIA<\/p>\n<p>RESTAURANTE MIRAGE<br \/>\nAXOR HOTELES<\/p>\n<p>RESTAURANTE\u00a0 UNO<br \/>\nHOTEL MELI\u00c1 MADRID PRINCESA<\/p>\n","protected":false},"excerpt":{"rendered":"<p>La gastronom\u00ed\u00ada madrile\u00f1a se ti\u00f1e de verde hasta el pr\u00f3ximo 19 de octubre. Coincidiendo con la celebraci\u00f3n de Fruit Attraction (Feria internacional de Sector de Frutas y Hortalizas) y como parte de su programa Fruit Fusion, la capital celebra sus Jornadas Gastron\u00f3micas dedicadas \u00fanica y exclusivamente a las verduras. Desde el pasado s\u00e1bado, 33 establecimientos&#8230;<\/p>\n","protected":false},"author":1,"featured_media":1,"comment_status":"open","ping_status":"open","sticky":false,"template":"","format":"standard","meta":{"_acf_changed":false,"footnotes":""},"categories":[7],"tags":[],"class_list":["post-2197","post","type-post","status-publish","format-standard","has-post-thumbnail","hentry","category-tendencias-y-consejos"],"acf":[],"yoast_head":"<!-- This site is optimized with the Yoast SEO plugin v27.5 - https:\/\/yoast.com\/product\/yoast-seo-wordpress\/ -->\n<title>La gastronom\u00eda se ti\u00f1e de verde<\/title>\n<meta name=\"description\" content=\"Como parte de su programa Fruit Fusion, la capital celebra sus Jornadas Gastron\u00f3micas dedicadas \u00fanica y exclusivamente a las verduras.\" \/>\n<meta name=\"robots\" content=\"index, follow, max-snippet:-1, max-image-preview:large, max-video-preview:-1\" \/>\n<link rel=\"canonical\" href=\"https:\/\/www.fagorprofessional.com\/blog\/es\/gastronomia-tine-verde\/\" \/>\n<meta property=\"og:locale\" content=\"es_ES\" \/>\n<meta property=\"og:type\" content=\"article\" \/>\n<meta property=\"og:title\" content=\"La gastronom\u00eda se ti\u00f1e de verde\" \/>\n<meta property=\"og:description\" content=\"Como parte de su programa Fruit Fusion, la capital celebra sus Jornadas Gastron\u00f3micas dedicadas \u00fanica y exclusivamente a las verduras.\" \/>\n<meta property=\"og:url\" content=\"https:\/\/www.fagorprofessional.com\/blog\/es\/gastronomia-tine-verde\/\" \/>\n<meta property=\"og:site_name\" content=\"Fagor Professional&#039;s Blog\" \/>\n<meta property=\"article:published_time\" content=\"2013-10-15T07:31:00+00:00\" \/>\n<meta property=\"article:modified_time\" content=\"2022-11-24T11:22:11+00:00\" \/>\n<meta name=\"author\" content=\"admin\" \/>\n<meta name=\"twitter:card\" content=\"summary_large_image\" \/>\n<meta name=\"twitter:label1\" content=\"Escrito por\" \/>\n\t<meta name=\"twitter:data1\" content=\"admin\" \/>\n\t<meta name=\"twitter:label2\" content=\"Tiempo de lectura\" \/>\n\t<meta name=\"twitter:data2\" content=\"3 minutos\" \/>\n<script type=\"application\/ld+json\" class=\"yoast-schema-graph\">{\"@context\":\"https:\\\/\\\/schema.org\",\"@graph\":[{\"@type\":\"Article\",\"@id\":\"https:\\\/\\\/www.fagorprofessional.com\\\/blog\\\/es\\\/gastronomia-tine-verde\\\/#article\",\"isPartOf\":{\"@id\":\"https:\\\/\\\/www.fagorprofessional.com\\\/blog\\\/es\\\/gastronomia-tine-verde\\\/\"},\"author\":{\"name\":\"admin\",\"@id\":\"https:\\\/\\\/www.fagorprofessional.com\\\/blog\\\/#\\\/schema\\\/person\\\/c2dc508ffda39316cf0e8a45f15cb4e4\"},\"headline\":\"La gastronom\u00eda se ti\u00f1e de verde\",\"datePublished\":\"2013-10-15T07:31:00+00:00\",\"dateModified\":\"2022-11-24T11:22:11+00:00\",\"mainEntityOfPage\":{\"@id\":\"https:\\\/\\\/www.fagorprofessional.com\\\/blog\\\/es\\\/gastronomia-tine-verde\\\/\"},\"wordCount\":444,\"commentCount\":0,\"image\":{\"@id\":\"https:\\\/\\\/www.fagorprofessional.com\\\/blog\\\/es\\\/gastronomia-tine-verde\\\/#primaryimage\"},\"thumbnailUrl\":\"\",\"articleSection\":[\"Tendencias y consejos\"],\"inLanguage\":\"es\",\"potentialAction\":[{\"@type\":\"CommentAction\",\"name\":\"Comment\",\"target\":[\"https:\\\/\\\/www.fagorprofessional.com\\\/blog\\\/es\\\/gastronomia-tine-verde\\\/#respond\"]}]},{\"@type\":\"WebPage\",\"@id\":\"https:\\\/\\\/www.fagorprofessional.com\\\/blog\\\/es\\\/gastronomia-tine-verde\\\/\",\"url\":\"https:\\\/\\\/www.fagorprofessional.com\\\/blog\\\/es\\\/gastronomia-tine-verde\\\/\",\"name\":\"La gastronom\u00eda se ti\u00f1e de verde\",\"isPartOf\":{\"@id\":\"https:\\\/\\\/www.fagorprofessional.com\\\/blog\\\/#website\"},\"primaryImageOfPage\":{\"@id\":\"https:\\\/\\\/www.fagorprofessional.com\\\/blog\\\/es\\\/gastronomia-tine-verde\\\/#primaryimage\"},\"image\":{\"@id\":\"https:\\\/\\\/www.fagorprofessional.com\\\/blog\\\/es\\\/gastronomia-tine-verde\\\/#primaryimage\"},\"thumbnailUrl\":\"\",\"datePublished\":\"2013-10-15T07:31:00+00:00\",\"dateModified\":\"2022-11-24T11:22:11+00:00\",\"author\":{\"@id\":\"https:\\\/\\\/www.fagorprofessional.com\\\/blog\\\/#\\\/schema\\\/person\\\/c2dc508ffda39316cf0e8a45f15cb4e4\"},\"description\":\"Como parte de su programa Fruit Fusion, la capital celebra sus Jornadas Gastron\u00f3micas dedicadas \u00fanica y exclusivamente a las verduras.\",\"breadcrumb\":{\"@id\":\"https:\\\/\\\/www.fagorprofessional.com\\\/blog\\\/es\\\/gastronomia-tine-verde\\\/#breadcrumb\"},\"inLanguage\":\"es\",\"potentialAction\":[{\"@type\":\"ReadAction\",\"target\":[\"https:\\\/\\\/www.fagorprofessional.com\\\/blog\\\/es\\\/gastronomia-tine-verde\\\/\"]}]},{\"@type\":\"ImageObject\",\"inLanguage\":\"es\",\"@id\":\"https:\\\/\\\/www.fagorprofessional.com\\\/blog\\\/es\\\/gastronomia-tine-verde\\\/#primaryimage\",\"url\":\"\",\"contentUrl\":\"\"},{\"@type\":\"BreadcrumbList\",\"@id\":\"https:\\\/\\\/www.fagorprofessional.com\\\/blog\\\/es\\\/gastronomia-tine-verde\\\/#breadcrumb\",\"itemListElement\":[{\"@type\":\"ListItem\",\"position\":1,\"name\":\"Fagor Professional Blog\",\"item\":\"https:\\\/\\\/www.fagorprofessional.com\\\/blog\\\/\"},{\"@type\":\"ListItem\",\"position\":2,\"name\":\"Tendencias y consejos\",\"item\":\"https:\\\/\\\/www.fagorprofessional.com\\\/blog\\\/es\\\/tendencias-y-consejos\\\/\"},{\"@type\":\"ListItem\",\"position\":3,\"name\":\"La gastronom\u00eda se ti\u00f1e de verde\"}]},{\"@type\":\"WebSite\",\"@id\":\"https:\\\/\\\/www.fagorprofessional.com\\\/blog\\\/#website\",\"url\":\"https:\\\/\\\/www.fagorprofessional.com\\\/blog\\\/\",\"name\":\"Fagor Professional&#039;s Blog\",\"description\":\"Fagor Professional&#039;s Blog\",\"potentialAction\":[{\"@type\":\"SearchAction\",\"target\":{\"@type\":\"EntryPoint\",\"urlTemplate\":\"https:\\\/\\\/www.fagorprofessional.com\\\/blog\\\/?s={search_term_string}\"},\"query-input\":{\"@type\":\"PropertyValueSpecification\",\"valueRequired\":true,\"valueName\":\"search_term_string\"}}],\"inLanguage\":\"es\"},{\"@type\":\"Person\",\"@id\":\"https:\\\/\\\/www.fagorprofessional.com\\\/blog\\\/#\\\/schema\\\/person\\\/c2dc508ffda39316cf0e8a45f15cb4e4\",\"name\":\"admin\",\"image\":{\"@type\":\"ImageObject\",\"inLanguage\":\"es\",\"@id\":\"https:\\\/\\\/secure.gravatar.com\\\/avatar\\\/af0a4c336046e868f98b17f2a27b6f9426e8aba09b92828569a3ca2b54e3d91c?s=96&d=mm&r=g\",\"url\":\"https:\\\/\\\/secure.gravatar.com\\\/avatar\\\/af0a4c336046e868f98b17f2a27b6f9426e8aba09b92828569a3ca2b54e3d91c?s=96&d=mm&r=g\",\"contentUrl\":\"https:\\\/\\\/secure.gravatar.com\\\/avatar\\\/af0a4c336046e868f98b17f2a27b6f9426e8aba09b92828569a3ca2b54e3d91c?s=96&d=mm&r=g\",\"caption\":\"admin\"},\"sameAs\":[\"https:\\\/\\\/www.fagorprofessional.com\\\/blog\"]}]}<\/script>\n<!-- \/ Yoast SEO plugin. -->","yoast_head_json":{"title":"La gastronom\u00eda se ti\u00f1e de verde","description":"Como parte de su programa Fruit Fusion, la capital celebra sus Jornadas Gastron\u00f3micas dedicadas \u00fanica y exclusivamente a las verduras.","robots":{"index":"index","follow":"follow","max-snippet":"max-snippet:-1","max-image-preview":"max-image-preview:large","max-video-preview":"max-video-preview:-1"},"canonical":"https:\/\/www.fagorprofessional.com\/blog\/es\/gastronomia-tine-verde\/","og_locale":"es_ES","og_type":"article","og_title":"La gastronom\u00eda se ti\u00f1e de verde","og_description":"Como parte de su programa Fruit Fusion, la capital celebra sus Jornadas Gastron\u00f3micas dedicadas \u00fanica y exclusivamente a las verduras.","og_url":"https:\/\/www.fagorprofessional.com\/blog\/es\/gastronomia-tine-verde\/","og_site_name":"Fagor Professional&#039;s Blog","article_published_time":"2013-10-15T07:31:00+00:00","article_modified_time":"2022-11-24T11:22:11+00:00","author":"admin","twitter_card":"summary_large_image","twitter_misc":{"Escrito por":"admin","Tiempo de lectura":"3 minutos"},"schema":{"@context":"https:\/\/schema.org","@graph":[{"@type":"Article","@id":"https:\/\/www.fagorprofessional.com\/blog\/es\/gastronomia-tine-verde\/#article","isPartOf":{"@id":"https:\/\/www.fagorprofessional.com\/blog\/es\/gastronomia-tine-verde\/"},"author":{"name":"admin","@id":"https:\/\/www.fagorprofessional.com\/blog\/#\/schema\/person\/c2dc508ffda39316cf0e8a45f15cb4e4"},"headline":"La gastronom\u00eda se ti\u00f1e de verde","datePublished":"2013-10-15T07:31:00+00:00","dateModified":"2022-11-24T11:22:11+00:00","mainEntityOfPage":{"@id":"https:\/\/www.fagorprofessional.com\/blog\/es\/gastronomia-tine-verde\/"},"wordCount":444,"commentCount":0,"image":{"@id":"https:\/\/www.fagorprofessional.com\/blog\/es\/gastronomia-tine-verde\/#primaryimage"},"thumbnailUrl":"","articleSection":["Tendencias y consejos"],"inLanguage":"es","potentialAction":[{"@type":"CommentAction","name":"Comment","target":["https:\/\/www.fagorprofessional.com\/blog\/es\/gastronomia-tine-verde\/#respond"]}]},{"@type":"WebPage","@id":"https:\/\/www.fagorprofessional.com\/blog\/es\/gastronomia-tine-verde\/","url":"https:\/\/www.fagorprofessional.com\/blog\/es\/gastronomia-tine-verde\/","name":"La gastronom\u00eda se ti\u00f1e de verde","isPartOf":{"@id":"https:\/\/www.fagorprofessional.com\/blog\/#website"},"primaryImageOfPage":{"@id":"https:\/\/www.fagorprofessional.com\/blog\/es\/gastronomia-tine-verde\/#primaryimage"},"image":{"@id":"https:\/\/www.fagorprofessional.com\/blog\/es\/gastronomia-tine-verde\/#primaryimage"},"thumbnailUrl":"","datePublished":"2013-10-15T07:31:00+00:00","dateModified":"2022-11-24T11:22:11+00:00","author":{"@id":"https:\/\/www.fagorprofessional.com\/blog\/#\/schema\/person\/c2dc508ffda39316cf0e8a45f15cb4e4"},"description":"Como parte de su programa Fruit Fusion, la capital celebra sus Jornadas Gastron\u00f3micas dedicadas \u00fanica y exclusivamente a las verduras.","breadcrumb":{"@id":"https:\/\/www.fagorprofessional.com\/blog\/es\/gastronomia-tine-verde\/#breadcrumb"},"inLanguage":"es","potentialAction":[{"@type":"ReadAction","target":["https:\/\/www.fagorprofessional.com\/blog\/es\/gastronomia-tine-verde\/"]}]},{"@type":"ImageObject","inLanguage":"es","@id":"https:\/\/www.fagorprofessional.com\/blog\/es\/gastronomia-tine-verde\/#primaryimage","url":"","contentUrl":""},{"@type":"BreadcrumbList","@id":"https:\/\/www.fagorprofessional.com\/blog\/es\/gastronomia-tine-verde\/#breadcrumb","itemListElement":[{"@type":"ListItem","position":1,"name":"Fagor Professional Blog","item":"https:\/\/www.fagorprofessional.com\/blog\/"},{"@type":"ListItem","position":2,"name":"Tendencias y consejos","item":"https:\/\/www.fagorprofessional.com\/blog\/es\/tendencias-y-consejos\/"},{"@type":"ListItem","position":3,"name":"La gastronom\u00eda se ti\u00f1e de verde"}]},{"@type":"WebSite","@id":"https:\/\/www.fagorprofessional.com\/blog\/#website","url":"https:\/\/www.fagorprofessional.com\/blog\/","name":"Fagor Professional&#039;s Blog","description":"Fagor Professional&#039;s Blog","potentialAction":[{"@type":"SearchAction","target":{"@type":"EntryPoint","urlTemplate":"https:\/\/www.fagorprofessional.com\/blog\/?s={search_term_string}"},"query-input":{"@type":"PropertyValueSpecification","valueRequired":true,"valueName":"search_term_string"}}],"inLanguage":"es"},{"@type":"Person","@id":"https:\/\/www.fagorprofessional.com\/blog\/#\/schema\/person\/c2dc508ffda39316cf0e8a45f15cb4e4","name":"admin","image":{"@type":"ImageObject","inLanguage":"es","@id":"https:\/\/secure.gravatar.com\/avatar\/af0a4c336046e868f98b17f2a27b6f9426e8aba09b92828569a3ca2b54e3d91c?s=96&d=mm&r=g","url":"https:\/\/secure.gravatar.com\/avatar\/af0a4c336046e868f98b17f2a27b6f9426e8aba09b92828569a3ca2b54e3d91c?s=96&d=mm&r=g","contentUrl":"https:\/\/secure.gravatar.com\/avatar\/af0a4c336046e868f98b17f2a27b6f9426e8aba09b92828569a3ca2b54e3d91c?s=96&d=mm&r=g","caption":"admin"},"sameAs":["https:\/\/www.fagorprofessional.com\/blog"]}]}},"_links":{"self":[{"href":"https:\/\/www.fagorprofessional.com\/blog\/wp-json\/wp\/v2\/posts\/2197","targetHints":{"allow":["GET"]}}],"collection":[{"href":"https:\/\/www.fagorprofessional.com\/blog\/wp-json\/wp\/v2\/posts"}],"about":[{"href":"https:\/\/www.fagorprofessional.com\/blog\/wp-json\/wp\/v2\/types\/post"}],"author":[{"embeddable":true,"href":"https:\/\/www.fagorprofessional.com\/blog\/wp-json\/wp\/v2\/users\/1"}],"replies":[{"embeddable":true,"href":"https:\/\/www.fagorprofessional.com\/blog\/wp-json\/wp\/v2\/comments?post=2197"}],"version-history":[{"count":7,"href":"https:\/\/www.fagorprofessional.com\/blog\/wp-json\/wp\/v2\/posts\/2197\/revisions"}],"predecessor-version":[{"id":490585,"href":"https:\/\/www.fagorprofessional.com\/blog\/wp-json\/wp\/v2\/posts\/2197\/revisions\/490585"}],"wp:featuredmedia":[{"embeddable":true,"href":"https:\/\/www.fagorprofessional.com\/blog\/wp-json\/"}],"wp:attachment":[{"href":"https:\/\/www.fagorprofessional.com\/blog\/wp-json\/wp\/v2\/media?parent=2197"}],"wp:term":[{"taxonomy":"category","embeddable":true,"href":"https:\/\/www.fagorprofessional.com\/blog\/wp-json\/wp\/v2\/categories?post=2197"},{"taxonomy":"post_tag","embeddable":true,"href":"https:\/\/www.fagorprofessional.com\/blog\/wp-json\/wp\/v2\/tags?post=2197"}],"curies":[{"name":"wp","href":"https:\/\/api.w.org\/{rel}","templated":true}]}}