{"id":2206,"date":"2013-10-28T16:38:00","date_gmt":"2013-10-28T15:38:00","guid":{"rendered":"https:\/\/www.fagorprofessional.com\/blog\/?p=2206"},"modified":"2024-04-19T11:06:37","modified_gmt":"2024-04-19T11:06:37","slug":"que-toca-cocinar-esta-epoca-ano","status":"publish","type":"post","link":"https:\/\/www.fagorprofessional.com\/blog\/es\/que-toca-cocinar-esta-epoca-ano\/","title":{"rendered":"\u00bfQu\u00e9 toca cocinar en esta \u00e9poca del a\u00f1o?"},"content":{"rendered":"<p><a href=\"http:\/blog.fagorindustrial.com\/wp-content\/uploads\/2013\/10\/2981387336_81217b20e2.jpg\"><img class=\"lazyload\" class=\"\" alt=\"\" width=\"\" height=\"\" \/><\/a>Hace unas semanas os propusimos unas sencillas <a <a href=\"https:\/\/www.fagorprofessional.com\/blog\/es\/gastronomia-despedir-verano\/\" target=\"_blank\">recetas para despedir el verano<\/a> por todo lo alto, pero esta vez la <strong>gastronom\u00ed\u00ada oto\u00f1al<\/strong> es la protagonista. Esta estaci\u00f3n trae consigo un amplio abanico de productos de temporada llenos de sabores y de contrastes. Las ensaladas y sopas fr\u00ed\u00adas dan paso a platos que van a la perfecci\u00f3n con las temperaturas que nos acompa\u00f1ar\u00e1n durante estos pr\u00f3ximos meses como son los cocidos, guisos y las sopas.<\/p>\n<p>Durante esta \u00e9poca del a\u00f1o no nos podemos olvidar del <strong>mejor marisco<\/strong>, las <strong>conservas de bonito<\/strong>, las <strong>carnes blancas <\/strong>y el <strong>pescado<\/strong>, en especial si os gustan las recetas con dorada, este pescado se encuentra en su mejor \u00e9poca del a\u00f1o.<\/p>\n<p>Con la llegada de esta estaci\u00f3n, llegan las lluvias y sin duda, uno de los productos estrella del oto\u00f1o, <strong>las setas<\/strong>. Son ricas en hierro, prote\u00ed\u00adnas y minerales y nos dan la posibilidad de cocinarlas en multitud de platos: ensalada de champi\u00f1ones, revuelto de setas, arroz con setas o guisado de carne con setas entre otras opciones.<\/p>\n<p>Entre los frutos de temporada se encuentra la<strong> calabaza<\/strong>, que aporta una gran cantidad de vitamina A, o el <strong>caqui<\/strong>. Adem\u00e1s, empiezan a madurar los c\u00ed\u00adtricos: <strong>naranjas, mandarinas <\/strong>y<a href=\"http:\/blog.fagorindustrial.com\/wp-content\/uploads\/2013\/10\/322660428_fda87e8b011.jpg\"><img class=\"lazyload\" class=\"\" alt=\"\" width=\"\" height=\"\" \/><\/a> <strong>pomelos<\/strong> son las mejores fuentes de vitamina C.<\/p>\n<p>Y si lo que te gusta es la reposter\u00ed\u00ada, es temporada de <strong>nueces <\/strong>y de las mejores <strong>manzanas<\/strong>, as\u00ed\u00ad que el brownie y la tarta de manzana ser\u00e1n las mejores opciones para poner el punto final al men\u00fa oto\u00f1al.<\/p>\n","protected":false},"excerpt":{"rendered":"<p>Hace unas semanas os propusimos unas sencillas<\/p>\n","protected":false},"author":1,"featured_media":1,"comment_status":"open","ping_status":"open","sticky":false,"template":"","format":"standard","meta":{"_acf_changed":false,"footnotes":""},"categories":[7],"tags":[],"class_list":["post-2206","post","type-post","status-publish","format-standard","has-post-thumbnail","hentry","category-tendencias-y-consejos"],"acf":[],"yoast_head":"<!-- This site is optimized with the Yoast SEO plugin v27.5 - https:\/\/yoast.com\/product\/yoast-seo-wordpress\/ -->\n<title>Qu\u00e9 cocinar en esta \u00e9poca del a\u00f1o<\/title>\n<meta name=\"description\" content=\"Esta estaci\u00f3n trae consigo un amplio abanico de productos de temporada llenos de sabores y de contrastes.\" \/>\n<meta name=\"robots\" content=\"index, follow, max-snippet:-1, max-image-preview:large, max-video-preview:-1\" \/>\n<link rel=\"canonical\" href=\"https:\/\/www.fagorprofessional.com\/blog\/es\/que-toca-cocinar-esta-epoca-ano\/\" \/>\n<meta property=\"og:locale\" content=\"es_ES\" \/>\n<meta property=\"og:type\" content=\"article\" \/>\n<meta property=\"og:title\" content=\"Qu\u00e9 cocinar en esta \u00e9poca del a\u00f1o\" \/>\n<meta property=\"og:description\" content=\"Esta estaci\u00f3n trae consigo un amplio abanico de productos de temporada llenos de sabores y de contrastes.\" \/>\n<meta property=\"og:url\" content=\"https:\/\/www.fagorprofessional.com\/blog\/es\/que-toca-cocinar-esta-epoca-ano\/\" \/>\n<meta property=\"og:site_name\" content=\"Fagor Professional&#039;s Blog\" \/>\n<meta property=\"article:published_time\" content=\"2013-10-28T15:38:00+00:00\" \/>\n<meta property=\"article:modified_time\" content=\"2024-04-19T11:06:37+00:00\" \/>\n<meta name=\"author\" content=\"admin\" \/>\n<meta name=\"twitter:card\" content=\"summary_large_image\" \/>\n<meta name=\"twitter:label1\" content=\"Escrito por\" \/>\n\t<meta name=\"twitter:data1\" content=\"admin\" \/>\n\t<meta name=\"twitter:label2\" content=\"Tiempo de lectura\" \/>\n\t<meta name=\"twitter:data2\" content=\"2 minutos\" \/>\n<script type=\"application\/ld+json\" class=\"yoast-schema-graph\">{\"@context\":\"https:\\\/\\\/schema.org\",\"@graph\":[{\"@type\":\"Article\",\"@id\":\"https:\\\/\\\/www.fagorprofessional.com\\\/blog\\\/es\\\/que-toca-cocinar-esta-epoca-ano\\\/#article\",\"isPartOf\":{\"@id\":\"https:\\\/\\\/www.fagorprofessional.com\\\/blog\\\/es\\\/que-toca-cocinar-esta-epoca-ano\\\/\"},\"author\":{\"name\":\"admin\",\"@id\":\"https:\\\/\\\/www.fagorprofessional.com\\\/blog\\\/#\\\/schema\\\/person\\\/c2dc508ffda39316cf0e8a45f15cb4e4\"},\"headline\":\"\u00bfQu\u00e9 toca cocinar en esta \u00e9poca del a\u00f1o?\",\"datePublished\":\"2013-10-28T15:38:00+00:00\",\"dateModified\":\"2024-04-19T11:06:37+00:00\",\"mainEntityOfPage\":{\"@id\":\"https:\\\/\\\/www.fagorprofessional.com\\\/blog\\\/es\\\/que-toca-cocinar-esta-epoca-ano\\\/\"},\"wordCount\":276,\"commentCount\":0,\"image\":{\"@id\":\"https:\\\/\\\/www.fagorprofessional.com\\\/blog\\\/es\\\/que-toca-cocinar-esta-epoca-ano\\\/#primaryimage\"},\"thumbnailUrl\":\"\",\"articleSection\":[\"Tendencias y consejos\"],\"inLanguage\":\"es\",\"potentialAction\":[{\"@type\":\"CommentAction\",\"name\":\"Comment\",\"target\":[\"https:\\\/\\\/www.fagorprofessional.com\\\/blog\\\/es\\\/que-toca-cocinar-esta-epoca-ano\\\/#respond\"]}]},{\"@type\":\"WebPage\",\"@id\":\"https:\\\/\\\/www.fagorprofessional.com\\\/blog\\\/es\\\/que-toca-cocinar-esta-epoca-ano\\\/\",\"url\":\"https:\\\/\\\/www.fagorprofessional.com\\\/blog\\\/es\\\/que-toca-cocinar-esta-epoca-ano\\\/\",\"name\":\"Qu\u00e9 cocinar en esta \u00e9poca del a\u00f1o\",\"isPartOf\":{\"@id\":\"https:\\\/\\\/www.fagorprofessional.com\\\/blog\\\/#website\"},\"primaryImageOfPage\":{\"@id\":\"https:\\\/\\\/www.fagorprofessional.com\\\/blog\\\/es\\\/que-toca-cocinar-esta-epoca-ano\\\/#primaryimage\"},\"image\":{\"@id\":\"https:\\\/\\\/www.fagorprofessional.com\\\/blog\\\/es\\\/que-toca-cocinar-esta-epoca-ano\\\/#primaryimage\"},\"thumbnailUrl\":\"\",\"datePublished\":\"2013-10-28T15:38:00+00:00\",\"dateModified\":\"2024-04-19T11:06:37+00:00\",\"author\":{\"@id\":\"https:\\\/\\\/www.fagorprofessional.com\\\/blog\\\/#\\\/schema\\\/person\\\/c2dc508ffda39316cf0e8a45f15cb4e4\"},\"description\":\"Esta estaci\u00f3n trae consigo un amplio abanico de productos de temporada llenos de sabores y de contrastes.\",\"breadcrumb\":{\"@id\":\"https:\\\/\\\/www.fagorprofessional.com\\\/blog\\\/es\\\/que-toca-cocinar-esta-epoca-ano\\\/#breadcrumb\"},\"inLanguage\":\"es\",\"potentialAction\":[{\"@type\":\"ReadAction\",\"target\":[\"https:\\\/\\\/www.fagorprofessional.com\\\/blog\\\/es\\\/que-toca-cocinar-esta-epoca-ano\\\/\"]}]},{\"@type\":\"ImageObject\",\"inLanguage\":\"es\",\"@id\":\"https:\\\/\\\/www.fagorprofessional.com\\\/blog\\\/es\\\/que-toca-cocinar-esta-epoca-ano\\\/#primaryimage\",\"url\":\"\",\"contentUrl\":\"\"},{\"@type\":\"BreadcrumbList\",\"@id\":\"https:\\\/\\\/www.fagorprofessional.com\\\/blog\\\/es\\\/que-toca-cocinar-esta-epoca-ano\\\/#breadcrumb\",\"itemListElement\":[{\"@type\":\"ListItem\",\"position\":1,\"name\":\"Fagor Professional Blog\",\"item\":\"https:\\\/\\\/www.fagorprofessional.com\\\/blog\\\/\"},{\"@type\":\"ListItem\",\"position\":2,\"name\":\"Tendencias y consejos\",\"item\":\"https:\\\/\\\/www.fagorprofessional.com\\\/blog\\\/es\\\/tendencias-y-consejos\\\/\"},{\"@type\":\"ListItem\",\"position\":3,\"name\":\"\u00bfQu\u00e9 toca cocinar en esta \u00e9poca del a\u00f1o?\"}]},{\"@type\":\"WebSite\",\"@id\":\"https:\\\/\\\/www.fagorprofessional.com\\\/blog\\\/#website\",\"url\":\"https:\\\/\\\/www.fagorprofessional.com\\\/blog\\\/\",\"name\":\"Fagor Professional&#039;s Blog\",\"description\":\"Fagor Professional&#039;s Blog\",\"potentialAction\":[{\"@type\":\"SearchAction\",\"target\":{\"@type\":\"EntryPoint\",\"urlTemplate\":\"https:\\\/\\\/www.fagorprofessional.com\\\/blog\\\/?s={search_term_string}\"},\"query-input\":{\"@type\":\"PropertyValueSpecification\",\"valueRequired\":true,\"valueName\":\"search_term_string\"}}],\"inLanguage\":\"es\"},{\"@type\":\"Person\",\"@id\":\"https:\\\/\\\/www.fagorprofessional.com\\\/blog\\\/#\\\/schema\\\/person\\\/c2dc508ffda39316cf0e8a45f15cb4e4\",\"name\":\"admin\",\"image\":{\"@type\":\"ImageObject\",\"inLanguage\":\"es\",\"@id\":\"https:\\\/\\\/secure.gravatar.com\\\/avatar\\\/af0a4c336046e868f98b17f2a27b6f9426e8aba09b92828569a3ca2b54e3d91c?s=96&d=mm&r=g\",\"url\":\"https:\\\/\\\/secure.gravatar.com\\\/avatar\\\/af0a4c336046e868f98b17f2a27b6f9426e8aba09b92828569a3ca2b54e3d91c?s=96&d=mm&r=g\",\"contentUrl\":\"https:\\\/\\\/secure.gravatar.com\\\/avatar\\\/af0a4c336046e868f98b17f2a27b6f9426e8aba09b92828569a3ca2b54e3d91c?s=96&d=mm&r=g\",\"caption\":\"admin\"},\"sameAs\":[\"https:\\\/\\\/www.fagorprofessional.com\\\/blog\"]}]}<\/script>\n<!-- \/ Yoast SEO plugin. -->","yoast_head_json":{"title":"Qu\u00e9 cocinar en esta \u00e9poca del a\u00f1o","description":"Esta estaci\u00f3n trae consigo un amplio abanico de productos de temporada llenos de sabores y de contrastes.","robots":{"index":"index","follow":"follow","max-snippet":"max-snippet:-1","max-image-preview":"max-image-preview:large","max-video-preview":"max-video-preview:-1"},"canonical":"https:\/\/www.fagorprofessional.com\/blog\/es\/que-toca-cocinar-esta-epoca-ano\/","og_locale":"es_ES","og_type":"article","og_title":"Qu\u00e9 cocinar en esta \u00e9poca del a\u00f1o","og_description":"Esta estaci\u00f3n trae consigo un amplio abanico de productos de temporada llenos de sabores y de contrastes.","og_url":"https:\/\/www.fagorprofessional.com\/blog\/es\/que-toca-cocinar-esta-epoca-ano\/","og_site_name":"Fagor Professional&#039;s Blog","article_published_time":"2013-10-28T15:38:00+00:00","article_modified_time":"2024-04-19T11:06:37+00:00","author":"admin","twitter_card":"summary_large_image","twitter_misc":{"Escrito por":"admin","Tiempo de lectura":"2 minutos"},"schema":{"@context":"https:\/\/schema.org","@graph":[{"@type":"Article","@id":"https:\/\/www.fagorprofessional.com\/blog\/es\/que-toca-cocinar-esta-epoca-ano\/#article","isPartOf":{"@id":"https:\/\/www.fagorprofessional.com\/blog\/es\/que-toca-cocinar-esta-epoca-ano\/"},"author":{"name":"admin","@id":"https:\/\/www.fagorprofessional.com\/blog\/#\/schema\/person\/c2dc508ffda39316cf0e8a45f15cb4e4"},"headline":"\u00bfQu\u00e9 toca cocinar en esta \u00e9poca del a\u00f1o?","datePublished":"2013-10-28T15:38:00+00:00","dateModified":"2024-04-19T11:06:37+00:00","mainEntityOfPage":{"@id":"https:\/\/www.fagorprofessional.com\/blog\/es\/que-toca-cocinar-esta-epoca-ano\/"},"wordCount":276,"commentCount":0,"image":{"@id":"https:\/\/www.fagorprofessional.com\/blog\/es\/que-toca-cocinar-esta-epoca-ano\/#primaryimage"},"thumbnailUrl":"","articleSection":["Tendencias y consejos"],"inLanguage":"es","potentialAction":[{"@type":"CommentAction","name":"Comment","target":["https:\/\/www.fagorprofessional.com\/blog\/es\/que-toca-cocinar-esta-epoca-ano\/#respond"]}]},{"@type":"WebPage","@id":"https:\/\/www.fagorprofessional.com\/blog\/es\/que-toca-cocinar-esta-epoca-ano\/","url":"https:\/\/www.fagorprofessional.com\/blog\/es\/que-toca-cocinar-esta-epoca-ano\/","name":"Qu\u00e9 cocinar en esta \u00e9poca del a\u00f1o","isPartOf":{"@id":"https:\/\/www.fagorprofessional.com\/blog\/#website"},"primaryImageOfPage":{"@id":"https:\/\/www.fagorprofessional.com\/blog\/es\/que-toca-cocinar-esta-epoca-ano\/#primaryimage"},"image":{"@id":"https:\/\/www.fagorprofessional.com\/blog\/es\/que-toca-cocinar-esta-epoca-ano\/#primaryimage"},"thumbnailUrl":"","datePublished":"2013-10-28T15:38:00+00:00","dateModified":"2024-04-19T11:06:37+00:00","author":{"@id":"https:\/\/www.fagorprofessional.com\/blog\/#\/schema\/person\/c2dc508ffda39316cf0e8a45f15cb4e4"},"description":"Esta estaci\u00f3n trae consigo un amplio abanico de productos de temporada llenos de sabores y de contrastes.","breadcrumb":{"@id":"https:\/\/www.fagorprofessional.com\/blog\/es\/que-toca-cocinar-esta-epoca-ano\/#breadcrumb"},"inLanguage":"es","potentialAction":[{"@type":"ReadAction","target":["https:\/\/www.fagorprofessional.com\/blog\/es\/que-toca-cocinar-esta-epoca-ano\/"]}]},{"@type":"ImageObject","inLanguage":"es","@id":"https:\/\/www.fagorprofessional.com\/blog\/es\/que-toca-cocinar-esta-epoca-ano\/#primaryimage","url":"","contentUrl":""},{"@type":"BreadcrumbList","@id":"https:\/\/www.fagorprofessional.com\/blog\/es\/que-toca-cocinar-esta-epoca-ano\/#breadcrumb","itemListElement":[{"@type":"ListItem","position":1,"name":"Fagor Professional Blog","item":"https:\/\/www.fagorprofessional.com\/blog\/"},{"@type":"ListItem","position":2,"name":"Tendencias y consejos","item":"https:\/\/www.fagorprofessional.com\/blog\/es\/tendencias-y-consejos\/"},{"@type":"ListItem","position":3,"name":"\u00bfQu\u00e9 toca cocinar en esta \u00e9poca del a\u00f1o?"}]},{"@type":"WebSite","@id":"https:\/\/www.fagorprofessional.com\/blog\/#website","url":"https:\/\/www.fagorprofessional.com\/blog\/","name":"Fagor Professional&#039;s Blog","description":"Fagor Professional&#039;s Blog","potentialAction":[{"@type":"SearchAction","target":{"@type":"EntryPoint","urlTemplate":"https:\/\/www.fagorprofessional.com\/blog\/?s={search_term_string}"},"query-input":{"@type":"PropertyValueSpecification","valueRequired":true,"valueName":"search_term_string"}}],"inLanguage":"es"},{"@type":"Person","@id":"https:\/\/www.fagorprofessional.com\/blog\/#\/schema\/person\/c2dc508ffda39316cf0e8a45f15cb4e4","name":"admin","image":{"@type":"ImageObject","inLanguage":"es","@id":"https:\/\/secure.gravatar.com\/avatar\/af0a4c336046e868f98b17f2a27b6f9426e8aba09b92828569a3ca2b54e3d91c?s=96&d=mm&r=g","url":"https:\/\/secure.gravatar.com\/avatar\/af0a4c336046e868f98b17f2a27b6f9426e8aba09b92828569a3ca2b54e3d91c?s=96&d=mm&r=g","contentUrl":"https:\/\/secure.gravatar.com\/avatar\/af0a4c336046e868f98b17f2a27b6f9426e8aba09b92828569a3ca2b54e3d91c?s=96&d=mm&r=g","caption":"admin"},"sameAs":["https:\/\/www.fagorprofessional.com\/blog"]}]}},"_links":{"self":[{"href":"https:\/\/www.fagorprofessional.com\/blog\/wp-json\/wp\/v2\/posts\/2206","targetHints":{"allow":["GET"]}}],"collection":[{"href":"https:\/\/www.fagorprofessional.com\/blog\/wp-json\/wp\/v2\/posts"}],"about":[{"href":"https:\/\/www.fagorprofessional.com\/blog\/wp-json\/wp\/v2\/types\/post"}],"author":[{"embeddable":true,"href":"https:\/\/www.fagorprofessional.com\/blog\/wp-json\/wp\/v2\/users\/1"}],"replies":[{"embeddable":true,"href":"https:\/\/www.fagorprofessional.com\/blog\/wp-json\/wp\/v2\/comments?post=2206"}],"version-history":[{"count":4,"href":"https:\/\/www.fagorprofessional.com\/blog\/wp-json\/wp\/v2\/posts\/2206\/revisions"}],"predecessor-version":[{"id":490586,"href":"https:\/\/www.fagorprofessional.com\/blog\/wp-json\/wp\/v2\/posts\/2206\/revisions\/490586"}],"wp:featuredmedia":[{"embeddable":true,"href":"https:\/\/www.fagorprofessional.com\/blog\/wp-json\/"}],"wp:attachment":[{"href":"https:\/\/www.fagorprofessional.com\/blog\/wp-json\/wp\/v2\/media?parent=2206"}],"wp:term":[{"taxonomy":"category","embeddable":true,"href":"https:\/\/www.fagorprofessional.com\/blog\/wp-json\/wp\/v2\/categories?post=2206"},{"taxonomy":"post_tag","embeddable":true,"href":"https:\/\/www.fagorprofessional.com\/blog\/wp-json\/wp\/v2\/tags?post=2206"}],"curies":[{"name":"wp","href":"https:\/\/api.w.org\/{rel}","templated":true}]}}