{"id":3129,"date":"2014-04-30T18:36:00","date_gmt":"2014-04-30T16:36:00","guid":{"rendered":"https:\/\/www.fagorprofessional.com\/blog\/?p=3129"},"modified":"2022-10-18T14:04:17","modified_gmt":"2022-10-18T14:04:17","slug":"maquina-lavado-vajilla-mas-adecuada","status":"publish","type":"post","link":"https:\/\/www.fagorprofessional.com\/blog\/es\/maquina-lavado-vajilla-mas-adecuada\/","title":{"rendered":"\u00bfQu\u00e9 m\u00e1quina de lavado de vajilla es la m\u00e1s adecuada?"},"content":{"rendered":"<p><a href=\"http:\/blog.fagorindustrial.com\/wp-content\/uploads\/2014\/04\/captura-de-pantalla-2014-04-30-a-las-13.33.00.png\"><img class=\"lazyload\" class=\"\" alt=\"\" width=\"\" height=\"\" \/><\/a>A la hora de <a <a href=\"https:\/\/www.fagorprofessional.com\/es\/equipos-cocina\/lavado-vajilla\" rel=\"nofollow\" target=\"_blank\">equipar una cocina con un sistema de lavado de vajilla<\/a> hay que tener en cuenta algunos factores para que el modelo elegido sea el m\u00e1s apropiado y responda a las necesidades de producci\u00f3n deseadas. Suponiendo que las dimensiones de la zona de lavado son las adecuadas y suficientes para poder instalar los aparatos necesarios, se deben tener en cuenta los siguientes factores:<\/p>\n<p>1. Tipo y categor\u00ed\u00ada del restaurante o local<br \/>\n2. Cantidad media de servicios despachados en las horas punta y tiempo disponible para el lavado<br \/>\n3. Rendimiento te\u00f3rico y real del lavavajillas<\/p>\n<p><strong>1. Tipo y categor\u00ed\u00ada del restaurante o local<br \/>\n<\/strong>Conociendo el tipo de negocio o clientela a quien va dirigido, y la categor\u00ed\u00ada del restaurante, se pueden obtener algunos de los datos m\u00e1s importantes a la hora de definir el tipo de m\u00e1quina a ofertar. Por un lado, se obtendr\u00e1 una aproximaci\u00f3n de la vajilla media a utilizar en cada servicio, y por otro se fijar\u00e1n las dimensiones necesarias de la m\u00e1quina para poder alojar en su interior las piezas de mayor tama\u00f1o que componen la vajilla.<br \/>\nLa producci\u00f3n media de vajilla se debe realizar en base al plato plano est\u00e1ndar de 230 mm. de di\u00e1metro. Las tablas de producciones de lavavajillas presentan sus datos referidos a este tipo de plato est\u00e1ndar. Para el c\u00e1lculo de la m\u00e1quina necesaria, se debe reconvertir num\u00e9ricamente cada pieza de la vajilla a un n\u00famero de platos est\u00e1ndar de 230 mm.<\/p>\n<p>Para ello se tienen en cuenta las diferentes capacidades de alojamiento en cestas de 500 x 500 mm de las diferentes piezas que componen la vajilla. Hay cestas especiales para platos, cristaler\u00ed\u00ada, cubiertos, y bandejas, as\u00ed\u00ad como cestas base \u00abmultifunci\u00f3n\u00bb en las que se puede colocar cualquier tipo de elemento, pero sin las especificidades que requieren o necesitan para un buen lavado.<\/p>\n<p><img decoding=\"async\" class=\"aligncenter lazyload\" src=\"data:image\/gif;base64,R0lGODlhAQABAIAAAAAAAP\/\/\/yH5BAEAAAAALAAAAAABAAEAAAIBRAA7\" data-src=\"https:\/\/www.fagorprofessional.com\/blog\/wp-content\/uploads\/2014\/04\/Captura-de-pantalla-2014-04-30-a-las-14.03.02.png\" alt=\"Captura de pantalla 2014-04-30 a la(s) 14.03.02\" \/><noscript><img decoding=\"async\" class=\"aligncenter lazyload\" src=\"https:\/\/www.fagorprofessional.com\/blog\/wp-content\/uploads\/2014\/04\/Captura-de-pantalla-2014-04-30-a-las-14.03.02.png\" alt=\"Captura de pantalla 2014-04-30 a la(s) 14.03.02\" \/><\/noscript><\/p>\n<p>Seg\u00fan la capacidad de una cesta est\u00e1ndar para vajilla (500&#215;500 mm), se puede confeccionar una tabla de equivalencias tomando como patr\u00f3n al plato llano est\u00e1ndar.\u00a0Por ejemplo, una cesta puede albergar 18 platos llanos o 36 copas estrechas de 70 mm di\u00e1metro. Por tanto, un plato llano equivale a dos copas estrechas, o lo que es lo mismo, una copa estrecha equivale a 0,5 platos est\u00e1ndar.\u00a0De esta manera, se obtiene una tabla que permitir\u00e1 convertir todas las piezas de la vajilla, cristaler\u00ed\u00ada y cuberter\u00ed\u00ada a platos est\u00e1ndar llanos, que son los utilizados para calcular las producciones te\u00f3ricas de las m\u00e1quinas lavavajillas.\u00a0Si el local para el que se va a efectuar el c\u00e1lculo de la vajilla no dispone de datos concretos, se puede usar como aproximaci\u00f3n una tabla que contiene las cantidades aproximadas de los elementos de un servicio de vajilla, seg\u00fan el tipo de establecimiento. En la siguiente tabla se puede ver un ejemplo de las cantidades mencionadas:<\/p>\n<p><img decoding=\"async\" class=\"aligncenter lazyload\" src=\"data:image\/gif;base64,R0lGODlhAQABAIAAAAAAAP\/\/\/yH5BAEAAAAALAAAAAABAAEAAAIBRAA7\" data-src=\"https:\/\/www.fagorprofessional.com\/blog\/wp-content\/uploads\/2014\/04\/Captura-de-pantalla-2014-04-30-a-las-14.03.14.png\" alt=\"Captura de pantalla 2014-04-30 a la(s) 14.03.14\" \/><noscript><img decoding=\"async\" class=\"aligncenter lazyload\" src=\"https:\/\/www.fagorprofessional.com\/blog\/wp-content\/uploads\/2014\/04\/Captura-de-pantalla-2014-04-30-a-las-14.03.14.png\" alt=\"Captura de pantalla 2014-04-30 a la(s) 14.03.14\" \/><\/noscript><\/p>\n<p><strong>2. Cantidad media de servicios en hora punta y duraci\u00f3n media del tiempo de lavado<br \/>\n<\/strong>Normalmente el tiempo de lavado por la tarde es superior al de las noches, por lo que en caso de negocios que den comidas y cenas ser\u00e1 el tiempo disponible por la noche el que se fijar\u00e1 como tiempo m\u00e1ximo para efectuar el lavado. Por reglas sanitarias y de higiene conviene efectuar el lavado de la vajilla dentro de las dos horas siguientes a la retirada de la misma.<\/p>\n<p><strong>3. Rendimiento te\u00f3rico y real del lavavajillas<br \/>\n<\/strong>En la pr\u00e1ctica, adem\u00e1s del tiempo que dura un ciclo de lavado, hay que tener en cuenta el de la apertura de puerta, retirada de la cesta, colocaci\u00f3n de otra cesta en la m\u00e1quina, selecci\u00f3n del programa, as\u00ed\u00ad como la adici\u00f3n de los productos de lavado en caso de dosificaci\u00f3n manual. Dependiendo del personal disponible para todas estas tareas, el factor de correcci\u00f3n que hay que aplicar a la producci\u00f3n te\u00f3rica para obtener la producci\u00f3n real ser\u00e1 mayor o menor, pero suele ser conveniente para los c\u00e1lculos, que la producci\u00f3n real de la m\u00e1quina no sobrepase un 67% de la te\u00f3rica indicada (o lo que es lo mismo, aplicar un factor de correcci\u00f3n F=1,5).<\/p>\n<ul>\n<li>Producci\u00f3n real = (Producci\u00f3n te\u00f3rica) \/ F<\/li>\n<\/ul>\n<p><strong>\u00bfC\u00f3mo se calculan las necesidades reales del establecimiento?<br \/>\n<\/strong>Una vez se han tenido en cuenta estos factores, se puede calcular la producci\u00f3n necesaria que deber\u00e1 ofrecer el lavavajillas a ofertar con la siguiente f\u00f3rmula:<br \/>\nProducci\u00f3n real = (N x S) \/ T<br \/>\nSiendo:<\/p>\n<ul>\n<li>N = n\u00famero medio de cubiertos entre comidas y cenas<\/li>\n<li>S = valor est\u00e1ndar en platos\/hora por cubierto o comensal, dependiendo del tipo de local<\/li>\n<li>T = tiempo en horas del que se dispone para el lavado de la vajilla<\/li>\n<\/ul>\n<p>Teniendo en cuenta que en las tablas comerciales el valor mostrado es la producci\u00f3n te\u00f3rica, para adecuarse a \u00e9sta y encontrar el modelo m\u00e1s adecuado al caso, se utilizar\u00e1 en los c\u00e1lculos la f\u00f3rmula derivada de lo explicado en el apartado anterior:<\/p>\n<ul>\n<li>Producci\u00f3n te\u00f3rica = Producci\u00f3n real x F<\/li>\n<\/ul>\n","protected":false},"excerpt":{"rendered":"<p>A la hora de<\/p>\n","protected":false},"author":1,"featured_media":1,"comment_status":"open","ping_status":"open","sticky":false,"template":"","format":"standard","meta":{"_acf_changed":false,"footnotes":""},"categories":[5,7],"tags":[],"class_list":["post-3129","post","type-post","status-publish","format-standard","has-post-thumbnail","hentry","category-equipamiento","category-tendencias-y-consejos"],"acf":[],"yoast_head":"<!-- This site is optimized with the Yoast SEO plugin v27.5 - https:\/\/yoast.com\/product\/yoast-seo-wordpress\/ -->\n<title>M\u00e1quina lavado de vajilla m\u00e1s adecuada<\/title>\n<meta name=\"description\" content=\"A la hora de equipar una cocina con un sistema de lavado de vajilla hay que tener en cuenta algunos factores para que el modelo elegido sea el m\u00e1s apropiado y responda a las necesidades de producci\u00f3n deseadas.\" \/>\n<meta name=\"robots\" content=\"index, follow, max-snippet:-1, max-image-preview:large, max-video-preview:-1\" \/>\n<link rel=\"canonical\" href=\"https:\/\/www.fagorprofessional.com\/blog\/es\/maquina-lavado-vajilla-mas-adecuada\/\" \/>\n<meta property=\"og:locale\" content=\"es_ES\" \/>\n<meta property=\"og:type\" content=\"article\" \/>\n<meta property=\"og:title\" content=\"M\u00e1quina lavado de vajilla m\u00e1s adecuada\" \/>\n<meta property=\"og:description\" content=\"A la hora de equipar una cocina con un sistema de lavado de vajilla hay que tener en cuenta algunos factores para que el modelo elegido sea el m\u00e1s apropiado y responda a las necesidades de producci\u00f3n deseadas.\" \/>\n<meta property=\"og:url\" content=\"https:\/\/www.fagorprofessional.com\/blog\/es\/maquina-lavado-vajilla-mas-adecuada\/\" \/>\n<meta property=\"og:site_name\" content=\"Fagor Professional&#039;s Blog\" \/>\n<meta property=\"article:published_time\" content=\"2014-04-30T16:36:00+00:00\" \/>\n<meta property=\"article:modified_time\" content=\"2022-10-18T14:04:17+00:00\" \/>\n<meta name=\"author\" content=\"admin\" \/>\n<meta name=\"twitter:card\" content=\"summary_large_image\" \/>\n<meta name=\"twitter:label1\" content=\"Escrito por\" \/>\n\t<meta name=\"twitter:data1\" content=\"admin\" \/>\n\t<meta name=\"twitter:label2\" content=\"Tiempo de lectura\" \/>\n\t<meta name=\"twitter:data2\" content=\"5 minutos\" \/>\n<script type=\"application\/ld+json\" class=\"yoast-schema-graph\">{\"@context\":\"https:\\\/\\\/schema.org\",\"@graph\":[{\"@type\":\"Article\",\"@id\":\"https:\\\/\\\/www.fagorprofessional.com\\\/blog\\\/es\\\/maquina-lavado-vajilla-mas-adecuada\\\/#article\",\"isPartOf\":{\"@id\":\"https:\\\/\\\/www.fagorprofessional.com\\\/blog\\\/es\\\/maquina-lavado-vajilla-mas-adecuada\\\/\"},\"author\":{\"name\":\"admin\",\"@id\":\"https:\\\/\\\/www.fagorprofessional.com\\\/blog\\\/#\\\/schema\\\/person\\\/c2dc508ffda39316cf0e8a45f15cb4e4\"},\"headline\":\"\u00bfQu\u00e9 m\u00e1quina de lavado de vajilla es la m\u00e1s adecuada?\",\"datePublished\":\"2014-04-30T16:36:00+00:00\",\"dateModified\":\"2022-10-18T14:04:17+00:00\",\"mainEntityOfPage\":{\"@id\":\"https:\\\/\\\/www.fagorprofessional.com\\\/blog\\\/es\\\/maquina-lavado-vajilla-mas-adecuada\\\/\"},\"wordCount\":872,\"commentCount\":2,\"image\":{\"@id\":\"https:\\\/\\\/www.fagorprofessional.com\\\/blog\\\/es\\\/maquina-lavado-vajilla-mas-adecuada\\\/#primaryimage\"},\"thumbnailUrl\":\"\",\"articleSection\":[\"Equipamiento\",\"Tendencias y consejos\"],\"inLanguage\":\"es\",\"potentialAction\":[{\"@type\":\"CommentAction\",\"name\":\"Comment\",\"target\":[\"https:\\\/\\\/www.fagorprofessional.com\\\/blog\\\/es\\\/maquina-lavado-vajilla-mas-adecuada\\\/#respond\"]}]},{\"@type\":\"WebPage\",\"@id\":\"https:\\\/\\\/www.fagorprofessional.com\\\/blog\\\/es\\\/maquina-lavado-vajilla-mas-adecuada\\\/\",\"url\":\"https:\\\/\\\/www.fagorprofessional.com\\\/blog\\\/es\\\/maquina-lavado-vajilla-mas-adecuada\\\/\",\"name\":\"M\u00e1quina lavado de vajilla m\u00e1s adecuada\",\"isPartOf\":{\"@id\":\"https:\\\/\\\/www.fagorprofessional.com\\\/blog\\\/#website\"},\"primaryImageOfPage\":{\"@id\":\"https:\\\/\\\/www.fagorprofessional.com\\\/blog\\\/es\\\/maquina-lavado-vajilla-mas-adecuada\\\/#primaryimage\"},\"image\":{\"@id\":\"https:\\\/\\\/www.fagorprofessional.com\\\/blog\\\/es\\\/maquina-lavado-vajilla-mas-adecuada\\\/#primaryimage\"},\"thumbnailUrl\":\"\",\"datePublished\":\"2014-04-30T16:36:00+00:00\",\"dateModified\":\"2022-10-18T14:04:17+00:00\",\"author\":{\"@id\":\"https:\\\/\\\/www.fagorprofessional.com\\\/blog\\\/#\\\/schema\\\/person\\\/c2dc508ffda39316cf0e8a45f15cb4e4\"},\"description\":\"A la hora de equipar una cocina con un sistema de lavado de vajilla hay que tener en cuenta algunos factores para que el modelo elegido sea el m\u00e1s apropiado y responda a las necesidades de producci\u00f3n deseadas.\",\"breadcrumb\":{\"@id\":\"https:\\\/\\\/www.fagorprofessional.com\\\/blog\\\/es\\\/maquina-lavado-vajilla-mas-adecuada\\\/#breadcrumb\"},\"inLanguage\":\"es\",\"potentialAction\":[{\"@type\":\"ReadAction\",\"target\":[\"https:\\\/\\\/www.fagorprofessional.com\\\/blog\\\/es\\\/maquina-lavado-vajilla-mas-adecuada\\\/\"]}]},{\"@type\":\"ImageObject\",\"inLanguage\":\"es\",\"@id\":\"https:\\\/\\\/www.fagorprofessional.com\\\/blog\\\/es\\\/maquina-lavado-vajilla-mas-adecuada\\\/#primaryimage\",\"url\":\"\",\"contentUrl\":\"\"},{\"@type\":\"BreadcrumbList\",\"@id\":\"https:\\\/\\\/www.fagorprofessional.com\\\/blog\\\/es\\\/maquina-lavado-vajilla-mas-adecuada\\\/#breadcrumb\",\"itemListElement\":[{\"@type\":\"ListItem\",\"position\":1,\"name\":\"Fagor Professional Blog\",\"item\":\"https:\\\/\\\/www.fagorprofessional.com\\\/blog\\\/\"},{\"@type\":\"ListItem\",\"position\":2,\"name\":\"Tendencias y consejos\",\"item\":\"https:\\\/\\\/www.fagorprofessional.com\\\/blog\\\/es\\\/tendencias-y-consejos\\\/\"},{\"@type\":\"ListItem\",\"position\":3,\"name\":\"\u00bfQu\u00e9 m\u00e1quina de lavado de vajilla es la m\u00e1s adecuada?\"}]},{\"@type\":\"WebSite\",\"@id\":\"https:\\\/\\\/www.fagorprofessional.com\\\/blog\\\/#website\",\"url\":\"https:\\\/\\\/www.fagorprofessional.com\\\/blog\\\/\",\"name\":\"Fagor Professional&#039;s Blog\",\"description\":\"Fagor Professional&#039;s Blog\",\"potentialAction\":[{\"@type\":\"SearchAction\",\"target\":{\"@type\":\"EntryPoint\",\"urlTemplate\":\"https:\\\/\\\/www.fagorprofessional.com\\\/blog\\\/?s={search_term_string}\"},\"query-input\":{\"@type\":\"PropertyValueSpecification\",\"valueRequired\":true,\"valueName\":\"search_term_string\"}}],\"inLanguage\":\"es\"},{\"@type\":\"Person\",\"@id\":\"https:\\\/\\\/www.fagorprofessional.com\\\/blog\\\/#\\\/schema\\\/person\\\/c2dc508ffda39316cf0e8a45f15cb4e4\",\"name\":\"admin\",\"image\":{\"@type\":\"ImageObject\",\"inLanguage\":\"es\",\"@id\":\"https:\\\/\\\/secure.gravatar.com\\\/avatar\\\/af0a4c336046e868f98b17f2a27b6f9426e8aba09b92828569a3ca2b54e3d91c?s=96&d=mm&r=g\",\"url\":\"https:\\\/\\\/secure.gravatar.com\\\/avatar\\\/af0a4c336046e868f98b17f2a27b6f9426e8aba09b92828569a3ca2b54e3d91c?s=96&d=mm&r=g\",\"contentUrl\":\"https:\\\/\\\/secure.gravatar.com\\\/avatar\\\/af0a4c336046e868f98b17f2a27b6f9426e8aba09b92828569a3ca2b54e3d91c?s=96&d=mm&r=g\",\"caption\":\"admin\"},\"sameAs\":[\"https:\\\/\\\/www.fagorprofessional.com\\\/blog\"]}]}<\/script>\n<!-- \/ Yoast SEO plugin. -->","yoast_head_json":{"title":"M\u00e1quina lavado de vajilla m\u00e1s adecuada","description":"A la hora de equipar una cocina con un sistema de lavado de vajilla hay que tener en cuenta algunos factores para que el modelo elegido sea el m\u00e1s apropiado y responda a las necesidades de producci\u00f3n deseadas.","robots":{"index":"index","follow":"follow","max-snippet":"max-snippet:-1","max-image-preview":"max-image-preview:large","max-video-preview":"max-video-preview:-1"},"canonical":"https:\/\/www.fagorprofessional.com\/blog\/es\/maquina-lavado-vajilla-mas-adecuada\/","og_locale":"es_ES","og_type":"article","og_title":"M\u00e1quina lavado de vajilla m\u00e1s adecuada","og_description":"A la hora de equipar una cocina con un sistema de lavado de vajilla hay que tener en cuenta algunos factores para que el modelo elegido sea el m\u00e1s apropiado y responda a las necesidades de producci\u00f3n deseadas.","og_url":"https:\/\/www.fagorprofessional.com\/blog\/es\/maquina-lavado-vajilla-mas-adecuada\/","og_site_name":"Fagor Professional&#039;s Blog","article_published_time":"2014-04-30T16:36:00+00:00","article_modified_time":"2022-10-18T14:04:17+00:00","author":"admin","twitter_card":"summary_large_image","twitter_misc":{"Escrito por":"admin","Tiempo de lectura":"5 minutos"},"schema":{"@context":"https:\/\/schema.org","@graph":[{"@type":"Article","@id":"https:\/\/www.fagorprofessional.com\/blog\/es\/maquina-lavado-vajilla-mas-adecuada\/#article","isPartOf":{"@id":"https:\/\/www.fagorprofessional.com\/blog\/es\/maquina-lavado-vajilla-mas-adecuada\/"},"author":{"name":"admin","@id":"https:\/\/www.fagorprofessional.com\/blog\/#\/schema\/person\/c2dc508ffda39316cf0e8a45f15cb4e4"},"headline":"\u00bfQu\u00e9 m\u00e1quina de lavado de vajilla es la m\u00e1s adecuada?","datePublished":"2014-04-30T16:36:00+00:00","dateModified":"2022-10-18T14:04:17+00:00","mainEntityOfPage":{"@id":"https:\/\/www.fagorprofessional.com\/blog\/es\/maquina-lavado-vajilla-mas-adecuada\/"},"wordCount":872,"commentCount":2,"image":{"@id":"https:\/\/www.fagorprofessional.com\/blog\/es\/maquina-lavado-vajilla-mas-adecuada\/#primaryimage"},"thumbnailUrl":"","articleSection":["Equipamiento","Tendencias y consejos"],"inLanguage":"es","potentialAction":[{"@type":"CommentAction","name":"Comment","target":["https:\/\/www.fagorprofessional.com\/blog\/es\/maquina-lavado-vajilla-mas-adecuada\/#respond"]}]},{"@type":"WebPage","@id":"https:\/\/www.fagorprofessional.com\/blog\/es\/maquina-lavado-vajilla-mas-adecuada\/","url":"https:\/\/www.fagorprofessional.com\/blog\/es\/maquina-lavado-vajilla-mas-adecuada\/","name":"M\u00e1quina lavado de vajilla m\u00e1s adecuada","isPartOf":{"@id":"https:\/\/www.fagorprofessional.com\/blog\/#website"},"primaryImageOfPage":{"@id":"https:\/\/www.fagorprofessional.com\/blog\/es\/maquina-lavado-vajilla-mas-adecuada\/#primaryimage"},"image":{"@id":"https:\/\/www.fagorprofessional.com\/blog\/es\/maquina-lavado-vajilla-mas-adecuada\/#primaryimage"},"thumbnailUrl":"","datePublished":"2014-04-30T16:36:00+00:00","dateModified":"2022-10-18T14:04:17+00:00","author":{"@id":"https:\/\/www.fagorprofessional.com\/blog\/#\/schema\/person\/c2dc508ffda39316cf0e8a45f15cb4e4"},"description":"A la hora de equipar una cocina con un sistema de lavado de vajilla hay que tener en cuenta algunos factores para que el modelo elegido sea el m\u00e1s apropiado y responda a las necesidades de producci\u00f3n deseadas.","breadcrumb":{"@id":"https:\/\/www.fagorprofessional.com\/blog\/es\/maquina-lavado-vajilla-mas-adecuada\/#breadcrumb"},"inLanguage":"es","potentialAction":[{"@type":"ReadAction","target":["https:\/\/www.fagorprofessional.com\/blog\/es\/maquina-lavado-vajilla-mas-adecuada\/"]}]},{"@type":"ImageObject","inLanguage":"es","@id":"https:\/\/www.fagorprofessional.com\/blog\/es\/maquina-lavado-vajilla-mas-adecuada\/#primaryimage","url":"","contentUrl":""},{"@type":"BreadcrumbList","@id":"https:\/\/www.fagorprofessional.com\/blog\/es\/maquina-lavado-vajilla-mas-adecuada\/#breadcrumb","itemListElement":[{"@type":"ListItem","position":1,"name":"Fagor Professional Blog","item":"https:\/\/www.fagorprofessional.com\/blog\/"},{"@type":"ListItem","position":2,"name":"Tendencias y consejos","item":"https:\/\/www.fagorprofessional.com\/blog\/es\/tendencias-y-consejos\/"},{"@type":"ListItem","position":3,"name":"\u00bfQu\u00e9 m\u00e1quina de lavado de vajilla es la m\u00e1s adecuada?"}]},{"@type":"WebSite","@id":"https:\/\/www.fagorprofessional.com\/blog\/#website","url":"https:\/\/www.fagorprofessional.com\/blog\/","name":"Fagor Professional&#039;s Blog","description":"Fagor Professional&#039;s Blog","potentialAction":[{"@type":"SearchAction","target":{"@type":"EntryPoint","urlTemplate":"https:\/\/www.fagorprofessional.com\/blog\/?s={search_term_string}"},"query-input":{"@type":"PropertyValueSpecification","valueRequired":true,"valueName":"search_term_string"}}],"inLanguage":"es"},{"@type":"Person","@id":"https:\/\/www.fagorprofessional.com\/blog\/#\/schema\/person\/c2dc508ffda39316cf0e8a45f15cb4e4","name":"admin","image":{"@type":"ImageObject","inLanguage":"es","@id":"https:\/\/secure.gravatar.com\/avatar\/af0a4c336046e868f98b17f2a27b6f9426e8aba09b92828569a3ca2b54e3d91c?s=96&d=mm&r=g","url":"https:\/\/secure.gravatar.com\/avatar\/af0a4c336046e868f98b17f2a27b6f9426e8aba09b92828569a3ca2b54e3d91c?s=96&d=mm&r=g","contentUrl":"https:\/\/secure.gravatar.com\/avatar\/af0a4c336046e868f98b17f2a27b6f9426e8aba09b92828569a3ca2b54e3d91c?s=96&d=mm&r=g","caption":"admin"},"sameAs":["https:\/\/www.fagorprofessional.com\/blog"]}]}},"_links":{"self":[{"href":"https:\/\/www.fagorprofessional.com\/blog\/wp-json\/wp\/v2\/posts\/3129","targetHints":{"allow":["GET"]}}],"collection":[{"href":"https:\/\/www.fagorprofessional.com\/blog\/wp-json\/wp\/v2\/posts"}],"about":[{"href":"https:\/\/www.fagorprofessional.com\/blog\/wp-json\/wp\/v2\/types\/post"}],"author":[{"embeddable":true,"href":"https:\/\/www.fagorprofessional.com\/blog\/wp-json\/wp\/v2\/users\/1"}],"replies":[{"embeddable":true,"href":"https:\/\/www.fagorprofessional.com\/blog\/wp-json\/wp\/v2\/comments?post=3129"}],"version-history":[{"count":4,"href":"https:\/\/www.fagorprofessional.com\/blog\/wp-json\/wp\/v2\/posts\/3129\/revisions"}],"predecessor-version":[{"id":489817,"href":"https:\/\/www.fagorprofessional.com\/blog\/wp-json\/wp\/v2\/posts\/3129\/revisions\/489817"}],"wp:featuredmedia":[{"embeddable":true,"href":"https:\/\/www.fagorprofessional.com\/blog\/wp-json\/"}],"wp:attachment":[{"href":"https:\/\/www.fagorprofessional.com\/blog\/wp-json\/wp\/v2\/media?parent=3129"}],"wp:term":[{"taxonomy":"category","embeddable":true,"href":"https:\/\/www.fagorprofessional.com\/blog\/wp-json\/wp\/v2\/categories?post=3129"},{"taxonomy":"post_tag","embeddable":true,"href":"https:\/\/www.fagorprofessional.com\/blog\/wp-json\/wp\/v2\/tags?post=3129"}],"curies":[{"name":"wp","href":"https:\/\/api.w.org\/{rel}","templated":true}]}}