{"id":327,"date":"2010-10-06T11:29:00","date_gmt":"2010-10-06T11:29:00","guid":{"rendered":"https:\/\/www.fagorprofessional.com\/blog\/?p=327"},"modified":"2024-04-19T11:42:24","modified_gmt":"2024-04-19T11:42:24","slug":"ferias-hospitalaria-alicante-expodetergo-milan","status":"publish","type":"post","link":"https:\/\/www.fagorprofessional.com\/blog\/es\/ferias-hospitalaria-alicante-expodetergo-milan\/","title":{"rendered":"Comienzan las ferias de oto\u00f1o: Hospitalaria (Alicante) y Expodetergo (Mil\u00e1n)"},"content":{"rendered":"<p>Termin\u00f3 el verano\u2026 y llegaron las ferias. Que, en nuestro caso, tienen muy poco que ver con las celebraciones y saraos populares tan propios de la \u00e9poca estival. La ca\u00ed\u00adda de la hoja es la se\u00f1al de salida para que las empresas del sector de la lavander\u00ed\u00ada y restauraci\u00f3n empecemos a movernos por un abanico de eventos que se celebran \u2013literalmente\u2013 en cualquier conf\u00ed\u00adn de la Tierra.<\/p>\n<p>El calendario de este \u00faltimo trimestre, desde luego, viene movidito\u2026 Pero, como se suele decir: \u00aby que no falte\u00bb. Las ferias son intensas, son fren\u00e9ticas, son agotadoras, pero son, desde luego, necesarias. Primero, y ante todo, como <a <a href=\"https:\/\/www.fagorprofessional.com\/es\/equipos-cocina\" rel=\"nofollow\" target=\"_blank\">escaparate donde presentar productos y novedades<\/a>, pero tambi\u00e9n porque se convierten en una especie de punto neur\u00e1lgico donde se concentra toda la actividad del sector. Hay encuentros, reuniones, presentaciones (cotilleos&#8230;). Y si bien es normal acabar estas ferias machacado, tambi\u00e9n es verdad que se termina bastante mejor informado.<\/p>\n<p><img decoding=\"async\" class=\"lazyload\" src=\"data:image\/gif;base64,R0lGODlhAQABAIAAAAAAAP\/\/\/yH5BAEAAAAALAAAAAABAAEAAAIBRAA7\" data-src=\"https:\/\/www.fagorprofessional.com\/blog\/wp-content\/uploads\/2010\/10\/porta-est1.jpg\" \/><noscript><img decoding=\"async\" class=\"lazyload\" src=\"https:\/\/www.fagorprofessional.com\/blog\/wp-content\/uploads\/2010\/10\/porta-est1.jpg\" \/><\/noscript><\/p>\n<p style=\"text-align: center;\">El espectacular entorno de la Feria de Mil\u00e1n \u00a1all\u00ed estaremos!<\/p>\n<p>Manos a la obra: el periplo empieza en Alicante, donde desde hoy hasta el pr\u00f3ximo d\u00ed\u00ada 10 se celebrar\u00e1 el XII Seminario de Hospeder\u00ed\u00ada Hospitalaria. Esta reuni\u00f3n de profesionales se centra en las \u00faltimas novedades para instalaciones de hospitales y centros cl\u00ed\u00adnicos, y prestar\u00e1 una especial atenci\u00f3n a aspectos como los servicios de cocina o la limpieza, dos campos en los que siempre hemos estado muy presentes con nuestro servicio integral de equipamiento, y con nuestra gama de lavadoras de barrera sanitaria, dise\u00f1adas espec\u00ed\u00adficamente para su uso en este sector.<\/p>\n<p>Y, casi sin tiempo para tomar aliento, nos vamos a Mil\u00e1n. All\u00ed\u00ad, entre el 15 y el 18 de octubre, tendr\u00e1 lugar la XVI Feria Expodetergo, que es uno de los eventos de mayor relevancia mundial en el campo del lavado profesional, y donde tendremos mucho que decir gracias a nuestras nuevas gamas de lavadoras de centrifugado r\u00e1pido (LR) y centrifugado alto (LA), a las que nuestro equipo de expertos ha dotado de un dise\u00f1o completamente nuevo.<\/p>\n<p>Siempre se trabaja mejor en buena compa\u00f1\u00ed\u00ada, as\u00ed\u00ad que si os pas\u00e1is por alguno de los dos eventos y quer\u00e9is hacernos una visita, aqu\u00ed\u00ad os dejamos nuestras direcciones:<\/p>\n<ul>\n<li>En Hospitalaria nos pod\u00e9is encontrar <strong>en el stand n\u00b0 17.<\/strong><\/li>\n<li>Y en Expodetergo, estaremos <strong>en el stand <\/strong><strong>V01\/Z02 <\/strong><strong>del Pabell\u00f3n 2 de Fieramilano (Rho).<\/strong><\/li>\n<\/ul>\n<p>\u00a1Os esperamos!<\/p>\n","protected":false},"excerpt":{"rendered":"<p>Termin\u00f3 el verano\u2026 y llegaron las ferias. Que, en nuestro caso, tienen muy poco que ver con las celebraciones y saraos populares tan propios de la \u00e9poca estival. La ca\u00ed\u00adda de la hoja es la se\u00f1al de salida para que las empresas del sector de la lavander\u00ed\u00ada y restauraci\u00f3n empecemos a movernos por un abanico&#8230;<\/p>\n","protected":false},"author":1,"featured_media":1,"comment_status":"open","ping_status":"open","sticky":false,"template":"","format":"standard","meta":{"_acf_changed":false,"footnotes":""},"categories":[8],"tags":[],"class_list":["post-327","post","type-post","status-publish","format-standard","has-post-thumbnail","hentry","category-novedades-y-eventos"],"acf":[],"yoast_head":"<!-- This site is optimized with the Yoast SEO plugin v27.4 - https:\/\/yoast.com\/product\/yoast-seo-wordpress\/ -->\n<title>Ferias de oto\u00f1o: Hospitalaria (Alicante) y Expodetergo (Mil\u00e1n)<\/title>\n<meta name=\"description\" content=\"Termin\u00f3 el verano\u2026 y llegaron las ferias. Que, en nuestro caso, tienen muy poco que ver con las celebraciones y saraos populares tan propios de la \u00e9poca estival.\" \/>\n<meta name=\"robots\" content=\"index, follow, max-snippet:-1, max-image-preview:large, max-video-preview:-1\" \/>\n<link rel=\"canonical\" href=\"https:\/\/www.fagorprofessional.com\/blog\/es\/ferias-hospitalaria-alicante-expodetergo-milan\/\" \/>\n<meta property=\"og:locale\" content=\"es_ES\" \/>\n<meta property=\"og:type\" content=\"article\" \/>\n<meta property=\"og:title\" content=\"Ferias de oto\u00f1o: Hospitalaria (Alicante) y Expodetergo (Mil\u00e1n)\" \/>\n<meta property=\"og:description\" content=\"Termin\u00f3 el verano\u2026 y llegaron las ferias. Que, en nuestro caso, tienen muy poco que ver con las celebraciones y saraos populares tan propios de la \u00e9poca estival.\" \/>\n<meta property=\"og:url\" content=\"https:\/\/www.fagorprofessional.com\/blog\/es\/ferias-hospitalaria-alicante-expodetergo-milan\/\" \/>\n<meta property=\"og:site_name\" content=\"Fagor Professional&#039;s Blog\" \/>\n<meta property=\"article:published_time\" content=\"2010-10-06T11:29:00+00:00\" \/>\n<meta property=\"article:modified_time\" content=\"2024-04-19T11:42:24+00:00\" \/>\n<meta name=\"author\" content=\"admin\" \/>\n<meta name=\"twitter:card\" content=\"summary_large_image\" \/>\n<meta name=\"twitter:label1\" content=\"Escrito por\" \/>\n\t<meta name=\"twitter:data1\" content=\"admin\" \/>\n\t<meta name=\"twitter:label2\" content=\"Tiempo de lectura\" \/>\n\t<meta name=\"twitter:data2\" content=\"2 minutos\" \/>\n<script type=\"application\/ld+json\" class=\"yoast-schema-graph\">{\"@context\":\"https:\\\/\\\/schema.org\",\"@graph\":[{\"@type\":\"Article\",\"@id\":\"https:\\\/\\\/www.fagorprofessional.com\\\/blog\\\/es\\\/ferias-hospitalaria-alicante-expodetergo-milan\\\/#article\",\"isPartOf\":{\"@id\":\"https:\\\/\\\/www.fagorprofessional.com\\\/blog\\\/es\\\/ferias-hospitalaria-alicante-expodetergo-milan\\\/\"},\"author\":{\"name\":\"admin\",\"@id\":\"https:\\\/\\\/www.fagorprofessional.com\\\/blog\\\/#\\\/schema\\\/person\\\/c2dc508ffda39316cf0e8a45f15cb4e4\"},\"headline\":\"Comienzan las ferias de oto\u00f1o: Hospitalaria (Alicante) y Expodetergo (Mil\u00e1n)\",\"datePublished\":\"2010-10-06T11:29:00+00:00\",\"dateModified\":\"2024-04-19T11:42:24+00:00\",\"mainEntityOfPage\":{\"@id\":\"https:\\\/\\\/www.fagorprofessional.com\\\/blog\\\/es\\\/ferias-hospitalaria-alicante-expodetergo-milan\\\/\"},\"wordCount\":417,\"commentCount\":2,\"image\":{\"@id\":\"https:\\\/\\\/www.fagorprofessional.com\\\/blog\\\/es\\\/ferias-hospitalaria-alicante-expodetergo-milan\\\/#primaryimage\"},\"thumbnailUrl\":\"\",\"articleSection\":[\"Novedades y eventos\"],\"inLanguage\":\"es\",\"potentialAction\":[{\"@type\":\"CommentAction\",\"name\":\"Comment\",\"target\":[\"https:\\\/\\\/www.fagorprofessional.com\\\/blog\\\/es\\\/ferias-hospitalaria-alicante-expodetergo-milan\\\/#respond\"]}]},{\"@type\":\"WebPage\",\"@id\":\"https:\\\/\\\/www.fagorprofessional.com\\\/blog\\\/es\\\/ferias-hospitalaria-alicante-expodetergo-milan\\\/\",\"url\":\"https:\\\/\\\/www.fagorprofessional.com\\\/blog\\\/es\\\/ferias-hospitalaria-alicante-expodetergo-milan\\\/\",\"name\":\"Ferias de oto\u00f1o: Hospitalaria (Alicante) y Expodetergo (Mil\u00e1n)\",\"isPartOf\":{\"@id\":\"https:\\\/\\\/www.fagorprofessional.com\\\/blog\\\/#website\"},\"primaryImageOfPage\":{\"@id\":\"https:\\\/\\\/www.fagorprofessional.com\\\/blog\\\/es\\\/ferias-hospitalaria-alicante-expodetergo-milan\\\/#primaryimage\"},\"image\":{\"@id\":\"https:\\\/\\\/www.fagorprofessional.com\\\/blog\\\/es\\\/ferias-hospitalaria-alicante-expodetergo-milan\\\/#primaryimage\"},\"thumbnailUrl\":\"\",\"datePublished\":\"2010-10-06T11:29:00+00:00\",\"dateModified\":\"2024-04-19T11:42:24+00:00\",\"author\":{\"@id\":\"https:\\\/\\\/www.fagorprofessional.com\\\/blog\\\/#\\\/schema\\\/person\\\/c2dc508ffda39316cf0e8a45f15cb4e4\"},\"description\":\"Termin\u00f3 el verano\u2026 y llegaron las ferias. Que, en nuestro caso, tienen muy poco que ver con las celebraciones y saraos populares tan propios de la \u00e9poca estival.\",\"breadcrumb\":{\"@id\":\"https:\\\/\\\/www.fagorprofessional.com\\\/blog\\\/es\\\/ferias-hospitalaria-alicante-expodetergo-milan\\\/#breadcrumb\"},\"inLanguage\":\"es\",\"potentialAction\":[{\"@type\":\"ReadAction\",\"target\":[\"https:\\\/\\\/www.fagorprofessional.com\\\/blog\\\/es\\\/ferias-hospitalaria-alicante-expodetergo-milan\\\/\"]}]},{\"@type\":\"ImageObject\",\"inLanguage\":\"es\",\"@id\":\"https:\\\/\\\/www.fagorprofessional.com\\\/blog\\\/es\\\/ferias-hospitalaria-alicante-expodetergo-milan\\\/#primaryimage\",\"url\":\"\",\"contentUrl\":\"\"},{\"@type\":\"BreadcrumbList\",\"@id\":\"https:\\\/\\\/www.fagorprofessional.com\\\/blog\\\/es\\\/ferias-hospitalaria-alicante-expodetergo-milan\\\/#breadcrumb\",\"itemListElement\":[{\"@type\":\"ListItem\",\"position\":1,\"name\":\"Fagor Professional Blog\",\"item\":\"https:\\\/\\\/www.fagorprofessional.com\\\/blog\\\/\"},{\"@type\":\"ListItem\",\"position\":2,\"name\":\"Novedades y eventos\",\"item\":\"https:\\\/\\\/www.fagorprofessional.com\\\/blog\\\/es\\\/novedades-y-eventos\\\/\"},{\"@type\":\"ListItem\",\"position\":3,\"name\":\"Comienzan las ferias de oto\u00f1o: Hospitalaria (Alicante) y Expodetergo (Mil\u00e1n)\"}]},{\"@type\":\"WebSite\",\"@id\":\"https:\\\/\\\/www.fagorprofessional.com\\\/blog\\\/#website\",\"url\":\"https:\\\/\\\/www.fagorprofessional.com\\\/blog\\\/\",\"name\":\"Fagor Professional&#039;s Blog\",\"description\":\"Fagor Professional&#039;s Blog\",\"potentialAction\":[{\"@type\":\"SearchAction\",\"target\":{\"@type\":\"EntryPoint\",\"urlTemplate\":\"https:\\\/\\\/www.fagorprofessional.com\\\/blog\\\/?s={search_term_string}\"},\"query-input\":{\"@type\":\"PropertyValueSpecification\",\"valueRequired\":true,\"valueName\":\"search_term_string\"}}],\"inLanguage\":\"es\"},{\"@type\":\"Person\",\"@id\":\"https:\\\/\\\/www.fagorprofessional.com\\\/blog\\\/#\\\/schema\\\/person\\\/c2dc508ffda39316cf0e8a45f15cb4e4\",\"name\":\"admin\",\"image\":{\"@type\":\"ImageObject\",\"inLanguage\":\"es\",\"@id\":\"https:\\\/\\\/secure.gravatar.com\\\/avatar\\\/af0a4c336046e868f98b17f2a27b6f9426e8aba09b92828569a3ca2b54e3d91c?s=96&d=mm&r=g\",\"url\":\"https:\\\/\\\/secure.gravatar.com\\\/avatar\\\/af0a4c336046e868f98b17f2a27b6f9426e8aba09b92828569a3ca2b54e3d91c?s=96&d=mm&r=g\",\"contentUrl\":\"https:\\\/\\\/secure.gravatar.com\\\/avatar\\\/af0a4c336046e868f98b17f2a27b6f9426e8aba09b92828569a3ca2b54e3d91c?s=96&d=mm&r=g\",\"caption\":\"admin\"},\"sameAs\":[\"https:\\\/\\\/www.fagorprofessional.com\\\/blog\"]}]}<\/script>\n<!-- \/ Yoast SEO plugin. -->","yoast_head_json":{"title":"Ferias de oto\u00f1o: Hospitalaria (Alicante) y Expodetergo (Mil\u00e1n)","description":"Termin\u00f3 el verano\u2026 y llegaron las ferias. Que, en nuestro caso, tienen muy poco que ver con las celebraciones y saraos populares tan propios de la \u00e9poca estival.","robots":{"index":"index","follow":"follow","max-snippet":"max-snippet:-1","max-image-preview":"max-image-preview:large","max-video-preview":"max-video-preview:-1"},"canonical":"https:\/\/www.fagorprofessional.com\/blog\/es\/ferias-hospitalaria-alicante-expodetergo-milan\/","og_locale":"es_ES","og_type":"article","og_title":"Ferias de oto\u00f1o: Hospitalaria (Alicante) y Expodetergo (Mil\u00e1n)","og_description":"Termin\u00f3 el verano\u2026 y llegaron las ferias. Que, en nuestro caso, tienen muy poco que ver con las celebraciones y saraos populares tan propios de la \u00e9poca estival.","og_url":"https:\/\/www.fagorprofessional.com\/blog\/es\/ferias-hospitalaria-alicante-expodetergo-milan\/","og_site_name":"Fagor Professional&#039;s Blog","article_published_time":"2010-10-06T11:29:00+00:00","article_modified_time":"2024-04-19T11:42:24+00:00","author":"admin","twitter_card":"summary_large_image","twitter_misc":{"Escrito por":"admin","Tiempo de lectura":"2 minutos"},"schema":{"@context":"https:\/\/schema.org","@graph":[{"@type":"Article","@id":"https:\/\/www.fagorprofessional.com\/blog\/es\/ferias-hospitalaria-alicante-expodetergo-milan\/#article","isPartOf":{"@id":"https:\/\/www.fagorprofessional.com\/blog\/es\/ferias-hospitalaria-alicante-expodetergo-milan\/"},"author":{"name":"admin","@id":"https:\/\/www.fagorprofessional.com\/blog\/#\/schema\/person\/c2dc508ffda39316cf0e8a45f15cb4e4"},"headline":"Comienzan las ferias de oto\u00f1o: Hospitalaria (Alicante) y Expodetergo (Mil\u00e1n)","datePublished":"2010-10-06T11:29:00+00:00","dateModified":"2024-04-19T11:42:24+00:00","mainEntityOfPage":{"@id":"https:\/\/www.fagorprofessional.com\/blog\/es\/ferias-hospitalaria-alicante-expodetergo-milan\/"},"wordCount":417,"commentCount":2,"image":{"@id":"https:\/\/www.fagorprofessional.com\/blog\/es\/ferias-hospitalaria-alicante-expodetergo-milan\/#primaryimage"},"thumbnailUrl":"","articleSection":["Novedades y eventos"],"inLanguage":"es","potentialAction":[{"@type":"CommentAction","name":"Comment","target":["https:\/\/www.fagorprofessional.com\/blog\/es\/ferias-hospitalaria-alicante-expodetergo-milan\/#respond"]}]},{"@type":"WebPage","@id":"https:\/\/www.fagorprofessional.com\/blog\/es\/ferias-hospitalaria-alicante-expodetergo-milan\/","url":"https:\/\/www.fagorprofessional.com\/blog\/es\/ferias-hospitalaria-alicante-expodetergo-milan\/","name":"Ferias de oto\u00f1o: Hospitalaria (Alicante) y Expodetergo (Mil\u00e1n)","isPartOf":{"@id":"https:\/\/www.fagorprofessional.com\/blog\/#website"},"primaryImageOfPage":{"@id":"https:\/\/www.fagorprofessional.com\/blog\/es\/ferias-hospitalaria-alicante-expodetergo-milan\/#primaryimage"},"image":{"@id":"https:\/\/www.fagorprofessional.com\/blog\/es\/ferias-hospitalaria-alicante-expodetergo-milan\/#primaryimage"},"thumbnailUrl":"","datePublished":"2010-10-06T11:29:00+00:00","dateModified":"2024-04-19T11:42:24+00:00","author":{"@id":"https:\/\/www.fagorprofessional.com\/blog\/#\/schema\/person\/c2dc508ffda39316cf0e8a45f15cb4e4"},"description":"Termin\u00f3 el verano\u2026 y llegaron las ferias. Que, en nuestro caso, tienen muy poco que ver con las celebraciones y saraos populares tan propios de la \u00e9poca estival.","breadcrumb":{"@id":"https:\/\/www.fagorprofessional.com\/blog\/es\/ferias-hospitalaria-alicante-expodetergo-milan\/#breadcrumb"},"inLanguage":"es","potentialAction":[{"@type":"ReadAction","target":["https:\/\/www.fagorprofessional.com\/blog\/es\/ferias-hospitalaria-alicante-expodetergo-milan\/"]}]},{"@type":"ImageObject","inLanguage":"es","@id":"https:\/\/www.fagorprofessional.com\/blog\/es\/ferias-hospitalaria-alicante-expodetergo-milan\/#primaryimage","url":"","contentUrl":""},{"@type":"BreadcrumbList","@id":"https:\/\/www.fagorprofessional.com\/blog\/es\/ferias-hospitalaria-alicante-expodetergo-milan\/#breadcrumb","itemListElement":[{"@type":"ListItem","position":1,"name":"Fagor Professional Blog","item":"https:\/\/www.fagorprofessional.com\/blog\/"},{"@type":"ListItem","position":2,"name":"Novedades y eventos","item":"https:\/\/www.fagorprofessional.com\/blog\/es\/novedades-y-eventos\/"},{"@type":"ListItem","position":3,"name":"Comienzan las ferias de oto\u00f1o: Hospitalaria (Alicante) y Expodetergo (Mil\u00e1n)"}]},{"@type":"WebSite","@id":"https:\/\/www.fagorprofessional.com\/blog\/#website","url":"https:\/\/www.fagorprofessional.com\/blog\/","name":"Fagor Professional&#039;s Blog","description":"Fagor Professional&#039;s Blog","potentialAction":[{"@type":"SearchAction","target":{"@type":"EntryPoint","urlTemplate":"https:\/\/www.fagorprofessional.com\/blog\/?s={search_term_string}"},"query-input":{"@type":"PropertyValueSpecification","valueRequired":true,"valueName":"search_term_string"}}],"inLanguage":"es"},{"@type":"Person","@id":"https:\/\/www.fagorprofessional.com\/blog\/#\/schema\/person\/c2dc508ffda39316cf0e8a45f15cb4e4","name":"admin","image":{"@type":"ImageObject","inLanguage":"es","@id":"https:\/\/secure.gravatar.com\/avatar\/af0a4c336046e868f98b17f2a27b6f9426e8aba09b92828569a3ca2b54e3d91c?s=96&d=mm&r=g","url":"https:\/\/secure.gravatar.com\/avatar\/af0a4c336046e868f98b17f2a27b6f9426e8aba09b92828569a3ca2b54e3d91c?s=96&d=mm&r=g","contentUrl":"https:\/\/secure.gravatar.com\/avatar\/af0a4c336046e868f98b17f2a27b6f9426e8aba09b92828569a3ca2b54e3d91c?s=96&d=mm&r=g","caption":"admin"},"sameAs":["https:\/\/www.fagorprofessional.com\/blog"]}]}},"_links":{"self":[{"href":"https:\/\/www.fagorprofessional.com\/blog\/wp-json\/wp\/v2\/posts\/327","targetHints":{"allow":["GET"]}}],"collection":[{"href":"https:\/\/www.fagorprofessional.com\/blog\/wp-json\/wp\/v2\/posts"}],"about":[{"href":"https:\/\/www.fagorprofessional.com\/blog\/wp-json\/wp\/v2\/types\/post"}],"author":[{"embeddable":true,"href":"https:\/\/www.fagorprofessional.com\/blog\/wp-json\/wp\/v2\/users\/1"}],"replies":[{"embeddable":true,"href":"https:\/\/www.fagorprofessional.com\/blog\/wp-json\/wp\/v2\/comments?post=327"}],"version-history":[{"count":8,"href":"https:\/\/www.fagorprofessional.com\/blog\/wp-json\/wp\/v2\/posts\/327\/revisions"}],"predecessor-version":[{"id":490420,"href":"https:\/\/www.fagorprofessional.com\/blog\/wp-json\/wp\/v2\/posts\/327\/revisions\/490420"}],"wp:featuredmedia":[{"embeddable":true,"href":"https:\/\/www.fagorprofessional.com\/blog\/wp-json\/"}],"wp:attachment":[{"href":"https:\/\/www.fagorprofessional.com\/blog\/wp-json\/wp\/v2\/media?parent=327"}],"wp:term":[{"taxonomy":"category","embeddable":true,"href":"https:\/\/www.fagorprofessional.com\/blog\/wp-json\/wp\/v2\/categories?post=327"},{"taxonomy":"post_tag","embeddable":true,"href":"https:\/\/www.fagorprofessional.com\/blog\/wp-json\/wp\/v2\/tags?post=327"}],"curies":[{"name":"wp","href":"https:\/\/api.w.org\/{rel}","templated":true}]}}