{"id":3415,"date":"2015-02-04T10:32:00","date_gmt":"2015-02-04T09:32:00","guid":{"rendered":"https:\/\/www.fagorprofessional.com\/blog\/?p=3415"},"modified":"2024-04-19T09:57:56","modified_gmt":"2024-04-19T09:57:56","slug":"descubriendo-caracteristicas-cocina-fagor-industrial-junto-prestigioso-chef-john-guerrero-parte-ii","status":"publish","type":"post","link":"https:\/\/www.fagorprofessional.com\/blog\/es\/descubriendo-caracteristicas-cocina-fagor-industrial-junto-prestigioso-chef-john-guerrero-parte-ii\/","title":{"rendered":"Descubriendo las caracter\u00edsticas de una cocina de Fagor Professional junto con el prestigioso chef John Guerrero: Parte II"},"content":{"rendered":"<p align=\"\"><b>He tenido la suerte de trabajar en cocinas con equipos de Fagor Professional y me he alimentado de esa cultura de innovaci\u00f3n y calidad en su l\u00ed\u00adnea de productos<\/b><\/p>\n<p>Hace dos semanas, a trav\u00e9s de una entrevista publicada en el blog de Fagor Professional, tuvimos la oportunidad de conocer al prestigioso chef venezolano John Guerrero. A sus 35 a\u00f1os, el cocinero cuenta con una gran notoriedad en el sector de la restauraci\u00f3n profesional, tanto en Venezuela como en Espa\u00f1a, donde cuenta con una gran cantidad de mentores y colaboradores.<\/p>\n<p>Uno de sus proyectos estrella se llama <b>Cocineros.info, una librer\u00ed\u00ada gastron\u00f3mica especializada en el \u00e1mbito nacional e internacional, que supuso un paso definitivo en su carrera.<\/b><\/p>\n<p>Hoy, a trav\u00e9s de esta segunda parte de la entrevista concedida a Fagor Professional, tendremos la oportunidad de conocer las caracter\u00ed\u00adsticas del equipamiento de Fagor Professional que ha instalado John Guerrero en sus cocinas y la opini\u00f3n que presenta acerca de nuestros productos.<\/p>\n<p><img decoding=\"async\" class=\"aligncenter lazyload\" src=\"data:image\/gif;base64,R0lGODlhAQABAIAAAAAAAP\/\/\/yH5BAEAAAAALAAAAAABAAEAAAIBRAA7\" data-src=\"https:\/\/www.fagorprofessional.com\/blog\/wp-content\/uploads\/2015\/02\/IMG_4808.jpg\" alt=\"IMG_4808\" \/><noscript><img decoding=\"async\" class=\"aligncenter lazyload\" src=\"https:\/\/www.fagorprofessional.com\/blog\/wp-content\/uploads\/2015\/02\/IMG_4808.jpg\" alt=\"IMG_4808\" \/><\/noscript><\/p>\n<p><b>-En cuanto al nuevo equipamiento de Fagor Professional instalado en sus cocinas y que ha compartido con sus miles de seguidores a trav\u00e9s de las redes sociales, \u00bfde qu\u00e9 elementos se compone y qu\u00e9 destacar\u00ed\u00ada de los mismos a la hora de realizar su trabajo como chef?<\/b><\/p>\n<p>La mayor\u00ed\u00ada de nuestros proyectos se componen dependiendo de las dimensiones del proyecto, de las <a href=\"https:\/\/www.fagorprofessional.com\/es\/equipos-cocina\/cocinas-industriales\/gama-600\" target=\"_blank\" rel=\"noopener\"><b>Gamas 600 o 900 de Fagor Professional<\/b><\/a>. Soy un ferviente creyente de que el cocinero tiene que tener una visi\u00f3n integral de su \u00e1rea de trabajo y de su centro de operaciones. Dise\u00f1o las cocinas de forma que tengamos <b>una isla central en la cual encastramos la bater\u00ed\u00ada de fuegos y planchas, casi siempre mantenemos el criterio del cat\u00e1logo de Fagor, en el que tenemos fuegos, plancha, grill, freidora y ba\u00f1o mar\u00ed\u00ada.<\/b><\/p>\n<p>Como chef destacar\u00ed\u00ada de las m\u00e1quinas de Fagor Professional su <b>facilidad de uso<\/b>, la <b>seguridad de los equipos<\/b> y el tipo de acero que es muy higi\u00e9nico a la hora de la limpieza y la manipulaci\u00f3n. El dise\u00f1o de los equipos da una respuesta del nivel de cocina que, quiz\u00e1s en Espa\u00f1a es com\u00fan en hoteles de clase media, pero en Venezuela o Colombia tener una cocina con equipamiento Fagor es dar un grado m\u00e1s a la calidad de los espacios.<\/p>\n<p>Hemos compartido en las redes sociales el proyecto de la Federaci\u00f3n de F\u00fatbol de Venezuela, un centro profesional de alto rendimiento en el que hemos participado en la configuraci\u00f3n y ejecuci\u00f3n de los espacios, donde se instalaron tanto hornos de convecci\u00f3n, como marmitas y sartenes basculantes.<\/p>\n<p>Nunca hab\u00ed\u00adamos participado en un <b>proyecto donde se asociaran gastronom\u00ed\u00ada y deporte<\/b>, y de hecho hemos aprendido much\u00ed\u00adsimo porque no ten\u00ed\u00adamos idea de lo importante que es la alimentaci\u00f3n de un deportista de alto rendimiento. Hemos tenido que interactuar con el equipo de nutricionistas de la Federaci\u00f3n para desarrollar los men\u00fas de estos deportistas.<\/p>\n<p>Quer\u00ed\u00adamos darle adem\u00e1s un valor a\u00f1adido, incorporando a ese criterio de salud recetas que tienen como origen la gastronom\u00ed\u00ada venezolana, lo que ha supuesto un trabajo muy enriquecedor.<\/p>\n<p>Agradecemos a la Federaci\u00f3n y a quien acept\u00f3 nuestra propuesta de trabajar con equipamiento <b>Fagor Professional, porque creemos que es lo mejor que hay en el mercado, y la verdad es que el proyecto qued\u00f3 muy completo ya que inclu\u00ed\u00ada bancadas refrigeradas, mesas refrigeradas de congelaci\u00f3n, \u00e1rea de limpieza y l\u00ed\u00adnea de lavavajillas de arrastre<\/b>.<\/p>\n<p><b>-Como asesor de ventas de los equipos de Fagor Professional, que conoce a fondo, \u00bfqu\u00e9 destacar\u00ed\u00ada de su apuesta por esta compa\u00f1\u00ed\u00ada y de su l\u00ed\u00adnea de productos?<\/b><\/p>\n<p><b>Llevo doce o trece a\u00f1os trabajando con equipos de Fagor Professional.<\/b> En mi carrera profesional he tenido la suerte de toparme con muchas cocinas donde los equipos eran de la marca Fagor, y fui alimentando esa cultura evangelista por Fagor Professional poco a poco en la que destacar\u00ed\u00ada <b>la innovaci\u00f3n y la calidad en su l\u00ed\u00adnea de productos<\/b>. Creo que no hay mejor vendedor que aquel que usa y adem\u00e1s recomienda con argumentos t\u00e9cnicos y pr\u00e1cticos un equipo, y ese es uno de nuestros potenciales. Como asesores para nuestros clientes donde desarrollamos un proyecto, en la medida que podemos y que el emprendedor tiene fuerza econ\u00f3mica para acceder a equipos de Fagor Professional, nosotros se lo recomendamos con total seguridad. No hay m\u00e1s que entrar a la <a <a href=\"http:\/www.fagorindustrial.com\/es\" rel=\"nofollow\" target=\"_blank\">web de Fagor Professional<\/a> para convencernos con argumentos de que son de los mejores equipos que hay en el mercado.<\/p>\n","protected":false},"excerpt":{"rendered":"<p>He tenido la suerte de trabajar en cocinas con equipos de Fagor Professional y me he alimentado de esa cultura de innovaci\u00f3n y calidad en su l\u00ed\u00adnea de productos Hace dos semanas, a trav\u00e9s de una entrevista publicada en el blog de Fagor Professional, tuvimos la oportunidad de conocer al prestigioso chef venezolano John Guerrero&#8230;.<\/p>\n","protected":false},"author":1,"featured_media":1,"comment_status":"open","ping_status":"open","sticky":false,"template":"","format":"standard","meta":{"_acf_changed":false,"footnotes":""},"categories":[5,6],"tags":[],"class_list":["post-3415","post","type-post","status-publish","format-standard","has-post-thumbnail","hentry","category-equipamiento","category-nuestros-clientes"],"acf":[],"yoast_head":"<!-- This site is optimized with the Yoast SEO plugin v27.5 - https:\/\/yoast.com\/product\/yoast-seo-wordpress\/ -->\n<title>Las caracteristicas de una cocina professional con el chef John Guerrero<\/title>\n<meta name=\"description\" content=\"Hace dos semanas, a trav\u00e9s de una entrevista publicada en el blog de Fagor Industrial, tuvimos la oportunidad de conocer al prestigioso chef venezolano John Guerrero.\" \/>\n<meta name=\"robots\" content=\"index, follow, max-snippet:-1, max-image-preview:large, max-video-preview:-1\" \/>\n<link rel=\"canonical\" href=\"https:\/\/www.fagorprofessional.com\/blog\/es\/descubriendo-caracteristicas-cocina-fagor-industrial-junto-prestigioso-chef-john-guerrero-parte-ii\/\" \/>\n<meta property=\"og:locale\" content=\"es_ES\" \/>\n<meta property=\"og:type\" content=\"article\" \/>\n<meta property=\"og:title\" content=\"Las caracteristicas de una cocina professional con el chef John Guerrero\" \/>\n<meta property=\"og:description\" content=\"Hace dos semanas, a trav\u00e9s de una entrevista publicada en el blog de Fagor Industrial, tuvimos la oportunidad de conocer al prestigioso chef venezolano John Guerrero.\" \/>\n<meta property=\"og:url\" content=\"https:\/\/www.fagorprofessional.com\/blog\/es\/descubriendo-caracteristicas-cocina-fagor-industrial-junto-prestigioso-chef-john-guerrero-parte-ii\/\" \/>\n<meta property=\"og:site_name\" content=\"Fagor Professional&#039;s Blog\" \/>\n<meta property=\"article:published_time\" content=\"2015-02-04T09:32:00+00:00\" \/>\n<meta property=\"article:modified_time\" content=\"2024-04-19T09:57:56+00:00\" \/>\n<meta name=\"author\" content=\"admin\" \/>\n<meta name=\"twitter:card\" content=\"summary_large_image\" \/>\n<meta name=\"twitter:label1\" content=\"Escrito por\" \/>\n\t<meta name=\"twitter:data1\" content=\"admin\" \/>\n\t<meta name=\"twitter:label2\" content=\"Tiempo de lectura\" \/>\n\t<meta name=\"twitter:data2\" content=\"4 minutos\" \/>\n<script type=\"application\/ld+json\" class=\"yoast-schema-graph\">{\"@context\":\"https:\\\/\\\/schema.org\",\"@graph\":[{\"@type\":\"Article\",\"@id\":\"https:\\\/\\\/www.fagorprofessional.com\\\/blog\\\/es\\\/descubriendo-caracteristicas-cocina-fagor-industrial-junto-prestigioso-chef-john-guerrero-parte-ii\\\/#article\",\"isPartOf\":{\"@id\":\"https:\\\/\\\/www.fagorprofessional.com\\\/blog\\\/es\\\/descubriendo-caracteristicas-cocina-fagor-industrial-junto-prestigioso-chef-john-guerrero-parte-ii\\\/\"},\"author\":{\"name\":\"admin\",\"@id\":\"https:\\\/\\\/www.fagorprofessional.com\\\/blog\\\/#\\\/schema\\\/person\\\/c2dc508ffda39316cf0e8a45f15cb4e4\"},\"headline\":\"Descubriendo las caracter\u00edsticas de una cocina de Fagor Professional junto con el prestigioso chef John Guerrero: Parte II\",\"datePublished\":\"2015-02-04T09:32:00+00:00\",\"dateModified\":\"2024-04-19T09:57:56+00:00\",\"mainEntityOfPage\":{\"@id\":\"https:\\\/\\\/www.fagorprofessional.com\\\/blog\\\/es\\\/descubriendo-caracteristicas-cocina-fagor-industrial-junto-prestigioso-chef-john-guerrero-parte-ii\\\/\"},\"wordCount\":809,\"commentCount\":0,\"image\":{\"@id\":\"https:\\\/\\\/www.fagorprofessional.com\\\/blog\\\/es\\\/descubriendo-caracteristicas-cocina-fagor-industrial-junto-prestigioso-chef-john-guerrero-parte-ii\\\/#primaryimage\"},\"thumbnailUrl\":\"\",\"articleSection\":[\"Equipamiento\",\"Nuestros clientes\"],\"inLanguage\":\"es\",\"potentialAction\":[{\"@type\":\"CommentAction\",\"name\":\"Comment\",\"target\":[\"https:\\\/\\\/www.fagorprofessional.com\\\/blog\\\/es\\\/descubriendo-caracteristicas-cocina-fagor-industrial-junto-prestigioso-chef-john-guerrero-parte-ii\\\/#respond\"]}]},{\"@type\":\"WebPage\",\"@id\":\"https:\\\/\\\/www.fagorprofessional.com\\\/blog\\\/es\\\/descubriendo-caracteristicas-cocina-fagor-industrial-junto-prestigioso-chef-john-guerrero-parte-ii\\\/\",\"url\":\"https:\\\/\\\/www.fagorprofessional.com\\\/blog\\\/es\\\/descubriendo-caracteristicas-cocina-fagor-industrial-junto-prestigioso-chef-john-guerrero-parte-ii\\\/\",\"name\":\"Las caracteristicas de una cocina professional con el chef John Guerrero\",\"isPartOf\":{\"@id\":\"https:\\\/\\\/www.fagorprofessional.com\\\/blog\\\/#website\"},\"primaryImageOfPage\":{\"@id\":\"https:\\\/\\\/www.fagorprofessional.com\\\/blog\\\/es\\\/descubriendo-caracteristicas-cocina-fagor-industrial-junto-prestigioso-chef-john-guerrero-parte-ii\\\/#primaryimage\"},\"image\":{\"@id\":\"https:\\\/\\\/www.fagorprofessional.com\\\/blog\\\/es\\\/descubriendo-caracteristicas-cocina-fagor-industrial-junto-prestigioso-chef-john-guerrero-parte-ii\\\/#primaryimage\"},\"thumbnailUrl\":\"\",\"datePublished\":\"2015-02-04T09:32:00+00:00\",\"dateModified\":\"2024-04-19T09:57:56+00:00\",\"author\":{\"@id\":\"https:\\\/\\\/www.fagorprofessional.com\\\/blog\\\/#\\\/schema\\\/person\\\/c2dc508ffda39316cf0e8a45f15cb4e4\"},\"description\":\"Hace dos semanas, a trav\u00e9s de una entrevista publicada en el blog de Fagor Industrial, tuvimos la oportunidad de conocer al prestigioso chef venezolano John Guerrero.\",\"breadcrumb\":{\"@id\":\"https:\\\/\\\/www.fagorprofessional.com\\\/blog\\\/es\\\/descubriendo-caracteristicas-cocina-fagor-industrial-junto-prestigioso-chef-john-guerrero-parte-ii\\\/#breadcrumb\"},\"inLanguage\":\"es\",\"potentialAction\":[{\"@type\":\"ReadAction\",\"target\":[\"https:\\\/\\\/www.fagorprofessional.com\\\/blog\\\/es\\\/descubriendo-caracteristicas-cocina-fagor-industrial-junto-prestigioso-chef-john-guerrero-parte-ii\\\/\"]}]},{\"@type\":\"ImageObject\",\"inLanguage\":\"es\",\"@id\":\"https:\\\/\\\/www.fagorprofessional.com\\\/blog\\\/es\\\/descubriendo-caracteristicas-cocina-fagor-industrial-junto-prestigioso-chef-john-guerrero-parte-ii\\\/#primaryimage\",\"url\":\"\",\"contentUrl\":\"\"},{\"@type\":\"BreadcrumbList\",\"@id\":\"https:\\\/\\\/www.fagorprofessional.com\\\/blog\\\/es\\\/descubriendo-caracteristicas-cocina-fagor-industrial-junto-prestigioso-chef-john-guerrero-parte-ii\\\/#breadcrumb\",\"itemListElement\":[{\"@type\":\"ListItem\",\"position\":1,\"name\":\"Fagor Professional Blog\",\"item\":\"https:\\\/\\\/www.fagorprofessional.com\\\/blog\\\/\"},{\"@type\":\"ListItem\",\"position\":2,\"name\":\"Equipamiento\",\"item\":\"https:\\\/\\\/www.fagorprofessional.com\\\/blog\\\/es\\\/equipamiento\\\/\"},{\"@type\":\"ListItem\",\"position\":3,\"name\":\"Descubriendo las caracter\u00edsticas de una cocina de Fagor Professional junto con el prestigioso chef John Guerrero: Parte II\"}]},{\"@type\":\"WebSite\",\"@id\":\"https:\\\/\\\/www.fagorprofessional.com\\\/blog\\\/#website\",\"url\":\"https:\\\/\\\/www.fagorprofessional.com\\\/blog\\\/\",\"name\":\"Fagor Professional&#039;s Blog\",\"description\":\"Fagor Professional&#039;s Blog\",\"potentialAction\":[{\"@type\":\"SearchAction\",\"target\":{\"@type\":\"EntryPoint\",\"urlTemplate\":\"https:\\\/\\\/www.fagorprofessional.com\\\/blog\\\/?s={search_term_string}\"},\"query-input\":{\"@type\":\"PropertyValueSpecification\",\"valueRequired\":true,\"valueName\":\"search_term_string\"}}],\"inLanguage\":\"es\"},{\"@type\":\"Person\",\"@id\":\"https:\\\/\\\/www.fagorprofessional.com\\\/blog\\\/#\\\/schema\\\/person\\\/c2dc508ffda39316cf0e8a45f15cb4e4\",\"name\":\"admin\",\"image\":{\"@type\":\"ImageObject\",\"inLanguage\":\"es\",\"@id\":\"https:\\\/\\\/secure.gravatar.com\\\/avatar\\\/af0a4c336046e868f98b17f2a27b6f9426e8aba09b92828569a3ca2b54e3d91c?s=96&d=mm&r=g\",\"url\":\"https:\\\/\\\/secure.gravatar.com\\\/avatar\\\/af0a4c336046e868f98b17f2a27b6f9426e8aba09b92828569a3ca2b54e3d91c?s=96&d=mm&r=g\",\"contentUrl\":\"https:\\\/\\\/secure.gravatar.com\\\/avatar\\\/af0a4c336046e868f98b17f2a27b6f9426e8aba09b92828569a3ca2b54e3d91c?s=96&d=mm&r=g\",\"caption\":\"admin\"},\"sameAs\":[\"https:\\\/\\\/www.fagorprofessional.com\\\/blog\"]}]}<\/script>\n<!-- \/ Yoast SEO plugin. -->","yoast_head_json":{"title":"Las caracteristicas de una cocina professional con el chef John Guerrero","description":"Hace dos semanas, a trav\u00e9s de una entrevista publicada en el blog de Fagor Industrial, tuvimos la oportunidad de conocer al prestigioso chef venezolano John Guerrero.","robots":{"index":"index","follow":"follow","max-snippet":"max-snippet:-1","max-image-preview":"max-image-preview:large","max-video-preview":"max-video-preview:-1"},"canonical":"https:\/\/www.fagorprofessional.com\/blog\/es\/descubriendo-caracteristicas-cocina-fagor-industrial-junto-prestigioso-chef-john-guerrero-parte-ii\/","og_locale":"es_ES","og_type":"article","og_title":"Las caracteristicas de una cocina professional con el chef John Guerrero","og_description":"Hace dos semanas, a trav\u00e9s de una entrevista publicada en el blog de Fagor Industrial, tuvimos la oportunidad de conocer al prestigioso chef venezolano John Guerrero.","og_url":"https:\/\/www.fagorprofessional.com\/blog\/es\/descubriendo-caracteristicas-cocina-fagor-industrial-junto-prestigioso-chef-john-guerrero-parte-ii\/","og_site_name":"Fagor Professional&#039;s Blog","article_published_time":"2015-02-04T09:32:00+00:00","article_modified_time":"2024-04-19T09:57:56+00:00","author":"admin","twitter_card":"summary_large_image","twitter_misc":{"Escrito por":"admin","Tiempo de lectura":"4 minutos"},"schema":{"@context":"https:\/\/schema.org","@graph":[{"@type":"Article","@id":"https:\/\/www.fagorprofessional.com\/blog\/es\/descubriendo-caracteristicas-cocina-fagor-industrial-junto-prestigioso-chef-john-guerrero-parte-ii\/#article","isPartOf":{"@id":"https:\/\/www.fagorprofessional.com\/blog\/es\/descubriendo-caracteristicas-cocina-fagor-industrial-junto-prestigioso-chef-john-guerrero-parte-ii\/"},"author":{"name":"admin","@id":"https:\/\/www.fagorprofessional.com\/blog\/#\/schema\/person\/c2dc508ffda39316cf0e8a45f15cb4e4"},"headline":"Descubriendo las caracter\u00edsticas de una cocina de Fagor Professional junto con el prestigioso chef John Guerrero: Parte II","datePublished":"2015-02-04T09:32:00+00:00","dateModified":"2024-04-19T09:57:56+00:00","mainEntityOfPage":{"@id":"https:\/\/www.fagorprofessional.com\/blog\/es\/descubriendo-caracteristicas-cocina-fagor-industrial-junto-prestigioso-chef-john-guerrero-parte-ii\/"},"wordCount":809,"commentCount":0,"image":{"@id":"https:\/\/www.fagorprofessional.com\/blog\/es\/descubriendo-caracteristicas-cocina-fagor-industrial-junto-prestigioso-chef-john-guerrero-parte-ii\/#primaryimage"},"thumbnailUrl":"","articleSection":["Equipamiento","Nuestros clientes"],"inLanguage":"es","potentialAction":[{"@type":"CommentAction","name":"Comment","target":["https:\/\/www.fagorprofessional.com\/blog\/es\/descubriendo-caracteristicas-cocina-fagor-industrial-junto-prestigioso-chef-john-guerrero-parte-ii\/#respond"]}]},{"@type":"WebPage","@id":"https:\/\/www.fagorprofessional.com\/blog\/es\/descubriendo-caracteristicas-cocina-fagor-industrial-junto-prestigioso-chef-john-guerrero-parte-ii\/","url":"https:\/\/www.fagorprofessional.com\/blog\/es\/descubriendo-caracteristicas-cocina-fagor-industrial-junto-prestigioso-chef-john-guerrero-parte-ii\/","name":"Las caracteristicas de una cocina professional con el chef John Guerrero","isPartOf":{"@id":"https:\/\/www.fagorprofessional.com\/blog\/#website"},"primaryImageOfPage":{"@id":"https:\/\/www.fagorprofessional.com\/blog\/es\/descubriendo-caracteristicas-cocina-fagor-industrial-junto-prestigioso-chef-john-guerrero-parte-ii\/#primaryimage"},"image":{"@id":"https:\/\/www.fagorprofessional.com\/blog\/es\/descubriendo-caracteristicas-cocina-fagor-industrial-junto-prestigioso-chef-john-guerrero-parte-ii\/#primaryimage"},"thumbnailUrl":"","datePublished":"2015-02-04T09:32:00+00:00","dateModified":"2024-04-19T09:57:56+00:00","author":{"@id":"https:\/\/www.fagorprofessional.com\/blog\/#\/schema\/person\/c2dc508ffda39316cf0e8a45f15cb4e4"},"description":"Hace dos semanas, a trav\u00e9s de una entrevista publicada en el blog de Fagor Industrial, tuvimos la oportunidad de conocer al prestigioso chef venezolano John Guerrero.","breadcrumb":{"@id":"https:\/\/www.fagorprofessional.com\/blog\/es\/descubriendo-caracteristicas-cocina-fagor-industrial-junto-prestigioso-chef-john-guerrero-parte-ii\/#breadcrumb"},"inLanguage":"es","potentialAction":[{"@type":"ReadAction","target":["https:\/\/www.fagorprofessional.com\/blog\/es\/descubriendo-caracteristicas-cocina-fagor-industrial-junto-prestigioso-chef-john-guerrero-parte-ii\/"]}]},{"@type":"ImageObject","inLanguage":"es","@id":"https:\/\/www.fagorprofessional.com\/blog\/es\/descubriendo-caracteristicas-cocina-fagor-industrial-junto-prestigioso-chef-john-guerrero-parte-ii\/#primaryimage","url":"","contentUrl":""},{"@type":"BreadcrumbList","@id":"https:\/\/www.fagorprofessional.com\/blog\/es\/descubriendo-caracteristicas-cocina-fagor-industrial-junto-prestigioso-chef-john-guerrero-parte-ii\/#breadcrumb","itemListElement":[{"@type":"ListItem","position":1,"name":"Fagor Professional Blog","item":"https:\/\/www.fagorprofessional.com\/blog\/"},{"@type":"ListItem","position":2,"name":"Equipamiento","item":"https:\/\/www.fagorprofessional.com\/blog\/es\/equipamiento\/"},{"@type":"ListItem","position":3,"name":"Descubriendo las caracter\u00edsticas de una cocina de Fagor Professional junto con el prestigioso chef John Guerrero: Parte II"}]},{"@type":"WebSite","@id":"https:\/\/www.fagorprofessional.com\/blog\/#website","url":"https:\/\/www.fagorprofessional.com\/blog\/","name":"Fagor Professional&#039;s Blog","description":"Fagor Professional&#039;s Blog","potentialAction":[{"@type":"SearchAction","target":{"@type":"EntryPoint","urlTemplate":"https:\/\/www.fagorprofessional.com\/blog\/?s={search_term_string}"},"query-input":{"@type":"PropertyValueSpecification","valueRequired":true,"valueName":"search_term_string"}}],"inLanguage":"es"},{"@type":"Person","@id":"https:\/\/www.fagorprofessional.com\/blog\/#\/schema\/person\/c2dc508ffda39316cf0e8a45f15cb4e4","name":"admin","image":{"@type":"ImageObject","inLanguage":"es","@id":"https:\/\/secure.gravatar.com\/avatar\/af0a4c336046e868f98b17f2a27b6f9426e8aba09b92828569a3ca2b54e3d91c?s=96&d=mm&r=g","url":"https:\/\/secure.gravatar.com\/avatar\/af0a4c336046e868f98b17f2a27b6f9426e8aba09b92828569a3ca2b54e3d91c?s=96&d=mm&r=g","contentUrl":"https:\/\/secure.gravatar.com\/avatar\/af0a4c336046e868f98b17f2a27b6f9426e8aba09b92828569a3ca2b54e3d91c?s=96&d=mm&r=g","caption":"admin"},"sameAs":["https:\/\/www.fagorprofessional.com\/blog"]}]}},"_links":{"self":[{"href":"https:\/\/www.fagorprofessional.com\/blog\/wp-json\/wp\/v2\/posts\/3415","targetHints":{"allow":["GET"]}}],"collection":[{"href":"https:\/\/www.fagorprofessional.com\/blog\/wp-json\/wp\/v2\/posts"}],"about":[{"href":"https:\/\/www.fagorprofessional.com\/blog\/wp-json\/wp\/v2\/types\/post"}],"author":[{"embeddable":true,"href":"https:\/\/www.fagorprofessional.com\/blog\/wp-json\/wp\/v2\/users\/1"}],"replies":[{"embeddable":true,"href":"https:\/\/www.fagorprofessional.com\/blog\/wp-json\/wp\/v2\/comments?post=3415"}],"version-history":[{"count":7,"href":"https:\/\/www.fagorprofessional.com\/blog\/wp-json\/wp\/v2\/posts\/3415\/revisions"}],"predecessor-version":[{"id":490615,"href":"https:\/\/www.fagorprofessional.com\/blog\/wp-json\/wp\/v2\/posts\/3415\/revisions\/490615"}],"wp:featuredmedia":[{"embeddable":true,"href":"https:\/\/www.fagorprofessional.com\/blog\/wp-json\/"}],"wp:attachment":[{"href":"https:\/\/www.fagorprofessional.com\/blog\/wp-json\/wp\/v2\/media?parent=3415"}],"wp:term":[{"taxonomy":"category","embeddable":true,"href":"https:\/\/www.fagorprofessional.com\/blog\/wp-json\/wp\/v2\/categories?post=3415"},{"taxonomy":"post_tag","embeddable":true,"href":"https:\/\/www.fagorprofessional.com\/blog\/wp-json\/wp\/v2\/tags?post=3415"}],"curies":[{"name":"wp","href":"https:\/\/api.w.org\/{rel}","templated":true}]}}