{"id":366,"date":"2010-10-26T13:00:00","date_gmt":"2010-10-26T13:00:00","guid":{"rendered":"https:\/\/www.fagorprofessional.com\/blog\/?p=366"},"modified":"2022-11-21T12:00:20","modified_gmt":"2022-11-21T12:00:20","slug":"tapas-blogs-fusion-aceite-iphone","status":"publish","type":"post","link":"https:\/\/www.fagorprofessional.com\/blog\/es\/tapas-blogs-fusion-aceite-iphone\/","title":{"rendered":"Tapas &#038; Blogs: fusi\u00f3n, aceite\u2026 \u00a1y iPhone!"},"content":{"rendered":"<p>M\u00e1s tapas y m\u00e1s blogs. Es decir, m\u00e1s Tapas &amp; Blogs. No cabe duda de que estos amigos nuestros (Dani y Alfonso) han cogido carrerilla y se han lanzado a organizar eventos a cual m\u00e1s interesante y ex\u00f3tico que el anterior. El \u00faltimo se ha celebrado el pasado d\u00ed\u00ada 20 y ha consistido en una fusi\u00f3n de cocina peruana y asi\u00e1tica, con un protagonismo total del aceite de oliva como estrella invitada, que nos ha dejado con los dientes largos.<\/p>\n<p><img decoding=\"async\" class=\"aligncenter lazyload\" src=\"data:image\/gif;base64,R0lGODlhAQABAIAAAAAAAP\/\/\/yH5BAEAAAAALAAAAAABAAEAAAIBRAA7\" data-src=\"https:\/\/www.fagorprofessional.com\/blog\/wp-content\/uploads\/2010\/10\/asdsad.jpg\" \/><noscript><img decoding=\"async\" class=\"aligncenter lazyload\" src=\"https:\/\/www.fagorprofessional.com\/blog\/wp-content\/uploads\/2010\/10\/asdsad.jpg\" \/><\/noscript><\/p>\n<p>En esta ocasi\u00f3n, nos reunimos a las 9 de la noche en el restaurante Wakathai, que est\u00e1 trabajando la fusi\u00f3n entre ambas cocinas con espectaculares resultados. Pero el principio del evento, eso s\u00ed\u00ad, fue peruano en un cien por cien: una espl\u00e9ndida (en ambos sentidos de la palabra, el de calidad y el de cantidad) degustaci\u00f3n de pisco sour, una de las exquisiteces con m\u00e1s historial del mundo de los c\u00f3cteles, que tiene como base el licor peruano del mismo nombre al que se a\u00f1ade lima, clara de huevo y un golpe de angostura.<\/p>\n<p>Luego fue el turno de la aportaci\u00f3n espa\u00f1ola, y como pocas cosas hay m\u00e1s espa\u00f1olas que el aceite de oliva (con permiso de la tortilla de patatas que, por cierto, tambi\u00e9n depende de \u00e9l), Fernando, el responsable de la cooperativa de productores @iloveaceite (iloveaceite.com) nos ofreci\u00f3 una degustaci\u00f3n de tres variedades \u2013Esencial, Esencial Royal y Gota Verde\u2013 explicando con detalle las diferencias entre ellas y los aspectos que deben tenerse en cuenta \u2013el frutado, el picor o el amargor\u2013 a la hora de realizar una cata de ese producto que, de forma un poco cursi pero muy acertada, alguien ha definido como oro comestible.<\/p>\n<p>Y por fin, lleg\u00f3 el momento de la fusi\u00f3n o, lo que es lo mismo, del men\u00fa principal: el chef Walter Brandan no s\u00f3lo puso ante muestros ojos una selecci\u00f3n exorbitante de platos, sino que tambi\u00e9n fue explicando al detalle las ra\u00ed\u00adces, elaboraci\u00f3n y giro moderno que le hab\u00ed\u00adan dado a cada uno: tiraditos nikkei (inolvidables), nems de cerdo y langostinos, dumplings de cerdo, ceviche de corvina salvaje (otro de los \u00e9xitos de la velada), pollo de corral relleno de pesto de cilantro con salsa huancaina, anticuchos, ga xao hot dieu y curry de cordero al estilo tailand\u00e9s, igualmente delicioso aunque un poco picante para algunos asistentes. Cerraron el men\u00fa un lassi de yogur y un picadillo de frutas, perfectos para asentar el est\u00f3mago, junto con un pisco sour especial a base de maracuy\u00e1.<\/p>\n<p>\u00bfY de qu\u00e9 se habl\u00f3 entre plato y plato? Pues un poco de todo y por su orden, como en estos eventos es costumbre, pero muy especialmente del proyecto openkitchen presentado por Daniel y Rodrigo (@pintxo y @pormisfogones), una aplicaci\u00f3n para iPhone que recoge recetas de bloggers gastron\u00f3micos. De momento, cuentan con 18 y la cosa sigue. \u00a1De hecho, estamos seguros de que en la pr\u00f3xima edici\u00f3n de Tapas &amp; Blogs (chicos, no tard\u00e9is mucho) habr\u00e1n conseguido muchos m\u00e1s!<\/p>\n<p>Ten\u00e9is m\u00e1s fotos del evento y de los platos que degustamos en <a <a href=\"http:\/www.flickr.com\/photos\/puenteaereo\/sets\/72157625209628902\/\" rel=\"nofollow\" target=\"_blank\">nuestra galer\u00ed\u00ada de Flickr<\/a>.<\/p>\n","protected":false},"excerpt":{"rendered":"<p>M\u00e1s tapas y m\u00e1s blogs. Es decir, m\u00e1s Tapas &amp; Blogs. No cabe duda de que estos amigos nuestros (Dani y Alfonso) han cogido carrerilla y se han lanzado a organizar eventos a cual m\u00e1s interesante y ex\u00f3tico que el anterior. El \u00faltimo se ha celebrado el pasado d\u00ed\u00ada 20 y ha consistido en una&#8230;<\/p>\n","protected":false},"author":1,"featured_media":1,"comment_status":"open","ping_status":"open","sticky":false,"template":"","format":"standard","meta":{"_acf_changed":false,"footnotes":""},"categories":[8],"tags":[],"class_list":["post-366","post","type-post","status-publish","format-standard","has-post-thumbnail","hentry","category-novedades-y-eventos"],"acf":[],"yoast_head":"<!-- This site is optimized with the Yoast SEO plugin v27.4 - https:\/\/yoast.com\/product\/yoast-seo-wordpress\/ -->\n<title>Tapas &amp; Blogs: fusi\u00f3n, aceite y iPhone<\/title>\n<meta name=\"description\" content=\"M\u00e1s tapas y m\u00e1s blogs. Es decir, m\u00e1s Tapas &amp; Blogs. No cabe duda de que estos amigos nuestros (Dani y Alfonso) han cogido carrerilla y se han lanzado a organizar eventos a cual m\u00e1s interesante y ex\u00f3tico que el anterior.\" \/>\n<meta name=\"robots\" content=\"index, follow, max-snippet:-1, max-image-preview:large, max-video-preview:-1\" \/>\n<link rel=\"canonical\" href=\"https:\/\/www.fagorprofessional.com\/blog\/es\/tapas-blogs-fusion-aceite-iphone\/\" \/>\n<meta property=\"og:locale\" content=\"es_ES\" \/>\n<meta property=\"og:type\" content=\"article\" \/>\n<meta property=\"og:title\" content=\"Tapas &amp; Blogs: fusi\u00f3n, aceite y iPhone\" \/>\n<meta property=\"og:description\" content=\"M\u00e1s tapas y m\u00e1s blogs. Es decir, m\u00e1s Tapas &amp; Blogs. No cabe duda de que estos amigos nuestros (Dani y Alfonso) han cogido carrerilla y se han lanzado a organizar eventos a cual m\u00e1s interesante y ex\u00f3tico que el anterior.\" \/>\n<meta property=\"og:url\" content=\"https:\/\/www.fagorprofessional.com\/blog\/es\/tapas-blogs-fusion-aceite-iphone\/\" \/>\n<meta property=\"og:site_name\" content=\"Fagor Professional&#039;s Blog\" \/>\n<meta property=\"article:published_time\" content=\"2010-10-26T13:00:00+00:00\" \/>\n<meta property=\"article:modified_time\" content=\"2022-11-21T12:00:20+00:00\" \/>\n<meta name=\"author\" content=\"admin\" \/>\n<meta name=\"twitter:card\" content=\"summary_large_image\" \/>\n<meta name=\"twitter:label1\" content=\"Escrito por\" \/>\n\t<meta name=\"twitter:data1\" content=\"admin\" \/>\n\t<meta name=\"twitter:label2\" content=\"Tiempo de lectura\" \/>\n\t<meta name=\"twitter:data2\" content=\"3 minutos\" \/>\n<script type=\"application\/ld+json\" class=\"yoast-schema-graph\">{\"@context\":\"https:\\\/\\\/schema.org\",\"@graph\":[{\"@type\":\"Article\",\"@id\":\"https:\\\/\\\/www.fagorprofessional.com\\\/blog\\\/es\\\/tapas-blogs-fusion-aceite-iphone\\\/#article\",\"isPartOf\":{\"@id\":\"https:\\\/\\\/www.fagorprofessional.com\\\/blog\\\/es\\\/tapas-blogs-fusion-aceite-iphone\\\/\"},\"author\":{\"name\":\"admin\",\"@id\":\"https:\\\/\\\/www.fagorprofessional.com\\\/blog\\\/#\\\/schema\\\/person\\\/c2dc508ffda39316cf0e8a45f15cb4e4\"},\"headline\":\"Tapas &#038; Blogs: fusi\u00f3n, aceite\u2026 \u00a1y iPhone!\",\"datePublished\":\"2010-10-26T13:00:00+00:00\",\"dateModified\":\"2022-11-21T12:00:20+00:00\",\"mainEntityOfPage\":{\"@id\":\"https:\\\/\\\/www.fagorprofessional.com\\\/blog\\\/es\\\/tapas-blogs-fusion-aceite-iphone\\\/\"},\"wordCount\":552,\"commentCount\":3,\"image\":{\"@id\":\"https:\\\/\\\/www.fagorprofessional.com\\\/blog\\\/es\\\/tapas-blogs-fusion-aceite-iphone\\\/#primaryimage\"},\"thumbnailUrl\":\"\",\"articleSection\":[\"Novedades y eventos\"],\"inLanguage\":\"es\",\"potentialAction\":[{\"@type\":\"CommentAction\",\"name\":\"Comment\",\"target\":[\"https:\\\/\\\/www.fagorprofessional.com\\\/blog\\\/es\\\/tapas-blogs-fusion-aceite-iphone\\\/#respond\"]}]},{\"@type\":\"WebPage\",\"@id\":\"https:\\\/\\\/www.fagorprofessional.com\\\/blog\\\/es\\\/tapas-blogs-fusion-aceite-iphone\\\/\",\"url\":\"https:\\\/\\\/www.fagorprofessional.com\\\/blog\\\/es\\\/tapas-blogs-fusion-aceite-iphone\\\/\",\"name\":\"Tapas & Blogs: fusi\u00f3n, aceite y iPhone\",\"isPartOf\":{\"@id\":\"https:\\\/\\\/www.fagorprofessional.com\\\/blog\\\/#website\"},\"primaryImageOfPage\":{\"@id\":\"https:\\\/\\\/www.fagorprofessional.com\\\/blog\\\/es\\\/tapas-blogs-fusion-aceite-iphone\\\/#primaryimage\"},\"image\":{\"@id\":\"https:\\\/\\\/www.fagorprofessional.com\\\/blog\\\/es\\\/tapas-blogs-fusion-aceite-iphone\\\/#primaryimage\"},\"thumbnailUrl\":\"\",\"datePublished\":\"2010-10-26T13:00:00+00:00\",\"dateModified\":\"2022-11-21T12:00:20+00:00\",\"author\":{\"@id\":\"https:\\\/\\\/www.fagorprofessional.com\\\/blog\\\/#\\\/schema\\\/person\\\/c2dc508ffda39316cf0e8a45f15cb4e4\"},\"description\":\"M\u00e1s tapas y m\u00e1s blogs. Es decir, m\u00e1s Tapas & Blogs. No cabe duda de que estos amigos nuestros (Dani y Alfonso) han cogido carrerilla y se han lanzado a organizar eventos a cual m\u00e1s interesante y ex\u00f3tico que el anterior.\",\"breadcrumb\":{\"@id\":\"https:\\\/\\\/www.fagorprofessional.com\\\/blog\\\/es\\\/tapas-blogs-fusion-aceite-iphone\\\/#breadcrumb\"},\"inLanguage\":\"es\",\"potentialAction\":[{\"@type\":\"ReadAction\",\"target\":[\"https:\\\/\\\/www.fagorprofessional.com\\\/blog\\\/es\\\/tapas-blogs-fusion-aceite-iphone\\\/\"]}]},{\"@type\":\"ImageObject\",\"inLanguage\":\"es\",\"@id\":\"https:\\\/\\\/www.fagorprofessional.com\\\/blog\\\/es\\\/tapas-blogs-fusion-aceite-iphone\\\/#primaryimage\",\"url\":\"\",\"contentUrl\":\"\"},{\"@type\":\"BreadcrumbList\",\"@id\":\"https:\\\/\\\/www.fagorprofessional.com\\\/blog\\\/es\\\/tapas-blogs-fusion-aceite-iphone\\\/#breadcrumb\",\"itemListElement\":[{\"@type\":\"ListItem\",\"position\":1,\"name\":\"Fagor Professional Blog\",\"item\":\"https:\\\/\\\/www.fagorprofessional.com\\\/blog\\\/\"},{\"@type\":\"ListItem\",\"position\":2,\"name\":\"Novedades y eventos\",\"item\":\"https:\\\/\\\/www.fagorprofessional.com\\\/blog\\\/es\\\/novedades-y-eventos\\\/\"},{\"@type\":\"ListItem\",\"position\":3,\"name\":\"Tapas &#038; Blogs: fusi\u00f3n, aceite\u2026 \u00a1y iPhone!\"}]},{\"@type\":\"WebSite\",\"@id\":\"https:\\\/\\\/www.fagorprofessional.com\\\/blog\\\/#website\",\"url\":\"https:\\\/\\\/www.fagorprofessional.com\\\/blog\\\/\",\"name\":\"Fagor Professional&#039;s Blog\",\"description\":\"Fagor Professional&#039;s Blog\",\"potentialAction\":[{\"@type\":\"SearchAction\",\"target\":{\"@type\":\"EntryPoint\",\"urlTemplate\":\"https:\\\/\\\/www.fagorprofessional.com\\\/blog\\\/?s={search_term_string}\"},\"query-input\":{\"@type\":\"PropertyValueSpecification\",\"valueRequired\":true,\"valueName\":\"search_term_string\"}}],\"inLanguage\":\"es\"},{\"@type\":\"Person\",\"@id\":\"https:\\\/\\\/www.fagorprofessional.com\\\/blog\\\/#\\\/schema\\\/person\\\/c2dc508ffda39316cf0e8a45f15cb4e4\",\"name\":\"admin\",\"image\":{\"@type\":\"ImageObject\",\"inLanguage\":\"es\",\"@id\":\"https:\\\/\\\/secure.gravatar.com\\\/avatar\\\/af0a4c336046e868f98b17f2a27b6f9426e8aba09b92828569a3ca2b54e3d91c?s=96&d=mm&r=g\",\"url\":\"https:\\\/\\\/secure.gravatar.com\\\/avatar\\\/af0a4c336046e868f98b17f2a27b6f9426e8aba09b92828569a3ca2b54e3d91c?s=96&d=mm&r=g\",\"contentUrl\":\"https:\\\/\\\/secure.gravatar.com\\\/avatar\\\/af0a4c336046e868f98b17f2a27b6f9426e8aba09b92828569a3ca2b54e3d91c?s=96&d=mm&r=g\",\"caption\":\"admin\"},\"sameAs\":[\"https:\\\/\\\/www.fagorprofessional.com\\\/blog\"]}]}<\/script>\n<!-- \/ Yoast SEO plugin. -->","yoast_head_json":{"title":"Tapas & Blogs: fusi\u00f3n, aceite y iPhone","description":"M\u00e1s tapas y m\u00e1s blogs. Es decir, m\u00e1s Tapas & Blogs. No cabe duda de que estos amigos nuestros (Dani y Alfonso) han cogido carrerilla y se han lanzado a organizar eventos a cual m\u00e1s interesante y ex\u00f3tico que el anterior.","robots":{"index":"index","follow":"follow","max-snippet":"max-snippet:-1","max-image-preview":"max-image-preview:large","max-video-preview":"max-video-preview:-1"},"canonical":"https:\/\/www.fagorprofessional.com\/blog\/es\/tapas-blogs-fusion-aceite-iphone\/","og_locale":"es_ES","og_type":"article","og_title":"Tapas & Blogs: fusi\u00f3n, aceite y iPhone","og_description":"M\u00e1s tapas y m\u00e1s blogs. Es decir, m\u00e1s Tapas & Blogs. No cabe duda de que estos amigos nuestros (Dani y Alfonso) han cogido carrerilla y se han lanzado a organizar eventos a cual m\u00e1s interesante y ex\u00f3tico que el anterior.","og_url":"https:\/\/www.fagorprofessional.com\/blog\/es\/tapas-blogs-fusion-aceite-iphone\/","og_site_name":"Fagor Professional&#039;s Blog","article_published_time":"2010-10-26T13:00:00+00:00","article_modified_time":"2022-11-21T12:00:20+00:00","author":"admin","twitter_card":"summary_large_image","twitter_misc":{"Escrito por":"admin","Tiempo de lectura":"3 minutos"},"schema":{"@context":"https:\/\/schema.org","@graph":[{"@type":"Article","@id":"https:\/\/www.fagorprofessional.com\/blog\/es\/tapas-blogs-fusion-aceite-iphone\/#article","isPartOf":{"@id":"https:\/\/www.fagorprofessional.com\/blog\/es\/tapas-blogs-fusion-aceite-iphone\/"},"author":{"name":"admin","@id":"https:\/\/www.fagorprofessional.com\/blog\/#\/schema\/person\/c2dc508ffda39316cf0e8a45f15cb4e4"},"headline":"Tapas &#038; Blogs: fusi\u00f3n, aceite\u2026 \u00a1y iPhone!","datePublished":"2010-10-26T13:00:00+00:00","dateModified":"2022-11-21T12:00:20+00:00","mainEntityOfPage":{"@id":"https:\/\/www.fagorprofessional.com\/blog\/es\/tapas-blogs-fusion-aceite-iphone\/"},"wordCount":552,"commentCount":3,"image":{"@id":"https:\/\/www.fagorprofessional.com\/blog\/es\/tapas-blogs-fusion-aceite-iphone\/#primaryimage"},"thumbnailUrl":"","articleSection":["Novedades y eventos"],"inLanguage":"es","potentialAction":[{"@type":"CommentAction","name":"Comment","target":["https:\/\/www.fagorprofessional.com\/blog\/es\/tapas-blogs-fusion-aceite-iphone\/#respond"]}]},{"@type":"WebPage","@id":"https:\/\/www.fagorprofessional.com\/blog\/es\/tapas-blogs-fusion-aceite-iphone\/","url":"https:\/\/www.fagorprofessional.com\/blog\/es\/tapas-blogs-fusion-aceite-iphone\/","name":"Tapas & Blogs: fusi\u00f3n, aceite y iPhone","isPartOf":{"@id":"https:\/\/www.fagorprofessional.com\/blog\/#website"},"primaryImageOfPage":{"@id":"https:\/\/www.fagorprofessional.com\/blog\/es\/tapas-blogs-fusion-aceite-iphone\/#primaryimage"},"image":{"@id":"https:\/\/www.fagorprofessional.com\/blog\/es\/tapas-blogs-fusion-aceite-iphone\/#primaryimage"},"thumbnailUrl":"","datePublished":"2010-10-26T13:00:00+00:00","dateModified":"2022-11-21T12:00:20+00:00","author":{"@id":"https:\/\/www.fagorprofessional.com\/blog\/#\/schema\/person\/c2dc508ffda39316cf0e8a45f15cb4e4"},"description":"M\u00e1s tapas y m\u00e1s blogs. Es decir, m\u00e1s Tapas & Blogs. No cabe duda de que estos amigos nuestros (Dani y Alfonso) han cogido carrerilla y se han lanzado a organizar eventos a cual m\u00e1s interesante y ex\u00f3tico que el anterior.","breadcrumb":{"@id":"https:\/\/www.fagorprofessional.com\/blog\/es\/tapas-blogs-fusion-aceite-iphone\/#breadcrumb"},"inLanguage":"es","potentialAction":[{"@type":"ReadAction","target":["https:\/\/www.fagorprofessional.com\/blog\/es\/tapas-blogs-fusion-aceite-iphone\/"]}]},{"@type":"ImageObject","inLanguage":"es","@id":"https:\/\/www.fagorprofessional.com\/blog\/es\/tapas-blogs-fusion-aceite-iphone\/#primaryimage","url":"","contentUrl":""},{"@type":"BreadcrumbList","@id":"https:\/\/www.fagorprofessional.com\/blog\/es\/tapas-blogs-fusion-aceite-iphone\/#breadcrumb","itemListElement":[{"@type":"ListItem","position":1,"name":"Fagor Professional Blog","item":"https:\/\/www.fagorprofessional.com\/blog\/"},{"@type":"ListItem","position":2,"name":"Novedades y eventos","item":"https:\/\/www.fagorprofessional.com\/blog\/es\/novedades-y-eventos\/"},{"@type":"ListItem","position":3,"name":"Tapas &#038; Blogs: fusi\u00f3n, aceite\u2026 \u00a1y iPhone!"}]},{"@type":"WebSite","@id":"https:\/\/www.fagorprofessional.com\/blog\/#website","url":"https:\/\/www.fagorprofessional.com\/blog\/","name":"Fagor Professional&#039;s Blog","description":"Fagor Professional&#039;s Blog","potentialAction":[{"@type":"SearchAction","target":{"@type":"EntryPoint","urlTemplate":"https:\/\/www.fagorprofessional.com\/blog\/?s={search_term_string}"},"query-input":{"@type":"PropertyValueSpecification","valueRequired":true,"valueName":"search_term_string"}}],"inLanguage":"es"},{"@type":"Person","@id":"https:\/\/www.fagorprofessional.com\/blog\/#\/schema\/person\/c2dc508ffda39316cf0e8a45f15cb4e4","name":"admin","image":{"@type":"ImageObject","inLanguage":"es","@id":"https:\/\/secure.gravatar.com\/avatar\/af0a4c336046e868f98b17f2a27b6f9426e8aba09b92828569a3ca2b54e3d91c?s=96&d=mm&r=g","url":"https:\/\/secure.gravatar.com\/avatar\/af0a4c336046e868f98b17f2a27b6f9426e8aba09b92828569a3ca2b54e3d91c?s=96&d=mm&r=g","contentUrl":"https:\/\/secure.gravatar.com\/avatar\/af0a4c336046e868f98b17f2a27b6f9426e8aba09b92828569a3ca2b54e3d91c?s=96&d=mm&r=g","caption":"admin"},"sameAs":["https:\/\/www.fagorprofessional.com\/blog"]}]}},"_links":{"self":[{"href":"https:\/\/www.fagorprofessional.com\/blog\/wp-json\/wp\/v2\/posts\/366","targetHints":{"allow":["GET"]}}],"collection":[{"href":"https:\/\/www.fagorprofessional.com\/blog\/wp-json\/wp\/v2\/posts"}],"about":[{"href":"https:\/\/www.fagorprofessional.com\/blog\/wp-json\/wp\/v2\/types\/post"}],"author":[{"embeddable":true,"href":"https:\/\/www.fagorprofessional.com\/blog\/wp-json\/wp\/v2\/users\/1"}],"replies":[{"embeddable":true,"href":"https:\/\/www.fagorprofessional.com\/blog\/wp-json\/wp\/v2\/comments?post=366"}],"version-history":[{"count":7,"href":"https:\/\/www.fagorprofessional.com\/blog\/wp-json\/wp\/v2\/posts\/366\/revisions"}],"predecessor-version":[{"id":490429,"href":"https:\/\/www.fagorprofessional.com\/blog\/wp-json\/wp\/v2\/posts\/366\/revisions\/490429"}],"wp:featuredmedia":[{"embeddable":true,"href":"https:\/\/www.fagorprofessional.com\/blog\/wp-json\/"}],"wp:attachment":[{"href":"https:\/\/www.fagorprofessional.com\/blog\/wp-json\/wp\/v2\/media?parent=366"}],"wp:term":[{"taxonomy":"category","embeddable":true,"href":"https:\/\/www.fagorprofessional.com\/blog\/wp-json\/wp\/v2\/categories?post=366"},{"taxonomy":"post_tag","embeddable":true,"href":"https:\/\/www.fagorprofessional.com\/blog\/wp-json\/wp\/v2\/tags?post=366"}],"curies":[{"name":"wp","href":"https:\/\/api.w.org\/{rel}","templated":true}]}}