{"id":378,"date":"2010-11-03T17:37:00","date_gmt":"2010-11-03T17:37:00","guid":{"rendered":"https:\/\/www.fagorprofessional.com\/blog\/?p=378"},"modified":"2022-10-11T09:51:57","modified_gmt":"2022-10-11T09:51:57","slug":"dia-5-comienza-hostelco-alli-estaremos","status":"publish","type":"post","link":"https:\/\/www.fagorprofessional.com\/blog\/es\/dia-5-comienza-hostelco-alli-estaremos\/","title":{"rendered":"El d\u00eda 5 comienza una nueva edici\u00f3n de Hostelco\u2026 y all\u00ed estaremos"},"content":{"rendered":"<p>Seamos sinceros: cualquier excusa es buena para visitar Barcelona. De hecho, podr\u00ed\u00adamos decir, y no estar\u00ed\u00adamos exagerando, que Barcelona es un sitio por d\u00f3nde hay que dejarse caer con cierta frecuencia, sin m\u00e1s excusas que las de disfrutar de un lugar privilegiado por sus paisajes, su cultura, su encanto y su gente (y la gastronom\u00ed\u00ada, que ya se nos estaba olvidando\u2026). As\u00ed\u00ad que el hecho de que sea una ciudad que adem\u00e1s cuenta con una intensa actividad ferial deber\u00ed\u00ada considerarse como algo anecd\u00f3tico.<\/p>\n<p><img decoding=\"async\" class=\"aligncenter lazyload\" src=\"data:image\/gif;base64,R0lGODlhAQABAIAAAAAAAP\/\/\/yH5BAEAAAAALAAAAAABAAEAAAIBRAA7\" data-src=\"https:\/\/www.fagorprofessional.com\/blog\/wp-content\/uploads\/2010\/11\/hostelco_2010.jpg\" alt=\"hostelco\" \/><noscript><img decoding=\"async\" class=\"aligncenter lazyload\" src=\"https:\/\/www.fagorprofessional.com\/blog\/wp-content\/uploads\/2010\/11\/hostelco_2010.jpg\" alt=\"hostelco\" \/><\/noscript><\/p>\n<p>Pero el trabajo obliga, aunque ya quisi\u00e9ramos que todas las obligaciones laborales fueran como esta. La cuesti\u00f3n es que desde el pr\u00f3ximo viernes 5 y hasta el martes 9, la Fira de Barcelona acoger\u00e1 en su Recinto de Montjuic la nueva edici\u00f3n del Sal\u00f3n de Equipamiento para la Restauraci\u00f3n, Hosteler\u00ed\u00ada y Colectividades (m\u00e1s conocido por su abreviatura de Hostelco). \u00a1Y all\u00ed\u00ad estaremos una vez m\u00e1s! En esta ocasi\u00f3n, centrando nuestra exposici\u00f3n en las <a <a href=\"https:\/\/www.fagorprofessional.com\/es\/maquinaria-lavanderia\/profesional\" rel=\"nofollow\" target=\"_blank\">\u00faltimas novedades en lavander\u00ed\u00ada industrial<\/a>, pero como siempre, a vuestra disposici\u00f3n para charlar largo y tendido sobre toda nuestra gama de productos y los lanzamientos e iniciativas que tenemos en cartera para los pr\u00f3ximos meses.<\/p>\n<p>A ning\u00fan profesional del sector se le escapa la importancia de Hostelco. Ellos mismos se califican como \u00abEl encuentro l\u00ed\u00adder de la hosteler\u00ed\u00ada\u00bb, y las cifras tienden a darles la raz\u00f3n. M\u00e1s de 80.000 asistentes se reparten por sus pabellones, lo que significa un potencial casi inabarcable de conocimiento, informaci\u00f3n, presentaciones, actividades y noticias, noticias, noticias. No hay un momento de descanso. \u00a1Pero siempre tenemos un momento para atender a todos los amigos que se animen a pasarse por nuestro stand!<\/p>\n<p>A vuestra disposici\u00f3n en el <strong>Pabell\u00f3n 8, stand B220, Expolimp, en el Recinto de Montjuic de Fira Barcelona. <\/strong><\/p>\n<p>\u00a1Os esperamos!<\/p>\n","protected":false},"excerpt":{"rendered":"<p>Seamos sinceros: cualquier excusa es buena para visitar Barcelona. De hecho, podr\u00ed\u00adamos decir, y no estar\u00ed\u00adamos exagerando, que Barcelona es un sitio por d\u00f3nde hay que dejarse caer con cierta frecuencia, sin m\u00e1s excusas que las de disfrutar de un lugar privilegiado por sus paisajes, su cultura, su encanto y su gente (y la gastronom\u00ed\u00ada,&#8230;<\/p>\n","protected":false},"author":1,"featured_media":1,"comment_status":"open","ping_status":"open","sticky":false,"template":"","format":"standard","meta":{"_acf_changed":false,"footnotes":""},"categories":[8],"tags":[],"class_list":["post-378","post","type-post","status-publish","format-standard","has-post-thumbnail","hentry","category-novedades-y-eventos"],"acf":[],"yoast_head":"<!-- This site is optimized with the Yoast SEO plugin v27.4 - https:\/\/yoast.com\/product\/yoast-seo-wordpress\/ -->\n<title>nueva edici\u00f3n de Hostelco all\u00ed estaremos<\/title>\n<meta name=\"description\" content=\"Desde el pr\u00f3ximo viernes 5 y hasta el martes 9, la\u00a0Fira de Barcelona\u00a0acoger\u00e1 en su Recinto de Montjuic la nueva edici\u00f3n del\u00a0Sal\u00f3n de Equipamiento para la Restauraci\u00f3n, Hosteler\u00eda y Colectividades\u00a0(m\u00e1s conocido por su abreviatura de Hostelco).\" \/>\n<meta name=\"robots\" content=\"index, follow, max-snippet:-1, max-image-preview:large, max-video-preview:-1\" \/>\n<link rel=\"canonical\" href=\"https:\/\/www.fagorprofessional.com\/blog\/es\/dia-5-comienza-hostelco-alli-estaremos\/\" \/>\n<meta property=\"og:locale\" content=\"es_ES\" \/>\n<meta property=\"og:type\" content=\"article\" \/>\n<meta property=\"og:title\" content=\"nueva edici\u00f3n de Hostelco all\u00ed estaremos\" \/>\n<meta property=\"og:description\" content=\"Desde el pr\u00f3ximo viernes 5 y hasta el martes 9, la\u00a0Fira de Barcelona\u00a0acoger\u00e1 en su Recinto de Montjuic la nueva edici\u00f3n del\u00a0Sal\u00f3n de Equipamiento para la Restauraci\u00f3n, Hosteler\u00eda y Colectividades\u00a0(m\u00e1s conocido por su abreviatura de Hostelco).\" \/>\n<meta property=\"og:url\" content=\"https:\/\/www.fagorprofessional.com\/blog\/es\/dia-5-comienza-hostelco-alli-estaremos\/\" \/>\n<meta property=\"og:site_name\" content=\"Fagor Professional&#039;s Blog\" \/>\n<meta property=\"article:published_time\" content=\"2010-11-03T17:37:00+00:00\" \/>\n<meta property=\"article:modified_time\" content=\"2022-10-11T09:51:57+00:00\" \/>\n<meta name=\"author\" content=\"admin\" \/>\n<meta name=\"twitter:card\" content=\"summary_large_image\" \/>\n<meta name=\"twitter:label1\" content=\"Escrito por\" \/>\n\t<meta name=\"twitter:data1\" content=\"admin\" \/>\n\t<meta name=\"twitter:label2\" content=\"Tiempo de lectura\" \/>\n\t<meta name=\"twitter:data2\" content=\"2 minutos\" \/>\n<script type=\"application\/ld+json\" class=\"yoast-schema-graph\">{\"@context\":\"https:\\\/\\\/schema.org\",\"@graph\":[{\"@type\":\"Article\",\"@id\":\"https:\\\/\\\/www.fagorprofessional.com\\\/blog\\\/es\\\/dia-5-comienza-hostelco-alli-estaremos\\\/#article\",\"isPartOf\":{\"@id\":\"https:\\\/\\\/www.fagorprofessional.com\\\/blog\\\/es\\\/dia-5-comienza-hostelco-alli-estaremos\\\/\"},\"author\":{\"name\":\"admin\",\"@id\":\"https:\\\/\\\/www.fagorprofessional.com\\\/blog\\\/#\\\/schema\\\/person\\\/c2dc508ffda39316cf0e8a45f15cb4e4\"},\"headline\":\"El d\u00eda 5 comienza una nueva edici\u00f3n de Hostelco\u2026 y all\u00ed estaremos\",\"datePublished\":\"2010-11-03T17:37:00+00:00\",\"dateModified\":\"2022-10-11T09:51:57+00:00\",\"mainEntityOfPage\":{\"@id\":\"https:\\\/\\\/www.fagorprofessional.com\\\/blog\\\/es\\\/dia-5-comienza-hostelco-alli-estaremos\\\/\"},\"wordCount\":331,\"commentCount\":0,\"image\":{\"@id\":\"https:\\\/\\\/www.fagorprofessional.com\\\/blog\\\/es\\\/dia-5-comienza-hostelco-alli-estaremos\\\/#primaryimage\"},\"thumbnailUrl\":\"\",\"articleSection\":[\"Novedades y eventos\"],\"inLanguage\":\"es\",\"potentialAction\":[{\"@type\":\"CommentAction\",\"name\":\"Comment\",\"target\":[\"https:\\\/\\\/www.fagorprofessional.com\\\/blog\\\/es\\\/dia-5-comienza-hostelco-alli-estaremos\\\/#respond\"]}]},{\"@type\":\"WebPage\",\"@id\":\"https:\\\/\\\/www.fagorprofessional.com\\\/blog\\\/es\\\/dia-5-comienza-hostelco-alli-estaremos\\\/\",\"url\":\"https:\\\/\\\/www.fagorprofessional.com\\\/blog\\\/es\\\/dia-5-comienza-hostelco-alli-estaremos\\\/\",\"name\":\"nueva edici\u00f3n de Hostelco all\u00ed estaremos\",\"isPartOf\":{\"@id\":\"https:\\\/\\\/www.fagorprofessional.com\\\/blog\\\/#website\"},\"primaryImageOfPage\":{\"@id\":\"https:\\\/\\\/www.fagorprofessional.com\\\/blog\\\/es\\\/dia-5-comienza-hostelco-alli-estaremos\\\/#primaryimage\"},\"image\":{\"@id\":\"https:\\\/\\\/www.fagorprofessional.com\\\/blog\\\/es\\\/dia-5-comienza-hostelco-alli-estaremos\\\/#primaryimage\"},\"thumbnailUrl\":\"\",\"datePublished\":\"2010-11-03T17:37:00+00:00\",\"dateModified\":\"2022-10-11T09:51:57+00:00\",\"author\":{\"@id\":\"https:\\\/\\\/www.fagorprofessional.com\\\/blog\\\/#\\\/schema\\\/person\\\/c2dc508ffda39316cf0e8a45f15cb4e4\"},\"description\":\"Desde el pr\u00f3ximo viernes 5 y hasta el martes 9, la\u00a0Fira de Barcelona\u00a0acoger\u00e1 en su Recinto de Montjuic la nueva edici\u00f3n del\u00a0Sal\u00f3n de Equipamiento para la Restauraci\u00f3n, Hosteler\u00eda y Colectividades\u00a0(m\u00e1s conocido por su abreviatura de Hostelco).\",\"breadcrumb\":{\"@id\":\"https:\\\/\\\/www.fagorprofessional.com\\\/blog\\\/es\\\/dia-5-comienza-hostelco-alli-estaremos\\\/#breadcrumb\"},\"inLanguage\":\"es\",\"potentialAction\":[{\"@type\":\"ReadAction\",\"target\":[\"https:\\\/\\\/www.fagorprofessional.com\\\/blog\\\/es\\\/dia-5-comienza-hostelco-alli-estaremos\\\/\"]}]},{\"@type\":\"ImageObject\",\"inLanguage\":\"es\",\"@id\":\"https:\\\/\\\/www.fagorprofessional.com\\\/blog\\\/es\\\/dia-5-comienza-hostelco-alli-estaremos\\\/#primaryimage\",\"url\":\"\",\"contentUrl\":\"\"},{\"@type\":\"BreadcrumbList\",\"@id\":\"https:\\\/\\\/www.fagorprofessional.com\\\/blog\\\/es\\\/dia-5-comienza-hostelco-alli-estaremos\\\/#breadcrumb\",\"itemListElement\":[{\"@type\":\"ListItem\",\"position\":1,\"name\":\"Fagor Professional Blog\",\"item\":\"https:\\\/\\\/www.fagorprofessional.com\\\/blog\\\/\"},{\"@type\":\"ListItem\",\"position\":2,\"name\":\"Novedades y eventos\",\"item\":\"https:\\\/\\\/www.fagorprofessional.com\\\/blog\\\/es\\\/novedades-y-eventos\\\/\"},{\"@type\":\"ListItem\",\"position\":3,\"name\":\"El d\u00eda 5 comienza una nueva edici\u00f3n de Hostelco\u2026 y all\u00ed estaremos\"}]},{\"@type\":\"WebSite\",\"@id\":\"https:\\\/\\\/www.fagorprofessional.com\\\/blog\\\/#website\",\"url\":\"https:\\\/\\\/www.fagorprofessional.com\\\/blog\\\/\",\"name\":\"Fagor Professional&#039;s Blog\",\"description\":\"Fagor Professional&#039;s Blog\",\"potentialAction\":[{\"@type\":\"SearchAction\",\"target\":{\"@type\":\"EntryPoint\",\"urlTemplate\":\"https:\\\/\\\/www.fagorprofessional.com\\\/blog\\\/?s={search_term_string}\"},\"query-input\":{\"@type\":\"PropertyValueSpecification\",\"valueRequired\":true,\"valueName\":\"search_term_string\"}}],\"inLanguage\":\"es\"},{\"@type\":\"Person\",\"@id\":\"https:\\\/\\\/www.fagorprofessional.com\\\/blog\\\/#\\\/schema\\\/person\\\/c2dc508ffda39316cf0e8a45f15cb4e4\",\"name\":\"admin\",\"image\":{\"@type\":\"ImageObject\",\"inLanguage\":\"es\",\"@id\":\"https:\\\/\\\/secure.gravatar.com\\\/avatar\\\/af0a4c336046e868f98b17f2a27b6f9426e8aba09b92828569a3ca2b54e3d91c?s=96&d=mm&r=g\",\"url\":\"https:\\\/\\\/secure.gravatar.com\\\/avatar\\\/af0a4c336046e868f98b17f2a27b6f9426e8aba09b92828569a3ca2b54e3d91c?s=96&d=mm&r=g\",\"contentUrl\":\"https:\\\/\\\/secure.gravatar.com\\\/avatar\\\/af0a4c336046e868f98b17f2a27b6f9426e8aba09b92828569a3ca2b54e3d91c?s=96&d=mm&r=g\",\"caption\":\"admin\"},\"sameAs\":[\"https:\\\/\\\/www.fagorprofessional.com\\\/blog\"]}]}<\/script>\n<!-- \/ Yoast SEO plugin. -->","yoast_head_json":{"title":"nueva edici\u00f3n de Hostelco all\u00ed estaremos","description":"Desde el pr\u00f3ximo viernes 5 y hasta el martes 9, la\u00a0Fira de Barcelona\u00a0acoger\u00e1 en su Recinto de Montjuic la nueva edici\u00f3n del\u00a0Sal\u00f3n de Equipamiento para la Restauraci\u00f3n, Hosteler\u00eda y Colectividades\u00a0(m\u00e1s conocido por su abreviatura de Hostelco).","robots":{"index":"index","follow":"follow","max-snippet":"max-snippet:-1","max-image-preview":"max-image-preview:large","max-video-preview":"max-video-preview:-1"},"canonical":"https:\/\/www.fagorprofessional.com\/blog\/es\/dia-5-comienza-hostelco-alli-estaremos\/","og_locale":"es_ES","og_type":"article","og_title":"nueva edici\u00f3n de Hostelco all\u00ed estaremos","og_description":"Desde el pr\u00f3ximo viernes 5 y hasta el martes 9, la\u00a0Fira de Barcelona\u00a0acoger\u00e1 en su Recinto de Montjuic la nueva edici\u00f3n del\u00a0Sal\u00f3n de Equipamiento para la Restauraci\u00f3n, Hosteler\u00eda y Colectividades\u00a0(m\u00e1s conocido por su abreviatura de Hostelco).","og_url":"https:\/\/www.fagorprofessional.com\/blog\/es\/dia-5-comienza-hostelco-alli-estaremos\/","og_site_name":"Fagor Professional&#039;s Blog","article_published_time":"2010-11-03T17:37:00+00:00","article_modified_time":"2022-10-11T09:51:57+00:00","author":"admin","twitter_card":"summary_large_image","twitter_misc":{"Escrito por":"admin","Tiempo de lectura":"2 minutos"},"schema":{"@context":"https:\/\/schema.org","@graph":[{"@type":"Article","@id":"https:\/\/www.fagorprofessional.com\/blog\/es\/dia-5-comienza-hostelco-alli-estaremos\/#article","isPartOf":{"@id":"https:\/\/www.fagorprofessional.com\/blog\/es\/dia-5-comienza-hostelco-alli-estaremos\/"},"author":{"name":"admin","@id":"https:\/\/www.fagorprofessional.com\/blog\/#\/schema\/person\/c2dc508ffda39316cf0e8a45f15cb4e4"},"headline":"El d\u00eda 5 comienza una nueva edici\u00f3n de Hostelco\u2026 y all\u00ed estaremos","datePublished":"2010-11-03T17:37:00+00:00","dateModified":"2022-10-11T09:51:57+00:00","mainEntityOfPage":{"@id":"https:\/\/www.fagorprofessional.com\/blog\/es\/dia-5-comienza-hostelco-alli-estaremos\/"},"wordCount":331,"commentCount":0,"image":{"@id":"https:\/\/www.fagorprofessional.com\/blog\/es\/dia-5-comienza-hostelco-alli-estaremos\/#primaryimage"},"thumbnailUrl":"","articleSection":["Novedades y eventos"],"inLanguage":"es","potentialAction":[{"@type":"CommentAction","name":"Comment","target":["https:\/\/www.fagorprofessional.com\/blog\/es\/dia-5-comienza-hostelco-alli-estaremos\/#respond"]}]},{"@type":"WebPage","@id":"https:\/\/www.fagorprofessional.com\/blog\/es\/dia-5-comienza-hostelco-alli-estaremos\/","url":"https:\/\/www.fagorprofessional.com\/blog\/es\/dia-5-comienza-hostelco-alli-estaremos\/","name":"nueva edici\u00f3n de Hostelco all\u00ed estaremos","isPartOf":{"@id":"https:\/\/www.fagorprofessional.com\/blog\/#website"},"primaryImageOfPage":{"@id":"https:\/\/www.fagorprofessional.com\/blog\/es\/dia-5-comienza-hostelco-alli-estaremos\/#primaryimage"},"image":{"@id":"https:\/\/www.fagorprofessional.com\/blog\/es\/dia-5-comienza-hostelco-alli-estaremos\/#primaryimage"},"thumbnailUrl":"","datePublished":"2010-11-03T17:37:00+00:00","dateModified":"2022-10-11T09:51:57+00:00","author":{"@id":"https:\/\/www.fagorprofessional.com\/blog\/#\/schema\/person\/c2dc508ffda39316cf0e8a45f15cb4e4"},"description":"Desde el pr\u00f3ximo viernes 5 y hasta el martes 9, la\u00a0Fira de Barcelona\u00a0acoger\u00e1 en su Recinto de Montjuic la nueva edici\u00f3n del\u00a0Sal\u00f3n de Equipamiento para la Restauraci\u00f3n, Hosteler\u00eda y Colectividades\u00a0(m\u00e1s conocido por su abreviatura de Hostelco).","breadcrumb":{"@id":"https:\/\/www.fagorprofessional.com\/blog\/es\/dia-5-comienza-hostelco-alli-estaremos\/#breadcrumb"},"inLanguage":"es","potentialAction":[{"@type":"ReadAction","target":["https:\/\/www.fagorprofessional.com\/blog\/es\/dia-5-comienza-hostelco-alli-estaremos\/"]}]},{"@type":"ImageObject","inLanguage":"es","@id":"https:\/\/www.fagorprofessional.com\/blog\/es\/dia-5-comienza-hostelco-alli-estaremos\/#primaryimage","url":"","contentUrl":""},{"@type":"BreadcrumbList","@id":"https:\/\/www.fagorprofessional.com\/blog\/es\/dia-5-comienza-hostelco-alli-estaremos\/#breadcrumb","itemListElement":[{"@type":"ListItem","position":1,"name":"Fagor Professional Blog","item":"https:\/\/www.fagorprofessional.com\/blog\/"},{"@type":"ListItem","position":2,"name":"Novedades y eventos","item":"https:\/\/www.fagorprofessional.com\/blog\/es\/novedades-y-eventos\/"},{"@type":"ListItem","position":3,"name":"El d\u00eda 5 comienza una nueva edici\u00f3n de Hostelco\u2026 y all\u00ed estaremos"}]},{"@type":"WebSite","@id":"https:\/\/www.fagorprofessional.com\/blog\/#website","url":"https:\/\/www.fagorprofessional.com\/blog\/","name":"Fagor Professional&#039;s Blog","description":"Fagor Professional&#039;s Blog","potentialAction":[{"@type":"SearchAction","target":{"@type":"EntryPoint","urlTemplate":"https:\/\/www.fagorprofessional.com\/blog\/?s={search_term_string}"},"query-input":{"@type":"PropertyValueSpecification","valueRequired":true,"valueName":"search_term_string"}}],"inLanguage":"es"},{"@type":"Person","@id":"https:\/\/www.fagorprofessional.com\/blog\/#\/schema\/person\/c2dc508ffda39316cf0e8a45f15cb4e4","name":"admin","image":{"@type":"ImageObject","inLanguage":"es","@id":"https:\/\/secure.gravatar.com\/avatar\/af0a4c336046e868f98b17f2a27b6f9426e8aba09b92828569a3ca2b54e3d91c?s=96&d=mm&r=g","url":"https:\/\/secure.gravatar.com\/avatar\/af0a4c336046e868f98b17f2a27b6f9426e8aba09b92828569a3ca2b54e3d91c?s=96&d=mm&r=g","contentUrl":"https:\/\/secure.gravatar.com\/avatar\/af0a4c336046e868f98b17f2a27b6f9426e8aba09b92828569a3ca2b54e3d91c?s=96&d=mm&r=g","caption":"admin"},"sameAs":["https:\/\/www.fagorprofessional.com\/blog"]}]}},"_links":{"self":[{"href":"https:\/\/www.fagorprofessional.com\/blog\/wp-json\/wp\/v2\/posts\/378","targetHints":{"allow":["GET"]}}],"collection":[{"href":"https:\/\/www.fagorprofessional.com\/blog\/wp-json\/wp\/v2\/posts"}],"about":[{"href":"https:\/\/www.fagorprofessional.com\/blog\/wp-json\/wp\/v2\/types\/post"}],"author":[{"embeddable":true,"href":"https:\/\/www.fagorprofessional.com\/blog\/wp-json\/wp\/v2\/users\/1"}],"replies":[{"embeddable":true,"href":"https:\/\/www.fagorprofessional.com\/blog\/wp-json\/wp\/v2\/comments?post=378"}],"version-history":[{"count":4,"href":"https:\/\/www.fagorprofessional.com\/blog\/wp-json\/wp\/v2\/posts\/378\/revisions"}],"predecessor-version":[{"id":489465,"href":"https:\/\/www.fagorprofessional.com\/blog\/wp-json\/wp\/v2\/posts\/378\/revisions\/489465"}],"wp:featuredmedia":[{"embeddable":true,"href":"https:\/\/www.fagorprofessional.com\/blog\/wp-json\/"}],"wp:attachment":[{"href":"https:\/\/www.fagorprofessional.com\/blog\/wp-json\/wp\/v2\/media?parent=378"}],"wp:term":[{"taxonomy":"category","embeddable":true,"href":"https:\/\/www.fagorprofessional.com\/blog\/wp-json\/wp\/v2\/categories?post=378"},{"taxonomy":"post_tag","embeddable":true,"href":"https:\/\/www.fagorprofessional.com\/blog\/wp-json\/wp\/v2\/tags?post=378"}],"curies":[{"name":"wp","href":"https:\/\/api.w.org\/{rel}","templated":true}]}}