{"id":404,"date":"2010-11-24T15:42:00","date_gmt":"2010-11-24T15:42:00","guid":{"rendered":"https:\/\/www.fagorprofessional.com\/blog\/?p=404"},"modified":"2022-10-11T10:29:26","modified_gmt":"2022-10-11T10:29:26","slug":"nominados-european-excellence-awards-2010","status":"publish","type":"post","link":"https:\/\/www.fagorprofessional.com\/blog\/es\/nominados-european-excellence-awards-2010\/","title":{"rendered":"\u00a1Nominados a los European Excellence Awards 2010!"},"content":{"rendered":"<p><a href=\"http:\/blog.fagorindustrial.com\/wp-content\/uploads\/2010\/11\/eea_statue2.jpg\"><img class=\"lazyload\" class=\"\" title=\"\" alt=\"\" width=\"\" height=\"\" \/><\/a>Precisamente lo mencionamos en el post de la semana pasada: este blog no fue creado con la intenci\u00f3n de echarnos flores encima, ni de estar todo el d\u00ed\u00ada hablando de nosotros. La idea, que se muestra especialmente palpable en <a <a href=\"https:\/\/twitter.com\/FagorPro\" rel=\"nofollow\" target=\"_blank\">nuestro canal Twitter<\/a> (\u00a1c\u00f3mo! \u00bfque a\u00fan no os hab\u00e9is apuntado?) era m\u00e1s bien convertirlo en un punto de encuentro para particulares, profesionales, empresarios, periodistas, blogueros y todos los que andamos metidos de un modo u otro en el sector de la restauraci\u00f3n y las colectividades.<\/p>\n<p>Pero es que hoy, sin que sirva de precedente, la ocasi\u00f3n lo merece. \u00a1Porque hemos recibido la noticia de que nuestra iniciativa en medios sociales ha sido nominada a los premios European Excellence Awards 2010! \u00bfQue qu\u00e9 son? Pues no estamos exagerando si decimos que son el equivalente a los Oscar del mundo de la comunicaci\u00f3n. No s\u00f3lo por su importancia (que tambi\u00e9n); como los Oscar, tienen muchas categor\u00ed\u00adas, y como los Oscar, se entregan en una ceremonia multitudinaria, que este a\u00f1o tendr\u00e1 lugar en Praga el pr\u00f3ximo 9 de diciembre.<\/p>\n<p>Tambi\u00e9n como los Oscar, el nombre del ganador no se conoce hasta el momento en que el presentador rasga el sobrecito, as\u00ed\u00ad que para el d\u00ed\u00ada 9 prevemos una noche con men\u00fa intensivo de u\u00f1as mordisqueadas. Pero lo importante, lo que queremos resaltar aqu\u00ed\u00ad, es que nuestro proyecto <em>A Recipe for Social Media Success<\/em> (\u00abUna Receta para el \u00e9xito en Social Media\u00bb) ha sido seleccionado entre cientos de candidaturas para formar parte de los cinco finalistas.<\/p>\n<p>\u00bfY por qu\u00e9 lo queremos resaltar? Porque esta nominaci\u00f3n \u2013y el premio, si cae\u2013 es tan nuestra como vuestra, y en esta ocasi\u00f3n decirlo no es un t\u00f3pico. Porque si no entr\u00e1rais en este blog, si no mantuvi\u00e9rais nuestro canal Twitter buyendo con comentarios, noticias y opiniones, en resumen, si no fuera por vuestro magnifico esp\u00ed\u00adritu de participaci\u00f3n y colaboraci\u00f3n en este mundillo 2.0 de Fagor Professional, sospechamos que el jurado de los Awards no nos habr\u00ed\u00ada prestado demasiada atenci\u00f3n. Que aqu\u00ed\u00ad la competencia y el nivel es mucho y selecto.<\/p>\n<p>As\u00ed\u00ad que, de cara a la ceremonia, mucho nerviosismo. Pero de momento, y en lo referente a la nominaci\u00f3n \u00a1felicidades a todos y consideraos tan nominados como nosotros!<\/p>\n","protected":false},"excerpt":{"rendered":"<p>Precisamente lo mencionamos en el post de la semana pasada: este blog no fue creado con la intenci\u00f3n de echarnos flores encima, ni de estar todo el d\u00ed\u00ada hablando de nosotros. La idea, que se muestra especialmente palpable en<\/p>\n","protected":false},"author":1,"featured_media":1,"comment_status":"open","ping_status":"open","sticky":false,"template":"","format":"standard","meta":{"_acf_changed":false,"footnotes":""},"categories":[8],"tags":[],"class_list":["post-404","post","type-post","status-publish","format-standard","has-post-thumbnail","hentry","category-novedades-y-eventos"],"acf":[],"yoast_head":"<!-- This site is optimized with the Yoast SEO plugin v27.4 - https:\/\/yoast.com\/product\/yoast-seo-wordpress\/ -->\n<title>Nominados a los European Excellence Awards 2010<\/title>\n<meta name=\"description\" content=\"Hemos recibido la noticia de que nuestra iniciativa en medios sociales ha sido nominada a los premios\u00a0European Excellence Awards 2010\" \/>\n<meta name=\"robots\" content=\"index, follow, max-snippet:-1, max-image-preview:large, max-video-preview:-1\" \/>\n<link rel=\"canonical\" href=\"https:\/\/www.fagorprofessional.com\/blog\/es\/nominados-european-excellence-awards-2010\/\" \/>\n<meta property=\"og:locale\" content=\"es_ES\" \/>\n<meta property=\"og:type\" content=\"article\" \/>\n<meta property=\"og:title\" content=\"Nominados a los European Excellence Awards 2010\" \/>\n<meta property=\"og:description\" content=\"Hemos recibido la noticia de que nuestra iniciativa en medios sociales ha sido nominada a los premios\u00a0European Excellence Awards 2010\" \/>\n<meta property=\"og:url\" content=\"https:\/\/www.fagorprofessional.com\/blog\/es\/nominados-european-excellence-awards-2010\/\" \/>\n<meta property=\"og:site_name\" content=\"Fagor Professional&#039;s Blog\" \/>\n<meta property=\"article:published_time\" content=\"2010-11-24T15:42:00+00:00\" \/>\n<meta property=\"article:modified_time\" content=\"2022-10-11T10:29:26+00:00\" \/>\n<meta name=\"author\" content=\"admin\" \/>\n<meta name=\"twitter:card\" content=\"summary_large_image\" \/>\n<meta name=\"twitter:label1\" content=\"Escrito por\" \/>\n\t<meta name=\"twitter:data1\" content=\"admin\" \/>\n\t<meta name=\"twitter:label2\" content=\"Tiempo de lectura\" \/>\n\t<meta name=\"twitter:data2\" content=\"2 minutos\" \/>\n<script type=\"application\/ld+json\" class=\"yoast-schema-graph\">{\"@context\":\"https:\\\/\\\/schema.org\",\"@graph\":[{\"@type\":\"Article\",\"@id\":\"https:\\\/\\\/www.fagorprofessional.com\\\/blog\\\/es\\\/nominados-european-excellence-awards-2010\\\/#article\",\"isPartOf\":{\"@id\":\"https:\\\/\\\/www.fagorprofessional.com\\\/blog\\\/es\\\/nominados-european-excellence-awards-2010\\\/\"},\"author\":{\"name\":\"admin\",\"@id\":\"https:\\\/\\\/www.fagorprofessional.com\\\/blog\\\/#\\\/schema\\\/person\\\/c2dc508ffda39316cf0e8a45f15cb4e4\"},\"headline\":\"\u00a1Nominados a los European Excellence Awards 2010!\",\"datePublished\":\"2010-11-24T15:42:00+00:00\",\"dateModified\":\"2022-10-11T10:29:26+00:00\",\"mainEntityOfPage\":{\"@id\":\"https:\\\/\\\/www.fagorprofessional.com\\\/blog\\\/es\\\/nominados-european-excellence-awards-2010\\\/\"},\"wordCount\":400,\"commentCount\":4,\"image\":{\"@id\":\"https:\\\/\\\/www.fagorprofessional.com\\\/blog\\\/es\\\/nominados-european-excellence-awards-2010\\\/#primaryimage\"},\"thumbnailUrl\":\"\",\"articleSection\":[\"Novedades y eventos\"],\"inLanguage\":\"es\",\"potentialAction\":[{\"@type\":\"CommentAction\",\"name\":\"Comment\",\"target\":[\"https:\\\/\\\/www.fagorprofessional.com\\\/blog\\\/es\\\/nominados-european-excellence-awards-2010\\\/#respond\"]}]},{\"@type\":\"WebPage\",\"@id\":\"https:\\\/\\\/www.fagorprofessional.com\\\/blog\\\/es\\\/nominados-european-excellence-awards-2010\\\/\",\"url\":\"https:\\\/\\\/www.fagorprofessional.com\\\/blog\\\/es\\\/nominados-european-excellence-awards-2010\\\/\",\"name\":\"Nominados a los European Excellence Awards 2010\",\"isPartOf\":{\"@id\":\"https:\\\/\\\/www.fagorprofessional.com\\\/blog\\\/#website\"},\"primaryImageOfPage\":{\"@id\":\"https:\\\/\\\/www.fagorprofessional.com\\\/blog\\\/es\\\/nominados-european-excellence-awards-2010\\\/#primaryimage\"},\"image\":{\"@id\":\"https:\\\/\\\/www.fagorprofessional.com\\\/blog\\\/es\\\/nominados-european-excellence-awards-2010\\\/#primaryimage\"},\"thumbnailUrl\":\"\",\"datePublished\":\"2010-11-24T15:42:00+00:00\",\"dateModified\":\"2022-10-11T10:29:26+00:00\",\"author\":{\"@id\":\"https:\\\/\\\/www.fagorprofessional.com\\\/blog\\\/#\\\/schema\\\/person\\\/c2dc508ffda39316cf0e8a45f15cb4e4\"},\"description\":\"Hemos recibido la noticia de que nuestra iniciativa en medios sociales ha sido nominada a los premios\u00a0European Excellence Awards 2010\",\"breadcrumb\":{\"@id\":\"https:\\\/\\\/www.fagorprofessional.com\\\/blog\\\/es\\\/nominados-european-excellence-awards-2010\\\/#breadcrumb\"},\"inLanguage\":\"es\",\"potentialAction\":[{\"@type\":\"ReadAction\",\"target\":[\"https:\\\/\\\/www.fagorprofessional.com\\\/blog\\\/es\\\/nominados-european-excellence-awards-2010\\\/\"]}]},{\"@type\":\"ImageObject\",\"inLanguage\":\"es\",\"@id\":\"https:\\\/\\\/www.fagorprofessional.com\\\/blog\\\/es\\\/nominados-european-excellence-awards-2010\\\/#primaryimage\",\"url\":\"\",\"contentUrl\":\"\"},{\"@type\":\"BreadcrumbList\",\"@id\":\"https:\\\/\\\/www.fagorprofessional.com\\\/blog\\\/es\\\/nominados-european-excellence-awards-2010\\\/#breadcrumb\",\"itemListElement\":[{\"@type\":\"ListItem\",\"position\":1,\"name\":\"Fagor Professional Blog\",\"item\":\"https:\\\/\\\/www.fagorprofessional.com\\\/blog\\\/\"},{\"@type\":\"ListItem\",\"position\":2,\"name\":\"Novedades y eventos\",\"item\":\"https:\\\/\\\/www.fagorprofessional.com\\\/blog\\\/es\\\/novedades-y-eventos\\\/\"},{\"@type\":\"ListItem\",\"position\":3,\"name\":\"\u00a1Nominados a los European Excellence Awards 2010!\"}]},{\"@type\":\"WebSite\",\"@id\":\"https:\\\/\\\/www.fagorprofessional.com\\\/blog\\\/#website\",\"url\":\"https:\\\/\\\/www.fagorprofessional.com\\\/blog\\\/\",\"name\":\"Fagor Professional&#039;s Blog\",\"description\":\"Fagor Professional&#039;s Blog\",\"potentialAction\":[{\"@type\":\"SearchAction\",\"target\":{\"@type\":\"EntryPoint\",\"urlTemplate\":\"https:\\\/\\\/www.fagorprofessional.com\\\/blog\\\/?s={search_term_string}\"},\"query-input\":{\"@type\":\"PropertyValueSpecification\",\"valueRequired\":true,\"valueName\":\"search_term_string\"}}],\"inLanguage\":\"es\"},{\"@type\":\"Person\",\"@id\":\"https:\\\/\\\/www.fagorprofessional.com\\\/blog\\\/#\\\/schema\\\/person\\\/c2dc508ffda39316cf0e8a45f15cb4e4\",\"name\":\"admin\",\"image\":{\"@type\":\"ImageObject\",\"inLanguage\":\"es\",\"@id\":\"https:\\\/\\\/secure.gravatar.com\\\/avatar\\\/af0a4c336046e868f98b17f2a27b6f9426e8aba09b92828569a3ca2b54e3d91c?s=96&d=mm&r=g\",\"url\":\"https:\\\/\\\/secure.gravatar.com\\\/avatar\\\/af0a4c336046e868f98b17f2a27b6f9426e8aba09b92828569a3ca2b54e3d91c?s=96&d=mm&r=g\",\"contentUrl\":\"https:\\\/\\\/secure.gravatar.com\\\/avatar\\\/af0a4c336046e868f98b17f2a27b6f9426e8aba09b92828569a3ca2b54e3d91c?s=96&d=mm&r=g\",\"caption\":\"admin\"},\"sameAs\":[\"https:\\\/\\\/www.fagorprofessional.com\\\/blog\"]}]}<\/script>\n<!-- \/ Yoast SEO plugin. -->","yoast_head_json":{"title":"Nominados a los European Excellence Awards 2010","description":"Hemos recibido la noticia de que nuestra iniciativa en medios sociales ha sido nominada a los premios\u00a0European Excellence Awards 2010","robots":{"index":"index","follow":"follow","max-snippet":"max-snippet:-1","max-image-preview":"max-image-preview:large","max-video-preview":"max-video-preview:-1"},"canonical":"https:\/\/www.fagorprofessional.com\/blog\/es\/nominados-european-excellence-awards-2010\/","og_locale":"es_ES","og_type":"article","og_title":"Nominados a los European Excellence Awards 2010","og_description":"Hemos recibido la noticia de que nuestra iniciativa en medios sociales ha sido nominada a los premios\u00a0European Excellence Awards 2010","og_url":"https:\/\/www.fagorprofessional.com\/blog\/es\/nominados-european-excellence-awards-2010\/","og_site_name":"Fagor Professional&#039;s Blog","article_published_time":"2010-11-24T15:42:00+00:00","article_modified_time":"2022-10-11T10:29:26+00:00","author":"admin","twitter_card":"summary_large_image","twitter_misc":{"Escrito por":"admin","Tiempo de lectura":"2 minutos"},"schema":{"@context":"https:\/\/schema.org","@graph":[{"@type":"Article","@id":"https:\/\/www.fagorprofessional.com\/blog\/es\/nominados-european-excellence-awards-2010\/#article","isPartOf":{"@id":"https:\/\/www.fagorprofessional.com\/blog\/es\/nominados-european-excellence-awards-2010\/"},"author":{"name":"admin","@id":"https:\/\/www.fagorprofessional.com\/blog\/#\/schema\/person\/c2dc508ffda39316cf0e8a45f15cb4e4"},"headline":"\u00a1Nominados a los European Excellence Awards 2010!","datePublished":"2010-11-24T15:42:00+00:00","dateModified":"2022-10-11T10:29:26+00:00","mainEntityOfPage":{"@id":"https:\/\/www.fagorprofessional.com\/blog\/es\/nominados-european-excellence-awards-2010\/"},"wordCount":400,"commentCount":4,"image":{"@id":"https:\/\/www.fagorprofessional.com\/blog\/es\/nominados-european-excellence-awards-2010\/#primaryimage"},"thumbnailUrl":"","articleSection":["Novedades y eventos"],"inLanguage":"es","potentialAction":[{"@type":"CommentAction","name":"Comment","target":["https:\/\/www.fagorprofessional.com\/blog\/es\/nominados-european-excellence-awards-2010\/#respond"]}]},{"@type":"WebPage","@id":"https:\/\/www.fagorprofessional.com\/blog\/es\/nominados-european-excellence-awards-2010\/","url":"https:\/\/www.fagorprofessional.com\/blog\/es\/nominados-european-excellence-awards-2010\/","name":"Nominados a los European Excellence Awards 2010","isPartOf":{"@id":"https:\/\/www.fagorprofessional.com\/blog\/#website"},"primaryImageOfPage":{"@id":"https:\/\/www.fagorprofessional.com\/blog\/es\/nominados-european-excellence-awards-2010\/#primaryimage"},"image":{"@id":"https:\/\/www.fagorprofessional.com\/blog\/es\/nominados-european-excellence-awards-2010\/#primaryimage"},"thumbnailUrl":"","datePublished":"2010-11-24T15:42:00+00:00","dateModified":"2022-10-11T10:29:26+00:00","author":{"@id":"https:\/\/www.fagorprofessional.com\/blog\/#\/schema\/person\/c2dc508ffda39316cf0e8a45f15cb4e4"},"description":"Hemos recibido la noticia de que nuestra iniciativa en medios sociales ha sido nominada a los premios\u00a0European Excellence Awards 2010","breadcrumb":{"@id":"https:\/\/www.fagorprofessional.com\/blog\/es\/nominados-european-excellence-awards-2010\/#breadcrumb"},"inLanguage":"es","potentialAction":[{"@type":"ReadAction","target":["https:\/\/www.fagorprofessional.com\/blog\/es\/nominados-european-excellence-awards-2010\/"]}]},{"@type":"ImageObject","inLanguage":"es","@id":"https:\/\/www.fagorprofessional.com\/blog\/es\/nominados-european-excellence-awards-2010\/#primaryimage","url":"","contentUrl":""},{"@type":"BreadcrumbList","@id":"https:\/\/www.fagorprofessional.com\/blog\/es\/nominados-european-excellence-awards-2010\/#breadcrumb","itemListElement":[{"@type":"ListItem","position":1,"name":"Fagor Professional Blog","item":"https:\/\/www.fagorprofessional.com\/blog\/"},{"@type":"ListItem","position":2,"name":"Novedades y eventos","item":"https:\/\/www.fagorprofessional.com\/blog\/es\/novedades-y-eventos\/"},{"@type":"ListItem","position":3,"name":"\u00a1Nominados a los European Excellence Awards 2010!"}]},{"@type":"WebSite","@id":"https:\/\/www.fagorprofessional.com\/blog\/#website","url":"https:\/\/www.fagorprofessional.com\/blog\/","name":"Fagor Professional&#039;s Blog","description":"Fagor Professional&#039;s Blog","potentialAction":[{"@type":"SearchAction","target":{"@type":"EntryPoint","urlTemplate":"https:\/\/www.fagorprofessional.com\/blog\/?s={search_term_string}"},"query-input":{"@type":"PropertyValueSpecification","valueRequired":true,"valueName":"search_term_string"}}],"inLanguage":"es"},{"@type":"Person","@id":"https:\/\/www.fagorprofessional.com\/blog\/#\/schema\/person\/c2dc508ffda39316cf0e8a45f15cb4e4","name":"admin","image":{"@type":"ImageObject","inLanguage":"es","@id":"https:\/\/secure.gravatar.com\/avatar\/af0a4c336046e868f98b17f2a27b6f9426e8aba09b92828569a3ca2b54e3d91c?s=96&d=mm&r=g","url":"https:\/\/secure.gravatar.com\/avatar\/af0a4c336046e868f98b17f2a27b6f9426e8aba09b92828569a3ca2b54e3d91c?s=96&d=mm&r=g","contentUrl":"https:\/\/secure.gravatar.com\/avatar\/af0a4c336046e868f98b17f2a27b6f9426e8aba09b92828569a3ca2b54e3d91c?s=96&d=mm&r=g","caption":"admin"},"sameAs":["https:\/\/www.fagorprofessional.com\/blog"]}]}},"_links":{"self":[{"href":"https:\/\/www.fagorprofessional.com\/blog\/wp-json\/wp\/v2\/posts\/404","targetHints":{"allow":["GET"]}}],"collection":[{"href":"https:\/\/www.fagorprofessional.com\/blog\/wp-json\/wp\/v2\/posts"}],"about":[{"href":"https:\/\/www.fagorprofessional.com\/blog\/wp-json\/wp\/v2\/types\/post"}],"author":[{"embeddable":true,"href":"https:\/\/www.fagorprofessional.com\/blog\/wp-json\/wp\/v2\/users\/1"}],"replies":[{"embeddable":true,"href":"https:\/\/www.fagorprofessional.com\/blog\/wp-json\/wp\/v2\/comments?post=404"}],"version-history":[{"count":3,"href":"https:\/\/www.fagorprofessional.com\/blog\/wp-json\/wp\/v2\/posts\/404\/revisions"}],"predecessor-version":[{"id":489477,"href":"https:\/\/www.fagorprofessional.com\/blog\/wp-json\/wp\/v2\/posts\/404\/revisions\/489477"}],"wp:featuredmedia":[{"embeddable":true,"href":"https:\/\/www.fagorprofessional.com\/blog\/wp-json\/"}],"wp:attachment":[{"href":"https:\/\/www.fagorprofessional.com\/blog\/wp-json\/wp\/v2\/media?parent=404"}],"wp:term":[{"taxonomy":"category","embeddable":true,"href":"https:\/\/www.fagorprofessional.com\/blog\/wp-json\/wp\/v2\/categories?post=404"},{"taxonomy":"post_tag","embeddable":true,"href":"https:\/\/www.fagorprofessional.com\/blog\/wp-json\/wp\/v2\/tags?post=404"}],"curies":[{"name":"wp","href":"https:\/\/api.w.org\/{rel}","templated":true}]}}