{"id":412,"date":"2010-12-01T17:29:00","date_gmt":"2010-12-01T17:29:00","guid":{"rendered":"https:\/\/www.fagorprofessional.com\/blog\/?p=412"},"modified":"2022-10-11T10:32:18","modified_gmt":"2022-10-11T10:32:18","slug":"esquimales-usan-nevera-historias-sobre-frio","status":"publish","type":"post","link":"https:\/\/www.fagorprofessional.com\/blog\/es\/esquimales-usan-nevera-historias-sobre-frio\/","title":{"rendered":"Los esquimales s\u00ed usan nevera (y otras historias sobre el fr\u00edo)"},"content":{"rendered":"<p><a href=\"http:\/blog.fagorindustrial.com\/wp-content\/uploads\/2010\/12\/iglu_esquimales.jpg\"><img class=\"lazyload\" class=\"\" title=\"\" alt=\"\" width=\"\" height=\"\" \/><\/a>Con la que ha ca\u00ed\u00addo estos d\u00ed\u00adas, la verdad es que hab\u00ed\u00adamos pensado seriamente en titular este post como \u00ab\u00a1brrrrrrrrrrrr!\u00bb, pero a fin de cuentas, el fr\u00ed\u00ado es uno de nuestros principales sectores de negocio, y eso se merece un respeto. <strong>El fr\u00ed\u00ado industrial<\/strong>, se entiende, no meteorol\u00f3gico, lo que nos da pie a haber aguantado en alguna ocasi\u00f3n la bromita esa sobre si tambi\u00e9n vendemos neveras a los esquimales (la gente, que es de un original\u2026). Pero el fr\u00ed\u00ado, la refrigeraci\u00f3n, la congelaci\u00f3n, no son cosa de broma. Han jugado un papel primordial en la evoluci\u00f3n de la alimentaci\u00f3n y el bienestar de la humanidad.<\/p>\n<p>La conservaci\u00f3n de los alimentos ha sido siempre una necesidad b\u00e1sica. Antes de que se inventara nada parecido a una nevera, <strong>en la antigua Roma se utilizaban agujeros rellenos de paja, y despu\u00e9s con nieve tra\u00ed\u00adda de las monta\u00f1as<\/strong>, para conservar alimentos y bebidas. Esto permiti\u00f3 a las clases m\u00e1s pudientes disfrutar de delicias como helados o sorbetes, a los que por ejemplo, el emperador Ner\u00f3n era un gran aficionado (no es cosa de pensar aqu\u00ed\u00ad en el tipo de ERE que pod\u00ed\u00ada aplicar a los esclavos que no le tuvieran a punto el sorbete bien fresquito).<\/p>\n<p>Las primeras neveras modernas pasaron por los habituales pasos de prototipos e intentos iniciales (una completa relaci\u00f3n puede encontrarse en este util\u00ed\u00adsimo sitio web) hasta que el ingeniero alem\u00e1n Carl von Linden patent\u00f3 en 1876 <strong>el proceso de liquidificar el gas<\/strong>, que es una parte b\u00e1sica del proceso de refrigeraci\u00f3n. Siguieron <strong>los primeros modelos de refrigeradores<\/strong>, entre los que destac\u00f3 el patentado por el estadounidense Thomas Elkins en 1879, y destac\u00f3 por dos razones: Elkins era negro, lo cual lo convierte en uno de los primeros afroamericanos en desarrollar importantes trabajos cient\u00ed\u00adficos, y su modelo de refrigerador fue dise\u00f1ado inicialmente, entre otras funciones, para la conservaci\u00f3n de cad\u00e1veres.<\/p>\n<p><img decoding=\"async\" class=\"aligncenter lazyload\" src=\"data:image\/gif;base64,R0lGODlhAQABAIAAAAAAAP\/\/\/yH5BAEAAAAALAAAAAABAAEAAAIBRAA7\" data-src=\"https:\/\/www.fagorprofessional.com\/blog\/wp-content\/uploads\/2010\/12\/cubos-hielo.jpg\" alt=\"cubos de hielo\" \/><noscript><img decoding=\"async\" class=\"aligncenter lazyload\" src=\"https:\/\/www.fagorprofessional.com\/blog\/wp-content\/uploads\/2010\/12\/cubos-hielo.jpg\" alt=\"cubos de hielo\" \/><\/noscript><\/p>\n<p>Un tiempo despu\u00e9s, el inventor Fred Wolf cre\u00f3 un refrigerador dom\u00e9stico que presentaba como novedad <strong>una bandeja para hacer cubitos de hielo<\/strong>. Aunque su modelo no tuvo mucho \u00e9xito, sirvi\u00f3 para que las neveras americanas de los a\u00f1os 20 y 30 incorporaran la funci\u00f3n de fabricar hielo en casa. Fue toda una revoluci\u00f3n comparada con la alternativa anterior de comprarlo en barras y trocearlas a golpe de picahielos, y un tiempo despu\u00e9s comenzaron a aparecer <strong>las primeras m\u00e1quinas espec\u00ed\u00adficas para la fabricaci\u00f3n de cubitos<\/strong>, que se demostraron como un elemento imprescindible para bares y restaurantes\u2026 En cambio, la tecnolog\u00ed\u00ada tard\u00f3 un poco m\u00e1s (hay quien dice que a\u00fan no lo ha conseguido) en crear las bandejas de cubitos que permitieran extraerlos con comodidad, y no tras ardua y denodada lucha.<\/p>\n<p>Pero en el sector industrial, la refrigeraci\u00f3n se estaba utilizando desde mucho tiempo antes. A mediados del siglo XIX, los sectores c\u00e1rnico y cervecero (curiosamente, este fue el primero en adoptarla) la empleaban de forma extensa. Su uso por los productores de carne dio, literalmente, la vuelta al mercado: antes, el sacrificio de los animales se realizaba en invierno, \u00fanica estaci\u00f3n que permit\u00ed\u00ada conservar la carne durante alg\u00fan tiempo, pero ahora la industria pod\u00ed\u00ada llevar a cabo la actividad en cualquier estaci\u00f3n y, al mejorar las condiciones de conservaci\u00f3n, tambi\u00e9n mejor\u00f3 la calidad del producto. Transportar los productos alimentarios sin que perdieran propiedades fue tambi\u00e9n un problema, que conoci\u00f3 una sensible mejora cuando J. B. Sutherland, de Detroit, patent\u00f3 en 1867 <strong>el primer vag\u00f3n de tren refrigerado<\/strong>, que contaba con dos grandes dep\u00f3sitos de hielo a cada lado. Entre sus efectos m\u00e1s inmediatos estuvo disparar las posibilidades de la industria alimentaria de Estados Unidos, que pudo empezar a exportar sus productos de una a otra punta del pa\u00ed\u00ads.<\/p>\n<p>Entrando en el siglo XXI, el fr\u00ed\u00ado industrial es un campo que, desde luego, conocemos bien. Vagones de tren refrigerados no hacemos, pero s\u00ed\u00ad neveras, m\u00e1quinas de hielo, congeladores, y abatidores de temperatura que, como ya hemos comentado en este blog, se est\u00e1n convirtiendo en <a <a href=\"https:\/\/www.fagorprofessional.com\/es\/equipos-cocina\/frio-comercial\" rel=\"nofollow\" target=\"_blank\">el top del fr\u00ed\u00ado industrial aplicado a restaurantes<\/a>, ya que su gran velocidad de enfriamiento y congelaci\u00f3n permite conservar todas las propiedades de los alimentos y evitar la proliferaci\u00f3n de bacterias.<\/p>\n<p>Y otra cosa que tampoco hacemos es vender neveras a los esquimales\u2026 De momento, porque la verdad es que <strong>s\u00ed\u00ad las utilizan<\/strong>. Si no, sus alimentos no estar\u00ed\u00adan frescos sino a temperatura ambiente, o congelados, sin t\u00e9rmino medio. Y es que siempre quedan mercados por explorar\u2026<\/p>\n","protected":false},"excerpt":{"rendered":"<p>Con la que ha ca\u00ed\u00addo estos d\u00ed\u00adas, la verdad es que hab\u00ed\u00adamos pensado seriamente en titular este post como \u00ab\u00a1brrrrrrrrrrrr!\u00bb, pero a fin de cuentas, el fr\u00ed\u00ado es uno de nuestros principales sectores de negocio, y eso se merece un respeto. El fr\u00ed\u00ado industrial, se entiende, no meteorol\u00f3gico, lo que nos da pie a haber&#8230;<\/p>\n","protected":false},"author":1,"featured_media":1,"comment_status":"open","ping_status":"open","sticky":false,"template":"","format":"standard","meta":{"_acf_changed":false,"footnotes":""},"categories":[7],"tags":[],"class_list":["post-412","post","type-post","status-publish","format-standard","has-post-thumbnail","hentry","category-tendencias-y-consejos"],"acf":[],"yoast_head":"<!-- This site is optimized with the Yoast SEO plugin v27.4 - https:\/\/yoast.com\/product\/yoast-seo-wordpress\/ -->\n<title>Los esquimales s\u00ed usan nevera y otras historias sobre el fr\u00edo<\/title>\n<meta name=\"description\" content=\"El fr\u00edo industrial, se entiende, no meteorol\u00f3gico, lo que nos da pie a haber aguantado en alguna ocasi\u00f3n la bromita esa sobre si tambi\u00e9n vendemos neveras a los esquimales\" \/>\n<meta name=\"robots\" content=\"index, follow, max-snippet:-1, max-image-preview:large, max-video-preview:-1\" \/>\n<link rel=\"canonical\" href=\"https:\/\/www.fagorprofessional.com\/blog\/es\/esquimales-usan-nevera-historias-sobre-frio\/\" \/>\n<meta property=\"og:locale\" content=\"es_ES\" \/>\n<meta property=\"og:type\" content=\"article\" \/>\n<meta property=\"og:title\" content=\"Los esquimales s\u00ed usan nevera y otras historias sobre el fr\u00edo\" \/>\n<meta property=\"og:description\" content=\"El fr\u00edo industrial, se entiende, no meteorol\u00f3gico, lo que nos da pie a haber aguantado en alguna ocasi\u00f3n la bromita esa sobre si tambi\u00e9n vendemos neveras a los esquimales\" \/>\n<meta property=\"og:url\" content=\"https:\/\/www.fagorprofessional.com\/blog\/es\/esquimales-usan-nevera-historias-sobre-frio\/\" \/>\n<meta property=\"og:site_name\" content=\"Fagor Professional&#039;s Blog\" \/>\n<meta property=\"article:published_time\" content=\"2010-12-01T17:29:00+00:00\" \/>\n<meta property=\"article:modified_time\" content=\"2022-10-11T10:32:18+00:00\" \/>\n<meta name=\"author\" content=\"admin\" \/>\n<meta name=\"twitter:card\" content=\"summary_large_image\" \/>\n<meta name=\"twitter:label1\" content=\"Escrito por\" \/>\n\t<meta name=\"twitter:data1\" content=\"admin\" \/>\n\t<meta name=\"twitter:label2\" content=\"Tiempo de lectura\" \/>\n\t<meta name=\"twitter:data2\" content=\"4 minutos\" \/>\n<script type=\"application\/ld+json\" class=\"yoast-schema-graph\">{\"@context\":\"https:\\\/\\\/schema.org\",\"@graph\":[{\"@type\":\"Article\",\"@id\":\"https:\\\/\\\/www.fagorprofessional.com\\\/blog\\\/es\\\/esquimales-usan-nevera-historias-sobre-frio\\\/#article\",\"isPartOf\":{\"@id\":\"https:\\\/\\\/www.fagorprofessional.com\\\/blog\\\/es\\\/esquimales-usan-nevera-historias-sobre-frio\\\/\"},\"author\":{\"name\":\"admin\",\"@id\":\"https:\\\/\\\/www.fagorprofessional.com\\\/blog\\\/#\\\/schema\\\/person\\\/c2dc508ffda39316cf0e8a45f15cb4e4\"},\"headline\":\"Los esquimales s\u00ed usan nevera (y otras historias sobre el fr\u00edo)\",\"datePublished\":\"2010-12-01T17:29:00+00:00\",\"dateModified\":\"2022-10-11T10:32:18+00:00\",\"mainEntityOfPage\":{\"@id\":\"https:\\\/\\\/www.fagorprofessional.com\\\/blog\\\/es\\\/esquimales-usan-nevera-historias-sobre-frio\\\/\"},\"wordCount\":802,\"commentCount\":3,\"image\":{\"@id\":\"https:\\\/\\\/www.fagorprofessional.com\\\/blog\\\/es\\\/esquimales-usan-nevera-historias-sobre-frio\\\/#primaryimage\"},\"thumbnailUrl\":\"\",\"articleSection\":[\"Tendencias y consejos\"],\"inLanguage\":\"es\",\"potentialAction\":[{\"@type\":\"CommentAction\",\"name\":\"Comment\",\"target\":[\"https:\\\/\\\/www.fagorprofessional.com\\\/blog\\\/es\\\/esquimales-usan-nevera-historias-sobre-frio\\\/#respond\"]}]},{\"@type\":\"WebPage\",\"@id\":\"https:\\\/\\\/www.fagorprofessional.com\\\/blog\\\/es\\\/esquimales-usan-nevera-historias-sobre-frio\\\/\",\"url\":\"https:\\\/\\\/www.fagorprofessional.com\\\/blog\\\/es\\\/esquimales-usan-nevera-historias-sobre-frio\\\/\",\"name\":\"Los esquimales s\u00ed usan nevera y otras historias sobre el fr\u00edo\",\"isPartOf\":{\"@id\":\"https:\\\/\\\/www.fagorprofessional.com\\\/blog\\\/#website\"},\"primaryImageOfPage\":{\"@id\":\"https:\\\/\\\/www.fagorprofessional.com\\\/blog\\\/es\\\/esquimales-usan-nevera-historias-sobre-frio\\\/#primaryimage\"},\"image\":{\"@id\":\"https:\\\/\\\/www.fagorprofessional.com\\\/blog\\\/es\\\/esquimales-usan-nevera-historias-sobre-frio\\\/#primaryimage\"},\"thumbnailUrl\":\"\",\"datePublished\":\"2010-12-01T17:29:00+00:00\",\"dateModified\":\"2022-10-11T10:32:18+00:00\",\"author\":{\"@id\":\"https:\\\/\\\/www.fagorprofessional.com\\\/blog\\\/#\\\/schema\\\/person\\\/c2dc508ffda39316cf0e8a45f15cb4e4\"},\"description\":\"El fr\u00edo industrial, se entiende, no meteorol\u00f3gico, lo que nos da pie a haber aguantado en alguna ocasi\u00f3n la bromita esa sobre si tambi\u00e9n vendemos neveras a los esquimales\",\"breadcrumb\":{\"@id\":\"https:\\\/\\\/www.fagorprofessional.com\\\/blog\\\/es\\\/esquimales-usan-nevera-historias-sobre-frio\\\/#breadcrumb\"},\"inLanguage\":\"es\",\"potentialAction\":[{\"@type\":\"ReadAction\",\"target\":[\"https:\\\/\\\/www.fagorprofessional.com\\\/blog\\\/es\\\/esquimales-usan-nevera-historias-sobre-frio\\\/\"]}]},{\"@type\":\"ImageObject\",\"inLanguage\":\"es\",\"@id\":\"https:\\\/\\\/www.fagorprofessional.com\\\/blog\\\/es\\\/esquimales-usan-nevera-historias-sobre-frio\\\/#primaryimage\",\"url\":\"\",\"contentUrl\":\"\"},{\"@type\":\"BreadcrumbList\",\"@id\":\"https:\\\/\\\/www.fagorprofessional.com\\\/blog\\\/es\\\/esquimales-usan-nevera-historias-sobre-frio\\\/#breadcrumb\",\"itemListElement\":[{\"@type\":\"ListItem\",\"position\":1,\"name\":\"Fagor Professional Blog\",\"item\":\"https:\\\/\\\/www.fagorprofessional.com\\\/blog\\\/\"},{\"@type\":\"ListItem\",\"position\":2,\"name\":\"Tendencias y consejos\",\"item\":\"https:\\\/\\\/www.fagorprofessional.com\\\/blog\\\/es\\\/tendencias-y-consejos\\\/\"},{\"@type\":\"ListItem\",\"position\":3,\"name\":\"Los esquimales s\u00ed usan nevera (y otras historias sobre el fr\u00edo)\"}]},{\"@type\":\"WebSite\",\"@id\":\"https:\\\/\\\/www.fagorprofessional.com\\\/blog\\\/#website\",\"url\":\"https:\\\/\\\/www.fagorprofessional.com\\\/blog\\\/\",\"name\":\"Fagor Professional&#039;s Blog\",\"description\":\"Fagor Professional&#039;s Blog\",\"potentialAction\":[{\"@type\":\"SearchAction\",\"target\":{\"@type\":\"EntryPoint\",\"urlTemplate\":\"https:\\\/\\\/www.fagorprofessional.com\\\/blog\\\/?s={search_term_string}\"},\"query-input\":{\"@type\":\"PropertyValueSpecification\",\"valueRequired\":true,\"valueName\":\"search_term_string\"}}],\"inLanguage\":\"es\"},{\"@type\":\"Person\",\"@id\":\"https:\\\/\\\/www.fagorprofessional.com\\\/blog\\\/#\\\/schema\\\/person\\\/c2dc508ffda39316cf0e8a45f15cb4e4\",\"name\":\"admin\",\"image\":{\"@type\":\"ImageObject\",\"inLanguage\":\"es\",\"@id\":\"https:\\\/\\\/secure.gravatar.com\\\/avatar\\\/af0a4c336046e868f98b17f2a27b6f9426e8aba09b92828569a3ca2b54e3d91c?s=96&d=mm&r=g\",\"url\":\"https:\\\/\\\/secure.gravatar.com\\\/avatar\\\/af0a4c336046e868f98b17f2a27b6f9426e8aba09b92828569a3ca2b54e3d91c?s=96&d=mm&r=g\",\"contentUrl\":\"https:\\\/\\\/secure.gravatar.com\\\/avatar\\\/af0a4c336046e868f98b17f2a27b6f9426e8aba09b92828569a3ca2b54e3d91c?s=96&d=mm&r=g\",\"caption\":\"admin\"},\"sameAs\":[\"https:\\\/\\\/www.fagorprofessional.com\\\/blog\"]}]}<\/script>\n<!-- \/ Yoast SEO plugin. -->","yoast_head_json":{"title":"Los esquimales s\u00ed usan nevera y otras historias sobre el fr\u00edo","description":"El fr\u00edo industrial, se entiende, no meteorol\u00f3gico, lo que nos da pie a haber aguantado en alguna ocasi\u00f3n la bromita esa sobre si tambi\u00e9n vendemos neveras a los esquimales","robots":{"index":"index","follow":"follow","max-snippet":"max-snippet:-1","max-image-preview":"max-image-preview:large","max-video-preview":"max-video-preview:-1"},"canonical":"https:\/\/www.fagorprofessional.com\/blog\/es\/esquimales-usan-nevera-historias-sobre-frio\/","og_locale":"es_ES","og_type":"article","og_title":"Los esquimales s\u00ed usan nevera y otras historias sobre el fr\u00edo","og_description":"El fr\u00edo industrial, se entiende, no meteorol\u00f3gico, lo que nos da pie a haber aguantado en alguna ocasi\u00f3n la bromita esa sobre si tambi\u00e9n vendemos neveras a los esquimales","og_url":"https:\/\/www.fagorprofessional.com\/blog\/es\/esquimales-usan-nevera-historias-sobre-frio\/","og_site_name":"Fagor Professional&#039;s Blog","article_published_time":"2010-12-01T17:29:00+00:00","article_modified_time":"2022-10-11T10:32:18+00:00","author":"admin","twitter_card":"summary_large_image","twitter_misc":{"Escrito por":"admin","Tiempo de lectura":"4 minutos"},"schema":{"@context":"https:\/\/schema.org","@graph":[{"@type":"Article","@id":"https:\/\/www.fagorprofessional.com\/blog\/es\/esquimales-usan-nevera-historias-sobre-frio\/#article","isPartOf":{"@id":"https:\/\/www.fagorprofessional.com\/blog\/es\/esquimales-usan-nevera-historias-sobre-frio\/"},"author":{"name":"admin","@id":"https:\/\/www.fagorprofessional.com\/blog\/#\/schema\/person\/c2dc508ffda39316cf0e8a45f15cb4e4"},"headline":"Los esquimales s\u00ed usan nevera (y otras historias sobre el fr\u00edo)","datePublished":"2010-12-01T17:29:00+00:00","dateModified":"2022-10-11T10:32:18+00:00","mainEntityOfPage":{"@id":"https:\/\/www.fagorprofessional.com\/blog\/es\/esquimales-usan-nevera-historias-sobre-frio\/"},"wordCount":802,"commentCount":3,"image":{"@id":"https:\/\/www.fagorprofessional.com\/blog\/es\/esquimales-usan-nevera-historias-sobre-frio\/#primaryimage"},"thumbnailUrl":"","articleSection":["Tendencias y consejos"],"inLanguage":"es","potentialAction":[{"@type":"CommentAction","name":"Comment","target":["https:\/\/www.fagorprofessional.com\/blog\/es\/esquimales-usan-nevera-historias-sobre-frio\/#respond"]}]},{"@type":"WebPage","@id":"https:\/\/www.fagorprofessional.com\/blog\/es\/esquimales-usan-nevera-historias-sobre-frio\/","url":"https:\/\/www.fagorprofessional.com\/blog\/es\/esquimales-usan-nevera-historias-sobre-frio\/","name":"Los esquimales s\u00ed usan nevera y otras historias sobre el fr\u00edo","isPartOf":{"@id":"https:\/\/www.fagorprofessional.com\/blog\/#website"},"primaryImageOfPage":{"@id":"https:\/\/www.fagorprofessional.com\/blog\/es\/esquimales-usan-nevera-historias-sobre-frio\/#primaryimage"},"image":{"@id":"https:\/\/www.fagorprofessional.com\/blog\/es\/esquimales-usan-nevera-historias-sobre-frio\/#primaryimage"},"thumbnailUrl":"","datePublished":"2010-12-01T17:29:00+00:00","dateModified":"2022-10-11T10:32:18+00:00","author":{"@id":"https:\/\/www.fagorprofessional.com\/blog\/#\/schema\/person\/c2dc508ffda39316cf0e8a45f15cb4e4"},"description":"El fr\u00edo industrial, se entiende, no meteorol\u00f3gico, lo que nos da pie a haber aguantado en alguna ocasi\u00f3n la bromita esa sobre si tambi\u00e9n vendemos neveras a los esquimales","breadcrumb":{"@id":"https:\/\/www.fagorprofessional.com\/blog\/es\/esquimales-usan-nevera-historias-sobre-frio\/#breadcrumb"},"inLanguage":"es","potentialAction":[{"@type":"ReadAction","target":["https:\/\/www.fagorprofessional.com\/blog\/es\/esquimales-usan-nevera-historias-sobre-frio\/"]}]},{"@type":"ImageObject","inLanguage":"es","@id":"https:\/\/www.fagorprofessional.com\/blog\/es\/esquimales-usan-nevera-historias-sobre-frio\/#primaryimage","url":"","contentUrl":""},{"@type":"BreadcrumbList","@id":"https:\/\/www.fagorprofessional.com\/blog\/es\/esquimales-usan-nevera-historias-sobre-frio\/#breadcrumb","itemListElement":[{"@type":"ListItem","position":1,"name":"Fagor Professional Blog","item":"https:\/\/www.fagorprofessional.com\/blog\/"},{"@type":"ListItem","position":2,"name":"Tendencias y consejos","item":"https:\/\/www.fagorprofessional.com\/blog\/es\/tendencias-y-consejos\/"},{"@type":"ListItem","position":3,"name":"Los esquimales s\u00ed usan nevera (y otras historias sobre el fr\u00edo)"}]},{"@type":"WebSite","@id":"https:\/\/www.fagorprofessional.com\/blog\/#website","url":"https:\/\/www.fagorprofessional.com\/blog\/","name":"Fagor Professional&#039;s Blog","description":"Fagor Professional&#039;s Blog","potentialAction":[{"@type":"SearchAction","target":{"@type":"EntryPoint","urlTemplate":"https:\/\/www.fagorprofessional.com\/blog\/?s={search_term_string}"},"query-input":{"@type":"PropertyValueSpecification","valueRequired":true,"valueName":"search_term_string"}}],"inLanguage":"es"},{"@type":"Person","@id":"https:\/\/www.fagorprofessional.com\/blog\/#\/schema\/person\/c2dc508ffda39316cf0e8a45f15cb4e4","name":"admin","image":{"@type":"ImageObject","inLanguage":"es","@id":"https:\/\/secure.gravatar.com\/avatar\/af0a4c336046e868f98b17f2a27b6f9426e8aba09b92828569a3ca2b54e3d91c?s=96&d=mm&r=g","url":"https:\/\/secure.gravatar.com\/avatar\/af0a4c336046e868f98b17f2a27b6f9426e8aba09b92828569a3ca2b54e3d91c?s=96&d=mm&r=g","contentUrl":"https:\/\/secure.gravatar.com\/avatar\/af0a4c336046e868f98b17f2a27b6f9426e8aba09b92828569a3ca2b54e3d91c?s=96&d=mm&r=g","caption":"admin"},"sameAs":["https:\/\/www.fagorprofessional.com\/blog"]}]}},"_links":{"self":[{"href":"https:\/\/www.fagorprofessional.com\/blog\/wp-json\/wp\/v2\/posts\/412","targetHints":{"allow":["GET"]}}],"collection":[{"href":"https:\/\/www.fagorprofessional.com\/blog\/wp-json\/wp\/v2\/posts"}],"about":[{"href":"https:\/\/www.fagorprofessional.com\/blog\/wp-json\/wp\/v2\/types\/post"}],"author":[{"embeddable":true,"href":"https:\/\/www.fagorprofessional.com\/blog\/wp-json\/wp\/v2\/users\/1"}],"replies":[{"embeddable":true,"href":"https:\/\/www.fagorprofessional.com\/blog\/wp-json\/wp\/v2\/comments?post=412"}],"version-history":[{"count":4,"href":"https:\/\/www.fagorprofessional.com\/blog\/wp-json\/wp\/v2\/posts\/412\/revisions"}],"predecessor-version":[{"id":489479,"href":"https:\/\/www.fagorprofessional.com\/blog\/wp-json\/wp\/v2\/posts\/412\/revisions\/489479"}],"wp:featuredmedia":[{"embeddable":true,"href":"https:\/\/www.fagorprofessional.com\/blog\/wp-json\/"}],"wp:attachment":[{"href":"https:\/\/www.fagorprofessional.com\/blog\/wp-json\/wp\/v2\/media?parent=412"}],"wp:term":[{"taxonomy":"category","embeddable":true,"href":"https:\/\/www.fagorprofessional.com\/blog\/wp-json\/wp\/v2\/categories?post=412"},{"taxonomy":"post_tag","embeddable":true,"href":"https:\/\/www.fagorprofessional.com\/blog\/wp-json\/wp\/v2\/tags?post=412"}],"curies":[{"name":"wp","href":"https:\/\/api.w.org\/{rel}","templated":true}]}}