{"id":4301,"date":"2017-01-19T08:53:00","date_gmt":"2017-01-19T07:53:00","guid":{"rendered":"https:\/\/www.fagorprofessional.com\/blog\/?p=4301"},"modified":"2024-04-19T11:09:41","modified_gmt":"2024-04-19T11:09:41","slug":"tendencias-gastro-2017","status":"publish","type":"post","link":"https:\/\/www.fagorprofessional.com\/blog\/es\/tendencias-gastro-2017\/","title":{"rendered":"Tendencias gastron\u00f3micas para el 2017"},"content":{"rendered":"<p>Acabamos de iniciar el nuevo a\u00f1o y todos los expertos en gastronom\u00ed\u00ada se animan a predecir las que ser\u00e1n las tendencias culinarias para 2017. Si bien es verdad que todos los a\u00f1os surgen tendencias que se agotan antes de llegar a ser realmente populares, tambi\u00e9n podemos observar en 2017 una serie de corrientes que llevan manifest\u00e1ndose desde hace unos a\u00f1os, como la de la comida sana, y que est\u00e1n demostrando ser algo m\u00e1s que una moda pasajera. Estas son algunas de las tendencias gastron\u00f3micas que podemos esperar para 2017\u2026 y m\u00e1s.<\/p>\n<p><strong>Cocina sana<\/strong><\/p>\n<p>Una tendencia imparable es la de la cocina sana. Los cocineros m\u00e1s premiados llevan ya tiempo demostrando que la salud y el sabor no est\u00e1n re\u00f1idos y utilizando su imaginaci\u00f3n para crear nuevas combinaciones de alimentos sabrosos y saludables. Esta tendencia viene de la mano de una mayor concienciaci\u00f3n sobre los efectos perjudiciales del exceso de grasas y az\u00facar en la dieta y la batalla por la reducci\u00f3n del contenido de az\u00facar en los refrescos.<\/p>\n<p><strong>Alimentos org\u00e1nicos<\/strong><\/p>\n<p>La mayor preocupaci\u00f3n por la salud en la dieta se traduce en una presencia cada vez mayor de alimentos org\u00e1nicos y de producci\u00f3n ecol\u00f3gica, ingredientes que ya son imprescindibles en los mejores restaurantes y que cada vez tienen una mayor presencia en establecimientos m\u00e1s peque\u00f1os y familiares.<\/p>\n<p><strong>Verduras que se reinventan<\/strong><\/p>\n<p>La tendencia global hacia una gastronom\u00ed\u00ada y un estilo de vida sanos viene acompa\u00f1ada de un mayor protagonismos de frutas y verduras, tanto en la cocina casera como en la de restaurante. Comer verdura nunca ha estado tan de moda y chefs de todo el mundo se afanan en reinventar verduras y vegetales con ideas creativas y sabrosas.<\/p>\n<p><strong>Harinas poco convencionales<\/strong><\/p>\n<p>El n\u00famero cada vez mayor de personas con alergia e intolerancia al trigo y otros cereales m\u00e1s comunes ha llevado a los expertos en gastronom\u00ed\u00ada a explorar las opciones que les ofrecen harinas no convencionales como las elaboradas a partir de nueces y legumbres o cereales como el trigo sarraceno el teff o el amaranto.<\/p>\n<p><strong>Reducir los desperdicios<\/strong><\/p>\n<p>El trashcooking, o el arte del \u00abnada se tira\u00bb es una tendencia que est\u00e1 creciendo de manera imparable en los \u00faltimos a\u00f1os. Esta corriente aboga por sacar el mayor partido posible a los alimentos y reducir las mermas. Tallos y peladuras de verduras y frutas o piezas de carne que anteriormente se menospreciaban, sirven ahora como complementos o incluso base de nuevas creaciones. Un ejemplo extremo de esta tendencia son los restaurantes con men\u00fas elaborados exclusivamente a partir de alimentos recuperados, que ya se encuentran en muchas capitales europeas.<\/p>\n<p><strong>C\u00f3cteles sin alcohol<\/strong><\/p>\n<p>Aunque en la cultura espa\u00f1ola un buen vino es una parte importante de la experiencia gastron\u00f3mica, cada vez son m\u00e1s las personas que deciden elegir una opci\u00f3n m\u00e1s sana y prescindir del alcohol, sobre todo a la hora de la comida. Los bares y restaurantes se est\u00e1n sumando con rapidez a esta tendencia utilizando su imaginaci\u00f3n para dise\u00f1ar c\u00f3cteles y aperitivos sin alcohol cada vez m\u00e1s creativos.<\/p>\n<p><strong>Carne muy madurada<\/strong><\/p>\n<p>Esta tendencia, que divide a profesionales y gastr\u00f3nomos en todo el mundo, consiste en <a <a href=\"https:\/\/www.fagorprofessional.com\/es\/equipos-cocina\/preparacion-distribucion\/cavas\/maduracion-carne\" rel=\"nofollow\" target=\"_blank\">la maduraci\u00f3n controlada<\/a> durante periodos de hasta seis meses de grandes piezas de carne. Los entendidos dicen que la carne as\u00ed\u00ad madurada ofrece un sabor exquisito que no se encuentra en las piezas maduradas durante periodos m\u00e1s cortos. Muchos restaurantes ya ofrecen a sus clientes la posibilidad de degustar el sabor excepcional de estas piezas aunque sigue habiendo quienes afirman que un periodo de maduraci\u00f3n m\u00e1s corto es suficiente para extraer todo el sabor de la carne.<\/p>\n<p><strong>Mayor presencia del vegetarianismo<\/strong><\/p>\n<p>Vegetarianos, veganos y flexitarianos (vegetarianos que consumen carne ocasionalmente) tienen cada vez m\u00e1s opciones a la hora de comer fuera de casa. Ya son muchos los restaurantes que ofrecen soluciones para este grupo de clientes cada vez m\u00e1s numeroso, elaborando platos equilibrados sin ingredientes animales y utilizando los cada vez m\u00e1s numerosos productos de carnicer\u00ed\u00ada y charcuter\u00ed\u00ada de origen vegetal.<\/p>\n<p><strong>Cuencos de plato \u00fanico<\/strong><\/p>\n<p>En lo que se refiere a presentaci\u00f3n de la comida, 2017 parece que va a ser el a\u00f1o de los cuencos, una presentaci\u00f3n que permite ofrecer comida r\u00e1pida combinando los ingredientes a gusto del consumidor. Esta opci\u00f3n informal que ofrecen muchos restaurantes de moda est\u00e1 cambiando el patr\u00f3n cl\u00e1sico de \u00abprimero, segundo y postre\u00bb para dirigirse a un p\u00fablico joven que busca opciones de comida sana, ligera y a buen precio para la comida del mediod\u00ed\u00ada.<br \/>\nEntre las muchas tendencias gastron\u00f3micas que se prev\u00e9n para 2017 hemos querido ofreceros una selecci\u00f3n de las que pensamos que van a ser m\u00e1s comunes durante el a\u00f1o que viene. Muchas de ellas llevan ya un tiempo presentes y est\u00e1n teniendo una buena acogida por parte del p\u00fablico, por lo que creemos que continuar\u00e1n durante los pr\u00f3ximos meses. Contadnos vuestra experiencia con estas tendencias y los cambios que est\u00e1is observando en vuestros clientes. \u00a1Esperamos vuestros comentarios en las redes sociales!<\/p>\n","protected":false},"excerpt":{"rendered":"<p>Acabamos de iniciar el nuevo a\u00f1o y todos los expertos en gastronom\u00ed\u00ada se animan a predecir las que ser\u00e1n las tendencias culinarias para 2017. Si bien es verdad que todos los a\u00f1os surgen tendencias que se agotan antes de llegar a ser realmente populares, tambi\u00e9n podemos observar en 2017 una serie de corrientes que llevan&#8230;<\/p>\n","protected":false},"author":1,"featured_media":1,"comment_status":"open","ping_status":"open","sticky":false,"template":"","format":"standard","meta":{"_acf_changed":false,"footnotes":""},"categories":[7],"tags":[],"class_list":["post-4301","post","type-post","status-publish","format-standard","has-post-thumbnail","hentry","category-tendencias-y-consejos"],"acf":[],"yoast_head":"<!-- This site is optimized with the Yoast SEO plugin v27.4 - https:\/\/yoast.com\/product\/yoast-seo-wordpress\/ -->\n<title>Descubre las tendencias gastron\u00f3micas para este 2017<\/title>\n<meta name=\"description\" content=\"Podemos observar en 2017 una serie de corrientes que llevan manifest\u00e1ndose desde hace unos a\u00f1os, como la de la comida sana.\" \/>\n<meta name=\"robots\" content=\"index, follow, max-snippet:-1, max-image-preview:large, max-video-preview:-1\" \/>\n<link rel=\"canonical\" href=\"https:\/\/www.fagorprofessional.com\/blog\/es\/tendencias-gastro-2017\/\" \/>\n<meta property=\"og:locale\" content=\"es_ES\" \/>\n<meta property=\"og:type\" content=\"article\" \/>\n<meta property=\"og:title\" content=\"Descubre las tendencias gastron\u00f3micas para este 2017\" \/>\n<meta property=\"og:description\" content=\"Podemos observar en 2017 una serie de corrientes que llevan manifest\u00e1ndose desde hace unos a\u00f1os, como la de la comida sana.\" \/>\n<meta property=\"og:url\" content=\"https:\/\/www.fagorprofessional.com\/blog\/es\/tendencias-gastro-2017\/\" \/>\n<meta property=\"og:site_name\" content=\"Fagor Professional&#039;s Blog\" \/>\n<meta property=\"article:published_time\" content=\"2017-01-19T07:53:00+00:00\" \/>\n<meta property=\"article:modified_time\" content=\"2024-04-19T11:09:41+00:00\" \/>\n<meta name=\"author\" content=\"admin\" \/>\n<meta name=\"twitter:card\" content=\"summary_large_image\" \/>\n<meta name=\"twitter:label1\" content=\"Escrito por\" \/>\n\t<meta name=\"twitter:data1\" content=\"admin\" \/>\n\t<meta name=\"twitter:label2\" content=\"Tiempo de lectura\" \/>\n\t<meta name=\"twitter:data2\" content=\"4 minutos\" \/>\n<script type=\"application\/ld+json\" class=\"yoast-schema-graph\">{\"@context\":\"https:\\\/\\\/schema.org\",\"@graph\":[{\"@type\":\"Article\",\"@id\":\"https:\\\/\\\/www.fagorprofessional.com\\\/blog\\\/es\\\/tendencias-gastro-2017\\\/#article\",\"isPartOf\":{\"@id\":\"https:\\\/\\\/www.fagorprofessional.com\\\/blog\\\/es\\\/tendencias-gastro-2017\\\/\"},\"author\":{\"name\":\"admin\",\"@id\":\"https:\\\/\\\/www.fagorprofessional.com\\\/blog\\\/#\\\/schema\\\/person\\\/c2dc508ffda39316cf0e8a45f15cb4e4\"},\"headline\":\"Tendencias gastron\u00f3micas para el 2017\",\"datePublished\":\"2017-01-19T07:53:00+00:00\",\"dateModified\":\"2024-04-19T11:09:41+00:00\",\"mainEntityOfPage\":{\"@id\":\"https:\\\/\\\/www.fagorprofessional.com\\\/blog\\\/es\\\/tendencias-gastro-2017\\\/\"},\"wordCount\":890,\"commentCount\":1,\"image\":{\"@id\":\"https:\\\/\\\/www.fagorprofessional.com\\\/blog\\\/es\\\/tendencias-gastro-2017\\\/#primaryimage\"},\"thumbnailUrl\":\"\",\"articleSection\":[\"Tendencias y consejos\"],\"inLanguage\":\"es\",\"potentialAction\":[{\"@type\":\"CommentAction\",\"name\":\"Comment\",\"target\":[\"https:\\\/\\\/www.fagorprofessional.com\\\/blog\\\/es\\\/tendencias-gastro-2017\\\/#respond\"]}]},{\"@type\":\"WebPage\",\"@id\":\"https:\\\/\\\/www.fagorprofessional.com\\\/blog\\\/es\\\/tendencias-gastro-2017\\\/\",\"url\":\"https:\\\/\\\/www.fagorprofessional.com\\\/blog\\\/es\\\/tendencias-gastro-2017\\\/\",\"name\":\"Descubre las tendencias gastron\u00f3micas para este 2017\",\"isPartOf\":{\"@id\":\"https:\\\/\\\/www.fagorprofessional.com\\\/blog\\\/#website\"},\"primaryImageOfPage\":{\"@id\":\"https:\\\/\\\/www.fagorprofessional.com\\\/blog\\\/es\\\/tendencias-gastro-2017\\\/#primaryimage\"},\"image\":{\"@id\":\"https:\\\/\\\/www.fagorprofessional.com\\\/blog\\\/es\\\/tendencias-gastro-2017\\\/#primaryimage\"},\"thumbnailUrl\":\"\",\"datePublished\":\"2017-01-19T07:53:00+00:00\",\"dateModified\":\"2024-04-19T11:09:41+00:00\",\"author\":{\"@id\":\"https:\\\/\\\/www.fagorprofessional.com\\\/blog\\\/#\\\/schema\\\/person\\\/c2dc508ffda39316cf0e8a45f15cb4e4\"},\"description\":\"Podemos observar en 2017 una serie de corrientes que llevan manifest\u00e1ndose desde hace unos a\u00f1os, como la de la comida sana.\",\"breadcrumb\":{\"@id\":\"https:\\\/\\\/www.fagorprofessional.com\\\/blog\\\/es\\\/tendencias-gastro-2017\\\/#breadcrumb\"},\"inLanguage\":\"es\",\"potentialAction\":[{\"@type\":\"ReadAction\",\"target\":[\"https:\\\/\\\/www.fagorprofessional.com\\\/blog\\\/es\\\/tendencias-gastro-2017\\\/\"]}]},{\"@type\":\"ImageObject\",\"inLanguage\":\"es\",\"@id\":\"https:\\\/\\\/www.fagorprofessional.com\\\/blog\\\/es\\\/tendencias-gastro-2017\\\/#primaryimage\",\"url\":\"\",\"contentUrl\":\"\"},{\"@type\":\"BreadcrumbList\",\"@id\":\"https:\\\/\\\/www.fagorprofessional.com\\\/blog\\\/es\\\/tendencias-gastro-2017\\\/#breadcrumb\",\"itemListElement\":[{\"@type\":\"ListItem\",\"position\":1,\"name\":\"Fagor Professional Blog\",\"item\":\"https:\\\/\\\/www.fagorprofessional.com\\\/blog\\\/\"},{\"@type\":\"ListItem\",\"position\":2,\"name\":\"Tendencias y consejos\",\"item\":\"https:\\\/\\\/www.fagorprofessional.com\\\/blog\\\/es\\\/tendencias-y-consejos\\\/\"},{\"@type\":\"ListItem\",\"position\":3,\"name\":\"Tendencias gastron\u00f3micas para el 2017\"}]},{\"@type\":\"WebSite\",\"@id\":\"https:\\\/\\\/www.fagorprofessional.com\\\/blog\\\/#website\",\"url\":\"https:\\\/\\\/www.fagorprofessional.com\\\/blog\\\/\",\"name\":\"Fagor Professional&#039;s Blog\",\"description\":\"Fagor Professional&#039;s Blog\",\"potentialAction\":[{\"@type\":\"SearchAction\",\"target\":{\"@type\":\"EntryPoint\",\"urlTemplate\":\"https:\\\/\\\/www.fagorprofessional.com\\\/blog\\\/?s={search_term_string}\"},\"query-input\":{\"@type\":\"PropertyValueSpecification\",\"valueRequired\":true,\"valueName\":\"search_term_string\"}}],\"inLanguage\":\"es\"},{\"@type\":\"Person\",\"@id\":\"https:\\\/\\\/www.fagorprofessional.com\\\/blog\\\/#\\\/schema\\\/person\\\/c2dc508ffda39316cf0e8a45f15cb4e4\",\"name\":\"admin\",\"image\":{\"@type\":\"ImageObject\",\"inLanguage\":\"es\",\"@id\":\"https:\\\/\\\/secure.gravatar.com\\\/avatar\\\/af0a4c336046e868f98b17f2a27b6f9426e8aba09b92828569a3ca2b54e3d91c?s=96&d=mm&r=g\",\"url\":\"https:\\\/\\\/secure.gravatar.com\\\/avatar\\\/af0a4c336046e868f98b17f2a27b6f9426e8aba09b92828569a3ca2b54e3d91c?s=96&d=mm&r=g\",\"contentUrl\":\"https:\\\/\\\/secure.gravatar.com\\\/avatar\\\/af0a4c336046e868f98b17f2a27b6f9426e8aba09b92828569a3ca2b54e3d91c?s=96&d=mm&r=g\",\"caption\":\"admin\"},\"sameAs\":[\"https:\\\/\\\/www.fagorprofessional.com\\\/blog\"]}]}<\/script>\n<!-- \/ Yoast SEO plugin. -->","yoast_head_json":{"title":"Descubre las tendencias gastron\u00f3micas para este 2017","description":"Podemos observar en 2017 una serie de corrientes que llevan manifest\u00e1ndose desde hace unos a\u00f1os, como la de la comida sana.","robots":{"index":"index","follow":"follow","max-snippet":"max-snippet:-1","max-image-preview":"max-image-preview:large","max-video-preview":"max-video-preview:-1"},"canonical":"https:\/\/www.fagorprofessional.com\/blog\/es\/tendencias-gastro-2017\/","og_locale":"es_ES","og_type":"article","og_title":"Descubre las tendencias gastron\u00f3micas para este 2017","og_description":"Podemos observar en 2017 una serie de corrientes que llevan manifest\u00e1ndose desde hace unos a\u00f1os, como la de la comida sana.","og_url":"https:\/\/www.fagorprofessional.com\/blog\/es\/tendencias-gastro-2017\/","og_site_name":"Fagor Professional&#039;s Blog","article_published_time":"2017-01-19T07:53:00+00:00","article_modified_time":"2024-04-19T11:09:41+00:00","author":"admin","twitter_card":"summary_large_image","twitter_misc":{"Escrito por":"admin","Tiempo de lectura":"4 minutos"},"schema":{"@context":"https:\/\/schema.org","@graph":[{"@type":"Article","@id":"https:\/\/www.fagorprofessional.com\/blog\/es\/tendencias-gastro-2017\/#article","isPartOf":{"@id":"https:\/\/www.fagorprofessional.com\/blog\/es\/tendencias-gastro-2017\/"},"author":{"name":"admin","@id":"https:\/\/www.fagorprofessional.com\/blog\/#\/schema\/person\/c2dc508ffda39316cf0e8a45f15cb4e4"},"headline":"Tendencias gastron\u00f3micas para el 2017","datePublished":"2017-01-19T07:53:00+00:00","dateModified":"2024-04-19T11:09:41+00:00","mainEntityOfPage":{"@id":"https:\/\/www.fagorprofessional.com\/blog\/es\/tendencias-gastro-2017\/"},"wordCount":890,"commentCount":1,"image":{"@id":"https:\/\/www.fagorprofessional.com\/blog\/es\/tendencias-gastro-2017\/#primaryimage"},"thumbnailUrl":"","articleSection":["Tendencias y consejos"],"inLanguage":"es","potentialAction":[{"@type":"CommentAction","name":"Comment","target":["https:\/\/www.fagorprofessional.com\/blog\/es\/tendencias-gastro-2017\/#respond"]}]},{"@type":"WebPage","@id":"https:\/\/www.fagorprofessional.com\/blog\/es\/tendencias-gastro-2017\/","url":"https:\/\/www.fagorprofessional.com\/blog\/es\/tendencias-gastro-2017\/","name":"Descubre las tendencias gastron\u00f3micas para este 2017","isPartOf":{"@id":"https:\/\/www.fagorprofessional.com\/blog\/#website"},"primaryImageOfPage":{"@id":"https:\/\/www.fagorprofessional.com\/blog\/es\/tendencias-gastro-2017\/#primaryimage"},"image":{"@id":"https:\/\/www.fagorprofessional.com\/blog\/es\/tendencias-gastro-2017\/#primaryimage"},"thumbnailUrl":"","datePublished":"2017-01-19T07:53:00+00:00","dateModified":"2024-04-19T11:09:41+00:00","author":{"@id":"https:\/\/www.fagorprofessional.com\/blog\/#\/schema\/person\/c2dc508ffda39316cf0e8a45f15cb4e4"},"description":"Podemos observar en 2017 una serie de corrientes que llevan manifest\u00e1ndose desde hace unos a\u00f1os, como la de la comida sana.","breadcrumb":{"@id":"https:\/\/www.fagorprofessional.com\/blog\/es\/tendencias-gastro-2017\/#breadcrumb"},"inLanguage":"es","potentialAction":[{"@type":"ReadAction","target":["https:\/\/www.fagorprofessional.com\/blog\/es\/tendencias-gastro-2017\/"]}]},{"@type":"ImageObject","inLanguage":"es","@id":"https:\/\/www.fagorprofessional.com\/blog\/es\/tendencias-gastro-2017\/#primaryimage","url":"","contentUrl":""},{"@type":"BreadcrumbList","@id":"https:\/\/www.fagorprofessional.com\/blog\/es\/tendencias-gastro-2017\/#breadcrumb","itemListElement":[{"@type":"ListItem","position":1,"name":"Fagor Professional Blog","item":"https:\/\/www.fagorprofessional.com\/blog\/"},{"@type":"ListItem","position":2,"name":"Tendencias y consejos","item":"https:\/\/www.fagorprofessional.com\/blog\/es\/tendencias-y-consejos\/"},{"@type":"ListItem","position":3,"name":"Tendencias gastron\u00f3micas para el 2017"}]},{"@type":"WebSite","@id":"https:\/\/www.fagorprofessional.com\/blog\/#website","url":"https:\/\/www.fagorprofessional.com\/blog\/","name":"Fagor Professional&#039;s Blog","description":"Fagor Professional&#039;s Blog","potentialAction":[{"@type":"SearchAction","target":{"@type":"EntryPoint","urlTemplate":"https:\/\/www.fagorprofessional.com\/blog\/?s={search_term_string}"},"query-input":{"@type":"PropertyValueSpecification","valueRequired":true,"valueName":"search_term_string"}}],"inLanguage":"es"},{"@type":"Person","@id":"https:\/\/www.fagorprofessional.com\/blog\/#\/schema\/person\/c2dc508ffda39316cf0e8a45f15cb4e4","name":"admin","image":{"@type":"ImageObject","inLanguage":"es","@id":"https:\/\/secure.gravatar.com\/avatar\/af0a4c336046e868f98b17f2a27b6f9426e8aba09b92828569a3ca2b54e3d91c?s=96&d=mm&r=g","url":"https:\/\/secure.gravatar.com\/avatar\/af0a4c336046e868f98b17f2a27b6f9426e8aba09b92828569a3ca2b54e3d91c?s=96&d=mm&r=g","contentUrl":"https:\/\/secure.gravatar.com\/avatar\/af0a4c336046e868f98b17f2a27b6f9426e8aba09b92828569a3ca2b54e3d91c?s=96&d=mm&r=g","caption":"admin"},"sameAs":["https:\/\/www.fagorprofessional.com\/blog"]}]}},"_links":{"self":[{"href":"https:\/\/www.fagorprofessional.com\/blog\/wp-json\/wp\/v2\/posts\/4301","targetHints":{"allow":["GET"]}}],"collection":[{"href":"https:\/\/www.fagorprofessional.com\/blog\/wp-json\/wp\/v2\/posts"}],"about":[{"href":"https:\/\/www.fagorprofessional.com\/blog\/wp-json\/wp\/v2\/types\/post"}],"author":[{"embeddable":true,"href":"https:\/\/www.fagorprofessional.com\/blog\/wp-json\/wp\/v2\/users\/1"}],"replies":[{"embeddable":true,"href":"https:\/\/www.fagorprofessional.com\/blog\/wp-json\/wp\/v2\/comments?post=4301"}],"version-history":[{"count":4,"href":"https:\/\/www.fagorprofessional.com\/blog\/wp-json\/wp\/v2\/posts\/4301\/revisions"}],"predecessor-version":[{"id":490647,"href":"https:\/\/www.fagorprofessional.com\/blog\/wp-json\/wp\/v2\/posts\/4301\/revisions\/490647"}],"wp:featuredmedia":[{"embeddable":true,"href":"https:\/\/www.fagorprofessional.com\/blog\/wp-json\/"}],"wp:attachment":[{"href":"https:\/\/www.fagorprofessional.com\/blog\/wp-json\/wp\/v2\/media?parent=4301"}],"wp:term":[{"taxonomy":"category","embeddable":true,"href":"https:\/\/www.fagorprofessional.com\/blog\/wp-json\/wp\/v2\/categories?post=4301"},{"taxonomy":"post_tag","embeddable":true,"href":"https:\/\/www.fagorprofessional.com\/blog\/wp-json\/wp\/v2\/tags?post=4301"}],"curies":[{"name":"wp","href":"https:\/\/api.w.org\/{rel}","templated":true}]}}