{"id":4333,"date":"2017-04-27T10:49:00","date_gmt":"2017-04-27T08:49:00","guid":{"rendered":"https:\/\/www.fagorprofessional.com\/blog\/?p=4333"},"modified":"2024-04-19T09:59:27","modified_gmt":"2024-04-19T09:59:27","slug":"fagor-industrial-colabora-ibm-lanzamiento-primera-lavadora-industrial-pantalla-tactil","status":"publish","type":"post","link":"https:\/\/www.fagorprofessional.com\/blog\/es\/fagor-industrial-colabora-ibm-lanzamiento-primera-lavadora-industrial-pantalla-tactil\/","title":{"rendered":"Fagor Professional colabora con IBM en el lanzamiento de la primera lavadora industrial con pantalla t\u00e1ctil"},"content":{"rendered":"<p>El \u00e9xito de las <strong>pantallas t\u00e1ctiles<\/strong> ha llevado a que su uso se extienda m\u00e1s all\u00e1 de los tel\u00e9fonos inteligentes, y a que est\u00e9n cada vez m\u00e1s presentes en todos los aspectos cotidianos. Fagor Professional, a la vanguardia de la innovaci\u00f3n, quiso ser el primero en aplicar esta tecnolog\u00ed\u00ada a sus productos para equipamiento industrial, y ha colaborado estrechamente con el gigante tecnol\u00f3gico IBM para lanzar al mercado las primeras lavadoras industriales con pantalla t\u00e1ctil.<\/p>\n<p><strong>Las <\/strong><a <a href=\"https:\/\/www.fagorprofessional.com\/es\/maquinaria-lavanderia\/profesional\/lavadoras-profesionales\" rel=\"nofollow\" target=\"_blank\">lavadoras industriales de \u00faltima generaci\u00f3n<\/a> de <strong>Fagor Professional<\/strong> incorporan el nuevo programador Touch Plus control, con una pantalla t\u00e1ctil de prestaciones avanzadas que ofrece gran flexibilidad a los usuarios y que se complementa con una pantalla extra de serie que permite controlar el proceso de lavado.<\/p>\n<p>El dise\u00f1o de esta lavadora de vanguardia se ha desarrollado en un tiempo r\u00e9cord, gracias al trabajo conjunto del Departamento de Investigaci\u00f3n y Desarrollo de Fagor Professional y un equipo de expertos de ULMA Embedded Solutions, socio de negocios de IBM. Gracias a sus innovadores programas de dise\u00f1o, el tiempo de lanzamiento al mercado se redujo en un 30%, permitiendo a Fagor Professional ser el primero en ofrecer a sus clientes una lavadora industrial de altas prestaciones con incorporaci\u00f3n de pantalla t\u00e1ctil.<\/p>\n<p>Descubre c\u00f3mo ha sido el proceso de innovaci\u00f3n y dise\u00f1o de estas lavadoras.<\/p>\n","protected":false},"excerpt":{"rendered":"<p>El \u00e9xito de las pantallas t\u00e1ctiles ha llevado a que su uso se extienda m\u00e1s all\u00e1 de los tel\u00e9fonos inteligentes, y a que est\u00e9n cada vez m\u00e1s presentes en todos los aspectos cotidianos. Fagor Professional, a la vanguardia de la innovaci\u00f3n, quiso ser el primero en aplicar esta tecnolog\u00ed\u00ada a sus productos para equipamiento industrial,&#8230;<\/p>\n","protected":false},"author":1,"featured_media":1,"comment_status":"open","ping_status":"open","sticky":false,"template":"","format":"standard","meta":{"_acf_changed":false,"footnotes":""},"categories":[5,7],"tags":[],"class_list":["post-4333","post","type-post","status-publish","format-standard","has-post-thumbnail","hentry","category-equipamiento","category-tendencias-y-consejos"],"acf":[],"yoast_head":"<!-- This site is optimized with the Yoast SEO plugin v27.5 - https:\/\/yoast.com\/product\/yoast-seo-wordpress\/ -->\n<title>Lanzamiento de la primera lavadora industrial con pantalla t\u00e1ctil<\/title>\n<meta name=\"description\" content=\"Fagor Industrial, a la vanguardia de la innovaci\u00f3n, ha colaborado con IBM en el lanzamiento de la primera lavadora industrial con pantalla t\u00e1ctil\" \/>\n<meta name=\"robots\" content=\"index, follow, max-snippet:-1, max-image-preview:large, max-video-preview:-1\" \/>\n<link rel=\"canonical\" href=\"https:\/\/www.fagorprofessional.com\/blog\/es\/fagor-industrial-colabora-ibm-lanzamiento-primera-lavadora-industrial-pantalla-tactil\/\" \/>\n<meta property=\"og:locale\" content=\"es_ES\" \/>\n<meta property=\"og:type\" content=\"article\" \/>\n<meta property=\"og:title\" content=\"Lanzamiento de la primera lavadora industrial con pantalla t\u00e1ctil\" \/>\n<meta property=\"og:description\" content=\"Fagor Industrial, a la vanguardia de la innovaci\u00f3n, ha colaborado con IBM en el lanzamiento de la primera lavadora industrial con pantalla t\u00e1ctil\" \/>\n<meta property=\"og:url\" content=\"https:\/\/www.fagorprofessional.com\/blog\/es\/fagor-industrial-colabora-ibm-lanzamiento-primera-lavadora-industrial-pantalla-tactil\/\" \/>\n<meta property=\"og:site_name\" content=\"Fagor Professional&#039;s Blog\" \/>\n<meta property=\"article:published_time\" content=\"2017-04-27T08:49:00+00:00\" \/>\n<meta property=\"article:modified_time\" content=\"2024-04-19T09:59:27+00:00\" \/>\n<meta name=\"author\" content=\"admin\" \/>\n<meta name=\"twitter:card\" content=\"summary_large_image\" \/>\n<meta name=\"twitter:label1\" content=\"Escrito por\" \/>\n\t<meta name=\"twitter:data1\" content=\"admin\" \/>\n\t<meta name=\"twitter:label2\" content=\"Tiempo de lectura\" \/>\n\t<meta name=\"twitter:data2\" content=\"1 minuto\" \/>\n<script type=\"application\/ld+json\" class=\"yoast-schema-graph\">{\"@context\":\"https:\\\/\\\/schema.org\",\"@graph\":[{\"@type\":\"Article\",\"@id\":\"https:\\\/\\\/www.fagorprofessional.com\\\/blog\\\/es\\\/fagor-industrial-colabora-ibm-lanzamiento-primera-lavadora-industrial-pantalla-tactil\\\/#article\",\"isPartOf\":{\"@id\":\"https:\\\/\\\/www.fagorprofessional.com\\\/blog\\\/es\\\/fagor-industrial-colabora-ibm-lanzamiento-primera-lavadora-industrial-pantalla-tactil\\\/\"},\"author\":{\"name\":\"admin\",\"@id\":\"https:\\\/\\\/www.fagorprofessional.com\\\/blog\\\/#\\\/schema\\\/person\\\/c2dc508ffda39316cf0e8a45f15cb4e4\"},\"headline\":\"Fagor Professional colabora con IBM en el lanzamiento de la primera lavadora industrial con pantalla t\u00e1ctil\",\"datePublished\":\"2017-04-27T08:49:00+00:00\",\"dateModified\":\"2024-04-19T09:59:27+00:00\",\"mainEntityOfPage\":{\"@id\":\"https:\\\/\\\/www.fagorprofessional.com\\\/blog\\\/es\\\/fagor-industrial-colabora-ibm-lanzamiento-primera-lavadora-industrial-pantalla-tactil\\\/\"},\"wordCount\":253,\"commentCount\":1,\"image\":{\"@id\":\"https:\\\/\\\/www.fagorprofessional.com\\\/blog\\\/es\\\/fagor-industrial-colabora-ibm-lanzamiento-primera-lavadora-industrial-pantalla-tactil\\\/#primaryimage\"},\"thumbnailUrl\":\"\",\"articleSection\":[\"Equipamiento\",\"Tendencias y consejos\"],\"inLanguage\":\"es\",\"potentialAction\":[{\"@type\":\"CommentAction\",\"name\":\"Comment\",\"target\":[\"https:\\\/\\\/www.fagorprofessional.com\\\/blog\\\/es\\\/fagor-industrial-colabora-ibm-lanzamiento-primera-lavadora-industrial-pantalla-tactil\\\/#respond\"]}]},{\"@type\":\"WebPage\",\"@id\":\"https:\\\/\\\/www.fagorprofessional.com\\\/blog\\\/es\\\/fagor-industrial-colabora-ibm-lanzamiento-primera-lavadora-industrial-pantalla-tactil\\\/\",\"url\":\"https:\\\/\\\/www.fagorprofessional.com\\\/blog\\\/es\\\/fagor-industrial-colabora-ibm-lanzamiento-primera-lavadora-industrial-pantalla-tactil\\\/\",\"name\":\"Lanzamiento de la primera lavadora industrial con pantalla t\u00e1ctil\",\"isPartOf\":{\"@id\":\"https:\\\/\\\/www.fagorprofessional.com\\\/blog\\\/#website\"},\"primaryImageOfPage\":{\"@id\":\"https:\\\/\\\/www.fagorprofessional.com\\\/blog\\\/es\\\/fagor-industrial-colabora-ibm-lanzamiento-primera-lavadora-industrial-pantalla-tactil\\\/#primaryimage\"},\"image\":{\"@id\":\"https:\\\/\\\/www.fagorprofessional.com\\\/blog\\\/es\\\/fagor-industrial-colabora-ibm-lanzamiento-primera-lavadora-industrial-pantalla-tactil\\\/#primaryimage\"},\"thumbnailUrl\":\"\",\"datePublished\":\"2017-04-27T08:49:00+00:00\",\"dateModified\":\"2024-04-19T09:59:27+00:00\",\"author\":{\"@id\":\"https:\\\/\\\/www.fagorprofessional.com\\\/blog\\\/#\\\/schema\\\/person\\\/c2dc508ffda39316cf0e8a45f15cb4e4\"},\"description\":\"Fagor Industrial, a la vanguardia de la innovaci\u00f3n, ha colaborado con IBM en el lanzamiento de la primera lavadora industrial con pantalla t\u00e1ctil\",\"breadcrumb\":{\"@id\":\"https:\\\/\\\/www.fagorprofessional.com\\\/blog\\\/es\\\/fagor-industrial-colabora-ibm-lanzamiento-primera-lavadora-industrial-pantalla-tactil\\\/#breadcrumb\"},\"inLanguage\":\"es\",\"potentialAction\":[{\"@type\":\"ReadAction\",\"target\":[\"https:\\\/\\\/www.fagorprofessional.com\\\/blog\\\/es\\\/fagor-industrial-colabora-ibm-lanzamiento-primera-lavadora-industrial-pantalla-tactil\\\/\"]}]},{\"@type\":\"ImageObject\",\"inLanguage\":\"es\",\"@id\":\"https:\\\/\\\/www.fagorprofessional.com\\\/blog\\\/es\\\/fagor-industrial-colabora-ibm-lanzamiento-primera-lavadora-industrial-pantalla-tactil\\\/#primaryimage\",\"url\":\"\",\"contentUrl\":\"\"},{\"@type\":\"BreadcrumbList\",\"@id\":\"https:\\\/\\\/www.fagorprofessional.com\\\/blog\\\/es\\\/fagor-industrial-colabora-ibm-lanzamiento-primera-lavadora-industrial-pantalla-tactil\\\/#breadcrumb\",\"itemListElement\":[{\"@type\":\"ListItem\",\"position\":1,\"name\":\"Fagor Professional Blog\",\"item\":\"https:\\\/\\\/www.fagorprofessional.com\\\/blog\\\/\"},{\"@type\":\"ListItem\",\"position\":2,\"name\":\"Tendencias y consejos\",\"item\":\"https:\\\/\\\/www.fagorprofessional.com\\\/blog\\\/es\\\/tendencias-y-consejos\\\/\"},{\"@type\":\"ListItem\",\"position\":3,\"name\":\"Fagor Professional colabora con IBM en el lanzamiento de la primera lavadora industrial con pantalla t\u00e1ctil\"}]},{\"@type\":\"WebSite\",\"@id\":\"https:\\\/\\\/www.fagorprofessional.com\\\/blog\\\/#website\",\"url\":\"https:\\\/\\\/www.fagorprofessional.com\\\/blog\\\/\",\"name\":\"Fagor Professional&#039;s Blog\",\"description\":\"Fagor Professional&#039;s Blog\",\"potentialAction\":[{\"@type\":\"SearchAction\",\"target\":{\"@type\":\"EntryPoint\",\"urlTemplate\":\"https:\\\/\\\/www.fagorprofessional.com\\\/blog\\\/?s={search_term_string}\"},\"query-input\":{\"@type\":\"PropertyValueSpecification\",\"valueRequired\":true,\"valueName\":\"search_term_string\"}}],\"inLanguage\":\"es\"},{\"@type\":\"Person\",\"@id\":\"https:\\\/\\\/www.fagorprofessional.com\\\/blog\\\/#\\\/schema\\\/person\\\/c2dc508ffda39316cf0e8a45f15cb4e4\",\"name\":\"admin\",\"image\":{\"@type\":\"ImageObject\",\"inLanguage\":\"es\",\"@id\":\"https:\\\/\\\/secure.gravatar.com\\\/avatar\\\/af0a4c336046e868f98b17f2a27b6f9426e8aba09b92828569a3ca2b54e3d91c?s=96&d=mm&r=g\",\"url\":\"https:\\\/\\\/secure.gravatar.com\\\/avatar\\\/af0a4c336046e868f98b17f2a27b6f9426e8aba09b92828569a3ca2b54e3d91c?s=96&d=mm&r=g\",\"contentUrl\":\"https:\\\/\\\/secure.gravatar.com\\\/avatar\\\/af0a4c336046e868f98b17f2a27b6f9426e8aba09b92828569a3ca2b54e3d91c?s=96&d=mm&r=g\",\"caption\":\"admin\"},\"sameAs\":[\"https:\\\/\\\/www.fagorprofessional.com\\\/blog\"]}]}<\/script>\n<!-- \/ Yoast SEO plugin. -->","yoast_head_json":{"title":"Lanzamiento de la primera lavadora industrial con pantalla t\u00e1ctil","description":"Fagor Industrial, a la vanguardia de la innovaci\u00f3n, ha colaborado con IBM en el lanzamiento de la primera lavadora industrial con pantalla t\u00e1ctil","robots":{"index":"index","follow":"follow","max-snippet":"max-snippet:-1","max-image-preview":"max-image-preview:large","max-video-preview":"max-video-preview:-1"},"canonical":"https:\/\/www.fagorprofessional.com\/blog\/es\/fagor-industrial-colabora-ibm-lanzamiento-primera-lavadora-industrial-pantalla-tactil\/","og_locale":"es_ES","og_type":"article","og_title":"Lanzamiento de la primera lavadora industrial con pantalla t\u00e1ctil","og_description":"Fagor Industrial, a la vanguardia de la innovaci\u00f3n, ha colaborado con IBM en el lanzamiento de la primera lavadora industrial con pantalla t\u00e1ctil","og_url":"https:\/\/www.fagorprofessional.com\/blog\/es\/fagor-industrial-colabora-ibm-lanzamiento-primera-lavadora-industrial-pantalla-tactil\/","og_site_name":"Fagor Professional&#039;s Blog","article_published_time":"2017-04-27T08:49:00+00:00","article_modified_time":"2024-04-19T09:59:27+00:00","author":"admin","twitter_card":"summary_large_image","twitter_misc":{"Escrito por":"admin","Tiempo de lectura":"1 minuto"},"schema":{"@context":"https:\/\/schema.org","@graph":[{"@type":"Article","@id":"https:\/\/www.fagorprofessional.com\/blog\/es\/fagor-industrial-colabora-ibm-lanzamiento-primera-lavadora-industrial-pantalla-tactil\/#article","isPartOf":{"@id":"https:\/\/www.fagorprofessional.com\/blog\/es\/fagor-industrial-colabora-ibm-lanzamiento-primera-lavadora-industrial-pantalla-tactil\/"},"author":{"name":"admin","@id":"https:\/\/www.fagorprofessional.com\/blog\/#\/schema\/person\/c2dc508ffda39316cf0e8a45f15cb4e4"},"headline":"Fagor Professional colabora con IBM en el lanzamiento de la primera lavadora industrial con pantalla t\u00e1ctil","datePublished":"2017-04-27T08:49:00+00:00","dateModified":"2024-04-19T09:59:27+00:00","mainEntityOfPage":{"@id":"https:\/\/www.fagorprofessional.com\/blog\/es\/fagor-industrial-colabora-ibm-lanzamiento-primera-lavadora-industrial-pantalla-tactil\/"},"wordCount":253,"commentCount":1,"image":{"@id":"https:\/\/www.fagorprofessional.com\/blog\/es\/fagor-industrial-colabora-ibm-lanzamiento-primera-lavadora-industrial-pantalla-tactil\/#primaryimage"},"thumbnailUrl":"","articleSection":["Equipamiento","Tendencias y consejos"],"inLanguage":"es","potentialAction":[{"@type":"CommentAction","name":"Comment","target":["https:\/\/www.fagorprofessional.com\/blog\/es\/fagor-industrial-colabora-ibm-lanzamiento-primera-lavadora-industrial-pantalla-tactil\/#respond"]}]},{"@type":"WebPage","@id":"https:\/\/www.fagorprofessional.com\/blog\/es\/fagor-industrial-colabora-ibm-lanzamiento-primera-lavadora-industrial-pantalla-tactil\/","url":"https:\/\/www.fagorprofessional.com\/blog\/es\/fagor-industrial-colabora-ibm-lanzamiento-primera-lavadora-industrial-pantalla-tactil\/","name":"Lanzamiento de la primera lavadora industrial con pantalla t\u00e1ctil","isPartOf":{"@id":"https:\/\/www.fagorprofessional.com\/blog\/#website"},"primaryImageOfPage":{"@id":"https:\/\/www.fagorprofessional.com\/blog\/es\/fagor-industrial-colabora-ibm-lanzamiento-primera-lavadora-industrial-pantalla-tactil\/#primaryimage"},"image":{"@id":"https:\/\/www.fagorprofessional.com\/blog\/es\/fagor-industrial-colabora-ibm-lanzamiento-primera-lavadora-industrial-pantalla-tactil\/#primaryimage"},"thumbnailUrl":"","datePublished":"2017-04-27T08:49:00+00:00","dateModified":"2024-04-19T09:59:27+00:00","author":{"@id":"https:\/\/www.fagorprofessional.com\/blog\/#\/schema\/person\/c2dc508ffda39316cf0e8a45f15cb4e4"},"description":"Fagor Industrial, a la vanguardia de la innovaci\u00f3n, ha colaborado con IBM en el lanzamiento de la primera lavadora industrial con pantalla t\u00e1ctil","breadcrumb":{"@id":"https:\/\/www.fagorprofessional.com\/blog\/es\/fagor-industrial-colabora-ibm-lanzamiento-primera-lavadora-industrial-pantalla-tactil\/#breadcrumb"},"inLanguage":"es","potentialAction":[{"@type":"ReadAction","target":["https:\/\/www.fagorprofessional.com\/blog\/es\/fagor-industrial-colabora-ibm-lanzamiento-primera-lavadora-industrial-pantalla-tactil\/"]}]},{"@type":"ImageObject","inLanguage":"es","@id":"https:\/\/www.fagorprofessional.com\/blog\/es\/fagor-industrial-colabora-ibm-lanzamiento-primera-lavadora-industrial-pantalla-tactil\/#primaryimage","url":"","contentUrl":""},{"@type":"BreadcrumbList","@id":"https:\/\/www.fagorprofessional.com\/blog\/es\/fagor-industrial-colabora-ibm-lanzamiento-primera-lavadora-industrial-pantalla-tactil\/#breadcrumb","itemListElement":[{"@type":"ListItem","position":1,"name":"Fagor Professional Blog","item":"https:\/\/www.fagorprofessional.com\/blog\/"},{"@type":"ListItem","position":2,"name":"Tendencias y consejos","item":"https:\/\/www.fagorprofessional.com\/blog\/es\/tendencias-y-consejos\/"},{"@type":"ListItem","position":3,"name":"Fagor Professional colabora con IBM en el lanzamiento de la primera lavadora industrial con pantalla t\u00e1ctil"}]},{"@type":"WebSite","@id":"https:\/\/www.fagorprofessional.com\/blog\/#website","url":"https:\/\/www.fagorprofessional.com\/blog\/","name":"Fagor Professional&#039;s Blog","description":"Fagor Professional&#039;s Blog","potentialAction":[{"@type":"SearchAction","target":{"@type":"EntryPoint","urlTemplate":"https:\/\/www.fagorprofessional.com\/blog\/?s={search_term_string}"},"query-input":{"@type":"PropertyValueSpecification","valueRequired":true,"valueName":"search_term_string"}}],"inLanguage":"es"},{"@type":"Person","@id":"https:\/\/www.fagorprofessional.com\/blog\/#\/schema\/person\/c2dc508ffda39316cf0e8a45f15cb4e4","name":"admin","image":{"@type":"ImageObject","inLanguage":"es","@id":"https:\/\/secure.gravatar.com\/avatar\/af0a4c336046e868f98b17f2a27b6f9426e8aba09b92828569a3ca2b54e3d91c?s=96&d=mm&r=g","url":"https:\/\/secure.gravatar.com\/avatar\/af0a4c336046e868f98b17f2a27b6f9426e8aba09b92828569a3ca2b54e3d91c?s=96&d=mm&r=g","contentUrl":"https:\/\/secure.gravatar.com\/avatar\/af0a4c336046e868f98b17f2a27b6f9426e8aba09b92828569a3ca2b54e3d91c?s=96&d=mm&r=g","caption":"admin"},"sameAs":["https:\/\/www.fagorprofessional.com\/blog"]}]}},"_links":{"self":[{"href":"https:\/\/www.fagorprofessional.com\/blog\/wp-json\/wp\/v2\/posts\/4333","targetHints":{"allow":["GET"]}}],"collection":[{"href":"https:\/\/www.fagorprofessional.com\/blog\/wp-json\/wp\/v2\/posts"}],"about":[{"href":"https:\/\/www.fagorprofessional.com\/blog\/wp-json\/wp\/v2\/types\/post"}],"author":[{"embeddable":true,"href":"https:\/\/www.fagorprofessional.com\/blog\/wp-json\/wp\/v2\/users\/1"}],"replies":[{"embeddable":true,"href":"https:\/\/www.fagorprofessional.com\/blog\/wp-json\/wp\/v2\/comments?post=4333"}],"version-history":[{"count":3,"href":"https:\/\/www.fagorprofessional.com\/blog\/wp-json\/wp\/v2\/posts\/4333\/revisions"}],"predecessor-version":[{"id":489944,"href":"https:\/\/www.fagorprofessional.com\/blog\/wp-json\/wp\/v2\/posts\/4333\/revisions\/489944"}],"wp:featuredmedia":[{"embeddable":true,"href":"https:\/\/www.fagorprofessional.com\/blog\/wp-json\/"}],"wp:attachment":[{"href":"https:\/\/www.fagorprofessional.com\/blog\/wp-json\/wp\/v2\/media?parent=4333"}],"wp:term":[{"taxonomy":"category","embeddable":true,"href":"https:\/\/www.fagorprofessional.com\/blog\/wp-json\/wp\/v2\/categories?post=4333"},{"taxonomy":"post_tag","embeddable":true,"href":"https:\/\/www.fagorprofessional.com\/blog\/wp-json\/wp\/v2\/tags?post=4333"}],"curies":[{"name":"wp","href":"https:\/\/api.w.org\/{rel}","templated":true}]}}