{"id":450500,"date":"2018-09-13T12:52:00","date_gmt":"2018-09-13T10:52:00","guid":{"rendered":"https:\/\/www.fagorprofessional.com\/blog\/?p=4505"},"modified":"2024-04-22T06:44:35","modified_gmt":"2024-04-22T06:44:35","slug":"iker-alberdi-interview-at-foodservice-consultant","status":"publish","type":"post","link":"https:\/\/www.fagorprofessional.com\/blog\/en\/iker-alberdi-interview-at-foodservice-consultant\/","title":{"rendered":"Iker Alberdi interview at Foodservice Consultant"},"content":{"rendered":"<p>Today marks the start of a new period in\u00a0<strong>Fagor Professional\u2019s blog<\/strong>. A new design and the same objective: to continue to draw closer to you by sharing contents of interest to you and which help to promote conversation.<\/p>\n<p>For the first article of our new blog, we have chosen the interview recently conducted with\u00a0<strong>Iker Alberdi, Managing Director of ONNERA Group<\/strong>, the business group <a <a href=\"https:\/\/www.fagorprofessional.com\/en\/home\" rel=\"nofollow\" target=\"_blank\">to which Fagor Professional belongs<\/a>.<\/p>\n<p>In this interview, published in the last issue of the journal Foodservice Consultant, Iker Alberdi talks about the origins of Fagor Professional, from the founding of the Mondrag\u00f3n Cooperative by Jos\u00e9 Mar\u00eda Arizmendiarrieta in 1956, until it becomes one of the main and most influential cooperatives in the country. He also explains how he came to form part of the Fagor Professional team 17 years ago, becoming CEO in 2017.<\/p>\n<p>The origins, the present as leading company, and the future: a future in which Iker Alberdi envisages great opportunities for development in the sector, among them the use of the\u00a0<em>Internet of Things \u201cto help our customers improve their business\u201d<\/em>.<\/p>\n<p>We highly recommend that you read this interview so that you can get to know our business, Fagor Professional, a little better, and of course our CEO, Iker Alberdi.<\/p>\n<p>You can read the interview included in the latest issue of the journal Foodservice Consultant, published by\u00a0Food Service Consultants Society International,\u00a0here.<\/p>\n","protected":false},"excerpt":{"rendered":"<p>Today marks the start of a new period in\u00a0Fagor Professional\u2019s blog. A new design and the same objective: to continue to draw closer to you by sharing contents of interest to you and which help to promote conversation. For the first article of our new blog, we have chosen the interview recently conducted with\u00a0Iker Alberdi,&#8230;<\/p>\n","protected":false},"author":1,"featured_media":1,"comment_status":"open","ping_status":"open","sticky":false,"template":"","format":"standard","meta":{"_acf_changed":false,"footnotes":""},"categories":[24],"tags":[],"class_list":["post-450500","post","type-post","status-publish","format-standard","has-post-thumbnail","hentry","category-interviews"],"acf":[],"yoast_head":"<!-- This site is optimized with the Yoast SEO plugin v27.5 - https:\/\/yoast.com\/product\/yoast-seo-wordpress\/ -->\n<title>Interview with Iker Alberdi, a Foodservice Consultant<\/title>\n<meta name=\"description\" content=\"We have chosen the interview recently conducted with\u00a0Iker Alberdi, Managing Director of ONNERA Group, the business group to which Fagor Industrial belongs.\" \/>\n<meta name=\"robots\" content=\"index, follow, max-snippet:-1, max-image-preview:large, max-video-preview:-1\" \/>\n<link rel=\"canonical\" href=\"https:\/\/www.fagorprofessional.com\/blog\/en\/iker-alberdi-interview-at-foodservice-consultant\/\" \/>\n<meta property=\"og:locale\" content=\"es_ES\" \/>\n<meta property=\"og:type\" content=\"article\" \/>\n<meta property=\"og:title\" content=\"Interview with Iker Alberdi, a Foodservice Consultant\" \/>\n<meta property=\"og:description\" content=\"We have chosen the interview recently conducted with\u00a0Iker Alberdi, Managing Director of ONNERA Group, the business group to which Fagor Industrial belongs.\" \/>\n<meta property=\"og:url\" content=\"https:\/\/www.fagorprofessional.com\/blog\/en\/iker-alberdi-interview-at-foodservice-consultant\/\" \/>\n<meta property=\"og:site_name\" content=\"Fagor Professional&#039;s Blog\" \/>\n<meta property=\"article:published_time\" content=\"2018-09-13T10:52:00+00:00\" \/>\n<meta property=\"article:modified_time\" content=\"2024-04-22T06:44:35+00:00\" \/>\n<meta name=\"author\" content=\"admin\" \/>\n<meta name=\"twitter:card\" content=\"summary_large_image\" \/>\n<meta name=\"twitter:label1\" content=\"Escrito por\" \/>\n\t<meta name=\"twitter:data1\" content=\"admin\" \/>\n\t<meta name=\"twitter:label2\" content=\"Tiempo de lectura\" \/>\n\t<meta name=\"twitter:data2\" content=\"2 minutos\" \/>\n<script type=\"application\/ld+json\" class=\"yoast-schema-graph\">{\"@context\":\"https:\\\/\\\/schema.org\",\"@graph\":[{\"@type\":\"Article\",\"@id\":\"https:\\\/\\\/www.fagorprofessional.com\\\/blog\\\/en\\\/iker-alberdi-interview-at-foodservice-consultant\\\/#article\",\"isPartOf\":{\"@id\":\"https:\\\/\\\/www.fagorprofessional.com\\\/blog\\\/en\\\/iker-alberdi-interview-at-foodservice-consultant\\\/\"},\"author\":{\"name\":\"admin\",\"@id\":\"https:\\\/\\\/www.fagorprofessional.com\\\/blog\\\/#\\\/schema\\\/person\\\/c2dc508ffda39316cf0e8a45f15cb4e4\"},\"headline\":\"Iker Alberdi interview at Foodservice Consultant\",\"datePublished\":\"2018-09-13T10:52:00+00:00\",\"dateModified\":\"2024-04-22T06:44:35+00:00\",\"mainEntityOfPage\":{\"@id\":\"https:\\\/\\\/www.fagorprofessional.com\\\/blog\\\/en\\\/iker-alberdi-interview-at-foodservice-consultant\\\/\"},\"wordCount\":238,\"commentCount\":0,\"image\":{\"@id\":\"https:\\\/\\\/www.fagorprofessional.com\\\/blog\\\/en\\\/iker-alberdi-interview-at-foodservice-consultant\\\/#primaryimage\"},\"thumbnailUrl\":\"\",\"articleSection\":[\"Interviews\"],\"inLanguage\":\"es\",\"potentialAction\":[{\"@type\":\"CommentAction\",\"name\":\"Comment\",\"target\":[\"https:\\\/\\\/www.fagorprofessional.com\\\/blog\\\/en\\\/iker-alberdi-interview-at-foodservice-consultant\\\/#respond\"]}]},{\"@type\":\"WebPage\",\"@id\":\"https:\\\/\\\/www.fagorprofessional.com\\\/blog\\\/en\\\/iker-alberdi-interview-at-foodservice-consultant\\\/\",\"url\":\"https:\\\/\\\/www.fagorprofessional.com\\\/blog\\\/en\\\/iker-alberdi-interview-at-foodservice-consultant\\\/\",\"name\":\"Interview with Iker Alberdi, a Foodservice Consultant\",\"isPartOf\":{\"@id\":\"https:\\\/\\\/www.fagorprofessional.com\\\/blog\\\/#website\"},\"primaryImageOfPage\":{\"@id\":\"https:\\\/\\\/www.fagorprofessional.com\\\/blog\\\/en\\\/iker-alberdi-interview-at-foodservice-consultant\\\/#primaryimage\"},\"image\":{\"@id\":\"https:\\\/\\\/www.fagorprofessional.com\\\/blog\\\/en\\\/iker-alberdi-interview-at-foodservice-consultant\\\/#primaryimage\"},\"thumbnailUrl\":\"\",\"datePublished\":\"2018-09-13T10:52:00+00:00\",\"dateModified\":\"2024-04-22T06:44:35+00:00\",\"author\":{\"@id\":\"https:\\\/\\\/www.fagorprofessional.com\\\/blog\\\/#\\\/schema\\\/person\\\/c2dc508ffda39316cf0e8a45f15cb4e4\"},\"description\":\"We have chosen the interview recently conducted with\u00a0Iker Alberdi, Managing Director of ONNERA Group, the business group to which Fagor Industrial belongs.\",\"breadcrumb\":{\"@id\":\"https:\\\/\\\/www.fagorprofessional.com\\\/blog\\\/en\\\/iker-alberdi-interview-at-foodservice-consultant\\\/#breadcrumb\"},\"inLanguage\":\"es\",\"potentialAction\":[{\"@type\":\"ReadAction\",\"target\":[\"https:\\\/\\\/www.fagorprofessional.com\\\/blog\\\/en\\\/iker-alberdi-interview-at-foodservice-consultant\\\/\"]}]},{\"@type\":\"ImageObject\",\"inLanguage\":\"es\",\"@id\":\"https:\\\/\\\/www.fagorprofessional.com\\\/blog\\\/en\\\/iker-alberdi-interview-at-foodservice-consultant\\\/#primaryimage\",\"url\":\"\",\"contentUrl\":\"\"},{\"@type\":\"BreadcrumbList\",\"@id\":\"https:\\\/\\\/www.fagorprofessional.com\\\/blog\\\/en\\\/iker-alberdi-interview-at-foodservice-consultant\\\/#breadcrumb\",\"itemListElement\":[{\"@type\":\"ListItem\",\"position\":1,\"name\":\"Fagor Professional Blog\",\"item\":\"https:\\\/\\\/www.fagorprofessional.com\\\/blog\\\/\"},{\"@type\":\"ListItem\",\"position\":2,\"name\":\"Interviews\",\"item\":\"https:\\\/\\\/www.fagorprofessional.com\\\/blog\\\/en\\\/interviews\\\/\"},{\"@type\":\"ListItem\",\"position\":3,\"name\":\"Iker Alberdi interview at Foodservice Consultant\"}]},{\"@type\":\"WebSite\",\"@id\":\"https:\\\/\\\/www.fagorprofessional.com\\\/blog\\\/#website\",\"url\":\"https:\\\/\\\/www.fagorprofessional.com\\\/blog\\\/\",\"name\":\"Fagor Professional&#039;s Blog\",\"description\":\"Fagor Professional&#039;s Blog\",\"potentialAction\":[{\"@type\":\"SearchAction\",\"target\":{\"@type\":\"EntryPoint\",\"urlTemplate\":\"https:\\\/\\\/www.fagorprofessional.com\\\/blog\\\/?s={search_term_string}\"},\"query-input\":{\"@type\":\"PropertyValueSpecification\",\"valueRequired\":true,\"valueName\":\"search_term_string\"}}],\"inLanguage\":\"es\"},{\"@type\":\"Person\",\"@id\":\"https:\\\/\\\/www.fagorprofessional.com\\\/blog\\\/#\\\/schema\\\/person\\\/c2dc508ffda39316cf0e8a45f15cb4e4\",\"name\":\"admin\",\"image\":{\"@type\":\"ImageObject\",\"inLanguage\":\"es\",\"@id\":\"https:\\\/\\\/secure.gravatar.com\\\/avatar\\\/af0a4c336046e868f98b17f2a27b6f9426e8aba09b92828569a3ca2b54e3d91c?s=96&d=mm&r=g\",\"url\":\"https:\\\/\\\/secure.gravatar.com\\\/avatar\\\/af0a4c336046e868f98b17f2a27b6f9426e8aba09b92828569a3ca2b54e3d91c?s=96&d=mm&r=g\",\"contentUrl\":\"https:\\\/\\\/secure.gravatar.com\\\/avatar\\\/af0a4c336046e868f98b17f2a27b6f9426e8aba09b92828569a3ca2b54e3d91c?s=96&d=mm&r=g\",\"caption\":\"admin\"},\"sameAs\":[\"https:\\\/\\\/www.fagorprofessional.com\\\/blog\"]}]}<\/script>\n<!-- \/ Yoast SEO plugin. -->","yoast_head_json":{"title":"Interview with Iker Alberdi, a Foodservice Consultant","description":"We have chosen the interview recently conducted with\u00a0Iker Alberdi, Managing Director of ONNERA Group, the business group to which Fagor Industrial belongs.","robots":{"index":"index","follow":"follow","max-snippet":"max-snippet:-1","max-image-preview":"max-image-preview:large","max-video-preview":"max-video-preview:-1"},"canonical":"https:\/\/www.fagorprofessional.com\/blog\/en\/iker-alberdi-interview-at-foodservice-consultant\/","og_locale":"es_ES","og_type":"article","og_title":"Interview with Iker Alberdi, a Foodservice Consultant","og_description":"We have chosen the interview recently conducted with\u00a0Iker Alberdi, Managing Director of ONNERA Group, the business group to which Fagor Industrial belongs.","og_url":"https:\/\/www.fagorprofessional.com\/blog\/en\/iker-alberdi-interview-at-foodservice-consultant\/","og_site_name":"Fagor Professional&#039;s Blog","article_published_time":"2018-09-13T10:52:00+00:00","article_modified_time":"2024-04-22T06:44:35+00:00","author":"admin","twitter_card":"summary_large_image","twitter_misc":{"Escrito por":"admin","Tiempo de lectura":"2 minutos"},"schema":{"@context":"https:\/\/schema.org","@graph":[{"@type":"Article","@id":"https:\/\/www.fagorprofessional.com\/blog\/en\/iker-alberdi-interview-at-foodservice-consultant\/#article","isPartOf":{"@id":"https:\/\/www.fagorprofessional.com\/blog\/en\/iker-alberdi-interview-at-foodservice-consultant\/"},"author":{"name":"admin","@id":"https:\/\/www.fagorprofessional.com\/blog\/#\/schema\/person\/c2dc508ffda39316cf0e8a45f15cb4e4"},"headline":"Iker Alberdi interview at Foodservice Consultant","datePublished":"2018-09-13T10:52:00+00:00","dateModified":"2024-04-22T06:44:35+00:00","mainEntityOfPage":{"@id":"https:\/\/www.fagorprofessional.com\/blog\/en\/iker-alberdi-interview-at-foodservice-consultant\/"},"wordCount":238,"commentCount":0,"image":{"@id":"https:\/\/www.fagorprofessional.com\/blog\/en\/iker-alberdi-interview-at-foodservice-consultant\/#primaryimage"},"thumbnailUrl":"","articleSection":["Interviews"],"inLanguage":"es","potentialAction":[{"@type":"CommentAction","name":"Comment","target":["https:\/\/www.fagorprofessional.com\/blog\/en\/iker-alberdi-interview-at-foodservice-consultant\/#respond"]}]},{"@type":"WebPage","@id":"https:\/\/www.fagorprofessional.com\/blog\/en\/iker-alberdi-interview-at-foodservice-consultant\/","url":"https:\/\/www.fagorprofessional.com\/blog\/en\/iker-alberdi-interview-at-foodservice-consultant\/","name":"Interview with Iker Alberdi, a Foodservice Consultant","isPartOf":{"@id":"https:\/\/www.fagorprofessional.com\/blog\/#website"},"primaryImageOfPage":{"@id":"https:\/\/www.fagorprofessional.com\/blog\/en\/iker-alberdi-interview-at-foodservice-consultant\/#primaryimage"},"image":{"@id":"https:\/\/www.fagorprofessional.com\/blog\/en\/iker-alberdi-interview-at-foodservice-consultant\/#primaryimage"},"thumbnailUrl":"","datePublished":"2018-09-13T10:52:00+00:00","dateModified":"2024-04-22T06:44:35+00:00","author":{"@id":"https:\/\/www.fagorprofessional.com\/blog\/#\/schema\/person\/c2dc508ffda39316cf0e8a45f15cb4e4"},"description":"We have chosen the interview recently conducted with\u00a0Iker Alberdi, Managing Director of ONNERA Group, the business group to which Fagor Industrial belongs.","breadcrumb":{"@id":"https:\/\/www.fagorprofessional.com\/blog\/en\/iker-alberdi-interview-at-foodservice-consultant\/#breadcrumb"},"inLanguage":"es","potentialAction":[{"@type":"ReadAction","target":["https:\/\/www.fagorprofessional.com\/blog\/en\/iker-alberdi-interview-at-foodservice-consultant\/"]}]},{"@type":"ImageObject","inLanguage":"es","@id":"https:\/\/www.fagorprofessional.com\/blog\/en\/iker-alberdi-interview-at-foodservice-consultant\/#primaryimage","url":"","contentUrl":""},{"@type":"BreadcrumbList","@id":"https:\/\/www.fagorprofessional.com\/blog\/en\/iker-alberdi-interview-at-foodservice-consultant\/#breadcrumb","itemListElement":[{"@type":"ListItem","position":1,"name":"Fagor Professional Blog","item":"https:\/\/www.fagorprofessional.com\/blog\/"},{"@type":"ListItem","position":2,"name":"Interviews","item":"https:\/\/www.fagorprofessional.com\/blog\/en\/interviews\/"},{"@type":"ListItem","position":3,"name":"Iker Alberdi interview at Foodservice Consultant"}]},{"@type":"WebSite","@id":"https:\/\/www.fagorprofessional.com\/blog\/#website","url":"https:\/\/www.fagorprofessional.com\/blog\/","name":"Fagor Professional&#039;s Blog","description":"Fagor Professional&#039;s Blog","potentialAction":[{"@type":"SearchAction","target":{"@type":"EntryPoint","urlTemplate":"https:\/\/www.fagorprofessional.com\/blog\/?s={search_term_string}"},"query-input":{"@type":"PropertyValueSpecification","valueRequired":true,"valueName":"search_term_string"}}],"inLanguage":"es"},{"@type":"Person","@id":"https:\/\/www.fagorprofessional.com\/blog\/#\/schema\/person\/c2dc508ffda39316cf0e8a45f15cb4e4","name":"admin","image":{"@type":"ImageObject","inLanguage":"es","@id":"https:\/\/secure.gravatar.com\/avatar\/af0a4c336046e868f98b17f2a27b6f9426e8aba09b92828569a3ca2b54e3d91c?s=96&d=mm&r=g","url":"https:\/\/secure.gravatar.com\/avatar\/af0a4c336046e868f98b17f2a27b6f9426e8aba09b92828569a3ca2b54e3d91c?s=96&d=mm&r=g","contentUrl":"https:\/\/secure.gravatar.com\/avatar\/af0a4c336046e868f98b17f2a27b6f9426e8aba09b92828569a3ca2b54e3d91c?s=96&d=mm&r=g","caption":"admin"},"sameAs":["https:\/\/www.fagorprofessional.com\/blog"]}]}},"_links":{"self":[{"href":"https:\/\/www.fagorprofessional.com\/blog\/wp-json\/wp\/v2\/posts\/450500","targetHints":{"allow":["GET"]}}],"collection":[{"href":"https:\/\/www.fagorprofessional.com\/blog\/wp-json\/wp\/v2\/posts"}],"about":[{"href":"https:\/\/www.fagorprofessional.com\/blog\/wp-json\/wp\/v2\/types\/post"}],"author":[{"embeddable":true,"href":"https:\/\/www.fagorprofessional.com\/blog\/wp-json\/wp\/v2\/users\/1"}],"replies":[{"embeddable":true,"href":"https:\/\/www.fagorprofessional.com\/blog\/wp-json\/wp\/v2\/comments?post=450500"}],"version-history":[{"count":4,"href":"https:\/\/www.fagorprofessional.com\/blog\/wp-json\/wp\/v2\/posts\/450500\/revisions"}],"predecessor-version":[{"id":490124,"href":"https:\/\/www.fagorprofessional.com\/blog\/wp-json\/wp\/v2\/posts\/450500\/revisions\/490124"}],"wp:featuredmedia":[{"embeddable":true,"href":"https:\/\/www.fagorprofessional.com\/blog\/wp-json\/"}],"wp:attachment":[{"href":"https:\/\/www.fagorprofessional.com\/blog\/wp-json\/wp\/v2\/media?parent=450500"}],"wp:term":[{"taxonomy":"category","embeddable":true,"href":"https:\/\/www.fagorprofessional.com\/blog\/wp-json\/wp\/v2\/categories?post=450500"},{"taxonomy":"post_tag","embeddable":true,"href":"https:\/\/www.fagorprofessional.com\/blog\/wp-json\/wp\/v2\/tags?post=450500"}],"curies":[{"name":"wp","href":"https:\/\/api.w.org\/{rel}","templated":true}]}}