{"id":465,"date":"2010-12-15T10:12:00","date_gmt":"2010-12-15T09:12:00","guid":{"rendered":"https:\/\/www.fagorprofessional.com\/blog\/?p=465"},"modified":"2024-04-19T11:10:05","modified_gmt":"2024-04-19T11:10:05","slug":"vida-mas-alla-del-pavo","status":"publish","type":"post","link":"https:\/\/www.fagorprofessional.com\/blog\/es\/vida-mas-alla-del-pavo\/","title":{"rendered":"Hay vida m\u00e1s all\u00e1 del pavo"},"content":{"rendered":"<p><a href=\"http:\/blog.fagorindustrial.com\/wp-content\/uploads\/2010\/12\/pavo_navidad_fagor.jpg\"><img class=\"lazyload\" class=\"\" title=\"\" alt=\"\" width=\"\" height=\"\" \/><\/a>Si este animal no forma parte de nuestras tradiciones navide\u00f1as \u00bfpor qu\u00e9 se ha hecho tan popular el dicho de \u00abestar m\u00e1s mosqueado que un pavo escuchando una pandereta\u00bb\u00bb?. El caso es que mercados, supermercados e hipermercados ofrecen estos d\u00ed\u00adas una amplia profusi\u00f3n de hermosos ejemplares de pavo listos para ser <a <a href=\"https:\/\/www.fagorprofessional.com\/es\/equipos-cocina\/hornos-industriales\/ikore\" rel=\"nofollow\" target=\"_blank\">asados en los hornos familiares<\/a>, a pesar de que la costumbre navide\u00f1a en Espa\u00f1a abunda en muchos platos que nada tienen que ver con \u00e9l (aunque, por otra parte, tambi\u00e9n est\u00e1 delicioso): el cordero, el cochinillo, el besugo y otro tipo de aves como el cap\u00f3n compiten con el pavo en protagonismo, y le ganan en tradici\u00f3n.<\/p>\n<p>Y, sin embargo, parece que los espa\u00f1oles tenemos algo que ver con la popularidad del pavo, precisamente por ser un ave oriunda de Am\u00e9rica. Hern\u00e1n Cort\u00e9s pudo ser el responsable de su introducci\u00f3n en Europa, cuando trajo a Espa\u00f1a los primeros ejemplares desde M\u00e9xico, aunque otros investigadores atribuyen esta introducci\u00f3n al veneciano Sebastian Cabot, que habr\u00ed\u00ada sido quien lo diera a conocer en los pa\u00ed\u00adses anglosajones. En todo caso, en estos se gan\u00f3 un lugar propio frente a las aves que se consum\u00ed\u00adan en tiempos navide\u00f1os, como gansos, pavos reales o incluso (en las mesas m\u00e1s pudientes y probablemente m\u00e1s cursis) cisnes. Pero algunas fuentes apuntan a que su establecimiento como emblema navide\u00f1o se debe a Charles Dickens, que en una de sus obras m\u00e1s populares, <em>Cuento de Navidad<\/em>, situ\u00f3 al pavo como plato estrella del men\u00fa.<\/p>\n<p>\u00bfPero de verdad se come tanto pavo? Veamos: en la muy recomendable p\u00e1gina web Hungry Monster ofrecen una completa lista de los men\u00fas navide\u00f1os de distintas partes del mundo. As\u00ed\u00ad, en Australia, donde las fiestas transcurren durante la estaci\u00f3n m\u00e1s calurosa del a\u00f1o, la comida de Navidad suele consistir en una barbacoa en la playa con marisco, chuletones y pollo; en la Rep\u00fablica Checa se estila m\u00e1s la sopa de pescado, ensalada, huevos y carpa; Finlandia s\u00ed\u00ad recurre al pavo, pero combin\u00e1ndolo con platos mixtos de pescado o carne (con el omnipresente reno como parte del men\u00fa); en Alemania son m\u00e1s partidarios del ganso asado, y en las zonas rurales tambi\u00e9n incluyen venado o jabal\u00ed\u00ad; en Groenlandia son un poco m\u00e1s originales, pues su plato navide\u00f1o es el alca, un pariente del ping\u00ed\u00bcino al que envuelven en piel de foca y lo entierran durante meses hasta que la carne se descompone; Suecia no perdona su tradicional Smorgasboard, con cerdo, marisco, arenques y quesos, entre otros muchos componentes; Noruega es m\u00e1s aficionada en sus zonas costeras a los pescados, como el bacalao y el abadejo, y a las costillas de cerdo, las salchichas y el pastel de carne en el interior; y Portugal es fiel tambi\u00e9n en estas fechas a uno de sus platos estrella, el bacalao.<\/p>\n<p>As\u00ed\u00ad que, como puede verse, poco pavo. El susodicho se encuentra sobre todo en pa\u00ed\u00adses de m\u00e1s clara influencia anglosajona, como Estados Unidos (donde tambi\u00e9n es la estrella del d\u00ed\u00ada de Acci\u00f3n de Gracias), Sud\u00e1frica o Inglaterra, donde compite en popularidad con el archifamoso Christmas Pudding (que en s\u00ed\u00ad se merecer\u00ed\u00ada una entrada para el s\u00f3lo\u2026 sobre todo si fu\u00e9ramos ingleses).<\/p>\n<p>Y vosotros \u00bfos apunt\u00e1is o no al pavo en Navidad? \u00a1Pasad por la secci\u00f3n de comentarios y contadnos qu\u00e9 men\u00fas and\u00e1is planeando!<\/p>\n","protected":false},"excerpt":{"rendered":"<p>Si este animal no forma parte de nuestras tradiciones navide\u00f1as \u00bfpor qu\u00e9 se ha hecho tan popular el dicho de \u00abestar m\u00e1s mosqueado que un pavo escuchando una pandereta\u00bb\u00bb?. El caso es que mercados, supermercados e hipermercados ofrecen estos d\u00ed\u00adas una amplia profusi\u00f3n de hermosos ejemplares de pavo listos para ser<\/p>\n","protected":false},"author":1,"featured_media":1,"comment_status":"open","ping_status":"open","sticky":false,"template":"","format":"standard","meta":{"_acf_changed":false,"footnotes":""},"categories":[7],"tags":[],"class_list":["post-465","post","type-post","status-publish","format-standard","has-post-thumbnail","hentry","category-tendencias-y-consejos"],"acf":[],"yoast_head":"<!-- This site is optimized with the Yoast SEO plugin v27.4 - https:\/\/yoast.com\/product\/yoast-seo-wordpress\/ -->\n<title>En Navidad no solo se cocina pavo<\/title>\n<meta name=\"description\" content=\"Mercados, supermercados e hipermercados ofrecen estos d\u00edas una amplia profusi\u00f3n de hermosos ejemplares de pavo listos para ser asados en los hornos familiares, a pesar de que la costumbre navide\u00f1a en Espa\u00f1a abunda en muchos platos que nada tienen que ver con \u00e9l.\" \/>\n<meta name=\"robots\" content=\"index, follow, max-snippet:-1, max-image-preview:large, max-video-preview:-1\" \/>\n<link rel=\"canonical\" href=\"https:\/\/www.fagorprofessional.com\/blog\/es\/vida-mas-alla-del-pavo\/\" \/>\n<meta property=\"og:locale\" content=\"es_ES\" \/>\n<meta property=\"og:type\" content=\"article\" \/>\n<meta property=\"og:title\" content=\"En Navidad no solo se cocina pavo\" \/>\n<meta property=\"og:description\" content=\"Mercados, supermercados e hipermercados ofrecen estos d\u00edas una amplia profusi\u00f3n de hermosos ejemplares de pavo listos para ser asados en los hornos familiares, a pesar de que la costumbre navide\u00f1a en Espa\u00f1a abunda en muchos platos que nada tienen que ver con \u00e9l.\" \/>\n<meta property=\"og:url\" content=\"https:\/\/www.fagorprofessional.com\/blog\/es\/vida-mas-alla-del-pavo\/\" \/>\n<meta property=\"og:site_name\" content=\"Fagor Professional&#039;s Blog\" \/>\n<meta property=\"article:published_time\" content=\"2010-12-15T09:12:00+00:00\" \/>\n<meta property=\"article:modified_time\" content=\"2024-04-19T11:10:05+00:00\" \/>\n<meta name=\"author\" content=\"admin\" \/>\n<meta name=\"twitter:card\" content=\"summary_large_image\" \/>\n<meta name=\"twitter:label1\" content=\"Escrito por\" \/>\n\t<meta name=\"twitter:data1\" content=\"admin\" \/>\n\t<meta name=\"twitter:label2\" content=\"Tiempo de lectura\" \/>\n\t<meta name=\"twitter:data2\" content=\"3 minutos\" \/>\n<script type=\"application\/ld+json\" class=\"yoast-schema-graph\">{\"@context\":\"https:\\\/\\\/schema.org\",\"@graph\":[{\"@type\":\"Article\",\"@id\":\"https:\\\/\\\/www.fagorprofessional.com\\\/blog\\\/es\\\/vida-mas-alla-del-pavo\\\/#article\",\"isPartOf\":{\"@id\":\"https:\\\/\\\/www.fagorprofessional.com\\\/blog\\\/es\\\/vida-mas-alla-del-pavo\\\/\"},\"author\":{\"name\":\"admin\",\"@id\":\"https:\\\/\\\/www.fagorprofessional.com\\\/blog\\\/#\\\/schema\\\/person\\\/c2dc508ffda39316cf0e8a45f15cb4e4\"},\"headline\":\"Hay vida m\u00e1s all\u00e1 del pavo\",\"datePublished\":\"2010-12-15T09:12:00+00:00\",\"dateModified\":\"2024-04-19T11:10:05+00:00\",\"mainEntityOfPage\":{\"@id\":\"https:\\\/\\\/www.fagorprofessional.com\\\/blog\\\/es\\\/vida-mas-alla-del-pavo\\\/\"},\"wordCount\":605,\"commentCount\":1,\"image\":{\"@id\":\"https:\\\/\\\/www.fagorprofessional.com\\\/blog\\\/es\\\/vida-mas-alla-del-pavo\\\/#primaryimage\"},\"thumbnailUrl\":\"\",\"articleSection\":[\"Tendencias y consejos\"],\"inLanguage\":\"es\",\"potentialAction\":[{\"@type\":\"CommentAction\",\"name\":\"Comment\",\"target\":[\"https:\\\/\\\/www.fagorprofessional.com\\\/blog\\\/es\\\/vida-mas-alla-del-pavo\\\/#respond\"]}]},{\"@type\":\"WebPage\",\"@id\":\"https:\\\/\\\/www.fagorprofessional.com\\\/blog\\\/es\\\/vida-mas-alla-del-pavo\\\/\",\"url\":\"https:\\\/\\\/www.fagorprofessional.com\\\/blog\\\/es\\\/vida-mas-alla-del-pavo\\\/\",\"name\":\"En Navidad no solo se cocina pavo\",\"isPartOf\":{\"@id\":\"https:\\\/\\\/www.fagorprofessional.com\\\/blog\\\/#website\"},\"primaryImageOfPage\":{\"@id\":\"https:\\\/\\\/www.fagorprofessional.com\\\/blog\\\/es\\\/vida-mas-alla-del-pavo\\\/#primaryimage\"},\"image\":{\"@id\":\"https:\\\/\\\/www.fagorprofessional.com\\\/blog\\\/es\\\/vida-mas-alla-del-pavo\\\/#primaryimage\"},\"thumbnailUrl\":\"\",\"datePublished\":\"2010-12-15T09:12:00+00:00\",\"dateModified\":\"2024-04-19T11:10:05+00:00\",\"author\":{\"@id\":\"https:\\\/\\\/www.fagorprofessional.com\\\/blog\\\/#\\\/schema\\\/person\\\/c2dc508ffda39316cf0e8a45f15cb4e4\"},\"description\":\"Mercados, supermercados e hipermercados ofrecen estos d\u00edas una amplia profusi\u00f3n de hermosos ejemplares de pavo listos para ser asados en los hornos familiares, a pesar de que la costumbre navide\u00f1a en Espa\u00f1a abunda en muchos platos que nada tienen que ver con \u00e9l.\",\"breadcrumb\":{\"@id\":\"https:\\\/\\\/www.fagorprofessional.com\\\/blog\\\/es\\\/vida-mas-alla-del-pavo\\\/#breadcrumb\"},\"inLanguage\":\"es\",\"potentialAction\":[{\"@type\":\"ReadAction\",\"target\":[\"https:\\\/\\\/www.fagorprofessional.com\\\/blog\\\/es\\\/vida-mas-alla-del-pavo\\\/\"]}]},{\"@type\":\"ImageObject\",\"inLanguage\":\"es\",\"@id\":\"https:\\\/\\\/www.fagorprofessional.com\\\/blog\\\/es\\\/vida-mas-alla-del-pavo\\\/#primaryimage\",\"url\":\"\",\"contentUrl\":\"\"},{\"@type\":\"BreadcrumbList\",\"@id\":\"https:\\\/\\\/www.fagorprofessional.com\\\/blog\\\/es\\\/vida-mas-alla-del-pavo\\\/#breadcrumb\",\"itemListElement\":[{\"@type\":\"ListItem\",\"position\":1,\"name\":\"Fagor Professional Blog\",\"item\":\"https:\\\/\\\/www.fagorprofessional.com\\\/blog\\\/\"},{\"@type\":\"ListItem\",\"position\":2,\"name\":\"Tendencias y consejos\",\"item\":\"https:\\\/\\\/www.fagorprofessional.com\\\/blog\\\/es\\\/tendencias-y-consejos\\\/\"},{\"@type\":\"ListItem\",\"position\":3,\"name\":\"Hay vida m\u00e1s all\u00e1 del pavo\"}]},{\"@type\":\"WebSite\",\"@id\":\"https:\\\/\\\/www.fagorprofessional.com\\\/blog\\\/#website\",\"url\":\"https:\\\/\\\/www.fagorprofessional.com\\\/blog\\\/\",\"name\":\"Fagor Professional&#039;s Blog\",\"description\":\"Fagor Professional&#039;s Blog\",\"potentialAction\":[{\"@type\":\"SearchAction\",\"target\":{\"@type\":\"EntryPoint\",\"urlTemplate\":\"https:\\\/\\\/www.fagorprofessional.com\\\/blog\\\/?s={search_term_string}\"},\"query-input\":{\"@type\":\"PropertyValueSpecification\",\"valueRequired\":true,\"valueName\":\"search_term_string\"}}],\"inLanguage\":\"es\"},{\"@type\":\"Person\",\"@id\":\"https:\\\/\\\/www.fagorprofessional.com\\\/blog\\\/#\\\/schema\\\/person\\\/c2dc508ffda39316cf0e8a45f15cb4e4\",\"name\":\"admin\",\"image\":{\"@type\":\"ImageObject\",\"inLanguage\":\"es\",\"@id\":\"https:\\\/\\\/secure.gravatar.com\\\/avatar\\\/af0a4c336046e868f98b17f2a27b6f9426e8aba09b92828569a3ca2b54e3d91c?s=96&d=mm&r=g\",\"url\":\"https:\\\/\\\/secure.gravatar.com\\\/avatar\\\/af0a4c336046e868f98b17f2a27b6f9426e8aba09b92828569a3ca2b54e3d91c?s=96&d=mm&r=g\",\"contentUrl\":\"https:\\\/\\\/secure.gravatar.com\\\/avatar\\\/af0a4c336046e868f98b17f2a27b6f9426e8aba09b92828569a3ca2b54e3d91c?s=96&d=mm&r=g\",\"caption\":\"admin\"},\"sameAs\":[\"https:\\\/\\\/www.fagorprofessional.com\\\/blog\"]}]}<\/script>\n<!-- \/ Yoast SEO plugin. -->","yoast_head_json":{"title":"En Navidad no solo se cocina pavo","description":"Mercados, supermercados e hipermercados ofrecen estos d\u00edas una amplia profusi\u00f3n de hermosos ejemplares de pavo listos para ser asados en los hornos familiares, a pesar de que la costumbre navide\u00f1a en Espa\u00f1a abunda en muchos platos que nada tienen que ver con \u00e9l.","robots":{"index":"index","follow":"follow","max-snippet":"max-snippet:-1","max-image-preview":"max-image-preview:large","max-video-preview":"max-video-preview:-1"},"canonical":"https:\/\/www.fagorprofessional.com\/blog\/es\/vida-mas-alla-del-pavo\/","og_locale":"es_ES","og_type":"article","og_title":"En Navidad no solo se cocina pavo","og_description":"Mercados, supermercados e hipermercados ofrecen estos d\u00edas una amplia profusi\u00f3n de hermosos ejemplares de pavo listos para ser asados en los hornos familiares, a pesar de que la costumbre navide\u00f1a en Espa\u00f1a abunda en muchos platos que nada tienen que ver con \u00e9l.","og_url":"https:\/\/www.fagorprofessional.com\/blog\/es\/vida-mas-alla-del-pavo\/","og_site_name":"Fagor Professional&#039;s Blog","article_published_time":"2010-12-15T09:12:00+00:00","article_modified_time":"2024-04-19T11:10:05+00:00","author":"admin","twitter_card":"summary_large_image","twitter_misc":{"Escrito por":"admin","Tiempo de lectura":"3 minutos"},"schema":{"@context":"https:\/\/schema.org","@graph":[{"@type":"Article","@id":"https:\/\/www.fagorprofessional.com\/blog\/es\/vida-mas-alla-del-pavo\/#article","isPartOf":{"@id":"https:\/\/www.fagorprofessional.com\/blog\/es\/vida-mas-alla-del-pavo\/"},"author":{"name":"admin","@id":"https:\/\/www.fagorprofessional.com\/blog\/#\/schema\/person\/c2dc508ffda39316cf0e8a45f15cb4e4"},"headline":"Hay vida m\u00e1s all\u00e1 del pavo","datePublished":"2010-12-15T09:12:00+00:00","dateModified":"2024-04-19T11:10:05+00:00","mainEntityOfPage":{"@id":"https:\/\/www.fagorprofessional.com\/blog\/es\/vida-mas-alla-del-pavo\/"},"wordCount":605,"commentCount":1,"image":{"@id":"https:\/\/www.fagorprofessional.com\/blog\/es\/vida-mas-alla-del-pavo\/#primaryimage"},"thumbnailUrl":"","articleSection":["Tendencias y consejos"],"inLanguage":"es","potentialAction":[{"@type":"CommentAction","name":"Comment","target":["https:\/\/www.fagorprofessional.com\/blog\/es\/vida-mas-alla-del-pavo\/#respond"]}]},{"@type":"WebPage","@id":"https:\/\/www.fagorprofessional.com\/blog\/es\/vida-mas-alla-del-pavo\/","url":"https:\/\/www.fagorprofessional.com\/blog\/es\/vida-mas-alla-del-pavo\/","name":"En Navidad no solo se cocina pavo","isPartOf":{"@id":"https:\/\/www.fagorprofessional.com\/blog\/#website"},"primaryImageOfPage":{"@id":"https:\/\/www.fagorprofessional.com\/blog\/es\/vida-mas-alla-del-pavo\/#primaryimage"},"image":{"@id":"https:\/\/www.fagorprofessional.com\/blog\/es\/vida-mas-alla-del-pavo\/#primaryimage"},"thumbnailUrl":"","datePublished":"2010-12-15T09:12:00+00:00","dateModified":"2024-04-19T11:10:05+00:00","author":{"@id":"https:\/\/www.fagorprofessional.com\/blog\/#\/schema\/person\/c2dc508ffda39316cf0e8a45f15cb4e4"},"description":"Mercados, supermercados e hipermercados ofrecen estos d\u00edas una amplia profusi\u00f3n de hermosos ejemplares de pavo listos para ser asados en los hornos familiares, a pesar de que la costumbre navide\u00f1a en Espa\u00f1a abunda en muchos platos que nada tienen que ver con \u00e9l.","breadcrumb":{"@id":"https:\/\/www.fagorprofessional.com\/blog\/es\/vida-mas-alla-del-pavo\/#breadcrumb"},"inLanguage":"es","potentialAction":[{"@type":"ReadAction","target":["https:\/\/www.fagorprofessional.com\/blog\/es\/vida-mas-alla-del-pavo\/"]}]},{"@type":"ImageObject","inLanguage":"es","@id":"https:\/\/www.fagorprofessional.com\/blog\/es\/vida-mas-alla-del-pavo\/#primaryimage","url":"","contentUrl":""},{"@type":"BreadcrumbList","@id":"https:\/\/www.fagorprofessional.com\/blog\/es\/vida-mas-alla-del-pavo\/#breadcrumb","itemListElement":[{"@type":"ListItem","position":1,"name":"Fagor Professional Blog","item":"https:\/\/www.fagorprofessional.com\/blog\/"},{"@type":"ListItem","position":2,"name":"Tendencias y consejos","item":"https:\/\/www.fagorprofessional.com\/blog\/es\/tendencias-y-consejos\/"},{"@type":"ListItem","position":3,"name":"Hay vida m\u00e1s all\u00e1 del pavo"}]},{"@type":"WebSite","@id":"https:\/\/www.fagorprofessional.com\/blog\/#website","url":"https:\/\/www.fagorprofessional.com\/blog\/","name":"Fagor Professional&#039;s Blog","description":"Fagor Professional&#039;s Blog","potentialAction":[{"@type":"SearchAction","target":{"@type":"EntryPoint","urlTemplate":"https:\/\/www.fagorprofessional.com\/blog\/?s={search_term_string}"},"query-input":{"@type":"PropertyValueSpecification","valueRequired":true,"valueName":"search_term_string"}}],"inLanguage":"es"},{"@type":"Person","@id":"https:\/\/www.fagorprofessional.com\/blog\/#\/schema\/person\/c2dc508ffda39316cf0e8a45f15cb4e4","name":"admin","image":{"@type":"ImageObject","inLanguage":"es","@id":"https:\/\/secure.gravatar.com\/avatar\/af0a4c336046e868f98b17f2a27b6f9426e8aba09b92828569a3ca2b54e3d91c?s=96&d=mm&r=g","url":"https:\/\/secure.gravatar.com\/avatar\/af0a4c336046e868f98b17f2a27b6f9426e8aba09b92828569a3ca2b54e3d91c?s=96&d=mm&r=g","contentUrl":"https:\/\/secure.gravatar.com\/avatar\/af0a4c336046e868f98b17f2a27b6f9426e8aba09b92828569a3ca2b54e3d91c?s=96&d=mm&r=g","caption":"admin"},"sameAs":["https:\/\/www.fagorprofessional.com\/blog"]}]}},"_links":{"self":[{"href":"https:\/\/www.fagorprofessional.com\/blog\/wp-json\/wp\/v2\/posts\/465","targetHints":{"allow":["GET"]}}],"collection":[{"href":"https:\/\/www.fagorprofessional.com\/blog\/wp-json\/wp\/v2\/posts"}],"about":[{"href":"https:\/\/www.fagorprofessional.com\/blog\/wp-json\/wp\/v2\/types\/post"}],"author":[{"embeddable":true,"href":"https:\/\/www.fagorprofessional.com\/blog\/wp-json\/wp\/v2\/users\/1"}],"replies":[{"embeddable":true,"href":"https:\/\/www.fagorprofessional.com\/blog\/wp-json\/wp\/v2\/comments?post=465"}],"version-history":[{"count":4,"href":"https:\/\/www.fagorprofessional.com\/blog\/wp-json\/wp\/v2\/posts\/465\/revisions"}],"predecessor-version":[{"id":490434,"href":"https:\/\/www.fagorprofessional.com\/blog\/wp-json\/wp\/v2\/posts\/465\/revisions\/490434"}],"wp:featuredmedia":[{"embeddable":true,"href":"https:\/\/www.fagorprofessional.com\/blog\/wp-json\/"}],"wp:attachment":[{"href":"https:\/\/www.fagorprofessional.com\/blog\/wp-json\/wp\/v2\/media?parent=465"}],"wp:term":[{"taxonomy":"category","embeddable":true,"href":"https:\/\/www.fagorprofessional.com\/blog\/wp-json\/wp\/v2\/categories?post=465"},{"taxonomy":"post_tag","embeddable":true,"href":"https:\/\/www.fagorprofessional.com\/blog\/wp-json\/wp\/v2\/tags?post=465"}],"curies":[{"name":"wp","href":"https:\/\/api.w.org\/{rel}","templated":true}]}}