{"id":4678,"date":"2020-03-27T11:13:00","date_gmt":"2020-03-27T10:13:00","guid":{"rendered":"https:\/\/www.fagorprofessional.com\/blog\/?p=4678"},"modified":"2022-11-27T16:08:02","modified_gmt":"2022-11-27T16:08:02","slug":"carta-abierta-iker-alberdi-director-general-onnera-group","status":"publish","type":"post","link":"https:\/\/www.fagorprofessional.com\/blog\/es\/carta-abierta-iker-alberdi-director-general-onnera-group\/","title":{"rendered":"Carta abierta de Iker Alberdi, Director General de ONNERA Group"},"content":{"rendered":"<p>La crisis del COVID-19 y las medidas de excepcionalidad decretadas por los gobiernos y las autoridades sanitarias nos han llevado a una situaci\u00f3n que nunca antes hab\u00ed\u00adamos vivido, ni las empresas ni el conjunto de la sociedad.<br \/>\nPor este motivo, desde <a <a href=\"http:\/www.onneragroup.com\" rel=\"nofollow\" target=\"_blank\">ONNERA Group<\/a> queremos lanzar un mensaje de \u00e1nimo y apoyo incondicional a nuestros trabajadores, cuyo bienestar es el vector fundamental que gu\u00ed\u00ada nuestra actividad como corporaci\u00f3n, as\u00ed\u00ad como la de todas las empresas de la marca; y sin los que no podr\u00ed\u00adamos ser todo lo que somos hoy en d\u00ed\u00ada. Con el objetivo de preservar la seguridad de todos aquellos que formamos parte del Grupo, hemos establecido todas las medidas de prevenci\u00f3n necesarias, y seguiremos reuni\u00e9ndonos diariamente para establecer todas las medidas de seguridad que hagan falta.<br \/>\nTampoco queremos olvidarnos de nuestros clientes, con los que queremos seguir trabajando codo con codo para crecer juntos, brind\u00e1ndoles los servicios y la atenci\u00f3n de calidad que merecen. Esta situaci\u00f3n nos empuja a seguir sumando esfuerzos y reforzar, m\u00e1s si cabe, nuestro compromiso para con ellos.<br \/>\nEs el momento de demostrar que somos una empresa responsable, avanzada y adaptada a los tiempos que corren. Estamos totalmente equipados con medios y recursos tecnol\u00f3gicos para hacer frente a una situaci\u00f3n de este tipo pero, por encima de todo, contamos con un equipo comprometido y cercano que vela por los intereses de la corporaci\u00f3n; eso es lo que nos ha hecho llegar hasta aqu\u00ed\u00ad y lo que nos har\u00e1 seguir cosechando \u00e9xitos en el futuro.<br \/>\nNuestra experiencia nos permite actuar con aplomo y seguir trabajando al lado de quienes m\u00e1s nos necesitan para superar esta situaci\u00f3n lo antes posible. Ahora m\u00e1s que nunca, la colaboraci\u00f3n entre todos los que formamos ONNERA Group har\u00e1, no s\u00f3lo que superemos las circunstancias en las que estamos envueltos, sino que salgamos reforzados y con la seguridad de poder seguir ofreciendo el mismo nivel de integridad, compromiso, unidad e iniciativa que nos caracteriza.<br \/>\nEntre todos, podremos hacer frente a estos tiempos dif\u00ed\u00adciles.<br \/>\nIker Alberdi<\/p>\n\n<p>https:\/\/www.fagorprofessional.com\/blog\/wp-content\/uploads\/2020\/03\/Onnera_CAST.mp4?_=1<\/p>\n","protected":false},"excerpt":{"rendered":"<p>La crisis del COVID-19 y las medidas de excepcionalidad decretadas por los gobiernos y las autoridades sanitarias nos han llevado a una situaci\u00f3n que nunca antes hab\u00ed\u00adamos vivido, ni las empresas ni el conjunto de la sociedad. Por este motivo, desde<\/p>\n","protected":false},"author":1,"featured_media":1,"comment_status":"open","ping_status":"open","sticky":false,"template":"","format":"standard","meta":{"_acf_changed":false,"footnotes":""},"categories":[7],"tags":[],"class_list":["post-4678","post","type-post","status-publish","format-standard","has-post-thumbnail","hentry","category-tendencias-y-consejos"],"acf":[],"yoast_head":"<!-- This site is optimized with the Yoast SEO plugin v27.4 - https:\/\/yoast.com\/product\/yoast-seo-wordpress\/ -->\n<title>Carta abierta de Iker Alberdi Director General de ONNERA Group<\/title>\n<meta name=\"description\" content=\"Por este motivo, desde\u00a0ONNERA Group\u00a0queremos lanzar un mensaje de \u00e1nimo y apoyo incondicional a nuestros trabajadores, cuyo bienestar es el vector fundamental que gu\u00eda nuestra actividad como corporaci\u00f3n, as\u00ed como la de todas las empresas de la marca; y sin los que no podr\u00edamos ser todo lo que somos hoy en d\u00eda.\" \/>\n<meta name=\"robots\" content=\"index, follow, max-snippet:-1, max-image-preview:large, max-video-preview:-1\" \/>\n<link rel=\"canonical\" href=\"https:\/\/www.fagorprofessional.com\/blog\/es\/carta-abierta-iker-alberdi-director-general-onnera-group\/\" \/>\n<meta property=\"og:locale\" content=\"es_ES\" \/>\n<meta property=\"og:type\" content=\"article\" \/>\n<meta property=\"og:title\" content=\"Carta abierta de Iker Alberdi Director General de ONNERA Group\" \/>\n<meta property=\"og:description\" content=\"Por este motivo, desde\u00a0ONNERA Group\u00a0queremos lanzar un mensaje de \u00e1nimo y apoyo incondicional a nuestros trabajadores, cuyo bienestar es el vector fundamental que gu\u00eda nuestra actividad como corporaci\u00f3n, as\u00ed como la de todas las empresas de la marca; y sin los que no podr\u00edamos ser todo lo que somos hoy en d\u00eda.\" \/>\n<meta property=\"og:url\" content=\"https:\/\/www.fagorprofessional.com\/blog\/es\/carta-abierta-iker-alberdi-director-general-onnera-group\/\" \/>\n<meta property=\"og:site_name\" content=\"Fagor Professional&#039;s Blog\" \/>\n<meta property=\"article:published_time\" content=\"2020-03-27T10:13:00+00:00\" \/>\n<meta property=\"article:modified_time\" content=\"2022-11-27T16:08:02+00:00\" \/>\n<meta name=\"author\" content=\"admin\" \/>\n<meta name=\"twitter:card\" content=\"summary_large_image\" \/>\n<meta name=\"twitter:label1\" content=\"Escrito por\" \/>\n\t<meta name=\"twitter:data1\" content=\"admin\" \/>\n\t<meta name=\"twitter:label2\" content=\"Tiempo de lectura\" \/>\n\t<meta name=\"twitter:data2\" content=\"2 minutos\" \/>\n<script type=\"application\/ld+json\" class=\"yoast-schema-graph\">{\"@context\":\"https:\\\/\\\/schema.org\",\"@graph\":[{\"@type\":\"Article\",\"@id\":\"https:\\\/\\\/www.fagorprofessional.com\\\/blog\\\/es\\\/carta-abierta-iker-alberdi-director-general-onnera-group\\\/#article\",\"isPartOf\":{\"@id\":\"https:\\\/\\\/www.fagorprofessional.com\\\/blog\\\/es\\\/carta-abierta-iker-alberdi-director-general-onnera-group\\\/\"},\"author\":{\"name\":\"admin\",\"@id\":\"https:\\\/\\\/www.fagorprofessional.com\\\/blog\\\/#\\\/schema\\\/person\\\/c2dc508ffda39316cf0e8a45f15cb4e4\"},\"headline\":\"Carta abierta de Iker Alberdi, Director General de ONNERA Group\",\"datePublished\":\"2020-03-27T10:13:00+00:00\",\"dateModified\":\"2022-11-27T16:08:02+00:00\",\"mainEntityOfPage\":{\"@id\":\"https:\\\/\\\/www.fagorprofessional.com\\\/blog\\\/es\\\/carta-abierta-iker-alberdi-director-general-onnera-group\\\/\"},\"wordCount\":396,\"commentCount\":0,\"image\":{\"@id\":\"https:\\\/\\\/www.fagorprofessional.com\\\/blog\\\/es\\\/carta-abierta-iker-alberdi-director-general-onnera-group\\\/#primaryimage\"},\"thumbnailUrl\":\"\",\"articleSection\":[\"Tendencias y consejos\"],\"inLanguage\":\"es\",\"potentialAction\":[{\"@type\":\"CommentAction\",\"name\":\"Comment\",\"target\":[\"https:\\\/\\\/www.fagorprofessional.com\\\/blog\\\/es\\\/carta-abierta-iker-alberdi-director-general-onnera-group\\\/#respond\"]}]},{\"@type\":\"WebPage\",\"@id\":\"https:\\\/\\\/www.fagorprofessional.com\\\/blog\\\/es\\\/carta-abierta-iker-alberdi-director-general-onnera-group\\\/\",\"url\":\"https:\\\/\\\/www.fagorprofessional.com\\\/blog\\\/es\\\/carta-abierta-iker-alberdi-director-general-onnera-group\\\/\",\"name\":\"Carta abierta de Iker Alberdi Director General de ONNERA Group\",\"isPartOf\":{\"@id\":\"https:\\\/\\\/www.fagorprofessional.com\\\/blog\\\/#website\"},\"primaryImageOfPage\":{\"@id\":\"https:\\\/\\\/www.fagorprofessional.com\\\/blog\\\/es\\\/carta-abierta-iker-alberdi-director-general-onnera-group\\\/#primaryimage\"},\"image\":{\"@id\":\"https:\\\/\\\/www.fagorprofessional.com\\\/blog\\\/es\\\/carta-abierta-iker-alberdi-director-general-onnera-group\\\/#primaryimage\"},\"thumbnailUrl\":\"\",\"datePublished\":\"2020-03-27T10:13:00+00:00\",\"dateModified\":\"2022-11-27T16:08:02+00:00\",\"author\":{\"@id\":\"https:\\\/\\\/www.fagorprofessional.com\\\/blog\\\/#\\\/schema\\\/person\\\/c2dc508ffda39316cf0e8a45f15cb4e4\"},\"description\":\"Por este motivo, desde\u00a0ONNERA Group\u00a0queremos lanzar un mensaje de \u00e1nimo y apoyo incondicional a nuestros trabajadores, cuyo bienestar es el vector fundamental que gu\u00eda nuestra actividad como corporaci\u00f3n, as\u00ed como la de todas las empresas de la marca; y sin los que no podr\u00edamos ser todo lo que somos hoy en d\u00eda.\",\"breadcrumb\":{\"@id\":\"https:\\\/\\\/www.fagorprofessional.com\\\/blog\\\/es\\\/carta-abierta-iker-alberdi-director-general-onnera-group\\\/#breadcrumb\"},\"inLanguage\":\"es\",\"potentialAction\":[{\"@type\":\"ReadAction\",\"target\":[\"https:\\\/\\\/www.fagorprofessional.com\\\/blog\\\/es\\\/carta-abierta-iker-alberdi-director-general-onnera-group\\\/\"]}]},{\"@type\":\"ImageObject\",\"inLanguage\":\"es\",\"@id\":\"https:\\\/\\\/www.fagorprofessional.com\\\/blog\\\/es\\\/carta-abierta-iker-alberdi-director-general-onnera-group\\\/#primaryimage\",\"url\":\"\",\"contentUrl\":\"\"},{\"@type\":\"BreadcrumbList\",\"@id\":\"https:\\\/\\\/www.fagorprofessional.com\\\/blog\\\/es\\\/carta-abierta-iker-alberdi-director-general-onnera-group\\\/#breadcrumb\",\"itemListElement\":[{\"@type\":\"ListItem\",\"position\":1,\"name\":\"Fagor Professional Blog\",\"item\":\"https:\\\/\\\/www.fagorprofessional.com\\\/blog\\\/\"},{\"@type\":\"ListItem\",\"position\":2,\"name\":\"Tendencias y consejos\",\"item\":\"https:\\\/\\\/www.fagorprofessional.com\\\/blog\\\/es\\\/tendencias-y-consejos\\\/\"},{\"@type\":\"ListItem\",\"position\":3,\"name\":\"Carta abierta de Iker Alberdi, Director General de ONNERA Group\"}]},{\"@type\":\"WebSite\",\"@id\":\"https:\\\/\\\/www.fagorprofessional.com\\\/blog\\\/#website\",\"url\":\"https:\\\/\\\/www.fagorprofessional.com\\\/blog\\\/\",\"name\":\"Fagor Professional&#039;s Blog\",\"description\":\"Fagor Professional&#039;s Blog\",\"potentialAction\":[{\"@type\":\"SearchAction\",\"target\":{\"@type\":\"EntryPoint\",\"urlTemplate\":\"https:\\\/\\\/www.fagorprofessional.com\\\/blog\\\/?s={search_term_string}\"},\"query-input\":{\"@type\":\"PropertyValueSpecification\",\"valueRequired\":true,\"valueName\":\"search_term_string\"}}],\"inLanguage\":\"es\"},{\"@type\":\"Person\",\"@id\":\"https:\\\/\\\/www.fagorprofessional.com\\\/blog\\\/#\\\/schema\\\/person\\\/c2dc508ffda39316cf0e8a45f15cb4e4\",\"name\":\"admin\",\"image\":{\"@type\":\"ImageObject\",\"inLanguage\":\"es\",\"@id\":\"https:\\\/\\\/secure.gravatar.com\\\/avatar\\\/af0a4c336046e868f98b17f2a27b6f9426e8aba09b92828569a3ca2b54e3d91c?s=96&d=mm&r=g\",\"url\":\"https:\\\/\\\/secure.gravatar.com\\\/avatar\\\/af0a4c336046e868f98b17f2a27b6f9426e8aba09b92828569a3ca2b54e3d91c?s=96&d=mm&r=g\",\"contentUrl\":\"https:\\\/\\\/secure.gravatar.com\\\/avatar\\\/af0a4c336046e868f98b17f2a27b6f9426e8aba09b92828569a3ca2b54e3d91c?s=96&d=mm&r=g\",\"caption\":\"admin\"},\"sameAs\":[\"https:\\\/\\\/www.fagorprofessional.com\\\/blog\"]}]}<\/script>\n<!-- \/ Yoast SEO plugin. -->","yoast_head_json":{"title":"Carta abierta de Iker Alberdi Director General de ONNERA Group","description":"Por este motivo, desde\u00a0ONNERA Group\u00a0queremos lanzar un mensaje de \u00e1nimo y apoyo incondicional a nuestros trabajadores, cuyo bienestar es el vector fundamental que gu\u00eda nuestra actividad como corporaci\u00f3n, as\u00ed como la de todas las empresas de la marca; y sin los que no podr\u00edamos ser todo lo que somos hoy en d\u00eda.","robots":{"index":"index","follow":"follow","max-snippet":"max-snippet:-1","max-image-preview":"max-image-preview:large","max-video-preview":"max-video-preview:-1"},"canonical":"https:\/\/www.fagorprofessional.com\/blog\/es\/carta-abierta-iker-alberdi-director-general-onnera-group\/","og_locale":"es_ES","og_type":"article","og_title":"Carta abierta de Iker Alberdi Director General de ONNERA Group","og_description":"Por este motivo, desde\u00a0ONNERA Group\u00a0queremos lanzar un mensaje de \u00e1nimo y apoyo incondicional a nuestros trabajadores, cuyo bienestar es el vector fundamental que gu\u00eda nuestra actividad como corporaci\u00f3n, as\u00ed como la de todas las empresas de la marca; y sin los que no podr\u00edamos ser todo lo que somos hoy en d\u00eda.","og_url":"https:\/\/www.fagorprofessional.com\/blog\/es\/carta-abierta-iker-alberdi-director-general-onnera-group\/","og_site_name":"Fagor Professional&#039;s Blog","article_published_time":"2020-03-27T10:13:00+00:00","article_modified_time":"2022-11-27T16:08:02+00:00","author":"admin","twitter_card":"summary_large_image","twitter_misc":{"Escrito por":"admin","Tiempo de lectura":"2 minutos"},"schema":{"@context":"https:\/\/schema.org","@graph":[{"@type":"Article","@id":"https:\/\/www.fagorprofessional.com\/blog\/es\/carta-abierta-iker-alberdi-director-general-onnera-group\/#article","isPartOf":{"@id":"https:\/\/www.fagorprofessional.com\/blog\/es\/carta-abierta-iker-alberdi-director-general-onnera-group\/"},"author":{"name":"admin","@id":"https:\/\/www.fagorprofessional.com\/blog\/#\/schema\/person\/c2dc508ffda39316cf0e8a45f15cb4e4"},"headline":"Carta abierta de Iker Alberdi, Director General de ONNERA Group","datePublished":"2020-03-27T10:13:00+00:00","dateModified":"2022-11-27T16:08:02+00:00","mainEntityOfPage":{"@id":"https:\/\/www.fagorprofessional.com\/blog\/es\/carta-abierta-iker-alberdi-director-general-onnera-group\/"},"wordCount":396,"commentCount":0,"image":{"@id":"https:\/\/www.fagorprofessional.com\/blog\/es\/carta-abierta-iker-alberdi-director-general-onnera-group\/#primaryimage"},"thumbnailUrl":"","articleSection":["Tendencias y consejos"],"inLanguage":"es","potentialAction":[{"@type":"CommentAction","name":"Comment","target":["https:\/\/www.fagorprofessional.com\/blog\/es\/carta-abierta-iker-alberdi-director-general-onnera-group\/#respond"]}]},{"@type":"WebPage","@id":"https:\/\/www.fagorprofessional.com\/blog\/es\/carta-abierta-iker-alberdi-director-general-onnera-group\/","url":"https:\/\/www.fagorprofessional.com\/blog\/es\/carta-abierta-iker-alberdi-director-general-onnera-group\/","name":"Carta abierta de Iker Alberdi Director General de ONNERA Group","isPartOf":{"@id":"https:\/\/www.fagorprofessional.com\/blog\/#website"},"primaryImageOfPage":{"@id":"https:\/\/www.fagorprofessional.com\/blog\/es\/carta-abierta-iker-alberdi-director-general-onnera-group\/#primaryimage"},"image":{"@id":"https:\/\/www.fagorprofessional.com\/blog\/es\/carta-abierta-iker-alberdi-director-general-onnera-group\/#primaryimage"},"thumbnailUrl":"","datePublished":"2020-03-27T10:13:00+00:00","dateModified":"2022-11-27T16:08:02+00:00","author":{"@id":"https:\/\/www.fagorprofessional.com\/blog\/#\/schema\/person\/c2dc508ffda39316cf0e8a45f15cb4e4"},"description":"Por este motivo, desde\u00a0ONNERA Group\u00a0queremos lanzar un mensaje de \u00e1nimo y apoyo incondicional a nuestros trabajadores, cuyo bienestar es el vector fundamental que gu\u00eda nuestra actividad como corporaci\u00f3n, as\u00ed como la de todas las empresas de la marca; y sin los que no podr\u00edamos ser todo lo que somos hoy en d\u00eda.","breadcrumb":{"@id":"https:\/\/www.fagorprofessional.com\/blog\/es\/carta-abierta-iker-alberdi-director-general-onnera-group\/#breadcrumb"},"inLanguage":"es","potentialAction":[{"@type":"ReadAction","target":["https:\/\/www.fagorprofessional.com\/blog\/es\/carta-abierta-iker-alberdi-director-general-onnera-group\/"]}]},{"@type":"ImageObject","inLanguage":"es","@id":"https:\/\/www.fagorprofessional.com\/blog\/es\/carta-abierta-iker-alberdi-director-general-onnera-group\/#primaryimage","url":"","contentUrl":""},{"@type":"BreadcrumbList","@id":"https:\/\/www.fagorprofessional.com\/blog\/es\/carta-abierta-iker-alberdi-director-general-onnera-group\/#breadcrumb","itemListElement":[{"@type":"ListItem","position":1,"name":"Fagor Professional Blog","item":"https:\/\/www.fagorprofessional.com\/blog\/"},{"@type":"ListItem","position":2,"name":"Tendencias y consejos","item":"https:\/\/www.fagorprofessional.com\/blog\/es\/tendencias-y-consejos\/"},{"@type":"ListItem","position":3,"name":"Carta abierta de Iker Alberdi, Director General de ONNERA Group"}]},{"@type":"WebSite","@id":"https:\/\/www.fagorprofessional.com\/blog\/#website","url":"https:\/\/www.fagorprofessional.com\/blog\/","name":"Fagor Professional&#039;s Blog","description":"Fagor Professional&#039;s Blog","potentialAction":[{"@type":"SearchAction","target":{"@type":"EntryPoint","urlTemplate":"https:\/\/www.fagorprofessional.com\/blog\/?s={search_term_string}"},"query-input":{"@type":"PropertyValueSpecification","valueRequired":true,"valueName":"search_term_string"}}],"inLanguage":"es"},{"@type":"Person","@id":"https:\/\/www.fagorprofessional.com\/blog\/#\/schema\/person\/c2dc508ffda39316cf0e8a45f15cb4e4","name":"admin","image":{"@type":"ImageObject","inLanguage":"es","@id":"https:\/\/secure.gravatar.com\/avatar\/af0a4c336046e868f98b17f2a27b6f9426e8aba09b92828569a3ca2b54e3d91c?s=96&d=mm&r=g","url":"https:\/\/secure.gravatar.com\/avatar\/af0a4c336046e868f98b17f2a27b6f9426e8aba09b92828569a3ca2b54e3d91c?s=96&d=mm&r=g","contentUrl":"https:\/\/secure.gravatar.com\/avatar\/af0a4c336046e868f98b17f2a27b6f9426e8aba09b92828569a3ca2b54e3d91c?s=96&d=mm&r=g","caption":"admin"},"sameAs":["https:\/\/www.fagorprofessional.com\/blog"]}]}},"_links":{"self":[{"href":"https:\/\/www.fagorprofessional.com\/blog\/wp-json\/wp\/v2\/posts\/4678","targetHints":{"allow":["GET"]}}],"collection":[{"href":"https:\/\/www.fagorprofessional.com\/blog\/wp-json\/wp\/v2\/posts"}],"about":[{"href":"https:\/\/www.fagorprofessional.com\/blog\/wp-json\/wp\/v2\/types\/post"}],"author":[{"embeddable":true,"href":"https:\/\/www.fagorprofessional.com\/blog\/wp-json\/wp\/v2\/users\/1"}],"replies":[{"embeddable":true,"href":"https:\/\/www.fagorprofessional.com\/blog\/wp-json\/wp\/v2\/comments?post=4678"}],"version-history":[{"count":6,"href":"https:\/\/www.fagorprofessional.com\/blog\/wp-json\/wp\/v2\/posts\/4678\/revisions"}],"predecessor-version":[{"id":490659,"href":"https:\/\/www.fagorprofessional.com\/blog\/wp-json\/wp\/v2\/posts\/4678\/revisions\/490659"}],"wp:featuredmedia":[{"embeddable":true,"href":"https:\/\/www.fagorprofessional.com\/blog\/wp-json\/"}],"wp:attachment":[{"href":"https:\/\/www.fagorprofessional.com\/blog\/wp-json\/wp\/v2\/media?parent=4678"}],"wp:term":[{"taxonomy":"category","embeddable":true,"href":"https:\/\/www.fagorprofessional.com\/blog\/wp-json\/wp\/v2\/categories?post=4678"},{"taxonomy":"post_tag","embeddable":true,"href":"https:\/\/www.fagorprofessional.com\/blog\/wp-json\/wp\/v2\/tags?post=4678"}],"curies":[{"name":"wp","href":"https:\/\/api.w.org\/{rel}","templated":true}]}}