{"id":4717,"date":"2020-05-11T11:36:00","date_gmt":"2020-05-11T09:36:00","guid":{"rendered":"https:\/\/www.fagorprofessional.com\/blog\/?p=4717"},"modified":"2024-04-19T10:34:47","modified_gmt":"2024-04-19T10:34:47","slug":"preparar-equipos-hosteleria-fase-1-desescalada","status":"publish","type":"post","link":"https:\/\/www.fagorprofessional.com\/blog\/es\/preparar-equipos-hosteleria-fase-1-desescalada\/","title":{"rendered":"C\u00f3mo preparar los equipos de hosteler\u00eda para la Fase 1 de la desescalada"},"content":{"rendered":"<p><strong>Los bares y restaurantes abren sus terrazas al 50% con la necesidad de reactivar sus negocios tras casi dos meses de par\u00f3n y la responsabilidad de mantener la operatividad de sus equipos y la seguridad de trabajadores y consumidores<\/strong><\/p>\n<p>En <a>Fagor Professional<\/a> queremos estar al lado de <strong>hosteleros y restauradores que abren sus puertas al p\u00fablico este lunes 11 de mayo<\/strong> con motivo de la entrada en vigor de la Fase 1 de la desescalada en las provincias designadas.<\/p>\n<p><a <a href=\"https:\/\/www.fagorprofessional.com\/es\/equipos-cocina\/cocinas-industriales\/coccion-independiente\" rel=\"nofollow\" target=\"_blank\">Equipos de cocci\u00f3n<\/a>, hornos de convecci\u00f3n, lavado de vajilla, refrigeraci\u00f3n, etc. son algunos de los equipamientos de hosteler\u00ed\u00ada y restauraci\u00f3n que los establecimientos volver\u00e1n a poner en marcha tras casi dos meses de inactividad. Para ayudar a los profesionales del sector, hemos publicado una serie de consejos esenciales para la <strong>correcta reactivaci\u00f3n de los equipos<\/strong> y ponemos a disposici\u00f3n de nuestros clientes nuestro servicio posventa para asegurar que la nueva apertura al p\u00fablico se hace con todas las garant\u00ed\u00adas de \u00e9xito.<\/p>\n<p><em>\u00abEl sector de la restauraci\u00f3n y la hosteler\u00ed\u00ada se ha enfrentado a una situaci\u00f3n sin igual y, tras dos meses de par\u00f3n, por fin puede reactivar sus negocios. Desde Fagor Professional, queremos que nuestros clientes afronten esta Fase 1 de la desescalada con todas las garant\u00ed\u00adas de seguridad y operatividad en sus equipos: para ello, les hacemos llegar una completa gu\u00ed\u00ada de reactivaci\u00f3n, mantenimiento, desinfecci\u00f3n y cuidados que les permitan estar cubiertos de cara a esta vuelta a la actividad\u00bb,<\/em> afirma Mario L\u00f3pez, Director General de Fagor Professional.<\/p>\n<p><img decoding=\"async\" class=\"aligncenter lazyload\" src=\"data:image\/gif;base64,R0lGODlhAQABAIAAAAAAAP\/\/\/yH5BAEAAAAALAAAAAABAAEAAAIBRAA7\" data-src=\"https:\/\/www.fagorprofessional.com\/blog\/wp-content\/uploads\/2020\/05\/Infografia_ES.jpg\" \/><noscript><img decoding=\"async\" class=\"aligncenter lazyload\" src=\"https:\/\/www.fagorprofessional.com\/blog\/wp-content\/uploads\/2020\/05\/Infografia_ES.jpg\" \/><\/noscript><\/p>\n<p><a><img class=\"lazyload\" class=\"\" alt=\"\" width=\"\" height=\"\" \/><\/a><\/p>\n<p>Aqu\u00ed\u00ad <a target=\"\" rel=\"noopener\">puedes ver y descargarte la infograf\u00ed\u00ada en pdf<\/a><\/p>\n","protected":false},"excerpt":{"rendered":"<p>Los bares y restaurantes abren sus terrazas al 50% con la necesidad de reactivar sus negocios tras casi dos meses de par\u00f3n y la responsabilidad de mantener la operatividad de sus equipos y la seguridad de trabajadores y consumidores En Fagor Professional queremos estar al lado de hosteleros y restauradores que abren sus puertas al&#8230;<\/p>\n","protected":false},"author":1,"featured_media":1,"comment_status":"open","ping_status":"open","sticky":false,"template":"","format":"standard","meta":{"_acf_changed":false,"footnotes":""},"categories":[7],"tags":[],"class_list":["post-4717","post","type-post","status-publish","format-standard","has-post-thumbnail","hentry","category-tendencias-y-consejos"],"acf":[],"yoast_head":"<!-- This site is optimized with the Yoast SEO plugin v27.4 - https:\/\/yoast.com\/product\/yoast-seo-wordpress\/ -->\n<title>C\u00f3mo preparar los equipos de hosteler\u00eda para la Fase 1 de desescalada<\/title>\n<meta name=\"description\" content=\"Hemos publicado una serie de consejos esenciales para la correcta reactivaci\u00f3n de los equipos y ponemos a disposici\u00f3n de nuestros clientes nuestro servicio posventa para asegurar que la nueva apertura al p\u00fablico se hace con todas las garant\u00edas de \u00e9xito.\" \/>\n<meta name=\"robots\" content=\"index, follow, max-snippet:-1, max-image-preview:large, max-video-preview:-1\" \/>\n<link rel=\"canonical\" href=\"https:\/\/www.fagorprofessional.com\/blog\/es\/preparar-equipos-hosteleria-fase-1-desescalada\/\" \/>\n<meta property=\"og:locale\" content=\"es_ES\" \/>\n<meta property=\"og:type\" content=\"article\" \/>\n<meta property=\"og:title\" content=\"C\u00f3mo preparar los equipos de hosteler\u00eda para la Fase 1 de desescalada\" \/>\n<meta property=\"og:description\" content=\"Hemos publicado una serie de consejos esenciales para la correcta reactivaci\u00f3n de los equipos y ponemos a disposici\u00f3n de nuestros clientes nuestro servicio posventa para asegurar que la nueva apertura al p\u00fablico se hace con todas las garant\u00edas de \u00e9xito.\" \/>\n<meta property=\"og:url\" content=\"https:\/\/www.fagorprofessional.com\/blog\/es\/preparar-equipos-hosteleria-fase-1-desescalada\/\" \/>\n<meta property=\"og:site_name\" content=\"Fagor Professional&#039;s Blog\" \/>\n<meta property=\"article:published_time\" content=\"2020-05-11T09:36:00+00:00\" \/>\n<meta property=\"article:modified_time\" content=\"2024-04-19T10:34:47+00:00\" \/>\n<meta name=\"author\" content=\"admin\" \/>\n<meta name=\"twitter:card\" content=\"summary_large_image\" \/>\n<meta name=\"twitter:label1\" content=\"Escrito por\" \/>\n\t<meta name=\"twitter:data1\" content=\"admin\" \/>\n\t<meta name=\"twitter:label2\" content=\"Tiempo de lectura\" \/>\n\t<meta name=\"twitter:data2\" content=\"2 minutos\" \/>\n<script type=\"application\/ld+json\" class=\"yoast-schema-graph\">{\"@context\":\"https:\\\/\\\/schema.org\",\"@graph\":[{\"@type\":\"Article\",\"@id\":\"https:\\\/\\\/www.fagorprofessional.com\\\/blog\\\/es\\\/preparar-equipos-hosteleria-fase-1-desescalada\\\/#article\",\"isPartOf\":{\"@id\":\"https:\\\/\\\/www.fagorprofessional.com\\\/blog\\\/es\\\/preparar-equipos-hosteleria-fase-1-desescalada\\\/\"},\"author\":{\"name\":\"admin\",\"@id\":\"https:\\\/\\\/www.fagorprofessional.com\\\/blog\\\/#\\\/schema\\\/person\\\/c2dc508ffda39316cf0e8a45f15cb4e4\"},\"headline\":\"C\u00f3mo preparar los equipos de hosteler\u00eda para la Fase 1 de la desescalada\",\"datePublished\":\"2020-05-11T09:36:00+00:00\",\"dateModified\":\"2024-04-19T10:34:47+00:00\",\"mainEntityOfPage\":{\"@id\":\"https:\\\/\\\/www.fagorprofessional.com\\\/blog\\\/es\\\/preparar-equipos-hosteleria-fase-1-desescalada\\\/\"},\"wordCount\":289,\"commentCount\":0,\"image\":{\"@id\":\"https:\\\/\\\/www.fagorprofessional.com\\\/blog\\\/es\\\/preparar-equipos-hosteleria-fase-1-desescalada\\\/#primaryimage\"},\"thumbnailUrl\":\"\",\"articleSection\":[\"Tendencias y consejos\"],\"inLanguage\":\"es\",\"potentialAction\":[{\"@type\":\"CommentAction\",\"name\":\"Comment\",\"target\":[\"https:\\\/\\\/www.fagorprofessional.com\\\/blog\\\/es\\\/preparar-equipos-hosteleria-fase-1-desescalada\\\/#respond\"]}]},{\"@type\":\"WebPage\",\"@id\":\"https:\\\/\\\/www.fagorprofessional.com\\\/blog\\\/es\\\/preparar-equipos-hosteleria-fase-1-desescalada\\\/\",\"url\":\"https:\\\/\\\/www.fagorprofessional.com\\\/blog\\\/es\\\/preparar-equipos-hosteleria-fase-1-desescalada\\\/\",\"name\":\"C\u00f3mo preparar los equipos de hosteler\u00eda para la Fase 1 de desescalada\",\"isPartOf\":{\"@id\":\"https:\\\/\\\/www.fagorprofessional.com\\\/blog\\\/#website\"},\"primaryImageOfPage\":{\"@id\":\"https:\\\/\\\/www.fagorprofessional.com\\\/blog\\\/es\\\/preparar-equipos-hosteleria-fase-1-desescalada\\\/#primaryimage\"},\"image\":{\"@id\":\"https:\\\/\\\/www.fagorprofessional.com\\\/blog\\\/es\\\/preparar-equipos-hosteleria-fase-1-desescalada\\\/#primaryimage\"},\"thumbnailUrl\":\"\",\"datePublished\":\"2020-05-11T09:36:00+00:00\",\"dateModified\":\"2024-04-19T10:34:47+00:00\",\"author\":{\"@id\":\"https:\\\/\\\/www.fagorprofessional.com\\\/blog\\\/#\\\/schema\\\/person\\\/c2dc508ffda39316cf0e8a45f15cb4e4\"},\"description\":\"Hemos publicado una serie de consejos esenciales para la correcta reactivaci\u00f3n de los equipos y ponemos a disposici\u00f3n de nuestros clientes nuestro servicio posventa para asegurar que la nueva apertura al p\u00fablico se hace con todas las garant\u00edas de \u00e9xito.\",\"breadcrumb\":{\"@id\":\"https:\\\/\\\/www.fagorprofessional.com\\\/blog\\\/es\\\/preparar-equipos-hosteleria-fase-1-desescalada\\\/#breadcrumb\"},\"inLanguage\":\"es\",\"potentialAction\":[{\"@type\":\"ReadAction\",\"target\":[\"https:\\\/\\\/www.fagorprofessional.com\\\/blog\\\/es\\\/preparar-equipos-hosteleria-fase-1-desescalada\\\/\"]}]},{\"@type\":\"ImageObject\",\"inLanguage\":\"es\",\"@id\":\"https:\\\/\\\/www.fagorprofessional.com\\\/blog\\\/es\\\/preparar-equipos-hosteleria-fase-1-desescalada\\\/#primaryimage\",\"url\":\"\",\"contentUrl\":\"\"},{\"@type\":\"BreadcrumbList\",\"@id\":\"https:\\\/\\\/www.fagorprofessional.com\\\/blog\\\/es\\\/preparar-equipos-hosteleria-fase-1-desescalada\\\/#breadcrumb\",\"itemListElement\":[{\"@type\":\"ListItem\",\"position\":1,\"name\":\"Fagor Professional Blog\",\"item\":\"https:\\\/\\\/www.fagorprofessional.com\\\/blog\\\/\"},{\"@type\":\"ListItem\",\"position\":2,\"name\":\"Tendencias y consejos\",\"item\":\"https:\\\/\\\/www.fagorprofessional.com\\\/blog\\\/es\\\/tendencias-y-consejos\\\/\"},{\"@type\":\"ListItem\",\"position\":3,\"name\":\"C\u00f3mo preparar los equipos de hosteler\u00eda para la Fase 1 de la desescalada\"}]},{\"@type\":\"WebSite\",\"@id\":\"https:\\\/\\\/www.fagorprofessional.com\\\/blog\\\/#website\",\"url\":\"https:\\\/\\\/www.fagorprofessional.com\\\/blog\\\/\",\"name\":\"Fagor Professional&#039;s Blog\",\"description\":\"Fagor Professional&#039;s Blog\",\"potentialAction\":[{\"@type\":\"SearchAction\",\"target\":{\"@type\":\"EntryPoint\",\"urlTemplate\":\"https:\\\/\\\/www.fagorprofessional.com\\\/blog\\\/?s={search_term_string}\"},\"query-input\":{\"@type\":\"PropertyValueSpecification\",\"valueRequired\":true,\"valueName\":\"search_term_string\"}}],\"inLanguage\":\"es\"},{\"@type\":\"Person\",\"@id\":\"https:\\\/\\\/www.fagorprofessional.com\\\/blog\\\/#\\\/schema\\\/person\\\/c2dc508ffda39316cf0e8a45f15cb4e4\",\"name\":\"admin\",\"image\":{\"@type\":\"ImageObject\",\"inLanguage\":\"es\",\"@id\":\"https:\\\/\\\/secure.gravatar.com\\\/avatar\\\/af0a4c336046e868f98b17f2a27b6f9426e8aba09b92828569a3ca2b54e3d91c?s=96&d=mm&r=g\",\"url\":\"https:\\\/\\\/secure.gravatar.com\\\/avatar\\\/af0a4c336046e868f98b17f2a27b6f9426e8aba09b92828569a3ca2b54e3d91c?s=96&d=mm&r=g\",\"contentUrl\":\"https:\\\/\\\/secure.gravatar.com\\\/avatar\\\/af0a4c336046e868f98b17f2a27b6f9426e8aba09b92828569a3ca2b54e3d91c?s=96&d=mm&r=g\",\"caption\":\"admin\"},\"sameAs\":[\"https:\\\/\\\/www.fagorprofessional.com\\\/blog\"]}]}<\/script>\n<!-- \/ Yoast SEO plugin. -->","yoast_head_json":{"title":"C\u00f3mo preparar los equipos de hosteler\u00eda para la Fase 1 de desescalada","description":"Hemos publicado una serie de consejos esenciales para la correcta reactivaci\u00f3n de los equipos y ponemos a disposici\u00f3n de nuestros clientes nuestro servicio posventa para asegurar que la nueva apertura al p\u00fablico se hace con todas las garant\u00edas de \u00e9xito.","robots":{"index":"index","follow":"follow","max-snippet":"max-snippet:-1","max-image-preview":"max-image-preview:large","max-video-preview":"max-video-preview:-1"},"canonical":"https:\/\/www.fagorprofessional.com\/blog\/es\/preparar-equipos-hosteleria-fase-1-desescalada\/","og_locale":"es_ES","og_type":"article","og_title":"C\u00f3mo preparar los equipos de hosteler\u00eda para la Fase 1 de desescalada","og_description":"Hemos publicado una serie de consejos esenciales para la correcta reactivaci\u00f3n de los equipos y ponemos a disposici\u00f3n de nuestros clientes nuestro servicio posventa para asegurar que la nueva apertura al p\u00fablico se hace con todas las garant\u00edas de \u00e9xito.","og_url":"https:\/\/www.fagorprofessional.com\/blog\/es\/preparar-equipos-hosteleria-fase-1-desescalada\/","og_site_name":"Fagor Professional&#039;s Blog","article_published_time":"2020-05-11T09:36:00+00:00","article_modified_time":"2024-04-19T10:34:47+00:00","author":"admin","twitter_card":"summary_large_image","twitter_misc":{"Escrito por":"admin","Tiempo de lectura":"2 minutos"},"schema":{"@context":"https:\/\/schema.org","@graph":[{"@type":"Article","@id":"https:\/\/www.fagorprofessional.com\/blog\/es\/preparar-equipos-hosteleria-fase-1-desescalada\/#article","isPartOf":{"@id":"https:\/\/www.fagorprofessional.com\/blog\/es\/preparar-equipos-hosteleria-fase-1-desescalada\/"},"author":{"name":"admin","@id":"https:\/\/www.fagorprofessional.com\/blog\/#\/schema\/person\/c2dc508ffda39316cf0e8a45f15cb4e4"},"headline":"C\u00f3mo preparar los equipos de hosteler\u00eda para la Fase 1 de la desescalada","datePublished":"2020-05-11T09:36:00+00:00","dateModified":"2024-04-19T10:34:47+00:00","mainEntityOfPage":{"@id":"https:\/\/www.fagorprofessional.com\/blog\/es\/preparar-equipos-hosteleria-fase-1-desescalada\/"},"wordCount":289,"commentCount":0,"image":{"@id":"https:\/\/www.fagorprofessional.com\/blog\/es\/preparar-equipos-hosteleria-fase-1-desescalada\/#primaryimage"},"thumbnailUrl":"","articleSection":["Tendencias y consejos"],"inLanguage":"es","potentialAction":[{"@type":"CommentAction","name":"Comment","target":["https:\/\/www.fagorprofessional.com\/blog\/es\/preparar-equipos-hosteleria-fase-1-desescalada\/#respond"]}]},{"@type":"WebPage","@id":"https:\/\/www.fagorprofessional.com\/blog\/es\/preparar-equipos-hosteleria-fase-1-desescalada\/","url":"https:\/\/www.fagorprofessional.com\/blog\/es\/preparar-equipos-hosteleria-fase-1-desescalada\/","name":"C\u00f3mo preparar los equipos de hosteler\u00eda para la Fase 1 de desescalada","isPartOf":{"@id":"https:\/\/www.fagorprofessional.com\/blog\/#website"},"primaryImageOfPage":{"@id":"https:\/\/www.fagorprofessional.com\/blog\/es\/preparar-equipos-hosteleria-fase-1-desescalada\/#primaryimage"},"image":{"@id":"https:\/\/www.fagorprofessional.com\/blog\/es\/preparar-equipos-hosteleria-fase-1-desescalada\/#primaryimage"},"thumbnailUrl":"","datePublished":"2020-05-11T09:36:00+00:00","dateModified":"2024-04-19T10:34:47+00:00","author":{"@id":"https:\/\/www.fagorprofessional.com\/blog\/#\/schema\/person\/c2dc508ffda39316cf0e8a45f15cb4e4"},"description":"Hemos publicado una serie de consejos esenciales para la correcta reactivaci\u00f3n de los equipos y ponemos a disposici\u00f3n de nuestros clientes nuestro servicio posventa para asegurar que la nueva apertura al p\u00fablico se hace con todas las garant\u00edas de \u00e9xito.","breadcrumb":{"@id":"https:\/\/www.fagorprofessional.com\/blog\/es\/preparar-equipos-hosteleria-fase-1-desescalada\/#breadcrumb"},"inLanguage":"es","potentialAction":[{"@type":"ReadAction","target":["https:\/\/www.fagorprofessional.com\/blog\/es\/preparar-equipos-hosteleria-fase-1-desescalada\/"]}]},{"@type":"ImageObject","inLanguage":"es","@id":"https:\/\/www.fagorprofessional.com\/blog\/es\/preparar-equipos-hosteleria-fase-1-desescalada\/#primaryimage","url":"","contentUrl":""},{"@type":"BreadcrumbList","@id":"https:\/\/www.fagorprofessional.com\/blog\/es\/preparar-equipos-hosteleria-fase-1-desescalada\/#breadcrumb","itemListElement":[{"@type":"ListItem","position":1,"name":"Fagor Professional Blog","item":"https:\/\/www.fagorprofessional.com\/blog\/"},{"@type":"ListItem","position":2,"name":"Tendencias y consejos","item":"https:\/\/www.fagorprofessional.com\/blog\/es\/tendencias-y-consejos\/"},{"@type":"ListItem","position":3,"name":"C\u00f3mo preparar los equipos de hosteler\u00eda para la Fase 1 de la desescalada"}]},{"@type":"WebSite","@id":"https:\/\/www.fagorprofessional.com\/blog\/#website","url":"https:\/\/www.fagorprofessional.com\/blog\/","name":"Fagor Professional&#039;s Blog","description":"Fagor Professional&#039;s Blog","potentialAction":[{"@type":"SearchAction","target":{"@type":"EntryPoint","urlTemplate":"https:\/\/www.fagorprofessional.com\/blog\/?s={search_term_string}"},"query-input":{"@type":"PropertyValueSpecification","valueRequired":true,"valueName":"search_term_string"}}],"inLanguage":"es"},{"@type":"Person","@id":"https:\/\/www.fagorprofessional.com\/blog\/#\/schema\/person\/c2dc508ffda39316cf0e8a45f15cb4e4","name":"admin","image":{"@type":"ImageObject","inLanguage":"es","@id":"https:\/\/secure.gravatar.com\/avatar\/af0a4c336046e868f98b17f2a27b6f9426e8aba09b92828569a3ca2b54e3d91c?s=96&d=mm&r=g","url":"https:\/\/secure.gravatar.com\/avatar\/af0a4c336046e868f98b17f2a27b6f9426e8aba09b92828569a3ca2b54e3d91c?s=96&d=mm&r=g","contentUrl":"https:\/\/secure.gravatar.com\/avatar\/af0a4c336046e868f98b17f2a27b6f9426e8aba09b92828569a3ca2b54e3d91c?s=96&d=mm&r=g","caption":"admin"},"sameAs":["https:\/\/www.fagorprofessional.com\/blog"]}]}},"_links":{"self":[{"href":"https:\/\/www.fagorprofessional.com\/blog\/wp-json\/wp\/v2\/posts\/4717","targetHints":{"allow":["GET"]}}],"collection":[{"href":"https:\/\/www.fagorprofessional.com\/blog\/wp-json\/wp\/v2\/posts"}],"about":[{"href":"https:\/\/www.fagorprofessional.com\/blog\/wp-json\/wp\/v2\/types\/post"}],"author":[{"embeddable":true,"href":"https:\/\/www.fagorprofessional.com\/blog\/wp-json\/wp\/v2\/users\/1"}],"replies":[{"embeddable":true,"href":"https:\/\/www.fagorprofessional.com\/blog\/wp-json\/wp\/v2\/comments?post=4717"}],"version-history":[{"count":5,"href":"https:\/\/www.fagorprofessional.com\/blog\/wp-json\/wp\/v2\/posts\/4717\/revisions"}],"predecessor-version":[{"id":489999,"href":"https:\/\/www.fagorprofessional.com\/blog\/wp-json\/wp\/v2\/posts\/4717\/revisions\/489999"}],"wp:featuredmedia":[{"embeddable":true,"href":"https:\/\/www.fagorprofessional.com\/blog\/wp-json\/"}],"wp:attachment":[{"href":"https:\/\/www.fagorprofessional.com\/blog\/wp-json\/wp\/v2\/media?parent=4717"}],"wp:term":[{"taxonomy":"category","embeddable":true,"href":"https:\/\/www.fagorprofessional.com\/blog\/wp-json\/wp\/v2\/categories?post=4717"},{"taxonomy":"post_tag","embeddable":true,"href":"https:\/\/www.fagorprofessional.com\/blog\/wp-json\/wp\/v2\/tags?post=4717"}],"curies":[{"name":"wp","href":"https:\/\/api.w.org\/{rel}","templated":true}]}}