{"id":488784,"date":"2014-11-28T06:35:00","date_gmt":"2014-11-28T06:35:00","guid":{"rendered":"https:\/\/www.fagorprofessional.com\/blog\/?p=488784"},"modified":"2024-04-19T11:53:28","modified_gmt":"2024-04-19T11:53:28","slug":"sector-hosteleria-solicita-gobierno-programa-impulsar-equipamiento-industrial","status":"publish","type":"post","link":"https:\/\/www.fagorprofessional.com\/blog\/es\/sector-hosteleria-solicita-gobierno-programa-impulsar-equipamiento-industrial\/","title":{"rendered":"El sector de la hosteler\u00eda solicita al Gobierno un programa para impulsar el equipamiento industrial"},"content":{"rendered":"\n<p>La Federaci\u00f3n Espa\u00f1ola de Hosteler\u00eda (FEHR), junto con la Federaci\u00f3n Espa\u00f1ola de Asociaciones de Fabricantes de Maquinaria para Hosteler\u00eda, Colectividades y empresas industriales afines al sector de la hosteler\u00eda, han reivindicado una vez m\u00e1s, la necesidad que presenta el sector de realizar un programa de&nbsp;<strong>ayudas y subvenciones para mejorar las instalaciones en el sector de la hosteler\u00eda profesional.<\/strong><\/p>\n\n\n<div class=\"wp-block-image\">\n<figure class=\"aligncenter\"><a href=\"https:\/\/www.fagorprofessional.com\/blog\/wp-content\/uploads\/2014\/11\/plan-renove.jpg\"><img decoding=\"async\" src=\"data:image\/gif;base64,R0lGODlhAQABAIAAAAAAAP\/\/\/yH5BAEAAAAALAAAAAABAAEAAAIBRAA7\" data-src=\"https:\/\/www.fagorprofessional.com\/blog\/wp-content\/uploads\/2014\/11\/plan-renove.jpg\" alt=\"plan renove\" class=\"wp-image-3386 lazyload\"\/><noscript><img decoding=\"async\" src=\"https:\/\/www.fagorprofessional.com\/blog\/wp-content\/uploads\/2014\/11\/plan-renove.jpg\" alt=\"plan renove\" class=\"wp-image-3386 lazyload\"\/><\/noscript><\/a><\/figure>\n<\/div>\n\n\n<p>Este plan, como han indicado los miembros en una rueda de prensa realizada en \u2018Hostelco\u2019, ha sido presentado al gobierno, con el objetivo de\u00a0<strong>impulsar la modernizaci\u00f3n, el ahorro y la eficacia de la maquinaria industrial,\u00a0<\/strong>mejoras que ayudar\u00e1n en el ahorro de los costes generados en hosteler\u00eda y reducci\u00f3n del impacto medioambiental de las equipaciones industriales.<\/p>\n\n\n\n<p><strong>Hosteler\u00eda: un sector en crecimiento<\/strong><\/p>\n\n\n\n<p>En la actualidad, el sector de la hosteler\u00eda representa el&nbsp;<strong>7% del total del PIB espa\u00f1ol,<\/strong>&nbsp;dato que muestra una vez m\u00e1s la importancia que adquiere el sector en la riqueza espa\u00f1ola. Adem\u00e1s, cabe destacar que la producci\u00f3n del sector gener\u00f3 120.739 millones durante el a\u00f1o pasado, cifra que presenta un incremento de un 0,7% respecto a los datos registrados durante el ejercicio econ\u00f3mico del 2012.<\/p>\n\n\n\n<p><strong>Un futuro lleno de retos profesionales<\/strong><\/p>\n\n\n\n<p>Como indican los miembros de la FEHR, actualmente el sector de la hosteler\u00eda se enfrenta a importantes retos profesionales&nbsp; y a trav\u00e9s de este \u2018plan para la sostenibilidad y eficiencia energ\u00e9tica\u2019 elaborado y presentado al gobierno, el sector pretende evitar los problemas que se han ido generando durante este periodo de crisis, como ha sido la&nbsp;<strong>falta de financiaci\u00f3n para la modernizaci\u00f3n de equipamiento industrial.&nbsp;&nbsp;<\/strong><\/p>\n\n\n\n<p>Esta falta de modernizaci\u00f3n como ha indicado Jos\u00e9 Mar\u00eda Rubio (presidente de FEHR), a d\u00eda de hoy est\u00e1 generando altos consumos el\u00e9ctricos, aumentando as\u00ed el coste de la energ\u00eda de los negocios hosteleros de Espa\u00f1a.<\/p>\n\n\n\n<p>Adem\u00e1s, todos coinciden en la importancia que obtiene la<strong>\u00a0renovaci\u00f3n de equipos de refrigeraci\u00f3n, <a <a href=\"https:\/\/www.fagorprofessional.com\/es\/equipos-cocina\/lavado-vajilla\" rel=\"nofollow\" target=\"_blank\">lavado de vajilla<\/a>, lavander\u00eda y cocci\u00f3n<\/strong>, equipamientos que ayudar\u00e1n a los negocios a ser m\u00e1s eficientes energ\u00e9ticamente y responsables con el medioambiente, aspectos muy valorados por todo el sector de la hosteler\u00eda profesional.<\/p>\n\n\n\n<p>Sin duda este plan busca el impulso y la modernidad del sector, aspectos que desde hace varios a\u00f1os, los hosteleros est\u00e1n solicitando a gritos. Y vosotros, \u00bfqu\u00e9 valoraci\u00f3n realiz\u00e1is del plan? \u00bfLo veis necesario para impulsar vuestros negocios?<\/p>\n","protected":false},"excerpt":{"rendered":"<p>La Federaci\u00f3n Espa\u00f1ola de Hosteler\u00eda (FEHR), junto con la Federaci\u00f3n Espa\u00f1ola de Asociaciones de Fabricantes de Maquinaria para Hosteler\u00eda, Colectividades y empresas industriales afines al sector de la hosteler\u00eda, han reivindicado una vez m\u00e1s, la necesidad que presenta el sector de realizar un programa de&nbsp;ayudas y subvenciones para mejorar las instalaciones en el sector de&#8230;<\/p>\n","protected":false},"author":1,"featured_media":1,"comment_status":"open","ping_status":"open","sticky":false,"template":"","format":"standard","meta":{"_acf_changed":false,"footnotes":""},"categories":[7],"tags":[],"class_list":["post-488784","post","type-post","status-publish","format-standard","has-post-thumbnail","hentry","category-tendencias-y-consejos"],"acf":[],"yoast_head":"<!-- This site is optimized with the Yoast SEO plugin v27.5 - https:\/\/yoast.com\/product\/yoast-seo-wordpress\/ -->\n<title>Sector hostelero solicita programa para renovar equipamiento<\/title>\n<meta name=\"robots\" content=\"index, follow, max-snippet:-1, max-image-preview:large, max-video-preview:-1\" \/>\n<link rel=\"canonical\" href=\"https:\/\/www.fagorprofessional.com\/blog\/es\/sector-hosteleria-solicita-gobierno-programa-impulsar-equipamiento-industrial\/\" \/>\n<meta property=\"og:locale\" content=\"es_ES\" \/>\n<meta property=\"og:type\" content=\"article\" \/>\n<meta property=\"og:title\" content=\"Sector hostelero solicita programa para renovar equipamiento\" \/>\n<meta property=\"og:description\" content=\"La Federaci\u00f3n Espa\u00f1ola de Hosteler\u00eda (FEHR), junto con la Federaci\u00f3n Espa\u00f1ola de Asociaciones de Fabricantes de Maquinaria para Hosteler\u00eda, Colectividades y empresas industriales afines al sector de la hosteler\u00eda, han reivindicado una vez m\u00e1s, la necesidad que presenta el sector de realizar un programa de&nbsp;ayudas y subvenciones para mejorar las instalaciones en el sector de...\" \/>\n<meta property=\"og:url\" content=\"https:\/\/www.fagorprofessional.com\/blog\/es\/sector-hosteleria-solicita-gobierno-programa-impulsar-equipamiento-industrial\/\" \/>\n<meta property=\"og:site_name\" content=\"Fagor Professional&#039;s Blog\" \/>\n<meta property=\"article:published_time\" content=\"2014-11-28T06:35:00+00:00\" \/>\n<meta property=\"article:modified_time\" content=\"2024-04-19T11:53:28+00:00\" \/>\n<meta name=\"author\" content=\"admin\" \/>\n<meta name=\"twitter:card\" content=\"summary_large_image\" \/>\n<meta name=\"twitter:label1\" content=\"Escrito por\" \/>\n\t<meta name=\"twitter:data1\" content=\"admin\" \/>\n\t<meta name=\"twitter:label2\" content=\"Tiempo de lectura\" \/>\n\t<meta name=\"twitter:data2\" content=\"2 minutos\" \/>\n<script type=\"application\/ld+json\" class=\"yoast-schema-graph\">{\"@context\":\"https:\\\/\\\/schema.org\",\"@graph\":[{\"@type\":\"Article\",\"@id\":\"https:\\\/\\\/www.fagorprofessional.com\\\/blog\\\/es\\\/sector-hosteleria-solicita-gobierno-programa-impulsar-equipamiento-industrial\\\/#article\",\"isPartOf\":{\"@id\":\"https:\\\/\\\/www.fagorprofessional.com\\\/blog\\\/es\\\/sector-hosteleria-solicita-gobierno-programa-impulsar-equipamiento-industrial\\\/\"},\"author\":{\"name\":\"admin\",\"@id\":\"https:\\\/\\\/www.fagorprofessional.com\\\/blog\\\/#\\\/schema\\\/person\\\/c2dc508ffda39316cf0e8a45f15cb4e4\"},\"headline\":\"El sector de la hosteler\u00eda solicita al Gobierno un programa para impulsar el equipamiento industrial\",\"datePublished\":\"2014-11-28T06:35:00+00:00\",\"dateModified\":\"2024-04-19T11:53:28+00:00\",\"mainEntityOfPage\":{\"@id\":\"https:\\\/\\\/www.fagorprofessional.com\\\/blog\\\/es\\\/sector-hosteleria-solicita-gobierno-programa-impulsar-equipamiento-industrial\\\/\"},\"wordCount\":443,\"commentCount\":0,\"image\":{\"@id\":\"https:\\\/\\\/www.fagorprofessional.com\\\/blog\\\/es\\\/sector-hosteleria-solicita-gobierno-programa-impulsar-equipamiento-industrial\\\/#primaryimage\"},\"thumbnailUrl\":\"\",\"articleSection\":[\"Tendencias y consejos\"],\"inLanguage\":\"es\",\"potentialAction\":[{\"@type\":\"CommentAction\",\"name\":\"Comment\",\"target\":[\"https:\\\/\\\/www.fagorprofessional.com\\\/blog\\\/es\\\/sector-hosteleria-solicita-gobierno-programa-impulsar-equipamiento-industrial\\\/#respond\"]}]},{\"@type\":\"WebPage\",\"@id\":\"https:\\\/\\\/www.fagorprofessional.com\\\/blog\\\/es\\\/sector-hosteleria-solicita-gobierno-programa-impulsar-equipamiento-industrial\\\/\",\"url\":\"https:\\\/\\\/www.fagorprofessional.com\\\/blog\\\/es\\\/sector-hosteleria-solicita-gobierno-programa-impulsar-equipamiento-industrial\\\/\",\"name\":\"Sector hostelero solicita programa para renovar equipamiento\",\"isPartOf\":{\"@id\":\"https:\\\/\\\/www.fagorprofessional.com\\\/blog\\\/#website\"},\"primaryImageOfPage\":{\"@id\":\"https:\\\/\\\/www.fagorprofessional.com\\\/blog\\\/es\\\/sector-hosteleria-solicita-gobierno-programa-impulsar-equipamiento-industrial\\\/#primaryimage\"},\"image\":{\"@id\":\"https:\\\/\\\/www.fagorprofessional.com\\\/blog\\\/es\\\/sector-hosteleria-solicita-gobierno-programa-impulsar-equipamiento-industrial\\\/#primaryimage\"},\"thumbnailUrl\":\"\",\"datePublished\":\"2014-11-28T06:35:00+00:00\",\"dateModified\":\"2024-04-19T11:53:28+00:00\",\"author\":{\"@id\":\"https:\\\/\\\/www.fagorprofessional.com\\\/blog\\\/#\\\/schema\\\/person\\\/c2dc508ffda39316cf0e8a45f15cb4e4\"},\"breadcrumb\":{\"@id\":\"https:\\\/\\\/www.fagorprofessional.com\\\/blog\\\/es\\\/sector-hosteleria-solicita-gobierno-programa-impulsar-equipamiento-industrial\\\/#breadcrumb\"},\"inLanguage\":\"es\",\"potentialAction\":[{\"@type\":\"ReadAction\",\"target\":[\"https:\\\/\\\/www.fagorprofessional.com\\\/blog\\\/es\\\/sector-hosteleria-solicita-gobierno-programa-impulsar-equipamiento-industrial\\\/\"]}]},{\"@type\":\"ImageObject\",\"inLanguage\":\"es\",\"@id\":\"https:\\\/\\\/www.fagorprofessional.com\\\/blog\\\/es\\\/sector-hosteleria-solicita-gobierno-programa-impulsar-equipamiento-industrial\\\/#primaryimage\",\"url\":\"\",\"contentUrl\":\"\"},{\"@type\":\"BreadcrumbList\",\"@id\":\"https:\\\/\\\/www.fagorprofessional.com\\\/blog\\\/es\\\/sector-hosteleria-solicita-gobierno-programa-impulsar-equipamiento-industrial\\\/#breadcrumb\",\"itemListElement\":[{\"@type\":\"ListItem\",\"position\":1,\"name\":\"Fagor Professional Blog\",\"item\":\"https:\\\/\\\/www.fagorprofessional.com\\\/blog\\\/\"},{\"@type\":\"ListItem\",\"position\":2,\"name\":\"Tendencias y consejos\",\"item\":\"https:\\\/\\\/www.fagorprofessional.com\\\/blog\\\/es\\\/tendencias-y-consejos\\\/\"},{\"@type\":\"ListItem\",\"position\":3,\"name\":\"El sector de la hosteler\u00eda solicita al Gobierno un programa para impulsar el equipamiento industrial\"}]},{\"@type\":\"WebSite\",\"@id\":\"https:\\\/\\\/www.fagorprofessional.com\\\/blog\\\/#website\",\"url\":\"https:\\\/\\\/www.fagorprofessional.com\\\/blog\\\/\",\"name\":\"Fagor Professional&#039;s Blog\",\"description\":\"Fagor Professional&#039;s Blog\",\"potentialAction\":[{\"@type\":\"SearchAction\",\"target\":{\"@type\":\"EntryPoint\",\"urlTemplate\":\"https:\\\/\\\/www.fagorprofessional.com\\\/blog\\\/?s={search_term_string}\"},\"query-input\":{\"@type\":\"PropertyValueSpecification\",\"valueRequired\":true,\"valueName\":\"search_term_string\"}}],\"inLanguage\":\"es\"},{\"@type\":\"Person\",\"@id\":\"https:\\\/\\\/www.fagorprofessional.com\\\/blog\\\/#\\\/schema\\\/person\\\/c2dc508ffda39316cf0e8a45f15cb4e4\",\"name\":\"admin\",\"image\":{\"@type\":\"ImageObject\",\"inLanguage\":\"es\",\"@id\":\"https:\\\/\\\/secure.gravatar.com\\\/avatar\\\/af0a4c336046e868f98b17f2a27b6f9426e8aba09b92828569a3ca2b54e3d91c?s=96&d=mm&r=g\",\"url\":\"https:\\\/\\\/secure.gravatar.com\\\/avatar\\\/af0a4c336046e868f98b17f2a27b6f9426e8aba09b92828569a3ca2b54e3d91c?s=96&d=mm&r=g\",\"contentUrl\":\"https:\\\/\\\/secure.gravatar.com\\\/avatar\\\/af0a4c336046e868f98b17f2a27b6f9426e8aba09b92828569a3ca2b54e3d91c?s=96&d=mm&r=g\",\"caption\":\"admin\"},\"sameAs\":[\"https:\\\/\\\/www.fagorprofessional.com\\\/blog\"]}]}<\/script>\n<!-- \/ Yoast SEO plugin. -->","yoast_head_json":{"title":"Sector hostelero solicita programa para renovar equipamiento","robots":{"index":"index","follow":"follow","max-snippet":"max-snippet:-1","max-image-preview":"max-image-preview:large","max-video-preview":"max-video-preview:-1"},"canonical":"https:\/\/www.fagorprofessional.com\/blog\/es\/sector-hosteleria-solicita-gobierno-programa-impulsar-equipamiento-industrial\/","og_locale":"es_ES","og_type":"article","og_title":"Sector hostelero solicita programa para renovar equipamiento","og_description":"La Federaci\u00f3n Espa\u00f1ola de Hosteler\u00eda (FEHR), junto con la Federaci\u00f3n Espa\u00f1ola de Asociaciones de Fabricantes de Maquinaria para Hosteler\u00eda, Colectividades y empresas industriales afines al sector de la hosteler\u00eda, han reivindicado una vez m\u00e1s, la necesidad que presenta el sector de realizar un programa de&nbsp;ayudas y subvenciones para mejorar las instalaciones en el sector de...","og_url":"https:\/\/www.fagorprofessional.com\/blog\/es\/sector-hosteleria-solicita-gobierno-programa-impulsar-equipamiento-industrial\/","og_site_name":"Fagor Professional&#039;s Blog","article_published_time":"2014-11-28T06:35:00+00:00","article_modified_time":"2024-04-19T11:53:28+00:00","author":"admin","twitter_card":"summary_large_image","twitter_misc":{"Escrito por":"admin","Tiempo de lectura":"2 minutos"},"schema":{"@context":"https:\/\/schema.org","@graph":[{"@type":"Article","@id":"https:\/\/www.fagorprofessional.com\/blog\/es\/sector-hosteleria-solicita-gobierno-programa-impulsar-equipamiento-industrial\/#article","isPartOf":{"@id":"https:\/\/www.fagorprofessional.com\/blog\/es\/sector-hosteleria-solicita-gobierno-programa-impulsar-equipamiento-industrial\/"},"author":{"name":"admin","@id":"https:\/\/www.fagorprofessional.com\/blog\/#\/schema\/person\/c2dc508ffda39316cf0e8a45f15cb4e4"},"headline":"El sector de la hosteler\u00eda solicita al Gobierno un programa para impulsar el equipamiento industrial","datePublished":"2014-11-28T06:35:00+00:00","dateModified":"2024-04-19T11:53:28+00:00","mainEntityOfPage":{"@id":"https:\/\/www.fagorprofessional.com\/blog\/es\/sector-hosteleria-solicita-gobierno-programa-impulsar-equipamiento-industrial\/"},"wordCount":443,"commentCount":0,"image":{"@id":"https:\/\/www.fagorprofessional.com\/blog\/es\/sector-hosteleria-solicita-gobierno-programa-impulsar-equipamiento-industrial\/#primaryimage"},"thumbnailUrl":"","articleSection":["Tendencias y consejos"],"inLanguage":"es","potentialAction":[{"@type":"CommentAction","name":"Comment","target":["https:\/\/www.fagorprofessional.com\/blog\/es\/sector-hosteleria-solicita-gobierno-programa-impulsar-equipamiento-industrial\/#respond"]}]},{"@type":"WebPage","@id":"https:\/\/www.fagorprofessional.com\/blog\/es\/sector-hosteleria-solicita-gobierno-programa-impulsar-equipamiento-industrial\/","url":"https:\/\/www.fagorprofessional.com\/blog\/es\/sector-hosteleria-solicita-gobierno-programa-impulsar-equipamiento-industrial\/","name":"Sector hostelero solicita programa para renovar equipamiento","isPartOf":{"@id":"https:\/\/www.fagorprofessional.com\/blog\/#website"},"primaryImageOfPage":{"@id":"https:\/\/www.fagorprofessional.com\/blog\/es\/sector-hosteleria-solicita-gobierno-programa-impulsar-equipamiento-industrial\/#primaryimage"},"image":{"@id":"https:\/\/www.fagorprofessional.com\/blog\/es\/sector-hosteleria-solicita-gobierno-programa-impulsar-equipamiento-industrial\/#primaryimage"},"thumbnailUrl":"","datePublished":"2014-11-28T06:35:00+00:00","dateModified":"2024-04-19T11:53:28+00:00","author":{"@id":"https:\/\/www.fagorprofessional.com\/blog\/#\/schema\/person\/c2dc508ffda39316cf0e8a45f15cb4e4"},"breadcrumb":{"@id":"https:\/\/www.fagorprofessional.com\/blog\/es\/sector-hosteleria-solicita-gobierno-programa-impulsar-equipamiento-industrial\/#breadcrumb"},"inLanguage":"es","potentialAction":[{"@type":"ReadAction","target":["https:\/\/www.fagorprofessional.com\/blog\/es\/sector-hosteleria-solicita-gobierno-programa-impulsar-equipamiento-industrial\/"]}]},{"@type":"ImageObject","inLanguage":"es","@id":"https:\/\/www.fagorprofessional.com\/blog\/es\/sector-hosteleria-solicita-gobierno-programa-impulsar-equipamiento-industrial\/#primaryimage","url":"","contentUrl":""},{"@type":"BreadcrumbList","@id":"https:\/\/www.fagorprofessional.com\/blog\/es\/sector-hosteleria-solicita-gobierno-programa-impulsar-equipamiento-industrial\/#breadcrumb","itemListElement":[{"@type":"ListItem","position":1,"name":"Fagor Professional Blog","item":"https:\/\/www.fagorprofessional.com\/blog\/"},{"@type":"ListItem","position":2,"name":"Tendencias y consejos","item":"https:\/\/www.fagorprofessional.com\/blog\/es\/tendencias-y-consejos\/"},{"@type":"ListItem","position":3,"name":"El sector de la hosteler\u00eda solicita al Gobierno un programa para impulsar el equipamiento industrial"}]},{"@type":"WebSite","@id":"https:\/\/www.fagorprofessional.com\/blog\/#website","url":"https:\/\/www.fagorprofessional.com\/blog\/","name":"Fagor Professional&#039;s Blog","description":"Fagor Professional&#039;s Blog","potentialAction":[{"@type":"SearchAction","target":{"@type":"EntryPoint","urlTemplate":"https:\/\/www.fagorprofessional.com\/blog\/?s={search_term_string}"},"query-input":{"@type":"PropertyValueSpecification","valueRequired":true,"valueName":"search_term_string"}}],"inLanguage":"es"},{"@type":"Person","@id":"https:\/\/www.fagorprofessional.com\/blog\/#\/schema\/person\/c2dc508ffda39316cf0e8a45f15cb4e4","name":"admin","image":{"@type":"ImageObject","inLanguage":"es","@id":"https:\/\/secure.gravatar.com\/avatar\/af0a4c336046e868f98b17f2a27b6f9426e8aba09b92828569a3ca2b54e3d91c?s=96&d=mm&r=g","url":"https:\/\/secure.gravatar.com\/avatar\/af0a4c336046e868f98b17f2a27b6f9426e8aba09b92828569a3ca2b54e3d91c?s=96&d=mm&r=g","contentUrl":"https:\/\/secure.gravatar.com\/avatar\/af0a4c336046e868f98b17f2a27b6f9426e8aba09b92828569a3ca2b54e3d91c?s=96&d=mm&r=g","caption":"admin"},"sameAs":["https:\/\/www.fagorprofessional.com\/blog"]}]}},"_links":{"self":[{"href":"https:\/\/www.fagorprofessional.com\/blog\/wp-json\/wp\/v2\/posts\/488784","targetHints":{"allow":["GET"]}}],"collection":[{"href":"https:\/\/www.fagorprofessional.com\/blog\/wp-json\/wp\/v2\/posts"}],"about":[{"href":"https:\/\/www.fagorprofessional.com\/blog\/wp-json\/wp\/v2\/types\/post"}],"author":[{"embeddable":true,"href":"https:\/\/www.fagorprofessional.com\/blog\/wp-json\/wp\/v2\/users\/1"}],"replies":[{"embeddable":true,"href":"https:\/\/www.fagorprofessional.com\/blog\/wp-json\/wp\/v2\/comments?post=488784"}],"version-history":[{"count":5,"href":"https:\/\/www.fagorprofessional.com\/blog\/wp-json\/wp\/v2\/posts\/488784\/revisions"}],"predecessor-version":[{"id":490607,"href":"https:\/\/www.fagorprofessional.com\/blog\/wp-json\/wp\/v2\/posts\/488784\/revisions\/490607"}],"wp:featuredmedia":[{"embeddable":true,"href":"https:\/\/www.fagorprofessional.com\/blog\/wp-json\/"}],"wp:attachment":[{"href":"https:\/\/www.fagorprofessional.com\/blog\/wp-json\/wp\/v2\/media?parent=488784"}],"wp:term":[{"taxonomy":"category","embeddable":true,"href":"https:\/\/www.fagorprofessional.com\/blog\/wp-json\/wp\/v2\/categories?post=488784"},{"taxonomy":"post_tag","embeddable":true,"href":"https:\/\/www.fagorprofessional.com\/blog\/wp-json\/wp\/v2\/tags?post=488784"}],"curies":[{"name":"wp","href":"https:\/\/api.w.org\/{rel}","templated":true}]}}