{"id":490460,"date":"2022-11-22T12:29:51","date_gmt":"2022-11-22T12:29:51","guid":{"rendered":"https:\/\/www.fagorprofessional.com\/blog\/?p=490460"},"modified":"2022-11-22T12:42:19","modified_gmt":"2022-11-22T12:42:19","slug":"organizar-armario-frigorifico-hosteleria","status":"publish","type":"post","link":"https:\/\/www.fagorprofessional.com\/blog\/es\/organizar-armario-frigorifico-hosteleria\/","title":{"rendered":"C\u00f3mo organizar un armario frigor\u00edfico en hosteler\u00eda"},"content":{"rendered":"\t\t<div data-elementor-type=\"wp-post\" data-elementor-id=\"490460\" class=\"elementor elementor-490460\">\n\t\t\t\t\t\t<section class=\"elementor-section elementor-top-section elementor-element elementor-element-88210ff elementor-section-boxed elementor-section-height-default elementor-section-height-default\" data-id=\"88210ff\" data-element_type=\"section\" data-e-type=\"section\">\n\t\t\t\t\t\t<div class=\"elementor-container elementor-column-gap-default\">\n\t\t\t\t\t<div class=\"elementor-column elementor-col-100 elementor-top-column elementor-element elementor-element-66ef9be\" data-id=\"66ef9be\" data-element_type=\"column\" data-e-type=\"column\">\n\t\t\t<div class=\"elementor-widget-wrap elementor-element-populated\">\n\t\t\t\t\t\t<div class=\"elementor-element elementor-element-abe66b8 elementor-widget elementor-widget-text-editor\" data-id=\"abe66b8\" data-element_type=\"widget\" data-e-type=\"widget\" data-widget_type=\"text-editor.default\">\n\t\t\t\t<div class=\"elementor-widget-container\">\n\t\t\t\t\t\t\t\t\t<p><span data-contrast=\"auto\">Parece algo sencillo, pero te vamos a asegurar que no lo es tanto. Organizar correctamente los <\/span><a href=\"https:\/\/www.fagorprofessional.com\/es\/equipos-cocina\/frio-comercial\/armarios-frigorificos\"><span data-contrast=\"none\">armarios frigor\u00edficos industriales<\/span><\/a><span data-contrast=\"auto\"> en tu bar o restaurante es una tarea imprescindible para mantener la calidad de los alimentos. Aunque pensemos que, al tener diferentes estantes, podemos organizarlas en base a nuestro propio criterio, hay unas normas no escritas para asegurar la higiene y seguridad alimentaria y evitar as\u00ed problemas con nuestros clientes y comensales.<\/span><span data-ccp-props=\"{&quot;201341983&quot;:0,&quot;335559739&quot;:160,&quot;335559740&quot;:259}\">\u00a0<\/span><\/p><p><span data-contrast=\"auto\">Lo primero a tener en cuenta son tres aspectos fundamentales a la hora de conservar alimentos refrigerados: la higiene, la temperatura y el tiempo de conservaci\u00f3n.<\/span><span data-ccp-props=\"{&quot;201341983&quot;:0,&quot;335559739&quot;:160,&quot;335559740&quot;:259}\">\u00a0<\/span><\/p>\t\t\t\t\t\t\t\t<\/div>\n\t\t\t\t<\/div>\n\t\t\t\t\t<\/div>\n\t\t<\/div>\n\t\t\t\t\t<\/div>\n\t\t<\/section>\n\t\t\t\t<section class=\"elementor-section elementor-top-section elementor-element elementor-element-4410f54 elementor-section-boxed elementor-section-height-default elementor-section-height-default\" data-id=\"4410f54\" data-element_type=\"section\" data-e-type=\"section\">\n\t\t\t\t\t\t<div class=\"elementor-container elementor-column-gap-default\">\n\t\t\t\t\t<div class=\"elementor-column elementor-col-100 elementor-top-column elementor-element elementor-element-cd278d8\" data-id=\"cd278d8\" data-element_type=\"column\" data-e-type=\"column\">\n\t\t\t<div class=\"elementor-widget-wrap elementor-element-populated\">\n\t\t\t\t\t\t<section class=\"elementor-section elementor-inner-section elementor-element elementor-element-240779b elementor-section-boxed elementor-section-height-default elementor-section-height-default\" data-id=\"240779b\" data-element_type=\"section\" data-e-type=\"section\">\n\t\t\t\t\t\t<div class=\"elementor-container elementor-column-gap-default\">\n\t\t\t\t\t<div class=\"elementor-column elementor-col-50 elementor-inner-column elementor-element elementor-element-5ce2e89\" data-id=\"5ce2e89\" data-element_type=\"column\" data-e-type=\"column\">\n\t\t\t<div class=\"elementor-widget-wrap elementor-element-populated\">\n\t\t\t\t\t\t<div class=\"elementor-element elementor-element-9c1dff8 elementor-widget elementor-widget-heading\" data-id=\"9c1dff8\" data-element_type=\"widget\" data-e-type=\"widget\" data-widget_type=\"heading.default\">\n\t\t\t\t<div class=\"elementor-widget-container\">\n\t\t\t\t\t<h2 class=\"elementor-heading-title elementor-size-default\">Higiene<\/h2>\t\t\t\t<\/div>\n\t\t\t\t<\/div>\n\t\t\t\t<div class=\"elementor-element elementor-element-3fe12c7 elementor-widget elementor-widget-text-editor\" data-id=\"3fe12c7\" data-element_type=\"widget\" data-e-type=\"widget\" data-widget_type=\"text-editor.default\">\n\t\t\t\t<div class=\"elementor-widget-container\">\n\t\t\t\t\t\t\t\t\t<p><span data-contrast=\"auto\">Al igual que mantenemos una higiene \u00f3ptima y adecuada del resto de elementos que componen una <\/span><a href=\"https:\/\/www.fagorprofessional.com\/es\/equipos-cocina\/cocinas-industriales\"><span data-contrast=\"none\">cocina profesional<\/span><\/a><span data-contrast=\"auto\">, es importante no olvidar uno de los elementos m\u00e1s importantes en la conservaci\u00f3n de los alimentos que har\u00e1n las delicias de los comensales.<\/span><span data-ccp-props=\"{&quot;201341983&quot;:0,&quot;335559739&quot;:160,&quot;335559740&quot;:259}\">\u00a0<\/span><\/p><p><span data-contrast=\"auto\">Al ser un espacio por el que pasan numerosos alimentos, es importante mantener una higiene y una limpieza adecuada del armario frigor\u00edfico profesional para evitar una posible contaminaci\u00f3n cruzada. Por eso, la limpieza del interior tendr\u00e1 que realizarse frecuentemente.<\/span><span data-ccp-props=\"{&quot;201341983&quot;:0,&quot;335559739&quot;:160,&quot;335559740&quot;:259}\">\u00a0<\/span><\/p><p><span class=\"TextRun SCXW121172724 BCX0\" lang=\"ES-ES\" xml:lang=\"ES-ES\" data-contrast=\"auto\"><span class=\"NormalTextRun SCXW121172724 BCX0\">Los armarios frigor\u00edficos industriales son un ambiente perfecto para la proliferaci\u00f3n de bacterias que pueden resultar peligrosas para la salud de los clientes, <\/span><span class=\"NormalTextRun SCXW121172724 BCX0\">ya <\/span><span class=\"NormalTextRun SCXW121172724 BCX0\">que pueden genera<\/span><span class=\"NormalTextRun SCXW121172724 BCX0\">r intoxicaciones, enfermedades o<\/span><span class=\"NormalTextRun SCXW121172724 BCX0\"> alergias.<\/span> <\/span><\/p>\t\t\t\t\t\t\t\t<\/div>\n\t\t\t\t<\/div>\n\t\t\t\t\t<\/div>\n\t\t<\/div>\n\t\t\t\t<div class=\"elementor-column elementor-col-50 elementor-inner-column elementor-element elementor-element-acab1d5\" data-id=\"acab1d5\" data-element_type=\"column\" data-e-type=\"column\">\n\t\t\t<div class=\"elementor-widget-wrap elementor-element-populated\">\n\t\t\t\t\t\t<div class=\"elementor-element elementor-element-33b066c elementor-widget elementor-widget-image\" data-id=\"33b066c\" data-element_type=\"widget\" data-e-type=\"widget\" data-widget_type=\"image.default\">\n\t\t\t\t<div class=\"elementor-widget-container\">\n\t\t\t\t\t\t\t\t\t\t\t\t\t\t\t<img fetchpriority=\"high\" decoding=\"async\" width=\"600\" height=\"400\" src=\"data:image\/gif;base64,R0lGODlhAQABAIAAAAAAAP\/\/\/yH5BAEAAAAALAAAAAABAAEAAAIBRAA7\" data-src=\"https:\/\/www.fagorprofessional.com\/blog\/wp-content\/uploads\/2022\/11\/fri\u0301o-comercial.png\" class=\"attachment-large size-large wp-image-490465 lazyload\" alt=\"Fr\u00edo comercial\" data-srcset=\"https:\/\/www.fagorprofessional.com\/blog\/wp-content\/uploads\/2022\/11\/fri\u0301o-comercial.png 600w, https:\/\/www.fagorprofessional.com\/blog\/wp-content\/uploads\/2022\/11\/fri\u0301o-comercial-300x200.png 300w\" sizes=\"(max-width: 600px) 100vw, 600px\" \/><noscript><img decoding=\"async\" width=\"600\" height=\"400\" src=\"https:\/\/www.fagorprofessional.com\/blog\/wp-content\/uploads\/2022\/11\/fri\u0301o-comercial.png\" class=\"attachment-large size-large wp-image-490465 lazyload\" alt=\"Fr\u00edo comercial\" srcset=\"https:\/\/www.fagorprofessional.com\/blog\/wp-content\/uploads\/2022\/11\/fri\u0301o-comercial.png 600w, https:\/\/www.fagorprofessional.com\/blog\/wp-content\/uploads\/2022\/11\/fri\u0301o-comercial-300x200.png 300w\" sizes=\"(max-width: 600px) 100vw, 600px\" \/><\/noscript>\t\t\t\t\t\t\t\t\t\t\t\t\t\t\t<\/div>\n\t\t\t\t<\/div>\n\t\t\t\t\t<\/div>\n\t\t<\/div>\n\t\t\t\t\t<\/div>\n\t\t<\/section>\n\t\t\t\t\t<\/div>\n\t\t<\/div>\n\t\t\t\t\t<\/div>\n\t\t<\/section>\n\t\t\t\t<section class=\"elementor-section elementor-top-section elementor-element elementor-element-f6c0e7a elementor-section-boxed elementor-section-height-default elementor-section-height-default\" data-id=\"f6c0e7a\" data-element_type=\"section\" data-e-type=\"section\">\n\t\t\t\t\t\t<div class=\"elementor-container elementor-column-gap-default\">\n\t\t\t\t\t<div class=\"elementor-column elementor-col-100 elementor-top-column elementor-element elementor-element-caf8c4d\" data-id=\"caf8c4d\" data-element_type=\"column\" data-e-type=\"column\">\n\t\t\t<div class=\"elementor-widget-wrap elementor-element-populated\">\n\t\t\t\t\t\t<div class=\"elementor-element elementor-element-ab0f176 elementor-widget elementor-widget-text-editor\" data-id=\"ab0f176\" data-element_type=\"widget\" data-e-type=\"widget\" data-widget_type=\"text-editor.default\">\n\t\t\t\t<div class=\"elementor-widget-container\">\n\t\t\t\t\t\t\t\t\t<p><span class=\"TextRun SCXW121172724 BCX0\" lang=\"ES-ES\" xml:lang=\"ES-ES\" data-contrast=\"auto\"><span class=\"NormalTextRun SCXW121172724 BCX0\">Por eso una buena organizaci\u00f3n del mismo har\u00e1 que evitemos tener alimentos en mal estado, puesto que, a<\/span><span class=\"NormalTextRun SCXW121172724 BCX0\"> pesar de que los armarios de refrigeraci\u00f3n controlan la temperatura (de la que hablaremos m\u00e1s adelante), tras todas las veces que se abre<\/span><span class=\"NormalTextRun SCXW121172724 BCX0\"> durante un servicio<\/span><span class=\"NormalTextRun SCXW121172724 BCX0\">, resulta m\u00e1s complicado controlar la humedad y el ox\u00edgeno adecuados para <\/span><span class=\"NormalTextRun SCXW121172724 BCX0\">el mantenimiento de <\/span><span class=\"NormalTextRun SCXW121172724 BCX0\">cada alimento.<\/span><\/span><span class=\"EOP SCXW121172724 BCX0\" data-ccp-props=\"{&quot;201341983&quot;:0,&quot;335559739&quot;:160,&quot;335559740&quot;:259}\">\u00a0<\/span><\/p>\t\t\t\t\t\t\t\t<\/div>\n\t\t\t\t<\/div>\n\t\t\t\t<div class=\"elementor-element elementor-element-a38ceaa elementor-widget elementor-widget-heading\" data-id=\"a38ceaa\" data-element_type=\"widget\" data-e-type=\"widget\" data-widget_type=\"heading.default\">\n\t\t\t\t<div class=\"elementor-widget-container\">\n\t\t\t\t\t<h2 class=\"elementor-heading-title elementor-size-default\">Temperatura<\/h2>\t\t\t\t<\/div>\n\t\t\t\t<\/div>\n\t\t\t\t<div class=\"elementor-element elementor-element-129216e elementor-widget elementor-widget-text-editor\" data-id=\"129216e\" data-element_type=\"widget\" data-e-type=\"widget\" data-widget_type=\"text-editor.default\">\n\t\t\t\t<div class=\"elementor-widget-container\">\n\t\t\t\t\t\t\t\t\t<p><span class=\"TextRun SCXW240404107 BCX0\" lang=\"ES-ES\" xml:lang=\"ES-ES\" data-contrast=\"auto\"><span class=\"NormalTextRun SCXW240404107 BCX0\">Los frigor\u00edficos son un universo en el que los microorganismos prosperan con facilidad y rapidez si no mantenemos una temperatura adecuada. Para ello, lo ideal es que el interior se encuentre entre<\/span><span class=\"NormalTextRun SCXW240404107 BCX0\"> los 2\u00ba y los 5\u00ba constantemente, siendo los 4\u00ba la temperatura ideal. Sin embargo, en el caso de que se encuentre muy lleno, tendremos que bajarla, mientras que, si se encuentra muy vac\u00edo, habr\u00e1 que subirla.<\/span><\/span><span class=\"EOP SCXW240404107 BCX0\" data-ccp-props=\"{&quot;201341983&quot;:0,&quot;335559739&quot;:160,&quot;335559740&quot;:259}\">\u00a0<\/span><\/p>\t\t\t\t\t\t\t\t<\/div>\n\t\t\t\t<\/div>\n\t\t\t\t<div class=\"elementor-element elementor-element-07b0309 elementor-widget elementor-widget-heading\" data-id=\"07b0309\" data-element_type=\"widget\" data-e-type=\"widget\" data-widget_type=\"heading.default\">\n\t\t\t\t<div class=\"elementor-widget-container\">\n\t\t\t\t\t<h2 class=\"elementor-heading-title elementor-size-default\">Tiempo de conservaci\u00f3n\u00a0<\/h2>\t\t\t\t<\/div>\n\t\t\t\t<\/div>\n\t\t\t\t<div class=\"elementor-element elementor-element-27d8939 elementor-widget elementor-widget-text-editor\" data-id=\"27d8939\" data-element_type=\"widget\" data-e-type=\"widget\" data-widget_type=\"text-editor.default\">\n\t\t\t\t<div class=\"elementor-widget-container\">\n\t\t\t\t\t\t\t\t\t<p><span data-contrast=\"auto\">Como bien sabemos, cada alimento tiene su propio tiempo de conservaci\u00f3n en el que tiene que mantenerse bajo unas condiciones espec\u00edficas para evitar su mal estado prematuro. Dentro de ese plazo de tiempo, tambi\u00e9n es conveniente ir comprobando cada cierto tiempo su estado, para evitar la proliferaci\u00f3n de hongos y bacterias, que pueden contaminar el resto de alimentos.<\/span><span data-ccp-props=\"{&quot;201341983&quot;:0,&quot;335559739&quot;:160,&quot;335559740&quot;:259}\">\u00a0<\/span><\/p>\t\t\t\t\t\t\t\t<\/div>\n\t\t\t\t<\/div>\n\t\t\t\t<div class=\"elementor-element elementor-element-ee9c0b5 elementor-widget elementor-widget-heading\" data-id=\"ee9c0b5\" data-element_type=\"widget\" data-e-type=\"widget\" data-widget_type=\"heading.default\">\n\t\t\t\t<div class=\"elementor-widget-container\">\n\t\t\t\t\t<h2 class=\"elementor-heading-title elementor-size-default\">Organizaci\u00f3n del armario frigor\u00edfico <\/h2>\t\t\t\t<\/div>\n\t\t\t\t<\/div>\n\t\t\t\t\t<\/div>\n\t\t<\/div>\n\t\t\t\t\t<\/div>\n\t\t<\/section>\n\t\t\t\t<section class=\"elementor-section elementor-top-section elementor-element elementor-element-721d59e elementor-section-boxed elementor-section-height-default elementor-section-height-default\" data-id=\"721d59e\" data-element_type=\"section\" data-e-type=\"section\">\n\t\t\t\t\t\t<div class=\"elementor-container elementor-column-gap-default\">\n\t\t\t\t\t<div class=\"elementor-column elementor-col-100 elementor-top-column elementor-element elementor-element-892b82e\" data-id=\"892b82e\" data-element_type=\"column\" data-e-type=\"column\">\n\t\t\t<div class=\"elementor-widget-wrap elementor-element-populated\">\n\t\t\t\t\t\t<section class=\"elementor-section elementor-inner-section elementor-element elementor-element-0f00c5d elementor-section-boxed elementor-section-height-default elementor-section-height-default\" data-id=\"0f00c5d\" data-element_type=\"section\" data-e-type=\"section\">\n\t\t\t\t\t\t<div class=\"elementor-container elementor-column-gap-default\">\n\t\t\t\t\t<div class=\"elementor-column elementor-col-50 elementor-inner-column elementor-element elementor-element-3cc200b\" data-id=\"3cc200b\" data-element_type=\"column\" data-e-type=\"column\">\n\t\t\t<div class=\"elementor-widget-wrap elementor-element-populated\">\n\t\t\t\t\t\t<div class=\"elementor-element elementor-element-87e13c7 elementor-widget elementor-widget-image\" data-id=\"87e13c7\" data-element_type=\"widget\" data-e-type=\"widget\" data-widget_type=\"image.default\">\n\t\t\t\t<div class=\"elementor-widget-container\">\n\t\t\t\t\t\t\t\t\t\t\t\t\t\t\t<img decoding=\"async\" width=\"600\" height=\"400\" src=\"data:image\/gif;base64,R0lGODlhAQABAIAAAAAAAP\/\/\/yH5BAEAAAAALAAAAAABAAEAAAIBRAA7\" data-src=\"https:\/\/www.fagorprofessional.com\/blog\/wp-content\/uploads\/2022\/11\/Fri\u0301o-industrial.png\" class=\"attachment-large size-large wp-image-490466 lazyload\" alt=\"fr\u00edo industrial\" data-srcset=\"https:\/\/www.fagorprofessional.com\/blog\/wp-content\/uploads\/2022\/11\/Fri\u0301o-industrial.png 600w, https:\/\/www.fagorprofessional.com\/blog\/wp-content\/uploads\/2022\/11\/Fri\u0301o-industrial-300x200.png 300w\" sizes=\"(max-width: 600px) 100vw, 600px\" \/><noscript><img loading=\"lazy\" decoding=\"async\" width=\"600\" height=\"400\" src=\"https:\/\/www.fagorprofessional.com\/blog\/wp-content\/uploads\/2022\/11\/Fri\u0301o-industrial.png\" class=\"attachment-large size-large wp-image-490466 lazyload\" alt=\"fr\u00edo industrial\" srcset=\"https:\/\/www.fagorprofessional.com\/blog\/wp-content\/uploads\/2022\/11\/Fri\u0301o-industrial.png 600w, https:\/\/www.fagorprofessional.com\/blog\/wp-content\/uploads\/2022\/11\/Fri\u0301o-industrial-300x200.png 300w\" sizes=\"(max-width: 600px) 100vw, 600px\" \/><\/noscript>\t\t\t\t\t\t\t\t\t\t\t\t\t\t\t<\/div>\n\t\t\t\t<\/div>\n\t\t\t\t\t<\/div>\n\t\t<\/div>\n\t\t\t\t<div class=\"elementor-column elementor-col-50 elementor-inner-column elementor-element elementor-element-279362f\" data-id=\"279362f\" data-element_type=\"column\" data-e-type=\"column\">\n\t\t\t<div class=\"elementor-widget-wrap elementor-element-populated\">\n\t\t\t\t\t\t<div class=\"elementor-element elementor-element-9b270ba elementor-widget elementor-widget-text-editor\" data-id=\"9b270ba\" data-element_type=\"widget\" data-e-type=\"widget\" data-widget_type=\"text-editor.default\">\n\t\t\t\t<div class=\"elementor-widget-container\">\n\t\t\t\t\t\t\t\t\t<p><span class=\"TextRun SCXW200470595 BCX0\" lang=\"ES-ES\" xml:lang=\"ES-ES\" data-contrast=\"auto\"><span class=\"NormalTextRun SCXW200470595 BCX0\">Una vez tengamos controladas estas tres variantes, es hora de organizar el armario frigor\u00edfico en <\/span><span class=\"NormalTextRun SCXW200470595 BCX0\">base a los diferentes alimentos. <\/span><span class=\"NormalTextRun SCXW200470595 BCX0\">Un frigor\u00edfico bien organizado va a facilitar el trabajo y<\/span><span class=\"NormalTextRun SCXW200470595 BCX0\"> la productividad del personal<\/span><span class=\"NormalTextRun SCXW200470595 BCX0\">,<\/span><span class=\"NormalTextRun SCXW200470595 BCX0\"> por lo que<\/span><span class=\"NormalTextRun SCXW200470595 BCX0\"> a la hora de organizar los estantes tendremos en cuenta lo siguiente:<\/span><\/span><span class=\"EOP SCXW200470595 BCX0\" data-ccp-props=\"{&quot;201341983&quot;:0,&quot;335559739&quot;:160,&quot;335559740&quot;:259}\">\u00a0<\/span><\/p><p><b><span data-contrast=\"auto\">Carnes y pescados<\/span><\/b><span data-ccp-props=\"{&quot;201341983&quot;:0,&quot;335559739&quot;:160,&quot;335559740&quot;:259}\">\u00a0<\/span><\/p><p><span data-contrast=\"auto\">Generalmente se suelen guardar en los estantes inferiores, que es donde se mantienen las temperaturas m\u00e1s bajas y donde evitaremos que, en el caso de que se genere alg\u00fan tipo de goteo, \u00e9ste afecte al resto de alimentos. Es importante separar la carne y el pescado, y organizarlo por productos similares.\u00a0<\/span><span data-ccp-props=\"{&quot;201341983&quot;:0,&quot;335559739&quot;:160,&quot;335559740&quot;:259}\">\u00a0<\/span><\/p><p><span data-contrast=\"auto\">Con Fagor Professional tienes tambi\u00e9n la posibilidad de instalar un armario de refrigeraci\u00f3n con compartimento para pescados, para evitar as\u00ed la contaminaci\u00f3n cruzada.<\/span><span data-ccp-props=\"{&quot;201341983&quot;:0,&quot;335559739&quot;:160,&quot;335559740&quot;:259}\">\u00a0<\/span><\/p>\t\t\t\t\t\t\t\t<\/div>\n\t\t\t\t<\/div>\n\t\t\t\t\t<\/div>\n\t\t<\/div>\n\t\t\t\t\t<\/div>\n\t\t<\/section>\n\t\t\t\t\t<\/div>\n\t\t<\/div>\n\t\t\t\t\t<\/div>\n\t\t<\/section>\n\t\t\t\t<section class=\"elementor-section elementor-top-section elementor-element elementor-element-6ff60b2 elementor-section-boxed elementor-section-height-default elementor-section-height-default\" data-id=\"6ff60b2\" data-element_type=\"section\" data-e-type=\"section\">\n\t\t\t\t\t\t<div class=\"elementor-container elementor-column-gap-default\">\n\t\t\t\t\t<div class=\"elementor-column elementor-col-100 elementor-top-column elementor-element elementor-element-61b0b83\" data-id=\"61b0b83\" data-element_type=\"column\" data-e-type=\"column\">\n\t\t\t<div class=\"elementor-widget-wrap elementor-element-populated\">\n\t\t\t\t\t\t<div class=\"elementor-element elementor-element-1ed99b5 elementor-widget elementor-widget-text-editor\" data-id=\"1ed99b5\" data-element_type=\"widget\" data-e-type=\"widget\" data-widget_type=\"text-editor.default\">\n\t\t\t\t<div class=\"elementor-widget-container\">\n\t\t\t\t\t\t\t\t\t<p><b><span data-contrast=\"auto\">Embutidos<\/span><\/b><span data-ccp-props=\"{&quot;201341983&quot;:0,&quot;335559739&quot;:160,&quot;335559740&quot;:259}\">\u00a0<\/span><\/p><p><span data-contrast=\"auto\">Se trata de alimentos que no necesitan temperaturas excesivamente bajas, al igual que los alimentos precocinados, por lo que los podemos guardar en los estantes centrales del frigor\u00edfico y siempre en recipientes herm\u00e9ticos.<\/span><span data-ccp-props=\"{&quot;201341983&quot;:0,&quot;335559739&quot;:160,&quot;335559740&quot;:259}\">\u00a0<\/span><\/p><p><b><span data-contrast=\"auto\">Fruta y verdura<\/span><\/b><span data-ccp-props=\"{&quot;201341983&quot;:0,&quot;335559739&quot;:160,&quot;335559740&quot;:259}\">\u00a0<\/span><\/p><ul><li data-leveltext=\"-\" data-font=\"Calibri\" data-listid=\"1\" aria-setsize=\"-1\" data-aria-posinset=\"0\" data-aria-level=\"1\"><span data-contrast=\"auto\">Si se trata de <\/span><span data-contrast=\"auto\">frutas y verduras que se van a consumir en crudo<\/span><span data-contrast=\"auto\">, las colocaremos en recipientes tapados, de manera independiente y en los estantes superiores.<\/span><span data-ccp-props=\"{&quot;201341983&quot;:0,&quot;335559739&quot;:160,&quot;335559740&quot;:259}\">\u00a0<\/span><\/li><li data-leveltext=\"-\" data-font=\"Calibri\" data-listid=\"1\" aria-setsize=\"-1\" data-aria-posinset=\"0\" data-aria-level=\"1\"><span data-contrast=\"auto\">Si se trata <\/span><span data-contrast=\"auto\">frutas y verduras que se van a cocinar<\/span><span data-contrast=\"auto\">, las colocaremos en la parte inferior. Aunque todo depender\u00e1 del tipo de fruta y verdura que necesitemos guardar, ya que no todas necesitan la misma temperatura. Por ejemplo, las patatas, las cebollas o los ajos no necesitan refrigeraci\u00f3n.<\/span><span data-ccp-props=\"{&quot;201341983&quot;:0,&quot;335559739&quot;:160,&quot;335559740&quot;:259}\">\u00a0<\/span><\/li><\/ul><p><b><span data-contrast=\"auto\">Huevos y l\u00e1cteos<\/span><\/b><span data-ccp-props=\"{&quot;201341983&quot;:0,&quot;335559739&quot;:160,&quot;335559740&quot;:259}\">\u00a0<\/span><\/p><p><span data-contrast=\"auto\">En el caso de los l\u00e1cteos, como el queso, la leche, los yogures, usaremos los estantes centrales, ya que necesitan fr\u00edo para mantenerse frescos. En el caso de los huevos, se trata de un alimento que tiene un alto riesgo de contaminaci\u00f3n, sobre todo si lo sometemos a cambios bruscos de temperatura. No necesitan estar a temperaturas tan bajas, por lo que ir\u00e1n en la zona menos fr\u00eda de la nevera, asegur\u00e1ndonos de que se trata de un espacio aislado, fresco y seco.<\/span><span data-ccp-props=\"{&quot;201341983&quot;:0,&quot;335559739&quot;:160,&quot;335559740&quot;:259}\">\u00a0<\/span><\/p><p><b><span data-contrast=\"auto\">Conservas y tarros<\/span><\/b><span data-ccp-props=\"{&quot;201341983&quot;:0,&quot;335559739&quot;:160,&quot;335559740&quot;:259}\">\u00a0<\/span><\/p><p><span data-contrast=\"auto\">Se trata de alimentos que necesitan alimentos m\u00e1s bajos, sobre todo si ya han sido abiertos. En este \u00faltimo caso, lo mejor es guardarlo en un recipiente herm\u00e9tico y en los estantes superiores del armario frigor\u00edfico industrial.<\/span><span data-ccp-props=\"{&quot;201341983&quot;:0,&quot;335559739&quot;:160,&quot;335559740&quot;:259}\">\u00a0<\/span><\/p>\t\t\t\t\t\t\t\t<\/div>\n\t\t\t\t<\/div>\n\t\t\t\t\t<\/div>\n\t\t<\/div>\n\t\t\t\t\t<\/div>\n\t\t<\/section>\n\t\t\t\t<section class=\"elementor-section elementor-top-section elementor-element elementor-element-c1e93f7 elementor-section-boxed elementor-section-height-default elementor-section-height-default\" data-id=\"c1e93f7\" data-element_type=\"section\" data-e-type=\"section\">\n\t\t\t\t\t\t<div class=\"elementor-container elementor-column-gap-default\">\n\t\t\t\t\t<div class=\"elementor-column elementor-col-100 elementor-top-column elementor-element elementor-element-b80338b\" data-id=\"b80338b\" data-element_type=\"column\" data-e-type=\"column\">\n\t\t\t<div class=\"elementor-widget-wrap elementor-element-populated\">\n\t\t\t\t\t\t<section class=\"elementor-section elementor-inner-section elementor-element elementor-element-d8fda3f elementor-section-boxed elementor-section-height-default elementor-section-height-default\" data-id=\"d8fda3f\" data-element_type=\"section\" data-e-type=\"section\">\n\t\t\t\t\t\t<div class=\"elementor-container elementor-column-gap-default\">\n\t\t\t\t\t<div class=\"elementor-column elementor-col-50 elementor-inner-column elementor-element elementor-element-a5909bc\" data-id=\"a5909bc\" data-element_type=\"column\" data-e-type=\"column\">\n\t\t\t<div class=\"elementor-widget-wrap elementor-element-populated\">\n\t\t\t\t\t\t<div class=\"elementor-element elementor-element-dad8533 elementor-widget elementor-widget-text-editor\" data-id=\"dad8533\" data-element_type=\"widget\" data-e-type=\"widget\" data-widget_type=\"text-editor.default\">\n\t\t\t\t<div class=\"elementor-widget-container\">\n\t\t\t\t\t\t\t\t\t<p><b><span data-contrast=\"auto\">Salsas<\/span><\/b><span data-ccp-props=\"{&quot;201341983&quot;:0,&quot;335559739&quot;:160,&quot;335559740&quot;:259}\">\u00a0<\/span><\/p><p><span data-contrast=\"auto\">Se trata de alimentos procesados que no necesitan temperaturas excesivamente bajas, por lo que las guardaremos en los estantes centrales, justo encima de las carnes y los pescados.<\/span><span data-ccp-props=\"{&quot;201341983&quot;:0,&quot;335559739&quot;:160,&quot;335559740&quot;:259}\">\u00a0<\/span><\/p><p><b><span data-contrast=\"auto\">Postres<\/span><\/b><span data-ccp-props=\"{&quot;201341983&quot;:0,&quot;335559739&quot;:160,&quot;335559740&quot;:259}\">\u00a0<\/span><\/p><p><span data-contrast=\"auto\">Si tu establecimiento no cuenta con un armario frigor\u00edfico industrial espec\u00edfico para los postres, lo ideal es guardarlos en los estantes inferiores, siempre tapados para evitar que absorban los olores y aromas del resto de alimentos.<\/span><span data-ccp-props=\"{&quot;201341983&quot;:0,&quot;335559739&quot;:160,&quot;335559740&quot;:259}\">\u00a0<\/span><\/p><p><span data-contrast=\"auto\">Una vez tengas organizado perfectamente tu armario de refrigeraci\u00f3n, ver\u00e1s como la productividad de tu equipo de trabajo aumenta, al saber perfectamente d\u00f3nde se encuentra cada alimento necesario.<\/span><span data-ccp-props=\"{&quot;201341983&quot;:0,&quot;335559739&quot;:160,&quot;335559740&quot;:259}\">\u00a0<\/span><\/p>\t\t\t\t\t\t\t\t<\/div>\n\t\t\t\t<\/div>\n\t\t\t\t\t<\/div>\n\t\t<\/div>\n\t\t\t\t<div class=\"elementor-column elementor-col-50 elementor-inner-column elementor-element elementor-element-38fb383\" data-id=\"38fb383\" data-element_type=\"column\" data-e-type=\"column\">\n\t\t\t<div class=\"elementor-widget-wrap elementor-element-populated\">\n\t\t\t\t\t\t<div class=\"elementor-element elementor-element-70b29a3 elementor-widget elementor-widget-image\" data-id=\"70b29a3\" data-element_type=\"widget\" data-e-type=\"widget\" data-widget_type=\"image.default\">\n\t\t\t\t<div class=\"elementor-widget-container\">\n\t\t\t\t\t\t\t\t\t\t\t\t\t\t\t<img loading=\"lazy\" decoding=\"async\" width=\"600\" height=\"400\" src=\"data:image\/gif;base64,R0lGODlhAQABAIAAAAAAAP\/\/\/yH5BAEAAAAALAAAAAABAAEAAAIBRAA7\" data-src=\"https:\/\/www.fagorprofessional.com\/blog\/wp-content\/uploads\/2022\/11\/Armario-frigori\u0301fico.png\" class=\"attachment-large size-large wp-image-490464 lazyload\" alt=\"armario frigor\u00edfico\" data-srcset=\"https:\/\/www.fagorprofessional.com\/blog\/wp-content\/uploads\/2022\/11\/Armario-frigori\u0301fico.png 600w, https:\/\/www.fagorprofessional.com\/blog\/wp-content\/uploads\/2022\/11\/Armario-frigori\u0301fico-300x200.png 300w\" sizes=\"(max-width: 600px) 100vw, 600px\" \/><noscript><img loading=\"lazy\" decoding=\"async\" width=\"600\" height=\"400\" src=\"https:\/\/www.fagorprofessional.com\/blog\/wp-content\/uploads\/2022\/11\/Armario-frigori\u0301fico.png\" class=\"attachment-large size-large wp-image-490464 lazyload\" alt=\"armario frigor\u00edfico\" srcset=\"https:\/\/www.fagorprofessional.com\/blog\/wp-content\/uploads\/2022\/11\/Armario-frigori\u0301fico.png 600w, https:\/\/www.fagorprofessional.com\/blog\/wp-content\/uploads\/2022\/11\/Armario-frigori\u0301fico-300x200.png 300w\" sizes=\"(max-width: 600px) 100vw, 600px\" \/><\/noscript>\t\t\t\t\t\t\t\t\t\t\t\t\t\t\t<\/div>\n\t\t\t\t<\/div>\n\t\t\t\t\t<\/div>\n\t\t<\/div>\n\t\t\t\t\t<\/div>\n\t\t<\/section>\n\t\t\t\t\t<\/div>\n\t\t<\/div>\n\t\t\t\t\t<\/div>\n\t\t<\/section>\n\t\t\t\t<\/div>\n\t\t","protected":false},"excerpt":{"rendered":"<p>Parece algo sencillo, pero te vamos a asegurar que no lo es tanto. Organizar correctamente los<\/p>\n","protected":false},"author":1,"featured_media":490469,"comment_status":"open","ping_status":"open","sticky":false,"template":"","format":"standard","meta":{"_acf_changed":false,"footnotes":""},"categories":[5,7],"tags":[],"class_list":["post-490460","post","type-post","status-publish","format-standard","has-post-thumbnail","hentry","category-equipamiento","category-tendencias-y-consejos"],"acf":[],"yoast_head":"<!-- This site is optimized with the Yoast SEO plugin v27.4 - https:\/\/yoast.com\/product\/yoast-seo-wordpress\/ -->\n<title>C\u00f3mo organizar un armario frigor\u00edfico en hosteler\u00eda<\/title>\n<meta name=\"description\" content=\"Organizar correctamente los armarios frigor\u00edficos industriales en tu bar o restaurante es una tarea imprescindible para mantener la calidad de los alimentos.\" \/>\n<meta name=\"robots\" content=\"index, follow, max-snippet:-1, max-image-preview:large, max-video-preview:-1\" \/>\n<link rel=\"canonical\" href=\"https:\/\/www.fagorprofessional.com\/blog\/es\/organizar-armario-frigorifico-hosteleria\/\" \/>\n<meta property=\"og:locale\" content=\"es_ES\" \/>\n<meta property=\"og:type\" content=\"article\" \/>\n<meta property=\"og:title\" content=\"C\u00f3mo organizar un armario frigor\u00edfico en hosteler\u00eda\" \/>\n<meta property=\"og:description\" content=\"Organizar correctamente los armarios frigor\u00edficos industriales en tu bar o restaurante es una tarea imprescindible para mantener la calidad de los alimentos.\" \/>\n<meta property=\"og:url\" content=\"https:\/\/www.fagorprofessional.com\/blog\/es\/organizar-armario-frigorifico-hosteleria\/\" \/>\n<meta property=\"og:site_name\" content=\"Fagor Professional&#039;s Blog\" \/>\n<meta property=\"article:published_time\" content=\"2022-11-22T12:29:51+00:00\" \/>\n<meta property=\"article:modified_time\" content=\"2022-11-22T12:42:19+00:00\" \/>\n<meta property=\"og:image\" content=\"https:\/\/www.fagorprofessional.com\/blog\/wp-content\/uploads\/2022\/11\/fri\u0301o-comercial-1.png\" \/>\n\t<meta property=\"og:image:width\" content=\"600\" \/>\n\t<meta property=\"og:image:height\" content=\"400\" \/>\n\t<meta property=\"og:image:type\" content=\"image\/png\" \/>\n<meta name=\"author\" content=\"admin\" \/>\n<meta name=\"twitter:card\" content=\"summary_large_image\" \/>\n<meta name=\"twitter:label1\" content=\"Escrito por\" \/>\n\t<meta name=\"twitter:data1\" content=\"admin\" \/>\n\t<meta name=\"twitter:label2\" content=\"Tiempo de lectura\" \/>\n\t<meta name=\"twitter:data2\" content=\"5 minutos\" \/>\n<script type=\"application\/ld+json\" class=\"yoast-schema-graph\">{\"@context\":\"https:\\\/\\\/schema.org\",\"@graph\":[{\"@type\":\"Article\",\"@id\":\"https:\\\/\\\/www.fagorprofessional.com\\\/blog\\\/es\\\/organizar-armario-frigorifico-hosteleria\\\/#article\",\"isPartOf\":{\"@id\":\"https:\\\/\\\/www.fagorprofessional.com\\\/blog\\\/es\\\/organizar-armario-frigorifico-hosteleria\\\/\"},\"author\":{\"name\":\"admin\",\"@id\":\"https:\\\/\\\/www.fagorprofessional.com\\\/blog\\\/#\\\/schema\\\/person\\\/c2dc508ffda39316cf0e8a45f15cb4e4\"},\"headline\":\"C\u00f3mo organizar un armario frigor\u00edfico en hosteler\u00eda\",\"datePublished\":\"2022-11-22T12:29:51+00:00\",\"dateModified\":\"2022-11-22T12:42:19+00:00\",\"mainEntityOfPage\":{\"@id\":\"https:\\\/\\\/www.fagorprofessional.com\\\/blog\\\/es\\\/organizar-armario-frigorifico-hosteleria\\\/\"},\"wordCount\":917,\"commentCount\":0,\"image\":{\"@id\":\"https:\\\/\\\/www.fagorprofessional.com\\\/blog\\\/es\\\/organizar-armario-frigorifico-hosteleria\\\/#primaryimage\"},\"thumbnailUrl\":\"https:\\\/\\\/www.fagorprofessional.com\\\/blog\\\/wp-content\\\/uploads\\\/2022\\\/11\\\/fri\u0301o-comercial-1.png\",\"articleSection\":[\"Equipamiento\",\"Tendencias y consejos\"],\"inLanguage\":\"es\",\"potentialAction\":[{\"@type\":\"CommentAction\",\"name\":\"Comment\",\"target\":[\"https:\\\/\\\/www.fagorprofessional.com\\\/blog\\\/es\\\/organizar-armario-frigorifico-hosteleria\\\/#respond\"]}]},{\"@type\":\"WebPage\",\"@id\":\"https:\\\/\\\/www.fagorprofessional.com\\\/blog\\\/es\\\/organizar-armario-frigorifico-hosteleria\\\/\",\"url\":\"https:\\\/\\\/www.fagorprofessional.com\\\/blog\\\/es\\\/organizar-armario-frigorifico-hosteleria\\\/\",\"name\":\"C\u00f3mo organizar un armario frigor\u00edfico en hosteler\u00eda\",\"isPartOf\":{\"@id\":\"https:\\\/\\\/www.fagorprofessional.com\\\/blog\\\/#website\"},\"primaryImageOfPage\":{\"@id\":\"https:\\\/\\\/www.fagorprofessional.com\\\/blog\\\/es\\\/organizar-armario-frigorifico-hosteleria\\\/#primaryimage\"},\"image\":{\"@id\":\"https:\\\/\\\/www.fagorprofessional.com\\\/blog\\\/es\\\/organizar-armario-frigorifico-hosteleria\\\/#primaryimage\"},\"thumbnailUrl\":\"https:\\\/\\\/www.fagorprofessional.com\\\/blog\\\/wp-content\\\/uploads\\\/2022\\\/11\\\/fri\u0301o-comercial-1.png\",\"datePublished\":\"2022-11-22T12:29:51+00:00\",\"dateModified\":\"2022-11-22T12:42:19+00:00\",\"author\":{\"@id\":\"https:\\\/\\\/www.fagorprofessional.com\\\/blog\\\/#\\\/schema\\\/person\\\/c2dc508ffda39316cf0e8a45f15cb4e4\"},\"description\":\"Organizar correctamente los armarios frigor\u00edficos industriales en tu bar o restaurante es una tarea imprescindible para mantener la calidad de los alimentos.\",\"breadcrumb\":{\"@id\":\"https:\\\/\\\/www.fagorprofessional.com\\\/blog\\\/es\\\/organizar-armario-frigorifico-hosteleria\\\/#breadcrumb\"},\"inLanguage\":\"es\",\"potentialAction\":[{\"@type\":\"ReadAction\",\"target\":[\"https:\\\/\\\/www.fagorprofessional.com\\\/blog\\\/es\\\/organizar-armario-frigorifico-hosteleria\\\/\"]}]},{\"@type\":\"ImageObject\",\"inLanguage\":\"es\",\"@id\":\"https:\\\/\\\/www.fagorprofessional.com\\\/blog\\\/es\\\/organizar-armario-frigorifico-hosteleria\\\/#primaryimage\",\"url\":\"https:\\\/\\\/www.fagorprofessional.com\\\/blog\\\/wp-content\\\/uploads\\\/2022\\\/11\\\/fri\u0301o-comercial-1.png\",\"contentUrl\":\"https:\\\/\\\/www.fagorprofessional.com\\\/blog\\\/wp-content\\\/uploads\\\/2022\\\/11\\\/fri\u0301o-comercial-1.png\",\"width\":600,\"height\":400,\"caption\":\"fr\u00edo comercial\"},{\"@type\":\"BreadcrumbList\",\"@id\":\"https:\\\/\\\/www.fagorprofessional.com\\\/blog\\\/es\\\/organizar-armario-frigorifico-hosteleria\\\/#breadcrumb\",\"itemListElement\":[{\"@type\":\"ListItem\",\"position\":1,\"name\":\"Fagor Professional Blog\",\"item\":\"https:\\\/\\\/www.fagorprofessional.com\\\/blog\\\/\"},{\"@type\":\"ListItem\",\"position\":2,\"name\":\"Equipamiento\",\"item\":\"https:\\\/\\\/www.fagorprofessional.com\\\/blog\\\/es\\\/equipamiento\\\/\"},{\"@type\":\"ListItem\",\"position\":3,\"name\":\"C\u00f3mo organizar un armario frigor\u00edfico en hosteler\u00eda\"}]},{\"@type\":\"WebSite\",\"@id\":\"https:\\\/\\\/www.fagorprofessional.com\\\/blog\\\/#website\",\"url\":\"https:\\\/\\\/www.fagorprofessional.com\\\/blog\\\/\",\"name\":\"Fagor Professional&#039;s Blog\",\"description\":\"Fagor Professional&#039;s Blog\",\"potentialAction\":[{\"@type\":\"SearchAction\",\"target\":{\"@type\":\"EntryPoint\",\"urlTemplate\":\"https:\\\/\\\/www.fagorprofessional.com\\\/blog\\\/?s={search_term_string}\"},\"query-input\":{\"@type\":\"PropertyValueSpecification\",\"valueRequired\":true,\"valueName\":\"search_term_string\"}}],\"inLanguage\":\"es\"},{\"@type\":\"Person\",\"@id\":\"https:\\\/\\\/www.fagorprofessional.com\\\/blog\\\/#\\\/schema\\\/person\\\/c2dc508ffda39316cf0e8a45f15cb4e4\",\"name\":\"admin\",\"image\":{\"@type\":\"ImageObject\",\"inLanguage\":\"es\",\"@id\":\"https:\\\/\\\/secure.gravatar.com\\\/avatar\\\/af0a4c336046e868f98b17f2a27b6f9426e8aba09b92828569a3ca2b54e3d91c?s=96&d=mm&r=g\",\"url\":\"https:\\\/\\\/secure.gravatar.com\\\/avatar\\\/af0a4c336046e868f98b17f2a27b6f9426e8aba09b92828569a3ca2b54e3d91c?s=96&d=mm&r=g\",\"contentUrl\":\"https:\\\/\\\/secure.gravatar.com\\\/avatar\\\/af0a4c336046e868f98b17f2a27b6f9426e8aba09b92828569a3ca2b54e3d91c?s=96&d=mm&r=g\",\"caption\":\"admin\"},\"sameAs\":[\"https:\\\/\\\/www.fagorprofessional.com\\\/blog\"]}]}<\/script>\n<!-- \/ Yoast SEO plugin. -->","yoast_head_json":{"title":"C\u00f3mo organizar un armario frigor\u00edfico en hosteler\u00eda","description":"Organizar correctamente los armarios frigor\u00edficos industriales en tu bar o restaurante es una tarea imprescindible para mantener la calidad de los alimentos.","robots":{"index":"index","follow":"follow","max-snippet":"max-snippet:-1","max-image-preview":"max-image-preview:large","max-video-preview":"max-video-preview:-1"},"canonical":"https:\/\/www.fagorprofessional.com\/blog\/es\/organizar-armario-frigorifico-hosteleria\/","og_locale":"es_ES","og_type":"article","og_title":"C\u00f3mo organizar un armario frigor\u00edfico en hosteler\u00eda","og_description":"Organizar correctamente los armarios frigor\u00edficos industriales en tu bar o restaurante es una tarea imprescindible para mantener la calidad de los alimentos.","og_url":"https:\/\/www.fagorprofessional.com\/blog\/es\/organizar-armario-frigorifico-hosteleria\/","og_site_name":"Fagor Professional&#039;s Blog","article_published_time":"2022-11-22T12:29:51+00:00","article_modified_time":"2022-11-22T12:42:19+00:00","og_image":[{"width":600,"height":400,"url":"https:\/\/www.fagorprofessional.com\/blog\/wp-content\/uploads\/2022\/11\/fri\u0301o-comercial-1.png","type":"image\/png"}],"author":"admin","twitter_card":"summary_large_image","twitter_misc":{"Escrito por":"admin","Tiempo de lectura":"5 minutos"},"schema":{"@context":"https:\/\/schema.org","@graph":[{"@type":"Article","@id":"https:\/\/www.fagorprofessional.com\/blog\/es\/organizar-armario-frigorifico-hosteleria\/#article","isPartOf":{"@id":"https:\/\/www.fagorprofessional.com\/blog\/es\/organizar-armario-frigorifico-hosteleria\/"},"author":{"name":"admin","@id":"https:\/\/www.fagorprofessional.com\/blog\/#\/schema\/person\/c2dc508ffda39316cf0e8a45f15cb4e4"},"headline":"C\u00f3mo organizar un armario frigor\u00edfico en hosteler\u00eda","datePublished":"2022-11-22T12:29:51+00:00","dateModified":"2022-11-22T12:42:19+00:00","mainEntityOfPage":{"@id":"https:\/\/www.fagorprofessional.com\/blog\/es\/organizar-armario-frigorifico-hosteleria\/"},"wordCount":917,"commentCount":0,"image":{"@id":"https:\/\/www.fagorprofessional.com\/blog\/es\/organizar-armario-frigorifico-hosteleria\/#primaryimage"},"thumbnailUrl":"https:\/\/www.fagorprofessional.com\/blog\/wp-content\/uploads\/2022\/11\/fri\u0301o-comercial-1.png","articleSection":["Equipamiento","Tendencias y consejos"],"inLanguage":"es","potentialAction":[{"@type":"CommentAction","name":"Comment","target":["https:\/\/www.fagorprofessional.com\/blog\/es\/organizar-armario-frigorifico-hosteleria\/#respond"]}]},{"@type":"WebPage","@id":"https:\/\/www.fagorprofessional.com\/blog\/es\/organizar-armario-frigorifico-hosteleria\/","url":"https:\/\/www.fagorprofessional.com\/blog\/es\/organizar-armario-frigorifico-hosteleria\/","name":"C\u00f3mo organizar un armario frigor\u00edfico en hosteler\u00eda","isPartOf":{"@id":"https:\/\/www.fagorprofessional.com\/blog\/#website"},"primaryImageOfPage":{"@id":"https:\/\/www.fagorprofessional.com\/blog\/es\/organizar-armario-frigorifico-hosteleria\/#primaryimage"},"image":{"@id":"https:\/\/www.fagorprofessional.com\/blog\/es\/organizar-armario-frigorifico-hosteleria\/#primaryimage"},"thumbnailUrl":"https:\/\/www.fagorprofessional.com\/blog\/wp-content\/uploads\/2022\/11\/fri\u0301o-comercial-1.png","datePublished":"2022-11-22T12:29:51+00:00","dateModified":"2022-11-22T12:42:19+00:00","author":{"@id":"https:\/\/www.fagorprofessional.com\/blog\/#\/schema\/person\/c2dc508ffda39316cf0e8a45f15cb4e4"},"description":"Organizar correctamente los armarios frigor\u00edficos industriales en tu bar o restaurante es una tarea imprescindible para mantener la calidad de los alimentos.","breadcrumb":{"@id":"https:\/\/www.fagorprofessional.com\/blog\/es\/organizar-armario-frigorifico-hosteleria\/#breadcrumb"},"inLanguage":"es","potentialAction":[{"@type":"ReadAction","target":["https:\/\/www.fagorprofessional.com\/blog\/es\/organizar-armario-frigorifico-hosteleria\/"]}]},{"@type":"ImageObject","inLanguage":"es","@id":"https:\/\/www.fagorprofessional.com\/blog\/es\/organizar-armario-frigorifico-hosteleria\/#primaryimage","url":"https:\/\/www.fagorprofessional.com\/blog\/wp-content\/uploads\/2022\/11\/fri\u0301o-comercial-1.png","contentUrl":"https:\/\/www.fagorprofessional.com\/blog\/wp-content\/uploads\/2022\/11\/fri\u0301o-comercial-1.png","width":600,"height":400,"caption":"fr\u00edo comercial"},{"@type":"BreadcrumbList","@id":"https:\/\/www.fagorprofessional.com\/blog\/es\/organizar-armario-frigorifico-hosteleria\/#breadcrumb","itemListElement":[{"@type":"ListItem","position":1,"name":"Fagor Professional Blog","item":"https:\/\/www.fagorprofessional.com\/blog\/"},{"@type":"ListItem","position":2,"name":"Equipamiento","item":"https:\/\/www.fagorprofessional.com\/blog\/es\/equipamiento\/"},{"@type":"ListItem","position":3,"name":"C\u00f3mo organizar un armario frigor\u00edfico en hosteler\u00eda"}]},{"@type":"WebSite","@id":"https:\/\/www.fagorprofessional.com\/blog\/#website","url":"https:\/\/www.fagorprofessional.com\/blog\/","name":"Fagor Professional&#039;s Blog","description":"Fagor Professional&#039;s Blog","potentialAction":[{"@type":"SearchAction","target":{"@type":"EntryPoint","urlTemplate":"https:\/\/www.fagorprofessional.com\/blog\/?s={search_term_string}"},"query-input":{"@type":"PropertyValueSpecification","valueRequired":true,"valueName":"search_term_string"}}],"inLanguage":"es"},{"@type":"Person","@id":"https:\/\/www.fagorprofessional.com\/blog\/#\/schema\/person\/c2dc508ffda39316cf0e8a45f15cb4e4","name":"admin","image":{"@type":"ImageObject","inLanguage":"es","@id":"https:\/\/secure.gravatar.com\/avatar\/af0a4c336046e868f98b17f2a27b6f9426e8aba09b92828569a3ca2b54e3d91c?s=96&d=mm&r=g","url":"https:\/\/secure.gravatar.com\/avatar\/af0a4c336046e868f98b17f2a27b6f9426e8aba09b92828569a3ca2b54e3d91c?s=96&d=mm&r=g","contentUrl":"https:\/\/secure.gravatar.com\/avatar\/af0a4c336046e868f98b17f2a27b6f9426e8aba09b92828569a3ca2b54e3d91c?s=96&d=mm&r=g","caption":"admin"},"sameAs":["https:\/\/www.fagorprofessional.com\/blog"]}]}},"_links":{"self":[{"href":"https:\/\/www.fagorprofessional.com\/blog\/wp-json\/wp\/v2\/posts\/490460","targetHints":{"allow":["GET"]}}],"collection":[{"href":"https:\/\/www.fagorprofessional.com\/blog\/wp-json\/wp\/v2\/posts"}],"about":[{"href":"https:\/\/www.fagorprofessional.com\/blog\/wp-json\/wp\/v2\/types\/post"}],"author":[{"embeddable":true,"href":"https:\/\/www.fagorprofessional.com\/blog\/wp-json\/wp\/v2\/users\/1"}],"replies":[{"embeddable":true,"href":"https:\/\/www.fagorprofessional.com\/blog\/wp-json\/wp\/v2\/comments?post=490460"}],"version-history":[{"count":9,"href":"https:\/\/www.fagorprofessional.com\/blog\/wp-json\/wp\/v2\/posts\/490460\/revisions"}],"predecessor-version":[{"id":490482,"href":"https:\/\/www.fagorprofessional.com\/blog\/wp-json\/wp\/v2\/posts\/490460\/revisions\/490482"}],"wp:featuredmedia":[{"embeddable":true,"href":"https:\/\/www.fagorprofessional.com\/blog\/wp-json\/wp\/v2\/media\/490469"}],"wp:attachment":[{"href":"https:\/\/www.fagorprofessional.com\/blog\/wp-json\/wp\/v2\/media?parent=490460"}],"wp:term":[{"taxonomy":"category","embeddable":true,"href":"https:\/\/www.fagorprofessional.com\/blog\/wp-json\/wp\/v2\/categories?post=490460"},{"taxonomy":"post_tag","embeddable":true,"href":"https:\/\/www.fagorprofessional.com\/blog\/wp-json\/wp\/v2\/tags?post=490460"}],"curies":[{"name":"wp","href":"https:\/\/api.w.org\/{rel}","templated":true}]}}