{"id":490928,"date":"2023-06-28T16:00:15","date_gmt":"2023-06-28T16:00:15","guid":{"rendered":"https:\/\/www.fagorprofessional.com\/blog\/?p=490928"},"modified":"2024-04-19T10:28:25","modified_gmt":"2024-04-19T10:28:25","slug":"los-emprendedores-del-mundo-gastronomico-cada-vez-estan-mas-preparados-christian-valenzuela","status":"publish","type":"post","link":"https:\/\/www.fagorprofessional.com\/blog\/es\/los-emprendedores-del-mundo-gastronomico-cada-vez-estan-mas-preparados-christian-valenzuela\/","title":{"rendered":"Los emprendedores del mundo gastron\u00f3mico cada vez est\u00e1n m\u00e1s preparados: Christian Valenzuela\u00a0"},"content":{"rendered":"\t\t<div data-elementor-type=\"wp-post\" data-elementor-id=\"490928\" class=\"elementor elementor-490928\">\n\t\t\t\t\t\t<section class=\"elementor-section elementor-top-section elementor-element elementor-element-80b1a1d elementor-section-boxed elementor-section-height-default elementor-section-height-default\" data-id=\"80b1a1d\" data-element_type=\"section\" data-e-type=\"section\">\n\t\t\t\t\t\t<div class=\"elementor-container elementor-column-gap-default\">\n\t\t\t\t\t<div class=\"elementor-column elementor-col-100 elementor-top-column elementor-element elementor-element-84fc2ae\" data-id=\"84fc2ae\" data-element_type=\"column\" data-e-type=\"column\">\n\t\t\t<div class=\"elementor-widget-wrap elementor-element-populated\">\n\t\t\t\t\t\t<section class=\"elementor-section elementor-inner-section elementor-element elementor-element-232076f7 elementor-section-content-middle elementor-section-boxed elementor-section-height-default elementor-section-height-default\" data-id=\"232076f7\" data-element_type=\"section\" data-e-type=\"section\">\n\t\t\t\t\t\t<div class=\"elementor-container elementor-column-gap-default\">\n\t\t\t\t\t<div class=\"elementor-column elementor-col-50 elementor-inner-column elementor-element elementor-element-69bb5ca5\" data-id=\"69bb5ca5\" data-element_type=\"column\" data-e-type=\"column\">\n\t\t\t<div class=\"elementor-widget-wrap elementor-element-populated\">\n\t\t\t\t\t\t<div class=\"elementor-element elementor-element-1bd2e3ce elementor-widget elementor-widget-image\" data-id=\"1bd2e3ce\" data-element_type=\"widget\" data-e-type=\"widget\" data-widget_type=\"image.default\">\n\t\t\t\t<div class=\"elementor-widget-container\">\n\t\t\t\t\t\t\t\t\t\t\t\t\t\t\t<img fetchpriority=\"high\" decoding=\"async\" width=\"800\" height=\"534\" src=\"data:image\/gif;base64,R0lGODlhAQABAIAAAAAAAP\/\/\/yH5BAEAAAAALAAAAAABAAEAAAIBRAA7\" data-src=\"https:\/\/www.fagorprofessional.com\/blog\/wp-content\/uploads\/2023\/06\/Christain-Valenzuela-1024x683.png\" class=\"attachment-large size-large wp-image-490930 lazyload\" alt=\"Christain Valenzuela\" data-srcset=\"https:\/\/www.fagorprofessional.com\/blog\/wp-content\/uploads\/2023\/06\/Christain-Valenzuela-1024x683.png 1024w, https:\/\/www.fagorprofessional.com\/blog\/wp-content\/uploads\/2023\/06\/Christain-Valenzuela-300x200.png 300w, https:\/\/www.fagorprofessional.com\/blog\/wp-content\/uploads\/2023\/06\/Christain-Valenzuela-768x512.png 768w, https:\/\/www.fagorprofessional.com\/blog\/wp-content\/uploads\/2023\/06\/Christain-Valenzuela-1536x1024.png 1536w, https:\/\/www.fagorprofessional.com\/blog\/wp-content\/uploads\/2023\/06\/Christain-Valenzuela.png 2048w\" sizes=\"(max-width: 800px) 100vw, 800px\" \/><noscript><img decoding=\"async\" width=\"800\" height=\"534\" src=\"https:\/\/www.fagorprofessional.com\/blog\/wp-content\/uploads\/2023\/06\/Christain-Valenzuela-1024x683.png\" class=\"attachment-large size-large wp-image-490930 lazyload\" alt=\"Christain Valenzuela\" srcset=\"https:\/\/www.fagorprofessional.com\/blog\/wp-content\/uploads\/2023\/06\/Christain-Valenzuela-1024x683.png 1024w, https:\/\/www.fagorprofessional.com\/blog\/wp-content\/uploads\/2023\/06\/Christain-Valenzuela-300x200.png 300w, https:\/\/www.fagorprofessional.com\/blog\/wp-content\/uploads\/2023\/06\/Christain-Valenzuela-768x512.png 768w, https:\/\/www.fagorprofessional.com\/blog\/wp-content\/uploads\/2023\/06\/Christain-Valenzuela-1536x1024.png 1536w, https:\/\/www.fagorprofessional.com\/blog\/wp-content\/uploads\/2023\/06\/Christain-Valenzuela.png 2048w\" sizes=\"(max-width: 800px) 100vw, 800px\" \/><\/noscript>\t\t\t\t\t\t\t\t\t\t\t\t\t\t\t<\/div>\n\t\t\t\t<\/div>\n\t\t\t\t\t<\/div>\n\t\t<\/div>\n\t\t\t\t<div class=\"elementor-column elementor-col-50 elementor-inner-column elementor-element elementor-element-6b7d292a\" data-id=\"6b7d292a\" data-element_type=\"column\" data-e-type=\"column\">\n\t\t\t<div class=\"elementor-widget-wrap elementor-element-populated\">\n\t\t\t\t\t\t<div class=\"elementor-element elementor-element-667ce319 elementor-widget elementor-widget-text-editor\" data-id=\"667ce319\" data-element_type=\"widget\" data-e-type=\"widget\" data-widget_type=\"text-editor.default\">\n\t\t\t\t<div class=\"elementor-widget-container\">\n\t\t\t\t\t\t\t\t\t<p><span data-contrast=\"auto\">El pasado 29 de marzo tuvimos la oportunidad de asistir a la inauguraci\u00f3n del nuevo showroom de <a <a href=\"https:\/\/gastrotech.ec\/\" rel=\"nofollow\" target=\"_blank\">Gastrotech<\/a> en Ecuador, un showroom exclusivo de maquinaria Fagor Professional. Algunas semanas despu\u00e9s de este evento, conversamos con el chef corporativo de Gastrotech, el chileno Christian Valenzuela, sobre el mundo de la hosteler\u00eda, del que es un gran experto, habiendo trabajado en cocinas como la del Guayaquil Tenis Club o del Hillary Resorts, entre otros.<\/span><span data-ccp-props=\"{}\">\u00a0<\/span><\/p>\n<p><span data-contrast=\"auto\">Christian es un hombre positivo, optimista y asegura que, en todos sus a\u00f1os de experiencia en el sector &#8211; m\u00e1s de treinta a\u00f1os de trayectoria con experiencia en Ecuador y Estados Unidos &#8211; la satisfacci\u00f3n m\u00e1s grande que ha podido obtener es al ver a sus clientes felices. <\/span><\/p>\t\t\t\t\t\t\t\t<\/div>\n\t\t\t\t<\/div>\n\t\t\t\t\t<\/div>\n\t\t<\/div>\n\t\t\t\t\t<\/div>\n\t\t<\/section>\n\t\t\t\t<div class=\"elementor-element elementor-element-47ae10a2 elementor-widget elementor-widget-spacer\" data-id=\"47ae10a2\" data-element_type=\"widget\" data-e-type=\"widget\" data-widget_type=\"spacer.default\">\n\t\t\t\t<div class=\"elementor-widget-container\">\n\t\t\t\t\t\t\t<div class=\"elementor-spacer\">\n\t\t\t<div class=\"elementor-spacer-inner\"><\/div>\n\t\t<\/div>\n\t\t\t\t\t\t<\/div>\n\t\t\t\t<\/div>\n\t\t\t\t<div class=\"elementor-element elementor-element-8efba9f elementor-widget elementor-widget-text-editor\" data-id=\"8efba9f\" data-element_type=\"widget\" data-e-type=\"widget\" data-widget_type=\"text-editor.default\">\n\t\t\t\t<div class=\"elementor-widget-container\">\n\t\t\t\t\t\t\t\t\t<p><\/p>\n<h2><span class=\"TextRun SCXW92355853 BCX0\" lang=\"ES-ES\" xml:lang=\"ES-ES\" data-contrast=\"auto\"><span class=\"NormalTextRun SCXW92355853 BCX0\">El mundo gastron\u00f3mico de h<\/span><span class=\"NormalTextRun SCXW92355853 BCX0\">oy en d\u00eda<\/span><\/span><span class=\"EOP SCXW92355853 BCX0\" data-ccp-props=\"{}\">\u00a0<\/span><\/h2>\n<p><\/p>\n<p><\/p>\n<p><span data-contrast=\"auto\">El Chef Valenzuela, ve el vaso medio lleno en lo que respecta a los nuevos negocios de hosteler\u00eda: \u201cEn la actualidad, para los emprendedores del mundo gastron\u00f3mico, los veo cada d\u00eda m\u00e1s positivos, est\u00e1n m\u00e1s preparados, est\u00e1n m\u00e1s abiertos a la tecnolog\u00eda, m\u00e1s abiertos a la asesor\u00eda y a hacer las cosas bien.\u201d\u00a0<\/span><span data-ccp-props=\"{}\">\u00a0<\/span><\/p>\n<p><span data-ccp-props=\"{}\">\u00a0<\/span><span data-contrast=\"auto\">A Christian, en las m\u00faltiples asesor\u00edas que realiza desde la empresa <a <a href=\"https:\/\/gastrotech.ec\/\" rel=\"nofollow\" target=\"_blank\">Gastrotech<\/a>, le suelen preguntar cu\u00e1l es el equipo m\u00e1s importante de una cocina profesional. \u00c9l lo tiene muy claro, <\/span><i><span data-contrast=\"auto\">\u201c<\/span><\/i><span data-contrast=\"auto\">todos los equipos son importantes, pero sobre todo hay que ser conscientes del giro de tu negocio o el enfoque para equiparlo de manera correcta\u201d. Seg\u00fan comenta el Chef, \u201cFagor Profesional sobresale de las dem\u00e1s marcas porque involucra a profesionales como chef, t\u00e9cnicos, ingenieros\u2026 en el desarrollo de cada equipo que est\u00e1 elaborando para la funci\u00f3n adecuada en un departamento gastron\u00f3mico o de alimentos y bebidas\u201d.<\/span><\/p>\n<p><\/p>\t\t\t\t\t\t\t\t<\/div>\n\t\t\t\t<\/div>\n\t\t\t\t\t<\/div>\n\t\t<\/div>\n\t\t\t\t\t<\/div>\n\t\t<\/section>\n\t\t\t\t<section class=\"elementor-section elementor-top-section elementor-element elementor-element-5c3c9b4f elementor-section-boxed elementor-section-height-default elementor-section-height-default\" data-id=\"5c3c9b4f\" data-element_type=\"section\" data-e-type=\"section\">\n\t\t\t\t\t\t<div class=\"elementor-container elementor-column-gap-default\">\n\t\t\t\t\t<div class=\"elementor-column elementor-col-100 elementor-top-column elementor-element elementor-element-661a1fd2\" data-id=\"661a1fd2\" data-element_type=\"column\" data-e-type=\"column\">\n\t\t\t<div class=\"elementor-widget-wrap elementor-element-populated\">\n\t\t\t\t\t\t<div class=\"elementor-element elementor-element-43e0c412 elementor-widget elementor-widget-text-editor\" data-id=\"43e0c412\" data-element_type=\"widget\" data-e-type=\"widget\" data-widget_type=\"text-editor.default\">\n\t\t\t\t<div class=\"elementor-widget-container\">\n\t\t\t\t\t\t\t\t\t<h2><span class=\"TextRun SCXW78872508 BCX0\" lang=\"ES-ES\" xml:lang=\"ES-ES\" data-contrast=\"auto\"><span class=\"NormalTextRun SCXW78872508 BCX0\">Consejos para emprendedores<\/span><\/span><span class=\"EOP SCXW78872508 BCX0\" data-ccp-props=\"{}\">\u00a0<\/span><\/h2>\t\t\t\t\t\t\t\t<\/div>\n\t\t\t\t<\/div>\n\t\t\t\t\t<\/div>\n\t\t<\/div>\n\t\t\t\t\t<\/div>\n\t\t<\/section>\n\t\t\t\t<section class=\"elementor-section elementor-top-section elementor-element elementor-element-6f40568e elementor-section-boxed elementor-section-height-default elementor-section-height-default\" data-id=\"6f40568e\" data-element_type=\"section\" data-e-type=\"section\">\n\t\t\t\t\t\t<div class=\"elementor-container elementor-column-gap-default\">\n\t\t\t\t\t<div class=\"elementor-column elementor-col-100 elementor-top-column elementor-element elementor-element-63b225bd\" data-id=\"63b225bd\" data-element_type=\"column\" data-e-type=\"column\">\n\t\t\t<div class=\"elementor-widget-wrap elementor-element-populated\">\n\t\t\t\t\t\t<section class=\"elementor-section elementor-inner-section elementor-element elementor-element-41b2fa82 elementor-section-boxed elementor-section-height-default elementor-section-height-default\" data-id=\"41b2fa82\" data-element_type=\"section\" data-e-type=\"section\">\n\t\t\t\t\t\t<div class=\"elementor-container elementor-column-gap-default\">\n\t\t\t\t\t<div class=\"elementor-column elementor-col-50 elementor-inner-column elementor-element elementor-element-2e07e3e4\" data-id=\"2e07e3e4\" data-element_type=\"column\" data-e-type=\"column\">\n\t\t\t<div class=\"elementor-widget-wrap elementor-element-populated\">\n\t\t\t\t\t\t<div class=\"elementor-element elementor-element-5db5a2a0 elementor-widget elementor-widget-text-editor\" data-id=\"5db5a2a0\" data-element_type=\"widget\" data-e-type=\"widget\" data-widget_type=\"text-editor.default\">\n\t\t\t\t<div class=\"elementor-widget-container\">\n\t\t\t\t\t\t\t\t\t<p><span data-contrast=\"auto\">Cuando se le pregunta sobre qu\u00e9 consejo dar\u00eda a los emprendedores del mundo gastron\u00f3mico, el chef de Gastrotech no tiene dudas: hay que buscar una buena asesor\u00eda. \u201cPor lo que yo me he encontrado en el mercado una carta que parece ser lo m\u00e1s sencillo, es lo m\u00e1s importante dentro de tu organizaci\u00f3n. Porque desde una carta o un men\u00fa bien elaborado, t\u00fa puedes lograr la compra adecuada en equipamiento. Puedes lograr que la cosa marche mucho mejor optimizando ese equipamiento, no gastando plata, no gastando recursos\u201d, nos comenta con la seguridad que le da la experiencia de muchos a\u00f1os en la profesi\u00f3n.<\/span><span data-ccp-props=\"{}\">\u00a0<\/span><\/p>\n<p><span data-contrast=\"auto\">Queremos agradecer el tiempo que nos ha dedicado Christian para hablarnos sobre su visi\u00f3n sobre el mundo gastron\u00f3mico y los consejos para emprendedores del mundo de la cocina. \u00a1Esperamos que esta uni\u00f3n entre <a <a href=\"https:\/\/gastrotech.ec\/\" rel=\"nofollow\" target=\"_blank\">Gastrotech<\/a> y Fagor Professional consiga hacer realidad los sue\u00f1os de muchos cocineros de Ecuador!<\/span><\/p>\t\t\t\t\t\t\t\t<\/div>\n\t\t\t\t<\/div>\n\t\t\t\t\t<\/div>\n\t\t<\/div>\n\t\t\t\t<div class=\"elementor-column elementor-col-50 elementor-inner-column elementor-element elementor-element-6f5adaa1\" data-id=\"6f5adaa1\" data-element_type=\"column\" data-e-type=\"column\">\n\t\t\t<div class=\"elementor-widget-wrap elementor-element-populated\">\n\t\t\t\t\t\t<div class=\"elementor-element elementor-element-1caa5a33 elementor-widget elementor-widget-image\" data-id=\"1caa5a33\" data-element_type=\"widget\" data-e-type=\"widget\" data-widget_type=\"image.default\">\n\t\t\t\t<div class=\"elementor-widget-container\">\n\t\t\t\t\t\t\t\t\t\t\t\t\t\t\t<img decoding=\"async\" width=\"800\" height=\"534\" src=\"data:image\/gif;base64,R0lGODlhAQABAIAAAAAAAP\/\/\/yH5BAEAAAAALAAAAAABAAEAAAIBRAA7\" data-src=\"https:\/\/www.fagorprofessional.com\/blog\/wp-content\/uploads\/2023\/06\/Gastrotech-Ecuadir-1024x683.png\" class=\"attachment-large size-large wp-image-490932 lazyload\" alt=\"Gastrotech Ecuador\" data-srcset=\"https:\/\/www.fagorprofessional.com\/blog\/wp-content\/uploads\/2023\/06\/Gastrotech-Ecuadir-1024x683.png 1024w, https:\/\/www.fagorprofessional.com\/blog\/wp-content\/uploads\/2023\/06\/Gastrotech-Ecuadir-300x200.png 300w, https:\/\/www.fagorprofessional.com\/blog\/wp-content\/uploads\/2023\/06\/Gastrotech-Ecuadir-768x512.png 768w, https:\/\/www.fagorprofessional.com\/blog\/wp-content\/uploads\/2023\/06\/Gastrotech-Ecuadir-1536x1024.png 1536w, https:\/\/www.fagorprofessional.com\/blog\/wp-content\/uploads\/2023\/06\/Gastrotech-Ecuadir.png 2048w\" sizes=\"(max-width: 800px) 100vw, 800px\" \/><noscript><img loading=\"lazy\" decoding=\"async\" width=\"800\" height=\"534\" src=\"https:\/\/www.fagorprofessional.com\/blog\/wp-content\/uploads\/2023\/06\/Gastrotech-Ecuadir-1024x683.png\" class=\"attachment-large size-large wp-image-490932 lazyload\" alt=\"Gastrotech Ecuador\" srcset=\"https:\/\/www.fagorprofessional.com\/blog\/wp-content\/uploads\/2023\/06\/Gastrotech-Ecuadir-1024x683.png 1024w, https:\/\/www.fagorprofessional.com\/blog\/wp-content\/uploads\/2023\/06\/Gastrotech-Ecuadir-300x200.png 300w, https:\/\/www.fagorprofessional.com\/blog\/wp-content\/uploads\/2023\/06\/Gastrotech-Ecuadir-768x512.png 768w, https:\/\/www.fagorprofessional.com\/blog\/wp-content\/uploads\/2023\/06\/Gastrotech-Ecuadir-1536x1024.png 1536w, https:\/\/www.fagorprofessional.com\/blog\/wp-content\/uploads\/2023\/06\/Gastrotech-Ecuadir.png 2048w\" sizes=\"(max-width: 800px) 100vw, 800px\" \/><\/noscript>\t\t\t\t\t\t\t\t\t\t\t\t\t\t\t<\/div>\n\t\t\t\t<\/div>\n\t\t\t\t\t<\/div>\n\t\t<\/div>\n\t\t\t\t\t<\/div>\n\t\t<\/section>\n\t\t\t\t<div class=\"elementor-element elementor-element-4493dd32 elementor-widget elementor-widget-spacer\" data-id=\"4493dd32\" data-element_type=\"widget\" data-e-type=\"widget\" data-widget_type=\"spacer.default\">\n\t\t\t\t<div class=\"elementor-widget-container\">\n\t\t\t\t\t\t\t<div class=\"elementor-spacer\">\n\t\t\t<div class=\"elementor-spacer-inner\"><\/div>\n\t\t<\/div>\n\t\t\t\t\t\t<\/div>\n\t\t\t\t<\/div>\n\t\t\t\t\t<\/div>\n\t\t<\/div>\n\t\t\t\t\t<\/div>\n\t\t<\/section>\n\t\t\t\t<section class=\"elementor-section elementor-top-section elementor-element elementor-element-717e917 elementor-section-boxed elementor-section-height-default elementor-section-height-default\" data-id=\"717e917\" data-element_type=\"section\" data-e-type=\"section\">\n\t\t\t\t\t\t<div class=\"elementor-container elementor-column-gap-default\">\n\t\t\t\t\t<div class=\"elementor-column elementor-col-100 elementor-top-column elementor-element elementor-element-e3353f7\" data-id=\"e3353f7\" data-element_type=\"column\" data-e-type=\"column\">\n\t\t\t<div class=\"elementor-widget-wrap elementor-element-populated\">\n\t\t\t\t\t\t<div class=\"elementor-element elementor-element-7c2e6b6 elementor-widget elementor-widget-image\" data-id=\"7c2e6b6\" data-element_type=\"widget\" data-e-type=\"widget\" data-widget_type=\"image.default\">\n\t\t\t\t<div class=\"elementor-widget-container\">\n\t\t\t\t\t\t\t\t\t\t\t\t\t\t\t<img loading=\"lazy\" decoding=\"async\" width=\"800\" height=\"534\" src=\"data:image\/gif;base64,R0lGODlhAQABAIAAAAAAAP\/\/\/yH5BAEAAAAALAAAAAABAAEAAAIBRAA7\" data-src=\"https:\/\/www.fagorprofessional.com\/blog\/wp-content\/uploads\/2023\/06\/Gastrotech-1024x683.png\" class=\"attachment-large size-large wp-image-490933 lazyload\" alt=\"Gastrotech\" data-srcset=\"https:\/\/www.fagorprofessional.com\/blog\/wp-content\/uploads\/2023\/06\/Gastrotech-1024x683.png 1024w, https:\/\/www.fagorprofessional.com\/blog\/wp-content\/uploads\/2023\/06\/Gastrotech-300x200.png 300w, https:\/\/www.fagorprofessional.com\/blog\/wp-content\/uploads\/2023\/06\/Gastrotech-768x512.png 768w, https:\/\/www.fagorprofessional.com\/blog\/wp-content\/uploads\/2023\/06\/Gastrotech-1536x1024.png 1536w, https:\/\/www.fagorprofessional.com\/blog\/wp-content\/uploads\/2023\/06\/Gastrotech.png 2048w\" sizes=\"(max-width: 800px) 100vw, 800px\" \/><noscript><img loading=\"lazy\" decoding=\"async\" width=\"800\" height=\"534\" src=\"https:\/\/www.fagorprofessional.com\/blog\/wp-content\/uploads\/2023\/06\/Gastrotech-1024x683.png\" class=\"attachment-large size-large wp-image-490933 lazyload\" alt=\"Gastrotech\" srcset=\"https:\/\/www.fagorprofessional.com\/blog\/wp-content\/uploads\/2023\/06\/Gastrotech-1024x683.png 1024w, https:\/\/www.fagorprofessional.com\/blog\/wp-content\/uploads\/2023\/06\/Gastrotech-300x200.png 300w, https:\/\/www.fagorprofessional.com\/blog\/wp-content\/uploads\/2023\/06\/Gastrotech-768x512.png 768w, https:\/\/www.fagorprofessional.com\/blog\/wp-content\/uploads\/2023\/06\/Gastrotech-1536x1024.png 1536w, https:\/\/www.fagorprofessional.com\/blog\/wp-content\/uploads\/2023\/06\/Gastrotech.png 2048w\" sizes=\"(max-width: 800px) 100vw, 800px\" \/><\/noscript>\t\t\t\t\t\t\t\t\t\t\t\t\t\t\t<\/div>\n\t\t\t\t<\/div>\n\t\t\t\t\t<\/div>\n\t\t<\/div>\n\t\t\t\t\t<\/div>\n\t\t<\/section>\n\t\t\t\t<\/div>\n\t\t","protected":false},"excerpt":{"rendered":"<p>El pasado 29 de marzo tuvimos la oportunidad de asistir a la inauguraci\u00f3n del nuevo showroom de<\/p>\n","protected":false},"author":1,"featured_media":490931,"comment_status":"open","ping_status":"open","sticky":false,"template":"","format":"standard","meta":{"_acf_changed":false,"footnotes":""},"categories":[9],"tags":[],"class_list":["post-490928","post","type-post","status-publish","format-standard","has-post-thumbnail","hentry","category-entrevistas"],"acf":[],"yoast_head":"<!-- This site is optimized with the Yoast SEO plugin v27.4 - https:\/\/yoast.com\/product\/yoast-seo-wordpress\/ -->\n<title>Emprendedores gastron\u00f3micos cada vez m\u00e1s preparados<\/title>\n<meta name=\"description\" content=\"Conversamos con el chef corporativo de Gastrotech, el chileno Christian Valenzuela sobre el mundo de la hosteler\u00eda.\" \/>\n<meta name=\"robots\" content=\"index, follow, max-snippet:-1, max-image-preview:large, max-video-preview:-1\" \/>\n<link rel=\"canonical\" href=\"https:\/\/www.fagorprofessional.com\/blog\/es\/los-emprendedores-del-mundo-gastronomico-cada-vez-estan-mas-preparados-christian-valenzuela\/\" \/>\n<meta property=\"og:locale\" content=\"es_ES\" \/>\n<meta property=\"og:type\" content=\"article\" \/>\n<meta property=\"og:title\" content=\"Emprendedores gastron\u00f3micos cada vez m\u00e1s preparados\" \/>\n<meta property=\"og:description\" content=\"Conversamos con el chef corporativo de Gastrotech, el chileno Christian Valenzuela sobre el mundo de la hosteler\u00eda.\" \/>\n<meta property=\"og:url\" content=\"https:\/\/www.fagorprofessional.com\/blog\/es\/los-emprendedores-del-mundo-gastronomico-cada-vez-estan-mas-preparados-christian-valenzuela\/\" \/>\n<meta property=\"og:site_name\" content=\"Fagor Professional&#039;s Blog\" \/>\n<meta property=\"article:published_time\" content=\"2023-06-28T16:00:15+00:00\" \/>\n<meta property=\"article:modified_time\" content=\"2024-04-19T10:28:25+00:00\" \/>\n<meta property=\"og:image\" content=\"https:\/\/www.fagorprofessional.com\/blog\/wp-content\/uploads\/2023\/06\/Christian-Valenzuela-Gastrotech.png\" \/>\n\t<meta property=\"og:image:width\" content=\"2048\" \/>\n\t<meta property=\"og:image:height\" content=\"1365\" \/>\n\t<meta property=\"og:image:type\" content=\"image\/png\" \/>\n<meta name=\"author\" content=\"admin\" \/>\n<meta name=\"twitter:card\" content=\"summary_large_image\" \/>\n<meta name=\"twitter:label1\" content=\"Escrito por\" \/>\n\t<meta name=\"twitter:data1\" content=\"admin\" \/>\n\t<meta name=\"twitter:label2\" content=\"Tiempo de lectura\" \/>\n\t<meta name=\"twitter:data2\" content=\"3 minutos\" \/>\n<script type=\"application\/ld+json\" class=\"yoast-schema-graph\">{\"@context\":\"https:\\\/\\\/schema.org\",\"@graph\":[{\"@type\":\"Article\",\"@id\":\"https:\\\/\\\/www.fagorprofessional.com\\\/blog\\\/es\\\/los-emprendedores-del-mundo-gastronomico-cada-vez-estan-mas-preparados-christian-valenzuela\\\/#article\",\"isPartOf\":{\"@id\":\"https:\\\/\\\/www.fagorprofessional.com\\\/blog\\\/es\\\/los-emprendedores-del-mundo-gastronomico-cada-vez-estan-mas-preparados-christian-valenzuela\\\/\"},\"author\":{\"name\":\"admin\",\"@id\":\"https:\\\/\\\/www.fagorprofessional.com\\\/blog\\\/#\\\/schema\\\/person\\\/c2dc508ffda39316cf0e8a45f15cb4e4\"},\"headline\":\"Los emprendedores del mundo gastron\u00f3mico cada vez est\u00e1n m\u00e1s preparados: Christian Valenzuela\u00a0\",\"datePublished\":\"2023-06-28T16:00:15+00:00\",\"dateModified\":\"2024-04-19T10:28:25+00:00\",\"mainEntityOfPage\":{\"@id\":\"https:\\\/\\\/www.fagorprofessional.com\\\/blog\\\/es\\\/los-emprendedores-del-mundo-gastronomico-cada-vez-estan-mas-preparados-christian-valenzuela\\\/\"},\"wordCount\":485,\"commentCount\":0,\"image\":{\"@id\":\"https:\\\/\\\/www.fagorprofessional.com\\\/blog\\\/es\\\/los-emprendedores-del-mundo-gastronomico-cada-vez-estan-mas-preparados-christian-valenzuela\\\/#primaryimage\"},\"thumbnailUrl\":\"https:\\\/\\\/www.fagorprofessional.com\\\/blog\\\/wp-content\\\/uploads\\\/2023\\\/06\\\/Christian-Valenzuela-Gastrotech.png\",\"articleSection\":[\"Entrevistas\"],\"inLanguage\":\"es\",\"potentialAction\":[{\"@type\":\"CommentAction\",\"name\":\"Comment\",\"target\":[\"https:\\\/\\\/www.fagorprofessional.com\\\/blog\\\/es\\\/los-emprendedores-del-mundo-gastronomico-cada-vez-estan-mas-preparados-christian-valenzuela\\\/#respond\"]}]},{\"@type\":\"WebPage\",\"@id\":\"https:\\\/\\\/www.fagorprofessional.com\\\/blog\\\/es\\\/los-emprendedores-del-mundo-gastronomico-cada-vez-estan-mas-preparados-christian-valenzuela\\\/\",\"url\":\"https:\\\/\\\/www.fagorprofessional.com\\\/blog\\\/es\\\/los-emprendedores-del-mundo-gastronomico-cada-vez-estan-mas-preparados-christian-valenzuela\\\/\",\"name\":\"Emprendedores gastron\u00f3micos cada vez m\u00e1s preparados\",\"isPartOf\":{\"@id\":\"https:\\\/\\\/www.fagorprofessional.com\\\/blog\\\/#website\"},\"primaryImageOfPage\":{\"@id\":\"https:\\\/\\\/www.fagorprofessional.com\\\/blog\\\/es\\\/los-emprendedores-del-mundo-gastronomico-cada-vez-estan-mas-preparados-christian-valenzuela\\\/#primaryimage\"},\"image\":{\"@id\":\"https:\\\/\\\/www.fagorprofessional.com\\\/blog\\\/es\\\/los-emprendedores-del-mundo-gastronomico-cada-vez-estan-mas-preparados-christian-valenzuela\\\/#primaryimage\"},\"thumbnailUrl\":\"https:\\\/\\\/www.fagorprofessional.com\\\/blog\\\/wp-content\\\/uploads\\\/2023\\\/06\\\/Christian-Valenzuela-Gastrotech.png\",\"datePublished\":\"2023-06-28T16:00:15+00:00\",\"dateModified\":\"2024-04-19T10:28:25+00:00\",\"author\":{\"@id\":\"https:\\\/\\\/www.fagorprofessional.com\\\/blog\\\/#\\\/schema\\\/person\\\/c2dc508ffda39316cf0e8a45f15cb4e4\"},\"description\":\"Conversamos con el chef corporativo de Gastrotech, el chileno Christian Valenzuela sobre el mundo de la hosteler\u00eda.\",\"breadcrumb\":{\"@id\":\"https:\\\/\\\/www.fagorprofessional.com\\\/blog\\\/es\\\/los-emprendedores-del-mundo-gastronomico-cada-vez-estan-mas-preparados-christian-valenzuela\\\/#breadcrumb\"},\"inLanguage\":\"es\",\"potentialAction\":[{\"@type\":\"ReadAction\",\"target\":[\"https:\\\/\\\/www.fagorprofessional.com\\\/blog\\\/es\\\/los-emprendedores-del-mundo-gastronomico-cada-vez-estan-mas-preparados-christian-valenzuela\\\/\"]}]},{\"@type\":\"ImageObject\",\"inLanguage\":\"es\",\"@id\":\"https:\\\/\\\/www.fagorprofessional.com\\\/blog\\\/es\\\/los-emprendedores-del-mundo-gastronomico-cada-vez-estan-mas-preparados-christian-valenzuela\\\/#primaryimage\",\"url\":\"https:\\\/\\\/www.fagorprofessional.com\\\/blog\\\/wp-content\\\/uploads\\\/2023\\\/06\\\/Christian-Valenzuela-Gastrotech.png\",\"contentUrl\":\"https:\\\/\\\/www.fagorprofessional.com\\\/blog\\\/wp-content\\\/uploads\\\/2023\\\/06\\\/Christian-Valenzuela-Gastrotech.png\",\"width\":2048,\"height\":1365,\"caption\":\"Christian Valenzuela Gastrotech\"},{\"@type\":\"BreadcrumbList\",\"@id\":\"https:\\\/\\\/www.fagorprofessional.com\\\/blog\\\/es\\\/los-emprendedores-del-mundo-gastronomico-cada-vez-estan-mas-preparados-christian-valenzuela\\\/#breadcrumb\",\"itemListElement\":[{\"@type\":\"ListItem\",\"position\":1,\"name\":\"Fagor Professional Blog\",\"item\":\"https:\\\/\\\/www.fagorprofessional.com\\\/blog\\\/\"},{\"@type\":\"ListItem\",\"position\":2,\"name\":\"Entrevistas\",\"item\":\"https:\\\/\\\/www.fagorprofessional.com\\\/blog\\\/es\\\/entrevistas\\\/\"},{\"@type\":\"ListItem\",\"position\":3,\"name\":\"Los emprendedores del mundo gastron\u00f3mico cada vez est\u00e1n m\u00e1s preparados: Christian Valenzuela\u00a0\"}]},{\"@type\":\"WebSite\",\"@id\":\"https:\\\/\\\/www.fagorprofessional.com\\\/blog\\\/#website\",\"url\":\"https:\\\/\\\/www.fagorprofessional.com\\\/blog\\\/\",\"name\":\"Fagor Professional&#039;s Blog\",\"description\":\"Fagor Professional&#039;s Blog\",\"potentialAction\":[{\"@type\":\"SearchAction\",\"target\":{\"@type\":\"EntryPoint\",\"urlTemplate\":\"https:\\\/\\\/www.fagorprofessional.com\\\/blog\\\/?s={search_term_string}\"},\"query-input\":{\"@type\":\"PropertyValueSpecification\",\"valueRequired\":true,\"valueName\":\"search_term_string\"}}],\"inLanguage\":\"es\"},{\"@type\":\"Person\",\"@id\":\"https:\\\/\\\/www.fagorprofessional.com\\\/blog\\\/#\\\/schema\\\/person\\\/c2dc508ffda39316cf0e8a45f15cb4e4\",\"name\":\"admin\",\"image\":{\"@type\":\"ImageObject\",\"inLanguage\":\"es\",\"@id\":\"https:\\\/\\\/secure.gravatar.com\\\/avatar\\\/af0a4c336046e868f98b17f2a27b6f9426e8aba09b92828569a3ca2b54e3d91c?s=96&d=mm&r=g\",\"url\":\"https:\\\/\\\/secure.gravatar.com\\\/avatar\\\/af0a4c336046e868f98b17f2a27b6f9426e8aba09b92828569a3ca2b54e3d91c?s=96&d=mm&r=g\",\"contentUrl\":\"https:\\\/\\\/secure.gravatar.com\\\/avatar\\\/af0a4c336046e868f98b17f2a27b6f9426e8aba09b92828569a3ca2b54e3d91c?s=96&d=mm&r=g\",\"caption\":\"admin\"},\"sameAs\":[\"https:\\\/\\\/www.fagorprofessional.com\\\/blog\"]}]}<\/script>\n<!-- \/ Yoast SEO plugin. -->","yoast_head_json":{"title":"Emprendedores gastron\u00f3micos cada vez m\u00e1s preparados","description":"Conversamos con el chef corporativo de Gastrotech, el chileno Christian Valenzuela sobre el mundo de la hosteler\u00eda.","robots":{"index":"index","follow":"follow","max-snippet":"max-snippet:-1","max-image-preview":"max-image-preview:large","max-video-preview":"max-video-preview:-1"},"canonical":"https:\/\/www.fagorprofessional.com\/blog\/es\/los-emprendedores-del-mundo-gastronomico-cada-vez-estan-mas-preparados-christian-valenzuela\/","og_locale":"es_ES","og_type":"article","og_title":"Emprendedores gastron\u00f3micos cada vez m\u00e1s preparados","og_description":"Conversamos con el chef corporativo de Gastrotech, el chileno Christian Valenzuela sobre el mundo de la hosteler\u00eda.","og_url":"https:\/\/www.fagorprofessional.com\/blog\/es\/los-emprendedores-del-mundo-gastronomico-cada-vez-estan-mas-preparados-christian-valenzuela\/","og_site_name":"Fagor Professional&#039;s Blog","article_published_time":"2023-06-28T16:00:15+00:00","article_modified_time":"2024-04-19T10:28:25+00:00","og_image":[{"width":2048,"height":1365,"url":"https:\/\/www.fagorprofessional.com\/blog\/wp-content\/uploads\/2023\/06\/Christian-Valenzuela-Gastrotech.png","type":"image\/png"}],"author":"admin","twitter_card":"summary_large_image","twitter_misc":{"Escrito por":"admin","Tiempo de lectura":"3 minutos"},"schema":{"@context":"https:\/\/schema.org","@graph":[{"@type":"Article","@id":"https:\/\/www.fagorprofessional.com\/blog\/es\/los-emprendedores-del-mundo-gastronomico-cada-vez-estan-mas-preparados-christian-valenzuela\/#article","isPartOf":{"@id":"https:\/\/www.fagorprofessional.com\/blog\/es\/los-emprendedores-del-mundo-gastronomico-cada-vez-estan-mas-preparados-christian-valenzuela\/"},"author":{"name":"admin","@id":"https:\/\/www.fagorprofessional.com\/blog\/#\/schema\/person\/c2dc508ffda39316cf0e8a45f15cb4e4"},"headline":"Los emprendedores del mundo gastron\u00f3mico cada vez est\u00e1n m\u00e1s preparados: Christian Valenzuela\u00a0","datePublished":"2023-06-28T16:00:15+00:00","dateModified":"2024-04-19T10:28:25+00:00","mainEntityOfPage":{"@id":"https:\/\/www.fagorprofessional.com\/blog\/es\/los-emprendedores-del-mundo-gastronomico-cada-vez-estan-mas-preparados-christian-valenzuela\/"},"wordCount":485,"commentCount":0,"image":{"@id":"https:\/\/www.fagorprofessional.com\/blog\/es\/los-emprendedores-del-mundo-gastronomico-cada-vez-estan-mas-preparados-christian-valenzuela\/#primaryimage"},"thumbnailUrl":"https:\/\/www.fagorprofessional.com\/blog\/wp-content\/uploads\/2023\/06\/Christian-Valenzuela-Gastrotech.png","articleSection":["Entrevistas"],"inLanguage":"es","potentialAction":[{"@type":"CommentAction","name":"Comment","target":["https:\/\/www.fagorprofessional.com\/blog\/es\/los-emprendedores-del-mundo-gastronomico-cada-vez-estan-mas-preparados-christian-valenzuela\/#respond"]}]},{"@type":"WebPage","@id":"https:\/\/www.fagorprofessional.com\/blog\/es\/los-emprendedores-del-mundo-gastronomico-cada-vez-estan-mas-preparados-christian-valenzuela\/","url":"https:\/\/www.fagorprofessional.com\/blog\/es\/los-emprendedores-del-mundo-gastronomico-cada-vez-estan-mas-preparados-christian-valenzuela\/","name":"Emprendedores gastron\u00f3micos cada vez m\u00e1s preparados","isPartOf":{"@id":"https:\/\/www.fagorprofessional.com\/blog\/#website"},"primaryImageOfPage":{"@id":"https:\/\/www.fagorprofessional.com\/blog\/es\/los-emprendedores-del-mundo-gastronomico-cada-vez-estan-mas-preparados-christian-valenzuela\/#primaryimage"},"image":{"@id":"https:\/\/www.fagorprofessional.com\/blog\/es\/los-emprendedores-del-mundo-gastronomico-cada-vez-estan-mas-preparados-christian-valenzuela\/#primaryimage"},"thumbnailUrl":"https:\/\/www.fagorprofessional.com\/blog\/wp-content\/uploads\/2023\/06\/Christian-Valenzuela-Gastrotech.png","datePublished":"2023-06-28T16:00:15+00:00","dateModified":"2024-04-19T10:28:25+00:00","author":{"@id":"https:\/\/www.fagorprofessional.com\/blog\/#\/schema\/person\/c2dc508ffda39316cf0e8a45f15cb4e4"},"description":"Conversamos con el chef corporativo de Gastrotech, el chileno Christian Valenzuela sobre el mundo de la hosteler\u00eda.","breadcrumb":{"@id":"https:\/\/www.fagorprofessional.com\/blog\/es\/los-emprendedores-del-mundo-gastronomico-cada-vez-estan-mas-preparados-christian-valenzuela\/#breadcrumb"},"inLanguage":"es","potentialAction":[{"@type":"ReadAction","target":["https:\/\/www.fagorprofessional.com\/blog\/es\/los-emprendedores-del-mundo-gastronomico-cada-vez-estan-mas-preparados-christian-valenzuela\/"]}]},{"@type":"ImageObject","inLanguage":"es","@id":"https:\/\/www.fagorprofessional.com\/blog\/es\/los-emprendedores-del-mundo-gastronomico-cada-vez-estan-mas-preparados-christian-valenzuela\/#primaryimage","url":"https:\/\/www.fagorprofessional.com\/blog\/wp-content\/uploads\/2023\/06\/Christian-Valenzuela-Gastrotech.png","contentUrl":"https:\/\/www.fagorprofessional.com\/blog\/wp-content\/uploads\/2023\/06\/Christian-Valenzuela-Gastrotech.png","width":2048,"height":1365,"caption":"Christian Valenzuela Gastrotech"},{"@type":"BreadcrumbList","@id":"https:\/\/www.fagorprofessional.com\/blog\/es\/los-emprendedores-del-mundo-gastronomico-cada-vez-estan-mas-preparados-christian-valenzuela\/#breadcrumb","itemListElement":[{"@type":"ListItem","position":1,"name":"Fagor Professional Blog","item":"https:\/\/www.fagorprofessional.com\/blog\/"},{"@type":"ListItem","position":2,"name":"Entrevistas","item":"https:\/\/www.fagorprofessional.com\/blog\/es\/entrevistas\/"},{"@type":"ListItem","position":3,"name":"Los emprendedores del mundo gastron\u00f3mico cada vez est\u00e1n m\u00e1s preparados: Christian Valenzuela\u00a0"}]},{"@type":"WebSite","@id":"https:\/\/www.fagorprofessional.com\/blog\/#website","url":"https:\/\/www.fagorprofessional.com\/blog\/","name":"Fagor Professional&#039;s Blog","description":"Fagor Professional&#039;s Blog","potentialAction":[{"@type":"SearchAction","target":{"@type":"EntryPoint","urlTemplate":"https:\/\/www.fagorprofessional.com\/blog\/?s={search_term_string}"},"query-input":{"@type":"PropertyValueSpecification","valueRequired":true,"valueName":"search_term_string"}}],"inLanguage":"es"},{"@type":"Person","@id":"https:\/\/www.fagorprofessional.com\/blog\/#\/schema\/person\/c2dc508ffda39316cf0e8a45f15cb4e4","name":"admin","image":{"@type":"ImageObject","inLanguage":"es","@id":"https:\/\/secure.gravatar.com\/avatar\/af0a4c336046e868f98b17f2a27b6f9426e8aba09b92828569a3ca2b54e3d91c?s=96&d=mm&r=g","url":"https:\/\/secure.gravatar.com\/avatar\/af0a4c336046e868f98b17f2a27b6f9426e8aba09b92828569a3ca2b54e3d91c?s=96&d=mm&r=g","contentUrl":"https:\/\/secure.gravatar.com\/avatar\/af0a4c336046e868f98b17f2a27b6f9426e8aba09b92828569a3ca2b54e3d91c?s=96&d=mm&r=g","caption":"admin"},"sameAs":["https:\/\/www.fagorprofessional.com\/blog"]}]}},"_links":{"self":[{"href":"https:\/\/www.fagorprofessional.com\/blog\/wp-json\/wp\/v2\/posts\/490928","targetHints":{"allow":["GET"]}}],"collection":[{"href":"https:\/\/www.fagorprofessional.com\/blog\/wp-json\/wp\/v2\/posts"}],"about":[{"href":"https:\/\/www.fagorprofessional.com\/blog\/wp-json\/wp\/v2\/types\/post"}],"author":[{"embeddable":true,"href":"https:\/\/www.fagorprofessional.com\/blog\/wp-json\/wp\/v2\/users\/1"}],"replies":[{"embeddable":true,"href":"https:\/\/www.fagorprofessional.com\/blog\/wp-json\/wp\/v2\/comments?post=490928"}],"version-history":[{"count":12,"href":"https:\/\/www.fagorprofessional.com\/blog\/wp-json\/wp\/v2\/posts\/490928\/revisions"}],"predecessor-version":[{"id":490946,"href":"https:\/\/www.fagorprofessional.com\/blog\/wp-json\/wp\/v2\/posts\/490928\/revisions\/490946"}],"wp:featuredmedia":[{"embeddable":true,"href":"https:\/\/www.fagorprofessional.com\/blog\/wp-json\/wp\/v2\/media\/490931"}],"wp:attachment":[{"href":"https:\/\/www.fagorprofessional.com\/blog\/wp-json\/wp\/v2\/media?parent=490928"}],"wp:term":[{"taxonomy":"category","embeddable":true,"href":"https:\/\/www.fagorprofessional.com\/blog\/wp-json\/wp\/v2\/categories?post=490928"},{"taxonomy":"post_tag","embeddable":true,"href":"https:\/\/www.fagorprofessional.com\/blog\/wp-json\/wp\/v2\/tags?post=490928"}],"curies":[{"name":"wp","href":"https:\/\/api.w.org\/{rel}","templated":true}]}}