{"id":491154,"date":"2024-05-23T15:15:15","date_gmt":"2024-05-23T15:15:15","guid":{"rendered":"https:\/\/www.fagorprofessional.com\/blog\/?p=491154"},"modified":"2024-07-11T06:48:24","modified_gmt":"2024-07-11T06:48:24","slug":"receta-de-pan-de-pasas-y-nueces-perfecto-para-meriendas-y-desayunos","status":"publish","type":"post","link":"https:\/\/www.fagorprofessional.com\/blog\/es\/receta-de-pan-de-pasas-y-nueces-perfecto-para-meriendas-y-desayunos\/","title":{"rendered":"Receta de pan de pasas y nueces: perfecto para meriendas y desayunos"},"content":{"rendered":"\t\t<div data-elementor-type=\"wp-post\" data-elementor-id=\"491154\" class=\"elementor elementor-491154\">\n\t\t\t\t\t\t<section class=\"elementor-section elementor-top-section elementor-element elementor-element-4ad6e64 elementor-section-boxed elementor-section-height-default elementor-section-height-default\" data-id=\"4ad6e64\" data-element_type=\"section\" data-e-type=\"section\">\n\t\t\t\t\t\t<div class=\"elementor-container elementor-column-gap-default\">\n\t\t\t\t\t<div class=\"elementor-column elementor-col-100 elementor-top-column elementor-element elementor-element-0a3faa5\" data-id=\"0a3faa5\" data-element_type=\"column\" data-e-type=\"column\">\n\t\t\t<div class=\"elementor-widget-wrap elementor-element-populated\">\n\t\t\t\t\t\t<div class=\"elementor-element elementor-element-5be1177 elementor-widget elementor-widget-text-editor\" data-id=\"5be1177\" data-element_type=\"widget\" data-e-type=\"widget\" data-widget_type=\"text-editor.default\">\n\t\t\t\t<div class=\"elementor-widget-container\">\n\t\t\t\t\t\t\t\t\t<p><\/p>\n<p><span class=\"TextRun SCXW231377336 BCX0\" lang=\"ES-ES\" style=\"-webkit-user-drag: none; -webkit-tap-highlight-color: transparent; margin: 0px; padding: 0px; user-select: text; font-variant-numeric: normal; font-variant-east-asian: normal; white-space: pre-wrap; font-size: 12pt; line-height: 20.925px; font-family: 'system-ui', system-ui_MSFontService, sans-serif;\" xml:lang=\"ES-ES\" data-contrast=\"none\"><span class=\"NormalTextRun SCXW231377336 BCX0\" style=\"-webkit-user-drag: none; -webkit-tap-highlight-color: transparent; margin: 0px; padding: 0px; user-select: text;\">Preparar este delicioso pan de pasas y nueces es m\u00e1s f\u00e1cil de lo que imaginas, especialmente con la precisi\u00f3n y tecnolog\u00eda avanzada del <\/span><a <a href=\"https:\/\/www.fagorprofessional.com\/es\/equipos-cocina\/hornos-industriales\/ikore\" rel=\"nofollow\" target=\"_blank\">horno iKORE<\/a><span class=\"NormalTextRun SCXW231377336 BCX0\" style=\"-webkit-user-drag: none; -webkit-tap-highlight-color: transparent; margin: 0px; padding: 0px; user-select: text;\"> de Fagor Professional.<\/span><\/span><span class=\"EOP SCXW231377336 BCX0\" style=\"-webkit-user-drag: none; -webkit-tap-highlight-color: transparent; margin: 0px; padding: 0px; user-select: text; white-space: pre-wrap; font-size: 12pt; line-height: 20.925px; font-family: 'system-ui', system-ui_MSFontService, sans-serif;\" data-ccp-props=\"{&quot;134233117&quot;:false,&quot;134233118&quot;:false,&quot;201341983&quot;:0,&quot;335557856&quot;:16777215,&quot;335559738&quot;:0,&quot;335559739&quot;:300,&quot;335559740&quot;:279}\">\u00a0<\/span><\/p>\n<p><span class=\"TextRun SCXW116537740 BCX0\" lang=\"ES-ES\" style=\"-webkit-user-drag: none; -webkit-tap-highlight-color: transparent; margin: 0px; padding: 0px; user-select: text; font-variant-numeric: normal; font-variant-east-asian: normal; white-space: pre-wrap; font-size: 12pt; line-height: 20.925px; font-family: 'system-ui', system-ui_MSFontService, sans-serif;\" xml:lang=\"ES-ES\" data-contrast=\"none\">Antes de sumergirnos en los detalles de la elaboraci\u00f3n, d\u00e9janos adelantarte un poco de lo que te espera.<\/span><span class=\"EOP SCXW116537740 BCX0\" style=\"-webkit-user-drag: none; -webkit-tap-highlight-color: transparent; margin: 0px; padding: 0px; user-select: text; white-space: pre-wrap; font-size: 12pt; line-height: 20.925px; font-family: 'system-ui', system-ui_MSFontService, sans-serif;\" data-ccp-props=\"{&quot;134233117&quot;:false,&quot;134233118&quot;:false,&quot;201341983&quot;:0,&quot;335557856&quot;:16777215,&quot;335559738&quot;:300,&quot;335559739&quot;:300,&quot;335559740&quot;:279}\">\u00a0<\/span><\/p>\n<p><span class=\"TextRun SCXW18386540 BCX0\" lang=\"ES-ES\" style=\"-webkit-user-drag: none; -webkit-tap-highlight-color: transparent; margin: 0px; padding: 0px; user-select: text; font-variant-numeric: normal; font-variant-east-asian: normal; white-space: pre-wrap; font-size: 12pt; line-height: 20.925px; font-family: 'system-ui', system-ui_MSFontService, sans-serif;\" xml:lang=\"ES-ES\" data-contrast=\"none\">Imagina el aroma c\u00e1lido y acogedor de un pan reci\u00e9n horneado llenando tu cocina. Este pan, con su combinaci\u00f3n especial de pasas dulces y nueces crujientes, es ideal para meriendas y desayunos. Su preparaci\u00f3n es sencilla, y si no eres fan de las pasas y nueces, siempre puedes cambiarlas por otros frutos secos o aromatizar el pan con ralladura de c\u00edtricos. Sin embargo, la mezcla de pasas y nueces le da un sabor \u00fanico y especial que es dif\u00edcil de superar.<\/span><span class=\"EOP SCXW18386540 BCX0\" style=\"-webkit-user-drag: none; -webkit-tap-highlight-color: transparent; margin: 0px; padding: 0px; user-select: text; white-space: pre-wrap; font-size: 12pt; line-height: 20.925px; font-family: 'system-ui', system-ui_MSFontService, sans-serif;\" data-ccp-props=\"{&quot;134233117&quot;:false,&quot;134233118&quot;:false,&quot;201341983&quot;:0,&quot;335557856&quot;:16777215,&quot;335559738&quot;:300,&quot;335559739&quot;:300,&quot;335559740&quot;:279}\">\u00a0<\/span><\/p>\n<p><span class=\"TextRun SCXW75223724 BCX0\" lang=\"ES-ES\" style=\"-webkit-user-drag: none; -webkit-tap-highlight-color: transparent; margin: 0px; padding: 0px; user-select: text; font-variant-numeric: normal; font-variant-east-asian: normal; white-space: pre-wrap; font-size: 12pt; line-height: 20.925px; font-family: 'system-ui', system-ui_MSFontService, sans-serif;\" xml:lang=\"ES-ES\" data-contrast=\"none\"><span class=\"NormalTextRun SCXW75223724 BCX0\" style=\"-webkit-user-drag: none; -webkit-tap-highlight-color: transparent; margin: 0px; padding: 0px; user-select: text;\">Ahora, \u00bfest\u00e1s <\/span><span class=\"NormalTextRun SCXW75223724 BCX0\" style=\"-webkit-user-drag: none; -webkit-tap-highlight-color: transparent; margin: 0px; padding: 0px; user-select: text;\">list<\/span><span class=\"NormalTextRun SCXW75223724 BCX0\" style=\"-webkit-user-drag: none; -webkit-tap-highlight-color: transparent; margin: 0px; padding: 0px; user-select: text;\">@ para cocinar? Sigue nuestro paso a paso y descubre c\u00f3mo convertir recetas simples en manjares gracias a la precisi\u00f3n del horno <\/span><span class=\"NormalTextRun SCXW75223724 BCX0\" style=\"-webkit-user-drag: none; -webkit-tap-highlight-color: transparent; margin: 0px; padding: 0px; user-select: text;\">iKORE<\/span><span class=\"NormalTextRun SCXW75223724 BCX0\" style=\"-webkit-user-drag: none; -webkit-tap-highlight-color: transparent; margin: 0px; padding: 0px; user-select: text;\"> de Fagor Professional.<\/span><\/span><span class=\"EOP SCXW75223724 BCX0\" style=\"-webkit-user-drag: none; -webkit-tap-highlight-color: transparent; margin: 0px; padding: 0px; user-select: text; white-space: pre-wrap; font-size: 12pt; line-height: 20.925px; font-family: 'system-ui', system-ui_MSFontService, sans-serif;\" data-ccp-props=\"{&quot;134233117&quot;:false,&quot;134233118&quot;:false,&quot;201341983&quot;:0,&quot;335557856&quot;:16777215,&quot;335559738&quot;:300,&quot;335559739&quot;:300,&quot;335559740&quot;:279}\">\u00a0<\/span><\/p>\n<p><\/p>\t\t\t\t\t\t\t\t<\/div>\n\t\t\t\t<\/div>\n\t\t\t\t<div class=\"elementor-element elementor-element-0d5c967 elementor-widget elementor-widget-text-editor\" data-id=\"0d5c967\" data-element_type=\"widget\" data-e-type=\"widget\" data-widget_type=\"text-editor.default\">\n\t\t\t\t<div class=\"elementor-widget-container\">\n\t\t\t\t\t\t\t\t\t<p><\/p>\n<h2><span class=\"TextRun MacChromeBold SCXW81546872 BCX0\" lang=\"ES-ES\" xml:lang=\"ES-ES\" data-contrast=\"none\"><span class=\"NormalTextRun SCXW81546872 BCX0\" data-ccp-parastyle=\"heading 3\">Ingredientes<\/span><\/span><\/h2>\n<ul>\n<li><span lang=\"ES-ES\" xml:lang=\"ES-ES\" data-contrast=\"none\">250g de harina de fuerza<\/span><span data-ccp-props=\"{&quot;134233117&quot;:false,&quot;134233118&quot;:false,&quot;201341983&quot;:0,&quot;335557856&quot;:16777215,&quot;335559738&quot;:120,&quot;335559739&quot;:120,&quot;335559740&quot;:279}\">\u00a0<\/span><\/li>\n<li><span lang=\"ES-ES\" xml:lang=\"ES-ES\" data-contrast=\"none\">750g de harina de entre fuerza o harina com\u00fan<\/span><span data-ccp-props=\"{&quot;134233117&quot;:false,&quot;134233118&quot;:false,&quot;201341983&quot;:0,&quot;335557856&quot;:16777215,&quot;335559738&quot;:120,&quot;335559739&quot;:120,&quot;335559740&quot;:279}\">\u00a0<\/span><\/li>\n<li><span lang=\"ES-ES\" xml:lang=\"ES-ES\" data-contrast=\"none\">18g de sal<\/span><\/li>\n<li><span lang=\"ES-ES\" xml:lang=\"ES-ES\" data-contrast=\"none\">40g de levadura<\/span><span data-ccp-props=\"{&quot;134233117&quot;:false,&quot;134233118&quot;:false,&quot;201341983&quot;:0,&quot;335557856&quot;:16777215,&quot;335559738&quot;:120,&quot;335559739&quot;:120,&quot;335559740&quot;:279}\">\u00a0<\/span><\/li>\n<li><span lang=\"ES-ES\" xml:lang=\"ES-ES\" data-contrast=\"none\">600ml de agua<\/span><span data-ccp-props=\"{&quot;134233117&quot;:false,&quot;134233118&quot;:false,&quot;201341983&quot;:0,&quot;335557856&quot;:16777215,&quot;335559738&quot;:120,&quot;335559739&quot;:120,&quot;335559740&quot;:279}\">\u00a0<\/span><\/li>\n<li><span lang=\"ES-ES\" xml:lang=\"ES-ES\" data-contrast=\"none\">25g de pasas<\/span><\/li>\n<li><span lang=\"ES-ES\" xml:lang=\"ES-ES\" data-contrast=\"none\">25g de nueces<\/span><span data-ccp-props=\"{&quot;134233117&quot;:false,&quot;134233118&quot;:false,&quot;201341983&quot;:0,&quot;335557856&quot;:16777215,&quot;335559738&quot;:120,&quot;335559739&quot;:120,&quot;335559740&quot;:279}\">\u00a0<\/span><\/li>\n<\/ul>\n<p><\/p>\n<p><\/p>\n<p><\/p>\t\t\t\t\t\t\t\t<\/div>\n\t\t\t\t<\/div>\n\t\t\t\t<div class=\"elementor-element elementor-element-418519e elementor-widget elementor-widget-text-editor\" data-id=\"418519e\" data-element_type=\"widget\" data-e-type=\"widget\" data-widget_type=\"text-editor.default\">\n\t\t\t\t<div class=\"elementor-widget-container\">\n\t\t\t\t\t\t\t\t\t<p><\/p>\n<p><\/p>\n<h2><span class=\"TextRun MacChromeBold SCXW81546872 BCX0\" lang=\"ES-ES\" xml:lang=\"ES-ES\" data-contrast=\"none\"><span class=\"NormalTextRun SCXW81546872 BCX0\" data-ccp-parastyle=\"heading 3\">Instrucciones Paso a Paso<\/span><\/span><span class=\"EOP SCXW81546872 BCX0\" data-ccp-props=\"{&quot;134233117&quot;:false,&quot;134233118&quot;:false,&quot;134245418&quot;:true,&quot;134245529&quot;:true,&quot;201341983&quot;:0,&quot;335557856&quot;:16777215,&quot;335559738&quot;:240,&quot;335559739&quot;:120,&quot;335559740&quot;:279}\">&nbsp;<\/span><\/h2>\n<ol>\n<li><strong><span class=\"TextRun MacChromeBold SCXW76181461 BCX0\" lang=\"ES-ES\" xml:lang=\"ES-ES\" data-contrast=\"none\"><span class=\"NormalTextRun SCXW76181461 BCX0\">Preparaci\u00f3n de la masa<\/span><\/span><span class=\"TextRun SCXW76181461 BCX0\" lang=\"ES-ES\" xml:lang=\"ES-ES\" data-contrast=\"none\"><span class=\"NormalTextRun SCXW76181461 BCX0\">:<\/span><\/span><\/strong><span class=\"EOP SCXW76181461 BCX0\" data-ccp-props=\"{&quot;134233117&quot;:false,&quot;134233118&quot;:false,&quot;201341983&quot;:0,&quot;335557856&quot;:16777215,&quot;335559738&quot;:240,&quot;335559739&quot;:240,&quot;335559740&quot;:279}\">&nbsp;<\/span>\n<ul>\n<li><span class=\"TextRun SCXW124589917 BCX0\" lang=\"ES-ES\" xml:lang=\"ES-ES\" data-contrast=\"none\"><span class=\"NormalTextRun SCXW124589917 BCX0\">Disolver la levadura en agua tibia.<\/span><\/span><span class=\"EOP SCXW124589917 BCX0\" data-ccp-props=\"{&quot;134233117&quot;:false,&quot;134233118&quot;:false,&quot;201341983&quot;:0,&quot;335557856&quot;:16777215,&quot;335559738&quot;:120,&quot;335559739&quot;:120,&quot;335559740&quot;:279}\">&nbsp;<\/span><\/li>\n<li><span class=\"TextRun SCXW81620799 BCX0\" lang=\"ES-ES\" xml:lang=\"ES-ES\" data-contrast=\"none\"><span class=\"NormalTextRun SCXW81620799 BCX0\">En la amasadora, verter la harina tamizada junto con casi toda el agua, el agua mezclada con la levadura y la sal.<\/span><\/span><\/li>\n<li><span class=\"TextRun SCXW75041998 BCX0\" lang=\"ES-ES\" xml:lang=\"ES-ES\" data-contrast=\"none\"><span class=\"NormalTextRun SCXW75041998 BCX0\">Dejar amasar la mezcla durante 10 minutos, a\u00f1adiendo el resto del agua si es necesario.<\/span><\/span><span class=\"EOP SCXW75041998 BCX0\" data-ccp-props=\"{&quot;134233117&quot;:false,&quot;134233118&quot;:false,&quot;201341983&quot;:0,&quot;335557856&quot;:16777215,&quot;335559738&quot;:120,&quot;335559739&quot;:120,&quot;335559740&quot;:279}\">&nbsp;<\/span><\/li>\n<li><span class=\"TextRun SCXW67112238 BCX0\" lang=\"ES-ES\" xml:lang=\"ES-ES\" data-contrast=\"none\"><span class=\"NormalTextRun SCXW67112238 BCX0\">Una vez transcurrido el tiempo, obtener una masa homog\u00e9nea a la que se a\u00f1aden las pasas y las nueces (en trozos).<\/span><\/span><span class=\"EOP SCXW67112238 BCX0\" data-ccp-props=\"{&quot;134233117&quot;:false,&quot;134233118&quot;:false,&quot;201341983&quot;:0,&quot;335557856&quot;:16777215,&quot;335559738&quot;:120,&quot;335559739&quot;:120,&quot;335559740&quot;:279}\">&nbsp;<\/span><span class=\"TextRun SCXW201200087 BCX0\" lang=\"ES-ES\" xml:lang=\"ES-ES\" data-contrast=\"none\"><span class=\"NormalTextRun SCXW201200087 BCX0\">Dejar amasar por espacio de siete minutos m\u00e1s, hasta conseguir una masa el\u00e1stica y homog\u00e9nea.<\/span><\/span><span class=\"EOP SCXW201200087 BCX0\" data-ccp-props=\"{&quot;134233117&quot;:false,&quot;134233118&quot;:false,&quot;201341983&quot;:0,&quot;335557856&quot;:16777215,&quot;335559738&quot;:120,&quot;335559739&quot;:120,&quot;335559740&quot;:279}\">&nbsp;<\/span><\/li>\n<li><span class=\"TextRun SCXW101864567 BCX0\" lang=\"ES-ES\" xml:lang=\"ES-ES\" data-contrast=\"none\"><span class=\"NormalTextRun SCXW101864567 BCX0\">Dejar reposar la masa por 10 minutos.<\/span><\/span><span class=\"EOP SCXW101864567 BCX0\" data-ccp-props=\"{&quot;134233117&quot;:false,&quot;134233118&quot;:false,&quot;201341983&quot;:0,&quot;335557856&quot;:16777215,&quot;335559738&quot;:120,&quot;335559739&quot;:120,&quot;335559740&quot;:279}\">&nbsp;<\/span><\/li>\n<\/ul>\n<\/li>\n<li><strong><span class=\"TextRun MacChromeBold SCXW11422303 BCX0\" lang=\"ES-ES\" xml:lang=\"ES-ES\" data-contrast=\"none\"><span class=\"NormalTextRun SCXW11422303 BCX0\">Formaci\u00f3n del pan<\/span><\/span><span class=\"TextRun SCXW11422303 BCX0\" lang=\"ES-ES\" xml:lang=\"ES-ES\" data-contrast=\"none\"><span class=\"NormalTextRun SCXW11422303 BCX0\">:<\/span><\/span><span class=\"EOP SCXW11422303 BCX0\" data-ccp-props=\"{&quot;134233117&quot;:false,&quot;134233118&quot;:false,&quot;201341983&quot;:0,&quot;335557856&quot;:16777215,&quot;335559738&quot;:240,&quot;335559739&quot;:240,&quot;335559740&quot;:279}\">&nbsp;<\/span><\/strong>\n<ul>\n<li><span class=\"TextRun SCXW212419961 BCX0\" lang=\"ES-ES\" xml:lang=\"ES-ES\" data-contrast=\"none\"><span class=\"NormalTextRun SCXW212419961 BCX0\">Cortar la masa en porciones y bolear de la forma deseada.<\/span><\/span><span class=\"EOP SCXW212419961 BCX0\" data-ccp-props=\"{&quot;134233117&quot;:false,&quot;134233118&quot;:false,&quot;201341983&quot;:0,&quot;335557856&quot;:16777215,&quot;335559738&quot;:120,&quot;335559739&quot;:120,&quot;335559740&quot;:279}\">&nbsp;<\/span><\/li>\n<li><span class=\"TextRun SCXW15672941 BCX0\" lang=\"ES-ES\" xml:lang=\"ES-ES\" data-contrast=\"none\"><span class=\"NormalTextRun SCXW15672941 BCX0\">Situar las bolas de pan en una bandeja de granito.<\/span><\/span><span class=\"EOP SCXW15672941 BCX0\" data-ccp-props=\"{&quot;134233117&quot;:false,&quot;134233118&quot;:false,&quot;201341983&quot;:0,&quot;335557856&quot;:16777215,&quot;335559738&quot;:120,&quot;335559739&quot;:120,&quot;335559740&quot;:279}\">&nbsp;<\/span><\/li>\n<\/ul>\n<\/li>\n<li><strong><span class=\"TextRun MacChromeBold SCXW44791783 BCX0\" lang=\"ES-ES\" xml:lang=\"ES-ES\" data-contrast=\"none\"><span class=\"NormalTextRun SCXW44791783 BCX0\">Fermentaci\u00f3n y horneado<\/span><\/span><span class=\"TextRun SCXW44791783 BCX0\" lang=\"ES-ES\" xml:lang=\"ES-ES\" data-contrast=\"none\"><span class=\"NormalTextRun SCXW44791783 BCX0\">:<\/span><\/span><span class=\"EOP SCXW44791783 BCX0\" data-ccp-props=\"{&quot;134233117&quot;:false,&quot;134233118&quot;:false,&quot;201341983&quot;:0,&quot;335557856&quot;:16777215,&quot;335559738&quot;:240,&quot;335559739&quot;:240,&quot;335559740&quot;:279}\">&nbsp;<\/span><\/strong><\/li>\n<\/ol>\n<ul>\n<li style=\"list-style-type: none;\">\n<ul>\n<li><span class=\"TextRun SCXW30558463 BCX0\" lang=\"ES-ES\" xml:lang=\"ES-ES\" data-contrast=\"none\"><span class=\"NormalTextRun SCXW30558463 BCX0\">En el&nbsp;<a <a href=\"https:\/\/www.fagorprofessional.com\/es\/equipos-cocina\/hornos-industriales\" rel=\"nofollow\" target=\"_blank\">horno profesional<\/a>&nbsp;<\/span><span class=\"NormalTextRun SCXW30558463 BCX0\">iKORE<\/span><span class=\"NormalTextRun SCXW30558463 BCX0\">, realizar la selecci\u00f3n de Funciones Adicionales \u2013 Fermentaci\u00f3n \u2013 Panader\u00eda \u2013 Pan de pasas y nueces \u2013 Con horneado \u2013 Duraci\u00f3n corto \u2013 Dorado medio.<\/span><\/span><span class=\"EOP SCXW30558463 BCX0\" data-ccp-props=\"{&quot;134233117&quot;:false,&quot;134233118&quot;:false,&quot;201341983&quot;:0,&quot;335557856&quot;:16777215,&quot;335559738&quot;:120,&quot;335559739&quot;:120,&quot;335559740&quot;:279}\">&nbsp;<\/span><\/li>\n<\/ul>\n<\/li>\n<p><br><\/p>\n<\/ul>\n<p><strong><span class=\"TextRun MacChromeBold SCXW4445978 BCX0\" lang=\"ES-ES\" xml:lang=\"ES-ES\" data-contrast=\"none\"><span class=\"NormalTextRun SCXW4445978 BCX0\" data-ccp-parastyle=\"heading 3\">Tiempo Estimado<\/span><\/span><span class=\"EOP SCXW4445978 BCX0\" data-ccp-props=\"{&quot;134233117&quot;:false,&quot;134233118&quot;:false,&quot;134245418&quot;:true,&quot;134245529&quot;:true,&quot;201341983&quot;:0,&quot;335557856&quot;:16777215,&quot;335559738&quot;:240,&quot;335559739&quot;:120,&quot;335559740&quot;:279}\">&nbsp;<\/span><\/strong><\/p>\n<p><span class=\"TextRun SCXW128965189 BCX0\" lang=\"ES-ES\" xml:lang=\"ES-ES\" data-contrast=\"none\"><span class=\"NormalTextRun SCXW128965189 BCX0\">Tiempo total: Aproximadamente 60 minutos<\/span><\/span><span class=\"EOP SCXW128965189 BCX0\" data-ccp-props=\"{&quot;134233117&quot;:false,&quot;134233118&quot;:false,&quot;201341983&quot;:0,&quot;335557856&quot;:16777215,&quot;335559738&quot;:120,&quot;335559739&quot;:120,&quot;335559740&quot;:279}\">&nbsp;<\/span><\/p>\n<p><\/p>\n<p><\/p>\n<p><\/p>\n<p><\/p>\n<p><\/p>\n<p><\/p>\n<p><\/p>\t\t\t\t\t\t\t\t<\/div>\n\t\t\t\t<\/div>\n\t\t\t\t\t<\/div>\n\t\t<\/div>\n\t\t\t\t\t<\/div>\n\t\t<\/section>\n\t\t\t\t<section class=\"elementor-section elementor-top-section elementor-element elementor-element-1521bfe elementor-section-boxed elementor-section-height-default elementor-section-height-default\" data-id=\"1521bfe\" data-element_type=\"section\" data-e-type=\"section\">\n\t\t\t\t\t\t<div class=\"elementor-container elementor-column-gap-default\">\n\t\t\t\t\t<div class=\"elementor-column elementor-col-100 elementor-top-column elementor-element elementor-element-7b6378a\" data-id=\"7b6378a\" data-element_type=\"column\" data-e-type=\"column\">\n\t\t\t<div class=\"elementor-widget-wrap elementor-element-populated\">\n\t\t\t\t\t\t<div class=\"elementor-element elementor-element-8b622dc elementor-widget elementor-widget-text-editor\" data-id=\"8b622dc\" data-element_type=\"widget\" data-e-type=\"widget\" data-widget_type=\"text-editor.default\">\n\t\t\t\t<div class=\"elementor-widget-container\">\n\t\t\t\t\t\t\t\t\t<p>\n\n<\/p>\n<h2><span class=\"TextRun MacChromeBold SCXW120012762 BCX0\" lang=\"ES-ES\" xml:lang=\"ES-ES\" data-contrast=\"none\"><span class=\"NormalTextRun SCXW120012762 BCX0\" data-ccp-parastyle=\"heading 4\">Delicias para Desayunar y Compartir<\/span><\/span><\/h2>\n<p><span class=\"TextRun SCXW42929123 BCX0\" lang=\"ES-ES\" xml:lang=\"ES-ES\" data-contrast=\"none\"><span class=\"NormalTextRun SCXW42929123 BCX0\">Las ma\u00f1anas son el momento perfecto para disfrutar de una variedad de delicias horneadas. Aqu\u00ed te presentamos algunas opciones irresistibles para comenzar tu d\u00eda con energ\u00eda:<\/span><\/span><span class=\"EOP SCXW42929123 BCX0\" data-ccp-props=\"{&quot;134233117&quot;:false,&quot;134233118&quot;:false,&quot;201341983&quot;:0,&quot;335557856&quot;:16777215,&quot;335559738&quot;:0,&quot;335559739&quot;:300,&quot;335559740&quot;:279}\">\u00a0<\/span><\/p>\n<ul>\n<li><strong><span class=\"TextRun MacChromeBold SCXW27759409 BCX0\" lang=\"ES-ES\" xml:lang=\"ES-ES\" data-contrast=\"none\"><span class=\"NormalTextRun SCXW27759409 BCX0\">Magdalenas<\/span><\/span><\/strong><span class=\"TextRun SCXW27759409 BCX0\" lang=\"ES-ES\" xml:lang=\"ES-ES\" data-contrast=\"none\"><span class=\"NormalTextRun SCXW27759409 BCX0\"><strong>:<\/strong> Esponjosas y suaves, estas magdalenas caseras son ideales para acompa\u00f1ar una taza de caf\u00e9 o t\u00e9. A\u00f1ade un toque de vainilla o ralladura de lim\u00f3n para un extra de sabor.<\/span><\/span><span class=\"EOP SCXW27759409 BCX0\" data-ccp-props=\"{&quot;134233117&quot;:false,&quot;134233118&quot;:false,&quot;201341983&quot;:0,&quot;335557856&quot;:16777215,&quot;335559738&quot;:120,&quot;335559739&quot;:120,&quot;335559740&quot;:279}\">\u00a0<\/span><\/li>\n<li><b><span data-contrast=\"none\">Bizcocho de Yogur (como el de la abuela)<\/span><\/b><span data-contrast=\"none\">: Un cl\u00e1sico en muchos hogares, este bizcocho es f\u00e1cil de hacer y siempre resulta en un pastel h\u00famedo y delicioso. Perfecto para disfrutar en el desayuno o la merienda.<\/span><span data-ccp-props=\"{&quot;134233117&quot;:false,&quot;134233118&quot;:false,&quot;201341983&quot;:0,&quot;335557856&quot;:16777215,&quot;335559738&quot;:120,&quot;335559739&quot;:120,&quot;335559740&quot;:279}\">\u00a0<\/span><\/li>\n<li><strong><span class=\"TextRun MacChromeBold SCXW118699658 BCX0\" lang=\"ES-ES\" xml:lang=\"ES-ES\" data-contrast=\"none\"><span class=\"NormalTextRun SCXW118699658 BCX0\">Torrijas<\/span><\/span><\/strong><span class=\"TextRun SCXW118699658 BCX0\" lang=\"ES-ES\" xml:lang=\"ES-ES\" data-contrast=\"none\"><span class=\"NormalTextRun SCXW118699658 BCX0\">: Este plato tradicional se prepara remojando rebanadas de pan en leche, reboz\u00e1ndolas en huevo y fri\u00e9ndolas hasta que est\u00e9n doradas. Espolvorea con az\u00facar y canela para un desayuno dulce y reconfortante.<\/span><\/span><span class=\"EOP SCXW118699658 BCX0\" data-ccp-props=\"{&quot;134233117&quot;:false,&quot;134233118&quot;:false,&quot;201341983&quot;:0,&quot;335557856&quot;:16777215,&quot;335559738&quot;:120,&quot;335559739&quot;:120,&quot;335559740&quot;:279}\">\u00a0<\/span><\/li>\n<li><strong><span class=\"TextRun MacChromeBold SCXW82434425 BCX0\" lang=\"ES-ES\" xml:lang=\"ES-ES\" data-contrast=\"none\"><span class=\"NormalTextRun SCXW82434425 BCX0\">Croissants<\/span><\/span><\/strong><span class=\"TextRun SCXW82434425 BCX0\" lang=\"ES-ES\" xml:lang=\"ES-ES\" data-contrast=\"none\"><span class=\"NormalTextRun SCXW82434425 BCX0\">: Hojaldrados y mantecosos, los croissants son un cl\u00e1sico de la reposter\u00eda francesa. Perfectos para un desayuno elegante y sofisticado.<\/span><\/span><span class=\"EOP SCXW82434425 BCX0\" data-ccp-props=\"{&quot;134233117&quot;:false,&quot;134233118&quot;:false,&quot;201341983&quot;:0,&quot;335557856&quot;:16777215,&quot;335559738&quot;:120,&quot;335559739&quot;:120,&quot;335559740&quot;:279}\">\u00a0<\/span><\/li>\n<li><strong><span class=\"TextRun MacChromeBold SCXW6498795 BCX0\" lang=\"ES-ES\" xml:lang=\"ES-ES\" data-contrast=\"none\"><span class=\"NormalTextRun SCXW6498795 BCX0\">Muesli Casero<\/span><\/span><\/strong><span class=\"TextRun SCXW6498795 BCX0\" lang=\"ES-ES\" xml:lang=\"ES-ES\" data-contrast=\"none\"><span class=\"NormalTextRun SCXW6498795 BCX0\"><strong>:<\/strong> Mezcla avena, frutos secos y frutas deshidratadas para un desayuno saludable y nutritivo. A\u00f1ade un toque de miel o yogur para un extra de dulzura.<\/span><\/span><span class=\"EOP SCXW6498795 BCX0\" data-ccp-props=\"{&quot;134233117&quot;:false,&quot;134233118&quot;:false,&quot;201341983&quot;:0,&quot;335557856&quot;:16777215,&quot;335559738&quot;:120,&quot;335559739&quot;:120,&quot;335559740&quot;:279}\">\u00a0<\/span><\/li>\n<\/ul>\n<br>\n<p><span lang=\"ES-ES\" xml:lang=\"ES-ES\" data-contrast=\"none\"><span class=\"TextRun SCXW175480825 BCX0\" lang=\"ES-ES\" xml:lang=\"ES-ES\" data-contrast=\"none\"><span class=\"NormalTextRun SCXW175480825 BCX0\">Estas opciones no solo son deliciosas, sino que tambi\u00e9n son perfectas para compartir con amigos y familiares. Prep\u00e1ralas con la precisi\u00f3n del horno <\/span><span class=\"NormalTextRun SCXW175480825 BCX0\">iKORE<\/span><span class=\"NormalTextRun SCXW175480825 BCX0\"> de Fagor Professional y disfruta de una experiencia culinaria excepcional.<\/span><\/span><\/span><\/p>\n<p><span lang=\"ES-ES\" xml:lang=\"ES-ES\" data-contrast=\"none\"><span class=\"TextRun SCXW175480825 BCX0\" lang=\"ES-ES\" xml:lang=\"ES-ES\" data-contrast=\"none\"><span class=\"NormalTextRun SCXW175480825 BCX0\">\u00a0<\/span><\/span><\/span><\/p>\n<p>\n\n<\/p>\n<p>\n\n<\/p>\n<p>\n\n\n\n<\/p>\t\t\t\t\t\t\t\t<\/div>\n\t\t\t\t<\/div>\n\t\t\t\t\t<\/div>\n\t\t<\/div>\n\t\t\t\t\t<\/div>\n\t\t<\/section>\n\t\t\t\t<\/div>\n\t\t","protected":false},"excerpt":{"rendered":"<p>Preparar este delicioso pan de pasas y nueces es m\u00e1s f\u00e1cil de lo que imaginas, especialmente con la precisi\u00f3n y tecnolog\u00eda avanzada del<\/p>\n","protected":false},"author":5,"featured_media":491155,"comment_status":"open","ping_status":"open","sticky":false,"template":"","format":"standard","meta":{"_acf_changed":false,"footnotes":""},"categories":[134],"tags":[],"class_list":["post-491154","post","type-post","status-publish","format-standard","has-post-thumbnail","hentry","category-recetas"],"acf":[],"yoast_head":"<!-- This site is optimized with the Yoast SEO plugin v27.5 - https:\/\/yoast.com\/product\/yoast-seo-wordpress\/ -->\n<title>Receta de Pan de Pasas y Nueces - Receta de Pan de Nueces y Pasas<\/title>\n<meta name=\"description\" content=\"En esta receta aprender\u00e1s a realizar un pan de pasas y nueces para meriendas y desayunos utilizando un horno ikore de Fagor Professional\" \/>\n<meta name=\"robots\" content=\"index, follow, max-snippet:-1, max-image-preview:large, max-video-preview:-1\" \/>\n<link rel=\"canonical\" href=\"https:\/\/www.fagorprofessional.com\/blog\/es\/receta-de-pan-de-pasas-y-nueces-perfecto-para-meriendas-y-desayunos\/\" \/>\n<meta property=\"og:locale\" content=\"es_ES\" \/>\n<meta property=\"og:type\" content=\"article\" \/>\n<meta property=\"og:title\" content=\"Receta de Pan de Pasas y Nueces - Receta de Pan de Nueces y Pasas\" \/>\n<meta property=\"og:description\" content=\"En esta receta aprender\u00e1s a realizar un pan de pasas y nueces para meriendas y desayunos utilizando un horno ikore de Fagor Professional\" \/>\n<meta property=\"og:url\" content=\"https:\/\/www.fagorprofessional.com\/blog\/es\/receta-de-pan-de-pasas-y-nueces-perfecto-para-meriendas-y-desayunos\/\" \/>\n<meta property=\"og:site_name\" content=\"Fagor Professional&#039;s Blog\" \/>\n<meta property=\"article:published_time\" content=\"2024-05-23T15:15:15+00:00\" \/>\n<meta property=\"article:modified_time\" content=\"2024-07-11T06:48:24+00:00\" \/>\n<meta property=\"og:image\" content=\"https:\/\/www.fagorprofessional.com\/blog\/wp-content\/uploads\/2024\/05\/Pan-de-pasas-y-nueces-scaled.jpg\" \/>\n\t<meta property=\"og:image:width\" content=\"1920\" \/>\n\t<meta property=\"og:image:height\" content=\"1920\" \/>\n\t<meta property=\"og:image:type\" content=\"image\/jpeg\" \/>\n<meta name=\"author\" content=\"Fagor Professional\" \/>\n<meta name=\"twitter:card\" content=\"summary_large_image\" \/>\n<meta name=\"twitter:label1\" content=\"Escrito por\" \/>\n\t<meta name=\"twitter:data1\" content=\"Fagor Professional\" \/>\n\t<meta name=\"twitter:label2\" content=\"Tiempo de lectura\" \/>\n\t<meta name=\"twitter:data2\" content=\"3 minutos\" \/>\n<script type=\"application\/ld+json\" class=\"yoast-schema-graph\">{\"@context\":\"https:\\\/\\\/schema.org\",\"@graph\":[{\"@type\":\"Article\",\"@id\":\"https:\\\/\\\/www.fagorprofessional.com\\\/blog\\\/es\\\/receta-de-pan-de-pasas-y-nueces-perfecto-para-meriendas-y-desayunos\\\/#article\",\"isPartOf\":{\"@id\":\"https:\\\/\\\/www.fagorprofessional.com\\\/blog\\\/es\\\/receta-de-pan-de-pasas-y-nueces-perfecto-para-meriendas-y-desayunos\\\/\"},\"author\":{\"name\":\"Fagor Professional\",\"@id\":\"https:\\\/\\\/www.fagorprofessional.com\\\/blog\\\/#\\\/schema\\\/person\\\/42bb5a0e163d0c0817841386093501c4\"},\"headline\":\"Receta de pan de pasas y nueces: perfecto para meriendas y desayunos\",\"datePublished\":\"2024-05-23T15:15:15+00:00\",\"dateModified\":\"2024-07-11T06:48:24+00:00\",\"mainEntityOfPage\":{\"@id\":\"https:\\\/\\\/www.fagorprofessional.com\\\/blog\\\/es\\\/receta-de-pan-de-pasas-y-nueces-perfecto-para-meriendas-y-desayunos\\\/\"},\"wordCount\":622,\"commentCount\":0,\"image\":{\"@id\":\"https:\\\/\\\/www.fagorprofessional.com\\\/blog\\\/es\\\/receta-de-pan-de-pasas-y-nueces-perfecto-para-meriendas-y-desayunos\\\/#primaryimage\"},\"thumbnailUrl\":\"https:\\\/\\\/www.fagorprofessional.com\\\/blog\\\/wp-content\\\/uploads\\\/2024\\\/05\\\/Pan-de-pasas-y-nueces-scaled.jpg\",\"articleSection\":[\"Recetas\"],\"inLanguage\":\"es\",\"potentialAction\":[{\"@type\":\"CommentAction\",\"name\":\"Comment\",\"target\":[\"https:\\\/\\\/www.fagorprofessional.com\\\/blog\\\/es\\\/receta-de-pan-de-pasas-y-nueces-perfecto-para-meriendas-y-desayunos\\\/#respond\"]}]},{\"@type\":\"WebPage\",\"@id\":\"https:\\\/\\\/www.fagorprofessional.com\\\/blog\\\/es\\\/receta-de-pan-de-pasas-y-nueces-perfecto-para-meriendas-y-desayunos\\\/\",\"url\":\"https:\\\/\\\/www.fagorprofessional.com\\\/blog\\\/es\\\/receta-de-pan-de-pasas-y-nueces-perfecto-para-meriendas-y-desayunos\\\/\",\"name\":\"Receta de Pan de Pasas y Nueces - Receta de Pan de Nueces y Pasas\",\"isPartOf\":{\"@id\":\"https:\\\/\\\/www.fagorprofessional.com\\\/blog\\\/#website\"},\"primaryImageOfPage\":{\"@id\":\"https:\\\/\\\/www.fagorprofessional.com\\\/blog\\\/es\\\/receta-de-pan-de-pasas-y-nueces-perfecto-para-meriendas-y-desayunos\\\/#primaryimage\"},\"image\":{\"@id\":\"https:\\\/\\\/www.fagorprofessional.com\\\/blog\\\/es\\\/receta-de-pan-de-pasas-y-nueces-perfecto-para-meriendas-y-desayunos\\\/#primaryimage\"},\"thumbnailUrl\":\"https:\\\/\\\/www.fagorprofessional.com\\\/blog\\\/wp-content\\\/uploads\\\/2024\\\/05\\\/Pan-de-pasas-y-nueces-scaled.jpg\",\"datePublished\":\"2024-05-23T15:15:15+00:00\",\"dateModified\":\"2024-07-11T06:48:24+00:00\",\"author\":{\"@id\":\"https:\\\/\\\/www.fagorprofessional.com\\\/blog\\\/#\\\/schema\\\/person\\\/42bb5a0e163d0c0817841386093501c4\"},\"description\":\"En esta receta aprender\u00e1s a realizar un pan de pasas y nueces para meriendas y desayunos utilizando un horno ikore de Fagor Professional\",\"breadcrumb\":{\"@id\":\"https:\\\/\\\/www.fagorprofessional.com\\\/blog\\\/es\\\/receta-de-pan-de-pasas-y-nueces-perfecto-para-meriendas-y-desayunos\\\/#breadcrumb\"},\"inLanguage\":\"es\",\"potentialAction\":[{\"@type\":\"ReadAction\",\"target\":[\"https:\\\/\\\/www.fagorprofessional.com\\\/blog\\\/es\\\/receta-de-pan-de-pasas-y-nueces-perfecto-para-meriendas-y-desayunos\\\/\"]}]},{\"@type\":\"ImageObject\",\"inLanguage\":\"es\",\"@id\":\"https:\\\/\\\/www.fagorprofessional.com\\\/blog\\\/es\\\/receta-de-pan-de-pasas-y-nueces-perfecto-para-meriendas-y-desayunos\\\/#primaryimage\",\"url\":\"https:\\\/\\\/www.fagorprofessional.com\\\/blog\\\/wp-content\\\/uploads\\\/2024\\\/05\\\/Pan-de-pasas-y-nueces-scaled.jpg\",\"contentUrl\":\"https:\\\/\\\/www.fagorprofessional.com\\\/blog\\\/wp-content\\\/uploads\\\/2024\\\/05\\\/Pan-de-pasas-y-nueces-scaled.jpg\",\"width\":1920,\"height\":1920},{\"@type\":\"BreadcrumbList\",\"@id\":\"https:\\\/\\\/www.fagorprofessional.com\\\/blog\\\/es\\\/receta-de-pan-de-pasas-y-nueces-perfecto-para-meriendas-y-desayunos\\\/#breadcrumb\",\"itemListElement\":[{\"@type\":\"ListItem\",\"position\":1,\"name\":\"Fagor Professional Blog\",\"item\":\"https:\\\/\\\/www.fagorprofessional.com\\\/blog\\\/\"},{\"@type\":\"ListItem\",\"position\":2,\"name\":\"Recetas\",\"item\":\"https:\\\/\\\/www.fagorprofessional.com\\\/blog\\\/es\\\/recetas\\\/\"},{\"@type\":\"ListItem\",\"position\":3,\"name\":\"Receta de pan de pasas y nueces: perfecto para meriendas y desayunos\"}]},{\"@type\":\"WebSite\",\"@id\":\"https:\\\/\\\/www.fagorprofessional.com\\\/blog\\\/#website\",\"url\":\"https:\\\/\\\/www.fagorprofessional.com\\\/blog\\\/\",\"name\":\"Fagor Professional&#039;s Blog\",\"description\":\"Fagor Professional&#039;s Blog\",\"potentialAction\":[{\"@type\":\"SearchAction\",\"target\":{\"@type\":\"EntryPoint\",\"urlTemplate\":\"https:\\\/\\\/www.fagorprofessional.com\\\/blog\\\/?s={search_term_string}\"},\"query-input\":{\"@type\":\"PropertyValueSpecification\",\"valueRequired\":true,\"valueName\":\"search_term_string\"}}],\"inLanguage\":\"es\"},{\"@type\":\"Person\",\"@id\":\"https:\\\/\\\/www.fagorprofessional.com\\\/blog\\\/#\\\/schema\\\/person\\\/42bb5a0e163d0c0817841386093501c4\",\"name\":\"Fagor Professional\",\"image\":{\"@type\":\"ImageObject\",\"inLanguage\":\"es\",\"@id\":\"https:\\\/\\\/secure.gravatar.com\\\/avatar\\\/466a9dee75a7834fc74a638daa95c952928fe9c1f8e993b3a42cbb0fe44aa619?s=96&d=mm&r=g\",\"url\":\"https:\\\/\\\/secure.gravatar.com\\\/avatar\\\/466a9dee75a7834fc74a638daa95c952928fe9c1f8e993b3a42cbb0fe44aa619?s=96&d=mm&r=g\",\"contentUrl\":\"https:\\\/\\\/secure.gravatar.com\\\/avatar\\\/466a9dee75a7834fc74a638daa95c952928fe9c1f8e993b3a42cbb0fe44aa619?s=96&d=mm&r=g\",\"caption\":\"Fagor Professional\"}}]}<\/script>\n<!-- \/ Yoast SEO plugin. -->","yoast_head_json":{"title":"Receta de Pan de Pasas y Nueces - Receta de Pan de Nueces y Pasas","description":"En esta receta aprender\u00e1s a realizar un pan de pasas y nueces para meriendas y desayunos utilizando un horno ikore de Fagor Professional","robots":{"index":"index","follow":"follow","max-snippet":"max-snippet:-1","max-image-preview":"max-image-preview:large","max-video-preview":"max-video-preview:-1"},"canonical":"https:\/\/www.fagorprofessional.com\/blog\/es\/receta-de-pan-de-pasas-y-nueces-perfecto-para-meriendas-y-desayunos\/","og_locale":"es_ES","og_type":"article","og_title":"Receta de Pan de Pasas y Nueces - Receta de Pan de Nueces y Pasas","og_description":"En esta receta aprender\u00e1s a realizar un pan de pasas y nueces para meriendas y desayunos utilizando un horno ikore de Fagor Professional","og_url":"https:\/\/www.fagorprofessional.com\/blog\/es\/receta-de-pan-de-pasas-y-nueces-perfecto-para-meriendas-y-desayunos\/","og_site_name":"Fagor Professional&#039;s Blog","article_published_time":"2024-05-23T15:15:15+00:00","article_modified_time":"2024-07-11T06:48:24+00:00","og_image":[{"width":1920,"height":1920,"url":"https:\/\/www.fagorprofessional.com\/blog\/wp-content\/uploads\/2024\/05\/Pan-de-pasas-y-nueces-scaled.jpg","type":"image\/jpeg"}],"author":"Fagor Professional","twitter_card":"summary_large_image","twitter_misc":{"Escrito por":"Fagor Professional","Tiempo de lectura":"3 minutos"},"schema":{"@context":"https:\/\/schema.org","@graph":[{"@type":"Article","@id":"https:\/\/www.fagorprofessional.com\/blog\/es\/receta-de-pan-de-pasas-y-nueces-perfecto-para-meriendas-y-desayunos\/#article","isPartOf":{"@id":"https:\/\/www.fagorprofessional.com\/blog\/es\/receta-de-pan-de-pasas-y-nueces-perfecto-para-meriendas-y-desayunos\/"},"author":{"name":"Fagor Professional","@id":"https:\/\/www.fagorprofessional.com\/blog\/#\/schema\/person\/42bb5a0e163d0c0817841386093501c4"},"headline":"Receta de pan de pasas y nueces: perfecto para meriendas y desayunos","datePublished":"2024-05-23T15:15:15+00:00","dateModified":"2024-07-11T06:48:24+00:00","mainEntityOfPage":{"@id":"https:\/\/www.fagorprofessional.com\/blog\/es\/receta-de-pan-de-pasas-y-nueces-perfecto-para-meriendas-y-desayunos\/"},"wordCount":622,"commentCount":0,"image":{"@id":"https:\/\/www.fagorprofessional.com\/blog\/es\/receta-de-pan-de-pasas-y-nueces-perfecto-para-meriendas-y-desayunos\/#primaryimage"},"thumbnailUrl":"https:\/\/www.fagorprofessional.com\/blog\/wp-content\/uploads\/2024\/05\/Pan-de-pasas-y-nueces-scaled.jpg","articleSection":["Recetas"],"inLanguage":"es","potentialAction":[{"@type":"CommentAction","name":"Comment","target":["https:\/\/www.fagorprofessional.com\/blog\/es\/receta-de-pan-de-pasas-y-nueces-perfecto-para-meriendas-y-desayunos\/#respond"]}]},{"@type":"WebPage","@id":"https:\/\/www.fagorprofessional.com\/blog\/es\/receta-de-pan-de-pasas-y-nueces-perfecto-para-meriendas-y-desayunos\/","url":"https:\/\/www.fagorprofessional.com\/blog\/es\/receta-de-pan-de-pasas-y-nueces-perfecto-para-meriendas-y-desayunos\/","name":"Receta de Pan de Pasas y Nueces - Receta de Pan de Nueces y Pasas","isPartOf":{"@id":"https:\/\/www.fagorprofessional.com\/blog\/#website"},"primaryImageOfPage":{"@id":"https:\/\/www.fagorprofessional.com\/blog\/es\/receta-de-pan-de-pasas-y-nueces-perfecto-para-meriendas-y-desayunos\/#primaryimage"},"image":{"@id":"https:\/\/www.fagorprofessional.com\/blog\/es\/receta-de-pan-de-pasas-y-nueces-perfecto-para-meriendas-y-desayunos\/#primaryimage"},"thumbnailUrl":"https:\/\/www.fagorprofessional.com\/blog\/wp-content\/uploads\/2024\/05\/Pan-de-pasas-y-nueces-scaled.jpg","datePublished":"2024-05-23T15:15:15+00:00","dateModified":"2024-07-11T06:48:24+00:00","author":{"@id":"https:\/\/www.fagorprofessional.com\/blog\/#\/schema\/person\/42bb5a0e163d0c0817841386093501c4"},"description":"En esta receta aprender\u00e1s a realizar un pan de pasas y nueces para meriendas y desayunos utilizando un horno ikore de Fagor Professional","breadcrumb":{"@id":"https:\/\/www.fagorprofessional.com\/blog\/es\/receta-de-pan-de-pasas-y-nueces-perfecto-para-meriendas-y-desayunos\/#breadcrumb"},"inLanguage":"es","potentialAction":[{"@type":"ReadAction","target":["https:\/\/www.fagorprofessional.com\/blog\/es\/receta-de-pan-de-pasas-y-nueces-perfecto-para-meriendas-y-desayunos\/"]}]},{"@type":"ImageObject","inLanguage":"es","@id":"https:\/\/www.fagorprofessional.com\/blog\/es\/receta-de-pan-de-pasas-y-nueces-perfecto-para-meriendas-y-desayunos\/#primaryimage","url":"https:\/\/www.fagorprofessional.com\/blog\/wp-content\/uploads\/2024\/05\/Pan-de-pasas-y-nueces-scaled.jpg","contentUrl":"https:\/\/www.fagorprofessional.com\/blog\/wp-content\/uploads\/2024\/05\/Pan-de-pasas-y-nueces-scaled.jpg","width":1920,"height":1920},{"@type":"BreadcrumbList","@id":"https:\/\/www.fagorprofessional.com\/blog\/es\/receta-de-pan-de-pasas-y-nueces-perfecto-para-meriendas-y-desayunos\/#breadcrumb","itemListElement":[{"@type":"ListItem","position":1,"name":"Fagor Professional Blog","item":"https:\/\/www.fagorprofessional.com\/blog\/"},{"@type":"ListItem","position":2,"name":"Recetas","item":"https:\/\/www.fagorprofessional.com\/blog\/es\/recetas\/"},{"@type":"ListItem","position":3,"name":"Receta de pan de pasas y nueces: perfecto para meriendas y desayunos"}]},{"@type":"WebSite","@id":"https:\/\/www.fagorprofessional.com\/blog\/#website","url":"https:\/\/www.fagorprofessional.com\/blog\/","name":"Fagor Professional&#039;s Blog","description":"Fagor Professional&#039;s Blog","potentialAction":[{"@type":"SearchAction","target":{"@type":"EntryPoint","urlTemplate":"https:\/\/www.fagorprofessional.com\/blog\/?s={search_term_string}"},"query-input":{"@type":"PropertyValueSpecification","valueRequired":true,"valueName":"search_term_string"}}],"inLanguage":"es"},{"@type":"Person","@id":"https:\/\/www.fagorprofessional.com\/blog\/#\/schema\/person\/42bb5a0e163d0c0817841386093501c4","name":"Fagor Professional","image":{"@type":"ImageObject","inLanguage":"es","@id":"https:\/\/secure.gravatar.com\/avatar\/466a9dee75a7834fc74a638daa95c952928fe9c1f8e993b3a42cbb0fe44aa619?s=96&d=mm&r=g","url":"https:\/\/secure.gravatar.com\/avatar\/466a9dee75a7834fc74a638daa95c952928fe9c1f8e993b3a42cbb0fe44aa619?s=96&d=mm&r=g","contentUrl":"https:\/\/secure.gravatar.com\/avatar\/466a9dee75a7834fc74a638daa95c952928fe9c1f8e993b3a42cbb0fe44aa619?s=96&d=mm&r=g","caption":"Fagor Professional"}}]}},"_links":{"self":[{"href":"https:\/\/www.fagorprofessional.com\/blog\/wp-json\/wp\/v2\/posts\/491154","targetHints":{"allow":["GET"]}}],"collection":[{"href":"https:\/\/www.fagorprofessional.com\/blog\/wp-json\/wp\/v2\/posts"}],"about":[{"href":"https:\/\/www.fagorprofessional.com\/blog\/wp-json\/wp\/v2\/types\/post"}],"author":[{"embeddable":true,"href":"https:\/\/www.fagorprofessional.com\/blog\/wp-json\/wp\/v2\/users\/5"}],"replies":[{"embeddable":true,"href":"https:\/\/www.fagorprofessional.com\/blog\/wp-json\/wp\/v2\/comments?post=491154"}],"version-history":[{"count":29,"href":"https:\/\/www.fagorprofessional.com\/blog\/wp-json\/wp\/v2\/posts\/491154\/revisions"}],"predecessor-version":[{"id":491478,"href":"https:\/\/www.fagorprofessional.com\/blog\/wp-json\/wp\/v2\/posts\/491154\/revisions\/491478"}],"wp:featuredmedia":[{"embeddable":true,"href":"https:\/\/www.fagorprofessional.com\/blog\/wp-json\/wp\/v2\/media\/491155"}],"wp:attachment":[{"href":"https:\/\/www.fagorprofessional.com\/blog\/wp-json\/wp\/v2\/media?parent=491154"}],"wp:term":[{"taxonomy":"category","embeddable":true,"href":"https:\/\/www.fagorprofessional.com\/blog\/wp-json\/wp\/v2\/categories?post=491154"},{"taxonomy":"post_tag","embeddable":true,"href":"https:\/\/www.fagorprofessional.com\/blog\/wp-json\/wp\/v2\/tags?post=491154"}],"curies":[{"name":"wp","href":"https:\/\/api.w.org\/{rel}","templated":true}]}}