{"id":492048,"date":"2025-03-13T10:03:41","date_gmt":"2025-03-13T10:03:41","guid":{"rendered":"https:\/\/www.fagorprofessional.com\/blog\/?p=492048"},"modified":"2025-03-19T09:08:12","modified_gmt":"2025-03-19T09:08:12","slug":"pan-comun","status":"publish","type":"post","link":"https:\/\/www.fagorprofessional.com\/blog\/es\/pan-comun\/","title":{"rendered":"Pan Com\u00fan"},"content":{"rendered":"\t\t<div data-elementor-type=\"wp-post\" data-elementor-id=\"492048\" class=\"elementor elementor-492048\">\n\t\t\t\t\t\t<section class=\"elementor-section elementor-top-section elementor-element elementor-element-2cc0732 elementor-section-boxed elementor-section-height-default elementor-section-height-default\" data-id=\"2cc0732\" data-element_type=\"section\" data-e-type=\"section\">\n\t\t\t\t\t\t<div class=\"elementor-container elementor-column-gap-default\">\n\t\t\t\t\t<div class=\"elementor-column elementor-col-100 elementor-top-column elementor-element elementor-element-a775db9\" data-id=\"a775db9\" data-element_type=\"column\" data-e-type=\"column\">\n\t\t\t<div class=\"elementor-widget-wrap\">\n\t\t\t\t\t\t\t<\/div>\n\t\t<\/div>\n\t\t\t\t\t<\/div>\n\t\t<\/section>\n\t\t\t\t<section class=\"elementor-section elementor-top-section elementor-element elementor-element-05aa85e elementor-section-boxed elementor-section-height-default elementor-section-height-default\" data-id=\"05aa85e\" data-element_type=\"section\" data-e-type=\"section\">\n\t\t\t\t\t\t<div class=\"elementor-container elementor-column-gap-default\">\n\t\t\t\t\t<div class=\"elementor-column elementor-col-100 elementor-top-column elementor-element elementor-element-de7de2a\" data-id=\"de7de2a\" data-element_type=\"column\" data-e-type=\"column\">\n\t\t\t<div class=\"elementor-widget-wrap elementor-element-populated\">\n\t\t\t\t\t\t<div class=\"elementor-element elementor-element-63b1bb7 elementor-widget elementor-widget-text-editor\" data-id=\"63b1bb7\" data-element_type=\"widget\" data-e-type=\"widget\" data-widget_type=\"text-editor.default\">\n\t\t\t\t<div class=\"elementor-widget-container\">\n\t\t\t\t\t\t\t\t\t<p>El pan ha sido un pilar en la alimentaci\u00f3n de la humanidad durante siglos. Hoy queremos celebrar su historia, su versatilidad y el papel esencial que juega en cada cultura. Desde las recetas m\u00e1s tradicionales hasta las m\u00e1s innovadoras, el pan sigue siendo un alimento imprescindible en nuestras mesas.<\/p>\n<p>Adem\u00e1s de su sabor y textura, el pan es una fuente importante de <strong>energ\u00eda y nutrientes esenciales<\/strong>. Rico en hidratos de carbono, fibra y prote\u00ednas, nos aporta la energ\u00eda necesaria para afrontar el d\u00eda. Consumido con moderaci\u00f3n y como parte de una dieta equilibrada, es un gran aliado para nuestra alimentaci\u00f3n.<\/p>\n<p>Hoy queremos rendir homenaje a este alimento compartiendo una receta sencilla de <strong>pan com\u00fan<\/strong>, perfecta para preparar en casa. Descubre tambi\u00e9n otras variedades como el pan de pasas, brioche o pan candeal y disfruta de todo su sabor. \u00a1Sigue leyendo y celebremos juntos este d\u00eda tan especial!<\/p>\t\t\t\t\t\t\t\t<\/div>\n\t\t\t\t<\/div>\n\t\t\t\t<section class=\"elementor-section elementor-inner-section elementor-element elementor-element-b4ec401 elementor-section-content-middle elementor-section-boxed elementor-section-height-default elementor-section-height-default\" data-id=\"b4ec401\" data-element_type=\"section\" data-e-type=\"section\">\n\t\t\t\t\t\t<div class=\"elementor-container elementor-column-gap-default\">\n\t\t\t\t\t<div class=\"elementor-column elementor-col-50 elementor-inner-column elementor-element elementor-element-e0cc966\" data-id=\"e0cc966\" data-element_type=\"column\" data-e-type=\"column\">\n\t\t\t<div class=\"elementor-widget-wrap elementor-element-populated\">\n\t\t\t\t\t\t<div class=\"elementor-element elementor-element-65743a6 elementor-widget elementor-widget-text-editor\" data-id=\"65743a6\" data-element_type=\"widget\" data-e-type=\"widget\" data-widget_type=\"text-editor.default\">\n\t\t\t\t<div class=\"elementor-widget-container\">\n\t\t\t\t\t\t\t\t\t<h1>Receta de Pan Com\u00fan<\/h1>\n<h2>Ingredientes<\/h2>\n<ul>\n \t<li>250g de harina de fuerza<\/li>\n \t<li>750g de harina de pan<\/li>\n \t<li>18g de sal<\/li>\n \t<li>40g de levadura<\/li>\n \t<li>8g de mejorador de harina<\/li>\n \t<li>600ml de agua<\/li>\n<\/ul>\t\t\t\t\t\t\t\t<\/div>\n\t\t\t\t<\/div>\n\t\t\t\t\t<\/div>\n\t\t<\/div>\n\t\t\t\t<div class=\"elementor-column elementor-col-50 elementor-inner-column elementor-element elementor-element-0f129b1\" data-id=\"0f129b1\" data-element_type=\"column\" data-e-type=\"column\">\n\t\t\t<div class=\"elementor-widget-wrap elementor-element-populated\">\n\t\t\t\t\t\t<div class=\"elementor-element elementor-element-e3cfe51 elementor-widget elementor-widget-image\" data-id=\"e3cfe51\" data-element_type=\"widget\" data-e-type=\"widget\" data-widget_type=\"image.default\">\n\t\t\t\t<div class=\"elementor-widget-container\">\n\t\t\t\t\t\t\t\t\t\t\t\t\t\t\t<img fetchpriority=\"high\" decoding=\"async\" width=\"800\" height=\"800\" src=\"data:image\/gif;base64,R0lGODlhAQABAIAAAAAAAP\/\/\/yH5BAEAAAAALAAAAAABAAEAAAIBRAA7\" data-src=\"https:\/\/www.fagorprofessional.com\/blog\/wp-content\/uploads\/2025\/03\/Pan-comun_03-1024x1024.jpg\" class=\"attachment-large size-large wp-image-492066 lazyload\" alt=\"\" data-srcset=\"https:\/\/www.fagorprofessional.com\/blog\/wp-content\/uploads\/2025\/03\/Pan-comun_03-1024x1024.jpg 1024w, https:\/\/www.fagorprofessional.com\/blog\/wp-content\/uploads\/2025\/03\/Pan-comun_03-300x300.jpg 300w, https:\/\/www.fagorprofessional.com\/blog\/wp-content\/uploads\/2025\/03\/Pan-comun_03-150x150.jpg 150w, https:\/\/www.fagorprofessional.com\/blog\/wp-content\/uploads\/2025\/03\/Pan-comun_03-768x768.jpg 768w, https:\/\/www.fagorprofessional.com\/blog\/wp-content\/uploads\/2025\/03\/Pan-comun_03-1536x1536.jpg 1536w, https:\/\/www.fagorprofessional.com\/blog\/wp-content\/uploads\/2025\/03\/Pan-comun_03-2048x2048.jpg 2048w, https:\/\/www.fagorprofessional.com\/blog\/wp-content\/uploads\/2025\/03\/Pan-comun_03-scaled.jpg 1920w\" sizes=\"(max-width: 800px) 100vw, 800px\" \/><noscript><img decoding=\"async\" width=\"800\" height=\"800\" src=\"https:\/\/www.fagorprofessional.com\/blog\/wp-content\/uploads\/2025\/03\/Pan-comun_03-1024x1024.jpg\" class=\"attachment-large size-large wp-image-492066 lazyload\" alt=\"\" srcset=\"https:\/\/www.fagorprofessional.com\/blog\/wp-content\/uploads\/2025\/03\/Pan-comun_03-1024x1024.jpg 1024w, https:\/\/www.fagorprofessional.com\/blog\/wp-content\/uploads\/2025\/03\/Pan-comun_03-300x300.jpg 300w, https:\/\/www.fagorprofessional.com\/blog\/wp-content\/uploads\/2025\/03\/Pan-comun_03-150x150.jpg 150w, https:\/\/www.fagorprofessional.com\/blog\/wp-content\/uploads\/2025\/03\/Pan-comun_03-768x768.jpg 768w, https:\/\/www.fagorprofessional.com\/blog\/wp-content\/uploads\/2025\/03\/Pan-comun_03-1536x1536.jpg 1536w, https:\/\/www.fagorprofessional.com\/blog\/wp-content\/uploads\/2025\/03\/Pan-comun_03-2048x2048.jpg 2048w, https:\/\/www.fagorprofessional.com\/blog\/wp-content\/uploads\/2025\/03\/Pan-comun_03-scaled.jpg 1920w\" sizes=\"(max-width: 800px) 100vw, 800px\" \/><\/noscript>\t\t\t\t\t\t\t\t\t\t\t\t\t\t\t<\/div>\n\t\t\t\t<\/div>\n\t\t\t\t\t<\/div>\n\t\t<\/div>\n\t\t\t\t\t<\/div>\n\t\t<\/section>\n\t\t\t\t<div class=\"elementor-element elementor-element-df01e46 elementor-widget elementor-widget-spacer\" data-id=\"df01e46\" data-element_type=\"widget\" data-e-type=\"widget\" data-widget_type=\"spacer.default\">\n\t\t\t\t<div class=\"elementor-widget-container\">\n\t\t\t\t\t\t\t<div class=\"elementor-spacer\">\n\t\t\t<div class=\"elementor-spacer-inner\"><\/div>\n\t\t<\/div>\n\t\t\t\t\t\t<\/div>\n\t\t\t\t<\/div>\n\t\t\t\t<section class=\"elementor-section elementor-inner-section elementor-element elementor-element-bcda857 elementor-section-boxed elementor-section-height-default elementor-section-height-default\" data-id=\"bcda857\" data-element_type=\"section\" data-e-type=\"section\">\n\t\t\t\t\t\t<div class=\"elementor-container elementor-column-gap-default\">\n\t\t\t\t\t<div class=\"elementor-column elementor-col-100 elementor-inner-column elementor-element elementor-element-93446be\" data-id=\"93446be\" data-element_type=\"column\" data-e-type=\"column\">\n\t\t\t<div class=\"elementor-widget-wrap elementor-element-populated\">\n\t\t\t\t\t\t<div class=\"elementor-element elementor-element-77e196b elementor-widget elementor-widget-text-editor\" data-id=\"77e196b\" data-element_type=\"widget\" data-e-type=\"widget\" data-widget_type=\"text-editor.default\">\n\t\t\t\t<div class=\"elementor-widget-container\">\n\t\t\t\t\t\t\t\t\t<h2>Preparaci\u00f3n:<\/h2><p>Disolver la levadura en agua tibia.<\/p><p>Verter la harina tamizada, junto con casi toda el agua, el agua con la levadura y la sal, en la amasadora.<\/p><p>Amasar durante 10 minutos hasta obtener una masa el\u00e1stica y homog\u00e9nea. A\u00f1adir el resto del agua si es necesario.<\/p><p>Dejar reposar la masa 10 minutos, luego dividirla en porciones y darle la forma deseada.<\/p><p>Colocar el pan en una bandeja y seleccionar: Funciones Adicionales \u2013 Fermentaci\u00f3n \u2013 Panader\u00eda \u2013 Pan Com\u00fan \u2013 Con horneado \u2013 Duraci\u00f3n corta \u2013 Dorado medio.<\/p><p>Hornear y disfrutar.<\/p>\t\t\t\t\t\t\t\t<\/div>\n\t\t\t\t<\/div>\n\t\t\t\t\t<\/div>\n\t\t<\/div>\n\t\t\t\t\t<\/div>\n\t\t<\/section>\n\t\t\t\t<section class=\"elementor-section elementor-inner-section elementor-element elementor-element-58e2b1c elementor-section-boxed elementor-section-height-default elementor-section-height-default\" data-id=\"58e2b1c\" data-element_type=\"section\" data-e-type=\"section\">\n\t\t\t\t\t\t<div class=\"elementor-container elementor-column-gap-default\">\n\t\t\t\t\t<div class=\"elementor-column elementor-col-100 elementor-inner-column elementor-element elementor-element-696ba70\" data-id=\"696ba70\" data-element_type=\"column\" data-e-type=\"column\">\n\t\t\t<div class=\"elementor-widget-wrap elementor-element-populated\">\n\t\t\t\t\t\t<div class=\"elementor-element elementor-element-16d6044 elementor-widget elementor-widget-text-editor\" data-id=\"16d6044\" data-element_type=\"widget\" data-e-type=\"widget\" data-widget_type=\"text-editor.default\">\n\t\t\t\t<div class=\"elementor-widget-container\">\n\t\t\t\t\t\t\t\t\t<h2>Otros tipos de pan y sus particularidades<\/h2><p>Pan de pasas: un pan ideal para desayunos y meriendas, con una textura suave y un dulzor natural que aporta la fruta deshidratada. Perfecto con mantequilla o queso crema.<\/p><p>Brioche: un pan de origen franc\u00e9s, enriquecido con mantequilla y huevo, que le da una textura esponjosa y un sabor ligeramente dulce. Es la base perfecta para tostadas, boller\u00eda o incluso hamburguesas gourmet.<\/p><p>Pan de chocolate: la combinaci\u00f3n perfecta entre el pan y el cacao, pensado para los m\u00e1s golosos. Suavidad y sabor intenso en cada bocado.<\/p><p>Pan candeal: un pan de tradici\u00f3n espa\u00f1ola, de miga densa y corteza crujiente, que acompa\u00f1a a la perfecci\u00f3n platos de cuchara y embutidos.<\/p><p>Pan de hamburguesa y perrito caliente: dise\u00f1ados para ser esponjosos y absorber los jugos de la carne sin deshacerse, estos panes aportan el toque perfecto a cualquier comida r\u00e1pida casera.<\/p><p>Picatostes y colines: panes crujientes ideales para acompa\u00f1ar sopas, ensaladas o quesos. Su textura los hace irresistibles en cualquier mesa.<\/p>\t\t\t\t\t\t\t\t<\/div>\n\t\t\t\t<\/div>\n\t\t\t\t\t<\/div>\n\t\t<\/div>\n\t\t\t\t\t<\/div>\n\t\t<\/section>\n\t\t\t\t<section class=\"elementor-section elementor-inner-section elementor-element elementor-element-f7b8f5e elementor-section-content-middle elementor-section-boxed elementor-section-height-default elementor-section-height-default\" data-id=\"f7b8f5e\" data-element_type=\"section\" data-e-type=\"section\">\n\t\t\t\t\t\t<div class=\"elementor-container elementor-column-gap-default\">\n\t\t\t\t\t<div class=\"elementor-column elementor-col-100 elementor-inner-column elementor-element elementor-element-d82ff2b\" data-id=\"d82ff2b\" data-element_type=\"column\" data-e-type=\"column\">\n\t\t\t<div class=\"elementor-widget-wrap\">\n\t\t\t\t\t\t\t<\/div>\n\t\t<\/div>\n\t\t\t\t\t<\/div>\n\t\t<\/section>\n\t\t\t\t\t<\/div>\n\t\t<\/div>\n\t\t\t\t\t<\/div>\n\t\t<\/section>\n\t\t\t\t<\/div>\n\t\t","protected":false},"excerpt":{"rendered":"<p>El pan ha sido un pilar en la alimentaci\u00f3n de la humanidad durante siglos. Hoy queremos celebrar su historia, su versatilidad y el papel esencial que juega en cada cultura. Desde las recetas m\u00e1s tradicionales hasta las m\u00e1s innovadoras, el pan sigue siendo un alimento imprescindible en nuestras mesas. Adem\u00e1s de su sabor y textura,&#8230;<\/p>\n","protected":false},"author":5,"featured_media":492050,"comment_status":"open","ping_status":"open","sticky":false,"template":"","format":"standard","meta":{"_acf_changed":false,"footnotes":""},"categories":[134],"tags":[],"class_list":["post-492048","post","type-post","status-publish","format-standard","has-post-thumbnail","hentry","category-recetas"],"acf":[],"yoast_head":"<!-- This site is optimized with the Yoast SEO plugin v27.4 - https:\/\/yoast.com\/product\/yoast-seo-wordpress\/ -->\n<title>Pan Com\u00fan: tradici\u00f3n, caracter\u00edsticas y claves de elaboraci\u00f3n<\/title>\n<meta name=\"description\" content=\"Descubre los secretos del pan com\u00fan, su preparaci\u00f3n tradicional y por qu\u00e9 sigue siendo una pieza fundamental en nuestra gastronom\u00eda. Aprende todo sobre sus ingredientes, proceso de elaboraci\u00f3n y consejos para disfrutarlo al m\u00e1ximo\" \/>\n<meta name=\"robots\" content=\"index, follow, max-snippet:-1, max-image-preview:large, max-video-preview:-1\" \/>\n<link rel=\"canonical\" href=\"https:\/\/www.fagorprofessional.com\/blog\/es\/pan-comun\/\" \/>\n<meta property=\"og:locale\" content=\"es_ES\" \/>\n<meta property=\"og:type\" content=\"article\" \/>\n<meta property=\"og:title\" content=\"Pan Com\u00fan: tradici\u00f3n, caracter\u00edsticas y claves de elaboraci\u00f3n\" \/>\n<meta property=\"og:description\" content=\"Descubre los secretos del pan com\u00fan, su preparaci\u00f3n tradicional y por qu\u00e9 sigue siendo una pieza fundamental en nuestra gastronom\u00eda. Aprende todo sobre sus ingredientes, proceso de elaboraci\u00f3n y consejos para disfrutarlo al m\u00e1ximo\" \/>\n<meta property=\"og:url\" content=\"https:\/\/www.fagorprofessional.com\/blog\/es\/pan-comun\/\" \/>\n<meta property=\"og:site_name\" content=\"Fagor Professional&#039;s Blog\" \/>\n<meta property=\"article:published_time\" content=\"2025-03-13T10:03:41+00:00\" \/>\n<meta property=\"article:modified_time\" content=\"2025-03-19T09:08:12+00:00\" \/>\n<meta property=\"og:image\" content=\"https:\/\/www.fagorprofessional.com\/blog\/wp-content\/uploads\/2025\/03\/Pan-comun_02.jpg\" \/>\n\t<meta property=\"og:image:width\" content=\"1080\" \/>\n\t<meta property=\"og:image:height\" content=\"1080\" \/>\n\t<meta property=\"og:image:type\" content=\"image\/jpeg\" \/>\n<meta name=\"author\" content=\"Fagor Professional\" \/>\n<meta name=\"twitter:card\" content=\"summary_large_image\" \/>\n<meta name=\"twitter:label1\" content=\"Escrito por\" \/>\n\t<meta name=\"twitter:data1\" content=\"Fagor Professional\" \/>\n\t<meta name=\"twitter:label2\" content=\"Tiempo de lectura\" \/>\n\t<meta name=\"twitter:data2\" content=\"3 minutos\" \/>\n<script type=\"application\/ld+json\" class=\"yoast-schema-graph\">{\"@context\":\"https:\\\/\\\/schema.org\",\"@graph\":[{\"@type\":\"Article\",\"@id\":\"https:\\\/\\\/www.fagorprofessional.com\\\/blog\\\/es\\\/pan-comun\\\/#article\",\"isPartOf\":{\"@id\":\"https:\\\/\\\/www.fagorprofessional.com\\\/blog\\\/es\\\/pan-comun\\\/\"},\"author\":{\"name\":\"Fagor Professional\",\"@id\":\"https:\\\/\\\/www.fagorprofessional.com\\\/blog\\\/#\\\/schema\\\/person\\\/42bb5a0e163d0c0817841386093501c4\"},\"headline\":\"Pan Com\u00fan\",\"datePublished\":\"2025-03-13T10:03:41+00:00\",\"dateModified\":\"2025-03-19T09:08:12+00:00\",\"mainEntityOfPage\":{\"@id\":\"https:\\\/\\\/www.fagorprofessional.com\\\/blog\\\/es\\\/pan-comun\\\/\"},\"wordCount\":461,\"commentCount\":0,\"image\":{\"@id\":\"https:\\\/\\\/www.fagorprofessional.com\\\/blog\\\/es\\\/pan-comun\\\/#primaryimage\"},\"thumbnailUrl\":\"https:\\\/\\\/www.fagorprofessional.com\\\/blog\\\/wp-content\\\/uploads\\\/2025\\\/03\\\/Pan-comun_02.jpg\",\"articleSection\":[\"Recetas\"],\"inLanguage\":\"es\",\"potentialAction\":[{\"@type\":\"CommentAction\",\"name\":\"Comment\",\"target\":[\"https:\\\/\\\/www.fagorprofessional.com\\\/blog\\\/es\\\/pan-comun\\\/#respond\"]}]},{\"@type\":\"WebPage\",\"@id\":\"https:\\\/\\\/www.fagorprofessional.com\\\/blog\\\/es\\\/pan-comun\\\/\",\"url\":\"https:\\\/\\\/www.fagorprofessional.com\\\/blog\\\/es\\\/pan-comun\\\/\",\"name\":\"Pan Com\u00fan: tradici\u00f3n, caracter\u00edsticas y claves de elaboraci\u00f3n\",\"isPartOf\":{\"@id\":\"https:\\\/\\\/www.fagorprofessional.com\\\/blog\\\/#website\"},\"primaryImageOfPage\":{\"@id\":\"https:\\\/\\\/www.fagorprofessional.com\\\/blog\\\/es\\\/pan-comun\\\/#primaryimage\"},\"image\":{\"@id\":\"https:\\\/\\\/www.fagorprofessional.com\\\/blog\\\/es\\\/pan-comun\\\/#primaryimage\"},\"thumbnailUrl\":\"https:\\\/\\\/www.fagorprofessional.com\\\/blog\\\/wp-content\\\/uploads\\\/2025\\\/03\\\/Pan-comun_02.jpg\",\"datePublished\":\"2025-03-13T10:03:41+00:00\",\"dateModified\":\"2025-03-19T09:08:12+00:00\",\"author\":{\"@id\":\"https:\\\/\\\/www.fagorprofessional.com\\\/blog\\\/#\\\/schema\\\/person\\\/42bb5a0e163d0c0817841386093501c4\"},\"description\":\"Descubre los secretos del pan com\u00fan, su preparaci\u00f3n tradicional y por qu\u00e9 sigue siendo una pieza fundamental en nuestra gastronom\u00eda. Aprende todo sobre sus ingredientes, proceso de elaboraci\u00f3n y consejos para disfrutarlo al m\u00e1ximo\",\"breadcrumb\":{\"@id\":\"https:\\\/\\\/www.fagorprofessional.com\\\/blog\\\/es\\\/pan-comun\\\/#breadcrumb\"},\"inLanguage\":\"es\",\"potentialAction\":[{\"@type\":\"ReadAction\",\"target\":[\"https:\\\/\\\/www.fagorprofessional.com\\\/blog\\\/es\\\/pan-comun\\\/\"]}]},{\"@type\":\"ImageObject\",\"inLanguage\":\"es\",\"@id\":\"https:\\\/\\\/www.fagorprofessional.com\\\/blog\\\/es\\\/pan-comun\\\/#primaryimage\",\"url\":\"https:\\\/\\\/www.fagorprofessional.com\\\/blog\\\/wp-content\\\/uploads\\\/2025\\\/03\\\/Pan-comun_02.jpg\",\"contentUrl\":\"https:\\\/\\\/www.fagorprofessional.com\\\/blog\\\/wp-content\\\/uploads\\\/2025\\\/03\\\/Pan-comun_02.jpg\",\"width\":1080,\"height\":1080},{\"@type\":\"BreadcrumbList\",\"@id\":\"https:\\\/\\\/www.fagorprofessional.com\\\/blog\\\/es\\\/pan-comun\\\/#breadcrumb\",\"itemListElement\":[{\"@type\":\"ListItem\",\"position\":1,\"name\":\"Fagor Professional Blog\",\"item\":\"https:\\\/\\\/www.fagorprofessional.com\\\/blog\\\/\"},{\"@type\":\"ListItem\",\"position\":2,\"name\":\"Recetas\",\"item\":\"https:\\\/\\\/www.fagorprofessional.com\\\/blog\\\/es\\\/recetas\\\/\"},{\"@type\":\"ListItem\",\"position\":3,\"name\":\"Pan Com\u00fan\"}]},{\"@type\":\"WebSite\",\"@id\":\"https:\\\/\\\/www.fagorprofessional.com\\\/blog\\\/#website\",\"url\":\"https:\\\/\\\/www.fagorprofessional.com\\\/blog\\\/\",\"name\":\"Fagor Professional&#039;s Blog\",\"description\":\"Fagor Professional&#039;s Blog\",\"potentialAction\":[{\"@type\":\"SearchAction\",\"target\":{\"@type\":\"EntryPoint\",\"urlTemplate\":\"https:\\\/\\\/www.fagorprofessional.com\\\/blog\\\/?s={search_term_string}\"},\"query-input\":{\"@type\":\"PropertyValueSpecification\",\"valueRequired\":true,\"valueName\":\"search_term_string\"}}],\"inLanguage\":\"es\"},{\"@type\":\"Person\",\"@id\":\"https:\\\/\\\/www.fagorprofessional.com\\\/blog\\\/#\\\/schema\\\/person\\\/42bb5a0e163d0c0817841386093501c4\",\"name\":\"Fagor Professional\",\"image\":{\"@type\":\"ImageObject\",\"inLanguage\":\"es\",\"@id\":\"https:\\\/\\\/secure.gravatar.com\\\/avatar\\\/466a9dee75a7834fc74a638daa95c952928fe9c1f8e993b3a42cbb0fe44aa619?s=96&d=mm&r=g\",\"url\":\"https:\\\/\\\/secure.gravatar.com\\\/avatar\\\/466a9dee75a7834fc74a638daa95c952928fe9c1f8e993b3a42cbb0fe44aa619?s=96&d=mm&r=g\",\"contentUrl\":\"https:\\\/\\\/secure.gravatar.com\\\/avatar\\\/466a9dee75a7834fc74a638daa95c952928fe9c1f8e993b3a42cbb0fe44aa619?s=96&d=mm&r=g\",\"caption\":\"Fagor Professional\"}}]}<\/script>\n<!-- \/ Yoast SEO plugin. -->","yoast_head_json":{"title":"Pan Com\u00fan: tradici\u00f3n, caracter\u00edsticas y claves de elaboraci\u00f3n","description":"Descubre los secretos del pan com\u00fan, su preparaci\u00f3n tradicional y por qu\u00e9 sigue siendo una pieza fundamental en nuestra gastronom\u00eda. Aprende todo sobre sus ingredientes, proceso de elaboraci\u00f3n y consejos para disfrutarlo al m\u00e1ximo","robots":{"index":"index","follow":"follow","max-snippet":"max-snippet:-1","max-image-preview":"max-image-preview:large","max-video-preview":"max-video-preview:-1"},"canonical":"https:\/\/www.fagorprofessional.com\/blog\/es\/pan-comun\/","og_locale":"es_ES","og_type":"article","og_title":"Pan Com\u00fan: tradici\u00f3n, caracter\u00edsticas y claves de elaboraci\u00f3n","og_description":"Descubre los secretos del pan com\u00fan, su preparaci\u00f3n tradicional y por qu\u00e9 sigue siendo una pieza fundamental en nuestra gastronom\u00eda. Aprende todo sobre sus ingredientes, proceso de elaboraci\u00f3n y consejos para disfrutarlo al m\u00e1ximo","og_url":"https:\/\/www.fagorprofessional.com\/blog\/es\/pan-comun\/","og_site_name":"Fagor Professional&#039;s Blog","article_published_time":"2025-03-13T10:03:41+00:00","article_modified_time":"2025-03-19T09:08:12+00:00","og_image":[{"width":1080,"height":1080,"url":"https:\/\/www.fagorprofessional.com\/blog\/wp-content\/uploads\/2025\/03\/Pan-comun_02.jpg","type":"image\/jpeg"}],"author":"Fagor Professional","twitter_card":"summary_large_image","twitter_misc":{"Escrito por":"Fagor Professional","Tiempo de lectura":"3 minutos"},"schema":{"@context":"https:\/\/schema.org","@graph":[{"@type":"Article","@id":"https:\/\/www.fagorprofessional.com\/blog\/es\/pan-comun\/#article","isPartOf":{"@id":"https:\/\/www.fagorprofessional.com\/blog\/es\/pan-comun\/"},"author":{"name":"Fagor Professional","@id":"https:\/\/www.fagorprofessional.com\/blog\/#\/schema\/person\/42bb5a0e163d0c0817841386093501c4"},"headline":"Pan Com\u00fan","datePublished":"2025-03-13T10:03:41+00:00","dateModified":"2025-03-19T09:08:12+00:00","mainEntityOfPage":{"@id":"https:\/\/www.fagorprofessional.com\/blog\/es\/pan-comun\/"},"wordCount":461,"commentCount":0,"image":{"@id":"https:\/\/www.fagorprofessional.com\/blog\/es\/pan-comun\/#primaryimage"},"thumbnailUrl":"https:\/\/www.fagorprofessional.com\/blog\/wp-content\/uploads\/2025\/03\/Pan-comun_02.jpg","articleSection":["Recetas"],"inLanguage":"es","potentialAction":[{"@type":"CommentAction","name":"Comment","target":["https:\/\/www.fagorprofessional.com\/blog\/es\/pan-comun\/#respond"]}]},{"@type":"WebPage","@id":"https:\/\/www.fagorprofessional.com\/blog\/es\/pan-comun\/","url":"https:\/\/www.fagorprofessional.com\/blog\/es\/pan-comun\/","name":"Pan Com\u00fan: tradici\u00f3n, caracter\u00edsticas y claves de elaboraci\u00f3n","isPartOf":{"@id":"https:\/\/www.fagorprofessional.com\/blog\/#website"},"primaryImageOfPage":{"@id":"https:\/\/www.fagorprofessional.com\/blog\/es\/pan-comun\/#primaryimage"},"image":{"@id":"https:\/\/www.fagorprofessional.com\/blog\/es\/pan-comun\/#primaryimage"},"thumbnailUrl":"https:\/\/www.fagorprofessional.com\/blog\/wp-content\/uploads\/2025\/03\/Pan-comun_02.jpg","datePublished":"2025-03-13T10:03:41+00:00","dateModified":"2025-03-19T09:08:12+00:00","author":{"@id":"https:\/\/www.fagorprofessional.com\/blog\/#\/schema\/person\/42bb5a0e163d0c0817841386093501c4"},"description":"Descubre los secretos del pan com\u00fan, su preparaci\u00f3n tradicional y por qu\u00e9 sigue siendo una pieza fundamental en nuestra gastronom\u00eda. Aprende todo sobre sus ingredientes, proceso de elaboraci\u00f3n y consejos para disfrutarlo al m\u00e1ximo","breadcrumb":{"@id":"https:\/\/www.fagorprofessional.com\/blog\/es\/pan-comun\/#breadcrumb"},"inLanguage":"es","potentialAction":[{"@type":"ReadAction","target":["https:\/\/www.fagorprofessional.com\/blog\/es\/pan-comun\/"]}]},{"@type":"ImageObject","inLanguage":"es","@id":"https:\/\/www.fagorprofessional.com\/blog\/es\/pan-comun\/#primaryimage","url":"https:\/\/www.fagorprofessional.com\/blog\/wp-content\/uploads\/2025\/03\/Pan-comun_02.jpg","contentUrl":"https:\/\/www.fagorprofessional.com\/blog\/wp-content\/uploads\/2025\/03\/Pan-comun_02.jpg","width":1080,"height":1080},{"@type":"BreadcrumbList","@id":"https:\/\/www.fagorprofessional.com\/blog\/es\/pan-comun\/#breadcrumb","itemListElement":[{"@type":"ListItem","position":1,"name":"Fagor Professional Blog","item":"https:\/\/www.fagorprofessional.com\/blog\/"},{"@type":"ListItem","position":2,"name":"Recetas","item":"https:\/\/www.fagorprofessional.com\/blog\/es\/recetas\/"},{"@type":"ListItem","position":3,"name":"Pan Com\u00fan"}]},{"@type":"WebSite","@id":"https:\/\/www.fagorprofessional.com\/blog\/#website","url":"https:\/\/www.fagorprofessional.com\/blog\/","name":"Fagor Professional&#039;s Blog","description":"Fagor Professional&#039;s Blog","potentialAction":[{"@type":"SearchAction","target":{"@type":"EntryPoint","urlTemplate":"https:\/\/www.fagorprofessional.com\/blog\/?s={search_term_string}"},"query-input":{"@type":"PropertyValueSpecification","valueRequired":true,"valueName":"search_term_string"}}],"inLanguage":"es"},{"@type":"Person","@id":"https:\/\/www.fagorprofessional.com\/blog\/#\/schema\/person\/42bb5a0e163d0c0817841386093501c4","name":"Fagor Professional","image":{"@type":"ImageObject","inLanguage":"es","@id":"https:\/\/secure.gravatar.com\/avatar\/466a9dee75a7834fc74a638daa95c952928fe9c1f8e993b3a42cbb0fe44aa619?s=96&d=mm&r=g","url":"https:\/\/secure.gravatar.com\/avatar\/466a9dee75a7834fc74a638daa95c952928fe9c1f8e993b3a42cbb0fe44aa619?s=96&d=mm&r=g","contentUrl":"https:\/\/secure.gravatar.com\/avatar\/466a9dee75a7834fc74a638daa95c952928fe9c1f8e993b3a42cbb0fe44aa619?s=96&d=mm&r=g","caption":"Fagor Professional"}}]}},"_links":{"self":[{"href":"https:\/\/www.fagorprofessional.com\/blog\/wp-json\/wp\/v2\/posts\/492048","targetHints":{"allow":["GET"]}}],"collection":[{"href":"https:\/\/www.fagorprofessional.com\/blog\/wp-json\/wp\/v2\/posts"}],"about":[{"href":"https:\/\/www.fagorprofessional.com\/blog\/wp-json\/wp\/v2\/types\/post"}],"author":[{"embeddable":true,"href":"https:\/\/www.fagorprofessional.com\/blog\/wp-json\/wp\/v2\/users\/5"}],"replies":[{"embeddable":true,"href":"https:\/\/www.fagorprofessional.com\/blog\/wp-json\/wp\/v2\/comments?post=492048"}],"version-history":[{"count":17,"href":"https:\/\/www.fagorprofessional.com\/blog\/wp-json\/wp\/v2\/posts\/492048\/revisions"}],"predecessor-version":[{"id":492094,"href":"https:\/\/www.fagorprofessional.com\/blog\/wp-json\/wp\/v2\/posts\/492048\/revisions\/492094"}],"wp:featuredmedia":[{"embeddable":true,"href":"https:\/\/www.fagorprofessional.com\/blog\/wp-json\/wp\/v2\/media\/492050"}],"wp:attachment":[{"href":"https:\/\/www.fagorprofessional.com\/blog\/wp-json\/wp\/v2\/media?parent=492048"}],"wp:term":[{"taxonomy":"category","embeddable":true,"href":"https:\/\/www.fagorprofessional.com\/blog\/wp-json\/wp\/v2\/categories?post=492048"},{"taxonomy":"post_tag","embeddable":true,"href":"https:\/\/www.fagorprofessional.com\/blog\/wp-json\/wp\/v2\/tags?post=492048"}],"curies":[{"name":"wp","href":"https:\/\/api.w.org\/{rel}","templated":true}]}}