{"id":519,"date":"2011-01-19T12:14:00","date_gmt":"2011-01-19T11:14:00","guid":{"rendered":"https:\/\/www.fagorprofessional.com\/blog\/?p=519"},"modified":"2022-10-11T11:30:42","modified_gmt":"2022-10-11T11:30:42","slug":"cumplimos-un-ano-en-twitter-3129-tweets-despues","status":"publish","type":"post","link":"https:\/\/www.fagorprofessional.com\/blog\/es\/cumplimos-un-ano-en-twitter-3129-tweets-despues\/","title":{"rendered":"\u00a1Cumplimos un a\u00f1o en Twitter! (O 3.129 tweets despu\u00e9s\u2026)\u00a0"},"content":{"rendered":"<p>\u00a1Estamos de aniversario! Pero dej\u00e9moslo claro: no estamos de aniversario nosotros, sino vosotros tambi\u00e9n. Todos. Ma\u00f1ana se cumple un a\u00f1o desde que inauguramos <a <a href=\"https:\/\/twitter.com\/FagorPro\" rel=\"nofollow\" target=\"_blank\">nuestro canal Twitter<\/a>, un proyecto que emprendimos con las inquietudes habituales con que se inician estas cosas. Ya sab\u00e9is: a ver qui\u00e9n nos va a seguir (si es que nos sigue alguien), qu\u00e9 vamos a contar, como va a evolucionar esto y dem\u00e1s\u2026 Bueno, pues tras 365 d\u00ed\u00adas, podemos contestar con la cabeza bien alta a estas preguntas.<\/p>\n<p><img decoding=\"async\" class=\"aligncenter lazyload\" src=\"data:image\/gif;base64,R0lGODlhAQABAIAAAAAAAP\/\/\/yH5BAEAAAAALAAAAAABAAEAAAIBRAA7\" data-src=\"https:\/\/www.fagorprofessional.com\/blog\/wp-content\/uploads\/2011\/01\/captura-twitter-copia-1024x294.png\" \/><noscript><img decoding=\"async\" class=\"aligncenter lazyload\" src=\"https:\/\/www.fagorprofessional.com\/blog\/wp-content\/uploads\/2011\/01\/captura-twitter-copia-1024x294.png\" \/><\/noscript><\/p>\n<p><strong>\u00bfQui\u00e9n nos iba a seguir?<\/strong> Pues en el momento de publicar este post, tenemos nada m\u00e1s y nada menos que 871 seguidores y estamos incluidos en 89 listas. \u00a1Pero seguro que estos datos se quedan antiguos en pocas horas!\u00a0 Entre estos seguidores hay (o ser\u00ed\u00ada m\u00e1s correcto, aunque no gramaticalmente, decir que hab\u00e9is) de todo. Hosteleros y restauradores (no esper\u00e1bamos menos), cocineros y chefs (una mina de recetas que har\u00ed\u00adan salivar a las piedras), profesionales de la comunicaci\u00f3n (es un orgullo que te tengan como una referencia), bloggers (\u00bfqu\u00e9 har\u00ed\u00adamos sin todo lo que aport\u00e1is?) y, muy especialmente, muchos amigos que se han apuntado a la cuenta por el gusto de formar parte de una comunidad donde circula sin parar la informaci\u00f3n y el buen ambiente.<\/p>\n<p><strong>\u00bfQu\u00e9 \u00ed\u00adbamos a contar?<\/strong> Ese tema no tard\u00f3 en solucionarse, a medida que nuestra lista de seguidores se iba incrementando. En este tiempo hemos contado, por supuesto, nuestras cosas, como hace todo el mundo en Twitter, pero nos hizo muy felices descubrir que lo que \u00ed\u00adbamos contando os parec\u00ed\u00ada lo bastante interesante como para seguirnos, y que por vuestra parte nos coment\u00e1bais las actividades y proyectos en los que and\u00e1bais metidos, muchas de las cuales hemos tenido el gusto de retwittear. Perd\u00f3n por el espantoso juego de palabras, pero es verdad que actualmente, en nuestra cuenta se cuenta de todo. Como no pod\u00ed\u00ada ser menos.<\/p>\n<p><strong>\u00bfC\u00f3mo iba a evolucionar esto?<\/strong> Pues ha evolucionado de manera flu\u00ed\u00adda, creciendo poco a poco, pero sin cesar, y atrayendo la atenci\u00f3n no s\u00f3lo dentro de Twitter, sino tambi\u00e9n fuera, como hemos podido comprobar por los comentarios que hemos recibido de colegas y profesionales del sector. El culmen fue cuando recibimos la noticia de que nuestra campa\u00f1a en social media hab\u00ed\u00ada quedado finalista de los European Excellence Awards, que son los galardones m\u00e1s prestigiosos en el \u00e1rea de la comunicaci\u00f3n. No ganamos, pero considerando que los cinco finalistas fuimos elegidos entre m\u00e1s de 1.400 candidatos, tampoco puede decirse que qued\u00e1ramos tan mal.<\/p>\n<p><strong>Y dem\u00e1s\u2026<\/strong> Pues el \u00abdem\u00e1s\u00bb es todo lo que est\u00e1 por venir. Un aumento de seguidores (y de seguidos, claro, que esto es rec\u00ed\u00adproco) y de contenidos, de intercambio de informaci\u00f3n y de conocimientos, de potenciaci\u00f3n de una herramienta que no s\u00f3lo nos sirve (l\u00f3gicamente) para la comunicaci\u00f3n corporativa, sino que tambi\u00e9n nos hace pasar muy buenos ratos cuando nos asomamos para ver lo que se va comentando en cada momento.<\/p>\n<p>Comunicar puede ser divertido. Comunicarnos con vosotros en este canal, desde luego, lo es. As\u00ed\u00ad que esperamos que sig\u00e1is cont\u00e1ndonos vuestras cosas, y pod\u00e9is empezar ahora mismo\u2026 \u00bfno os apetece entrar, para ver qu\u00e9 se cuece?<\/p>\n","protected":false},"excerpt":{"rendered":"<p>\u00a1Estamos de aniversario! Pero dej\u00e9moslo claro: no estamos de aniversario nosotros, sino vosotros tambi\u00e9n. Todos. Ma\u00f1ana se cumple un a\u00f1o desde que inauguramos<\/p>\n","protected":false},"author":1,"featured_media":1,"comment_status":"open","ping_status":"open","sticky":false,"template":"","format":"standard","meta":{"_acf_changed":false,"footnotes":""},"categories":[8],"tags":[],"class_list":["post-519","post","type-post","status-publish","format-standard","has-post-thumbnail","hentry","category-novedades-y-eventos"],"acf":[],"yoast_head":"<!-- This site is optimized with the Yoast SEO plugin v27.4 - https:\/\/yoast.com\/product\/yoast-seo-wordpress\/ -->\n<title>Cumplimos un a\u00f1o en Twitter o 3129 tweets despu\u00e9s<\/title>\n<meta name=\"description\" content=\"Ma\u00f1ana se cumple un a\u00f1o desde que inauguramos\u00a0nuestro canal Twitter, un proyecto que emprendimos con las inquietudes habituales con que se inician estas cosas. Ya sab\u00e9is: a ver qui\u00e9n nos va a seguir (si es que nos sigue alguien), qu\u00e9 vamos a contar, como va a evolucionar esto y dem\u00e1s.\" \/>\n<meta name=\"robots\" content=\"index, follow, max-snippet:-1, max-image-preview:large, max-video-preview:-1\" \/>\n<link rel=\"canonical\" href=\"https:\/\/www.fagorprofessional.com\/blog\/es\/cumplimos-un-ano-en-twitter-3129-tweets-despues\/\" \/>\n<meta property=\"og:locale\" content=\"es_ES\" \/>\n<meta property=\"og:type\" content=\"article\" \/>\n<meta property=\"og:title\" content=\"Cumplimos un a\u00f1o en Twitter o 3129 tweets despu\u00e9s\" \/>\n<meta property=\"og:description\" content=\"Ma\u00f1ana se cumple un a\u00f1o desde que inauguramos\u00a0nuestro canal Twitter, un proyecto que emprendimos con las inquietudes habituales con que se inician estas cosas. Ya sab\u00e9is: a ver qui\u00e9n nos va a seguir (si es que nos sigue alguien), qu\u00e9 vamos a contar, como va a evolucionar esto y dem\u00e1s.\" \/>\n<meta property=\"og:url\" content=\"https:\/\/www.fagorprofessional.com\/blog\/es\/cumplimos-un-ano-en-twitter-3129-tweets-despues\/\" \/>\n<meta property=\"og:site_name\" content=\"Fagor Professional&#039;s Blog\" \/>\n<meta property=\"article:published_time\" content=\"2011-01-19T11:14:00+00:00\" \/>\n<meta property=\"article:modified_time\" content=\"2022-10-11T11:30:42+00:00\" \/>\n<meta name=\"author\" content=\"admin\" \/>\n<meta name=\"twitter:card\" content=\"summary_large_image\" \/>\n<meta name=\"twitter:label1\" content=\"Escrito por\" \/>\n\t<meta name=\"twitter:data1\" content=\"admin\" \/>\n\t<meta name=\"twitter:label2\" content=\"Tiempo de lectura\" \/>\n\t<meta name=\"twitter:data2\" content=\"3 minutos\" \/>\n<script type=\"application\/ld+json\" class=\"yoast-schema-graph\">{\"@context\":\"https:\\\/\\\/schema.org\",\"@graph\":[{\"@type\":\"Article\",\"@id\":\"https:\\\/\\\/www.fagorprofessional.com\\\/blog\\\/es\\\/cumplimos-un-ano-en-twitter-3129-tweets-despues\\\/#article\",\"isPartOf\":{\"@id\":\"https:\\\/\\\/www.fagorprofessional.com\\\/blog\\\/es\\\/cumplimos-un-ano-en-twitter-3129-tweets-despues\\\/\"},\"author\":{\"name\":\"admin\",\"@id\":\"https:\\\/\\\/www.fagorprofessional.com\\\/blog\\\/#\\\/schema\\\/person\\\/c2dc508ffda39316cf0e8a45f15cb4e4\"},\"headline\":\"\u00a1Cumplimos un a\u00f1o en Twitter! (O 3.129 tweets despu\u00e9s\u2026)\u00a0\",\"datePublished\":\"2011-01-19T11:14:00+00:00\",\"dateModified\":\"2022-10-11T11:30:42+00:00\",\"mainEntityOfPage\":{\"@id\":\"https:\\\/\\\/www.fagorprofessional.com\\\/blog\\\/es\\\/cumplimos-un-ano-en-twitter-3129-tweets-despues\\\/\"},\"wordCount\":574,\"commentCount\":1,\"image\":{\"@id\":\"https:\\\/\\\/www.fagorprofessional.com\\\/blog\\\/es\\\/cumplimos-un-ano-en-twitter-3129-tweets-despues\\\/#primaryimage\"},\"thumbnailUrl\":\"\",\"articleSection\":[\"Novedades y eventos\"],\"inLanguage\":\"es\",\"potentialAction\":[{\"@type\":\"CommentAction\",\"name\":\"Comment\",\"target\":[\"https:\\\/\\\/www.fagorprofessional.com\\\/blog\\\/es\\\/cumplimos-un-ano-en-twitter-3129-tweets-despues\\\/#respond\"]}]},{\"@type\":\"WebPage\",\"@id\":\"https:\\\/\\\/www.fagorprofessional.com\\\/blog\\\/es\\\/cumplimos-un-ano-en-twitter-3129-tweets-despues\\\/\",\"url\":\"https:\\\/\\\/www.fagorprofessional.com\\\/blog\\\/es\\\/cumplimos-un-ano-en-twitter-3129-tweets-despues\\\/\",\"name\":\"Cumplimos un a\u00f1o en Twitter o 3129 tweets despu\u00e9s\",\"isPartOf\":{\"@id\":\"https:\\\/\\\/www.fagorprofessional.com\\\/blog\\\/#website\"},\"primaryImageOfPage\":{\"@id\":\"https:\\\/\\\/www.fagorprofessional.com\\\/blog\\\/es\\\/cumplimos-un-ano-en-twitter-3129-tweets-despues\\\/#primaryimage\"},\"image\":{\"@id\":\"https:\\\/\\\/www.fagorprofessional.com\\\/blog\\\/es\\\/cumplimos-un-ano-en-twitter-3129-tweets-despues\\\/#primaryimage\"},\"thumbnailUrl\":\"\",\"datePublished\":\"2011-01-19T11:14:00+00:00\",\"dateModified\":\"2022-10-11T11:30:42+00:00\",\"author\":{\"@id\":\"https:\\\/\\\/www.fagorprofessional.com\\\/blog\\\/#\\\/schema\\\/person\\\/c2dc508ffda39316cf0e8a45f15cb4e4\"},\"description\":\"Ma\u00f1ana se cumple un a\u00f1o desde que inauguramos\u00a0nuestro canal Twitter, un proyecto que emprendimos con las inquietudes habituales con que se inician estas cosas. Ya sab\u00e9is: a ver qui\u00e9n nos va a seguir (si es que nos sigue alguien), qu\u00e9 vamos a contar, como va a evolucionar esto y dem\u00e1s.\",\"breadcrumb\":{\"@id\":\"https:\\\/\\\/www.fagorprofessional.com\\\/blog\\\/es\\\/cumplimos-un-ano-en-twitter-3129-tweets-despues\\\/#breadcrumb\"},\"inLanguage\":\"es\",\"potentialAction\":[{\"@type\":\"ReadAction\",\"target\":[\"https:\\\/\\\/www.fagorprofessional.com\\\/blog\\\/es\\\/cumplimos-un-ano-en-twitter-3129-tweets-despues\\\/\"]}]},{\"@type\":\"ImageObject\",\"inLanguage\":\"es\",\"@id\":\"https:\\\/\\\/www.fagorprofessional.com\\\/blog\\\/es\\\/cumplimos-un-ano-en-twitter-3129-tweets-despues\\\/#primaryimage\",\"url\":\"\",\"contentUrl\":\"\"},{\"@type\":\"BreadcrumbList\",\"@id\":\"https:\\\/\\\/www.fagorprofessional.com\\\/blog\\\/es\\\/cumplimos-un-ano-en-twitter-3129-tweets-despues\\\/#breadcrumb\",\"itemListElement\":[{\"@type\":\"ListItem\",\"position\":1,\"name\":\"Fagor Professional Blog\",\"item\":\"https:\\\/\\\/www.fagorprofessional.com\\\/blog\\\/\"},{\"@type\":\"ListItem\",\"position\":2,\"name\":\"Novedades y eventos\",\"item\":\"https:\\\/\\\/www.fagorprofessional.com\\\/blog\\\/es\\\/novedades-y-eventos\\\/\"},{\"@type\":\"ListItem\",\"position\":3,\"name\":\"\u00a1Cumplimos un a\u00f1o en Twitter! (O 3.129 tweets despu\u00e9s\u2026)\u00a0\"}]},{\"@type\":\"WebSite\",\"@id\":\"https:\\\/\\\/www.fagorprofessional.com\\\/blog\\\/#website\",\"url\":\"https:\\\/\\\/www.fagorprofessional.com\\\/blog\\\/\",\"name\":\"Fagor Professional&#039;s Blog\",\"description\":\"Fagor Professional&#039;s Blog\",\"potentialAction\":[{\"@type\":\"SearchAction\",\"target\":{\"@type\":\"EntryPoint\",\"urlTemplate\":\"https:\\\/\\\/www.fagorprofessional.com\\\/blog\\\/?s={search_term_string}\"},\"query-input\":{\"@type\":\"PropertyValueSpecification\",\"valueRequired\":true,\"valueName\":\"search_term_string\"}}],\"inLanguage\":\"es\"},{\"@type\":\"Person\",\"@id\":\"https:\\\/\\\/www.fagorprofessional.com\\\/blog\\\/#\\\/schema\\\/person\\\/c2dc508ffda39316cf0e8a45f15cb4e4\",\"name\":\"admin\",\"image\":{\"@type\":\"ImageObject\",\"inLanguage\":\"es\",\"@id\":\"https:\\\/\\\/secure.gravatar.com\\\/avatar\\\/af0a4c336046e868f98b17f2a27b6f9426e8aba09b92828569a3ca2b54e3d91c?s=96&d=mm&r=g\",\"url\":\"https:\\\/\\\/secure.gravatar.com\\\/avatar\\\/af0a4c336046e868f98b17f2a27b6f9426e8aba09b92828569a3ca2b54e3d91c?s=96&d=mm&r=g\",\"contentUrl\":\"https:\\\/\\\/secure.gravatar.com\\\/avatar\\\/af0a4c336046e868f98b17f2a27b6f9426e8aba09b92828569a3ca2b54e3d91c?s=96&d=mm&r=g\",\"caption\":\"admin\"},\"sameAs\":[\"https:\\\/\\\/www.fagorprofessional.com\\\/blog\"]}]}<\/script>\n<!-- \/ Yoast SEO plugin. -->","yoast_head_json":{"title":"Cumplimos un a\u00f1o en Twitter o 3129 tweets despu\u00e9s","description":"Ma\u00f1ana se cumple un a\u00f1o desde que inauguramos\u00a0nuestro canal Twitter, un proyecto que emprendimos con las inquietudes habituales con que se inician estas cosas. Ya sab\u00e9is: a ver qui\u00e9n nos va a seguir (si es que nos sigue alguien), qu\u00e9 vamos a contar, como va a evolucionar esto y dem\u00e1s.","robots":{"index":"index","follow":"follow","max-snippet":"max-snippet:-1","max-image-preview":"max-image-preview:large","max-video-preview":"max-video-preview:-1"},"canonical":"https:\/\/www.fagorprofessional.com\/blog\/es\/cumplimos-un-ano-en-twitter-3129-tweets-despues\/","og_locale":"es_ES","og_type":"article","og_title":"Cumplimos un a\u00f1o en Twitter o 3129 tweets despu\u00e9s","og_description":"Ma\u00f1ana se cumple un a\u00f1o desde que inauguramos\u00a0nuestro canal Twitter, un proyecto que emprendimos con las inquietudes habituales con que se inician estas cosas. Ya sab\u00e9is: a ver qui\u00e9n nos va a seguir (si es que nos sigue alguien), qu\u00e9 vamos a contar, como va a evolucionar esto y dem\u00e1s.","og_url":"https:\/\/www.fagorprofessional.com\/blog\/es\/cumplimos-un-ano-en-twitter-3129-tweets-despues\/","og_site_name":"Fagor Professional&#039;s Blog","article_published_time":"2011-01-19T11:14:00+00:00","article_modified_time":"2022-10-11T11:30:42+00:00","author":"admin","twitter_card":"summary_large_image","twitter_misc":{"Escrito por":"admin","Tiempo de lectura":"3 minutos"},"schema":{"@context":"https:\/\/schema.org","@graph":[{"@type":"Article","@id":"https:\/\/www.fagorprofessional.com\/blog\/es\/cumplimos-un-ano-en-twitter-3129-tweets-despues\/#article","isPartOf":{"@id":"https:\/\/www.fagorprofessional.com\/blog\/es\/cumplimos-un-ano-en-twitter-3129-tweets-despues\/"},"author":{"name":"admin","@id":"https:\/\/www.fagorprofessional.com\/blog\/#\/schema\/person\/c2dc508ffda39316cf0e8a45f15cb4e4"},"headline":"\u00a1Cumplimos un a\u00f1o en Twitter! (O 3.129 tweets despu\u00e9s\u2026)\u00a0","datePublished":"2011-01-19T11:14:00+00:00","dateModified":"2022-10-11T11:30:42+00:00","mainEntityOfPage":{"@id":"https:\/\/www.fagorprofessional.com\/blog\/es\/cumplimos-un-ano-en-twitter-3129-tweets-despues\/"},"wordCount":574,"commentCount":1,"image":{"@id":"https:\/\/www.fagorprofessional.com\/blog\/es\/cumplimos-un-ano-en-twitter-3129-tweets-despues\/#primaryimage"},"thumbnailUrl":"","articleSection":["Novedades y eventos"],"inLanguage":"es","potentialAction":[{"@type":"CommentAction","name":"Comment","target":["https:\/\/www.fagorprofessional.com\/blog\/es\/cumplimos-un-ano-en-twitter-3129-tweets-despues\/#respond"]}]},{"@type":"WebPage","@id":"https:\/\/www.fagorprofessional.com\/blog\/es\/cumplimos-un-ano-en-twitter-3129-tweets-despues\/","url":"https:\/\/www.fagorprofessional.com\/blog\/es\/cumplimos-un-ano-en-twitter-3129-tweets-despues\/","name":"Cumplimos un a\u00f1o en Twitter o 3129 tweets despu\u00e9s","isPartOf":{"@id":"https:\/\/www.fagorprofessional.com\/blog\/#website"},"primaryImageOfPage":{"@id":"https:\/\/www.fagorprofessional.com\/blog\/es\/cumplimos-un-ano-en-twitter-3129-tweets-despues\/#primaryimage"},"image":{"@id":"https:\/\/www.fagorprofessional.com\/blog\/es\/cumplimos-un-ano-en-twitter-3129-tweets-despues\/#primaryimage"},"thumbnailUrl":"","datePublished":"2011-01-19T11:14:00+00:00","dateModified":"2022-10-11T11:30:42+00:00","author":{"@id":"https:\/\/www.fagorprofessional.com\/blog\/#\/schema\/person\/c2dc508ffda39316cf0e8a45f15cb4e4"},"description":"Ma\u00f1ana se cumple un a\u00f1o desde que inauguramos\u00a0nuestro canal Twitter, un proyecto que emprendimos con las inquietudes habituales con que se inician estas cosas. Ya sab\u00e9is: a ver qui\u00e9n nos va a seguir (si es que nos sigue alguien), qu\u00e9 vamos a contar, como va a evolucionar esto y dem\u00e1s.","breadcrumb":{"@id":"https:\/\/www.fagorprofessional.com\/blog\/es\/cumplimos-un-ano-en-twitter-3129-tweets-despues\/#breadcrumb"},"inLanguage":"es","potentialAction":[{"@type":"ReadAction","target":["https:\/\/www.fagorprofessional.com\/blog\/es\/cumplimos-un-ano-en-twitter-3129-tweets-despues\/"]}]},{"@type":"ImageObject","inLanguage":"es","@id":"https:\/\/www.fagorprofessional.com\/blog\/es\/cumplimos-un-ano-en-twitter-3129-tweets-despues\/#primaryimage","url":"","contentUrl":""},{"@type":"BreadcrumbList","@id":"https:\/\/www.fagorprofessional.com\/blog\/es\/cumplimos-un-ano-en-twitter-3129-tweets-despues\/#breadcrumb","itemListElement":[{"@type":"ListItem","position":1,"name":"Fagor Professional Blog","item":"https:\/\/www.fagorprofessional.com\/blog\/"},{"@type":"ListItem","position":2,"name":"Novedades y eventos","item":"https:\/\/www.fagorprofessional.com\/blog\/es\/novedades-y-eventos\/"},{"@type":"ListItem","position":3,"name":"\u00a1Cumplimos un a\u00f1o en Twitter! (O 3.129 tweets despu\u00e9s\u2026)\u00a0"}]},{"@type":"WebSite","@id":"https:\/\/www.fagorprofessional.com\/blog\/#website","url":"https:\/\/www.fagorprofessional.com\/blog\/","name":"Fagor Professional&#039;s Blog","description":"Fagor Professional&#039;s Blog","potentialAction":[{"@type":"SearchAction","target":{"@type":"EntryPoint","urlTemplate":"https:\/\/www.fagorprofessional.com\/blog\/?s={search_term_string}"},"query-input":{"@type":"PropertyValueSpecification","valueRequired":true,"valueName":"search_term_string"}}],"inLanguage":"es"},{"@type":"Person","@id":"https:\/\/www.fagorprofessional.com\/blog\/#\/schema\/person\/c2dc508ffda39316cf0e8a45f15cb4e4","name":"admin","image":{"@type":"ImageObject","inLanguage":"es","@id":"https:\/\/secure.gravatar.com\/avatar\/af0a4c336046e868f98b17f2a27b6f9426e8aba09b92828569a3ca2b54e3d91c?s=96&d=mm&r=g","url":"https:\/\/secure.gravatar.com\/avatar\/af0a4c336046e868f98b17f2a27b6f9426e8aba09b92828569a3ca2b54e3d91c?s=96&d=mm&r=g","contentUrl":"https:\/\/secure.gravatar.com\/avatar\/af0a4c336046e868f98b17f2a27b6f9426e8aba09b92828569a3ca2b54e3d91c?s=96&d=mm&r=g","caption":"admin"},"sameAs":["https:\/\/www.fagorprofessional.com\/blog"]}]}},"_links":{"self":[{"href":"https:\/\/www.fagorprofessional.com\/blog\/wp-json\/wp\/v2\/posts\/519","targetHints":{"allow":["GET"]}}],"collection":[{"href":"https:\/\/www.fagorprofessional.com\/blog\/wp-json\/wp\/v2\/posts"}],"about":[{"href":"https:\/\/www.fagorprofessional.com\/blog\/wp-json\/wp\/v2\/types\/post"}],"author":[{"embeddable":true,"href":"https:\/\/www.fagorprofessional.com\/blog\/wp-json\/wp\/v2\/users\/1"}],"replies":[{"embeddable":true,"href":"https:\/\/www.fagorprofessional.com\/blog\/wp-json\/wp\/v2\/comments?post=519"}],"version-history":[{"count":4,"href":"https:\/\/www.fagorprofessional.com\/blog\/wp-json\/wp\/v2\/posts\/519\/revisions"}],"predecessor-version":[{"id":489497,"href":"https:\/\/www.fagorprofessional.com\/blog\/wp-json\/wp\/v2\/posts\/519\/revisions\/489497"}],"wp:featuredmedia":[{"embeddable":true,"href":"https:\/\/www.fagorprofessional.com\/blog\/wp-json\/"}],"wp:attachment":[{"href":"https:\/\/www.fagorprofessional.com\/blog\/wp-json\/wp\/v2\/media?parent=519"}],"wp:term":[{"taxonomy":"category","embeddable":true,"href":"https:\/\/www.fagorprofessional.com\/blog\/wp-json\/wp\/v2\/categories?post=519"},{"taxonomy":"post_tag","embeddable":true,"href":"https:\/\/www.fagorprofessional.com\/blog\/wp-json\/wp\/v2\/tags?post=519"}],"curies":[{"name":"wp","href":"https:\/\/api.w.org\/{rel}","templated":true}]}}