{"id":641,"date":"2011-03-09T11:54:00","date_gmt":"2011-03-09T10:54:00","guid":{"rendered":"https:\/\/www.fagorprofessional.com\/blog\/?p=641"},"modified":"2024-04-19T10:57:42","modified_gmt":"2024-04-19T10:57:42","slug":"blog-cumple-buen-ano","status":"publish","type":"post","link":"https:\/\/www.fagorprofessional.com\/blog\/es\/blog-cumple-buen-ano\/","title":{"rendered":"\u00a1Nuestro blog cumple un a\u00f1o! (Y un buen a\u00f1o, adem\u00e1s)"},"content":{"rendered":"\t\t<div data-elementor-type=\"wp-post\" data-elementor-id=\"641\" class=\"elementor elementor-641\">\n\t\t\t\t\t\t<section class=\"elementor-section elementor-top-section elementor-element elementor-element-57c74dfa elementor-section-boxed elementor-section-height-default elementor-section-height-default\" data-id=\"57c74dfa\" data-element_type=\"section\" data-e-type=\"section\">\n\t\t\t\t\t\t<div class=\"elementor-container elementor-column-gap-default\">\n\t\t\t\t\t<div class=\"elementor-column elementor-col-100 elementor-top-column elementor-element elementor-element-63ddcc35\" data-id=\"63ddcc35\" data-element_type=\"column\" data-e-type=\"column\">\n\t\t\t<div class=\"elementor-widget-wrap elementor-element-populated\">\n\t\t\t\t\t\t<div class=\"elementor-element elementor-element-486f0c48 elementor-widget elementor-widget-text-editor\" data-id=\"486f0c48\" data-element_type=\"widget\" data-e-type=\"widget\" data-widget_type=\"text-editor.default\">\n\t\t\t\t<div class=\"elementor-widget-container\">\n\t\t\t\t\t\t\t\t\t<p>Ten\u00ed\u00adamos pensado cont\u00e1roslo la semana pasada, pero Gulfood se meti\u00f3 por en medio, y a una feria de esa importancia no se le puede decir que no\u2026 pero el caso es que la semana pasada este blog cumpli\u00f3 UN A\u00f1O de existencia. El 1 de marzo de 2010 Kepa Bedialauneta, nuestro Director General, public\u00f3 aqu\u00ed\u00ad el primer post en el que declaraba oficialmente inaugurado el blog de Fagor Industrial.<\/p><p><img decoding=\"async\" class=\"aligncenter lazyload\" src=\"data:image\/gif;base64,R0lGODlhAQABAIAAAAAAAP\/\/\/yH5BAEAAAAALAAAAAABAAEAAAIBRAA7\" data-src=\"https:\/\/www.fagorprofessional.com\/blog\/wp-content\/uploads\/2011\/03\/Captura-de-pantalla-2011-03-09-a-las-11.50.54.png\" \/><noscript><img decoding=\"async\" class=\"aligncenter lazyload\" src=\"https:\/\/www.fagorprofessional.com\/blog\/wp-content\/uploads\/2011\/03\/Captura-de-pantalla-2011-03-09-a-las-11.50.54.png\" \/><\/noscript><\/p><p>Como dijimos en su d\u00ed\u00ada, este blog naci\u00f3 con la intenci\u00f3n de hablar (un poco) de nosotros y (mucho) del sector; de convertirlo en un punto de referencia donde clientes y amigos pudi\u00e9rais contar con una fuente de novedades que indiquen por d\u00f3nde respira este bullente entorno profesional. Una fuente que aprovechara al m\u00e1ximo las oportunidades del mundo de la comunicaci\u00f3n 2.0 y en la que estamos abiertos en todo momento a vuestros comentarios, opiniones y preguntas, tanto aqu\u00ed\u00ad como en nuestro <a <a href=\"https:\/\/twitter.com\/FagorPro\" rel=\"nofollow\" target=\"_blank\">nuevo canal Twitter<\/a> (\u00a1C\u00f3mo! \u00bfQue a\u00fan no nos segu\u00ed\u00ads?).<\/p><p>Repasando un poco lo conseguido hasta ahora, la verdad es que para nosotros ha sido un a\u00f1o lleno de alegr\u00ed\u00adas. Porque fue una alegr\u00ed\u00ada charlar con gente tan interesante como el chef Daniel Garc\u00ed\u00ada con motivo de la inauguraci\u00f3n de su nuevo restaurante Atea, el bloguero y escritor Txaber Allu\u00e9, el maestro del wok Iwao Komiyama o la librera gastron\u00f3mica Aranzazu Miralles; o dar cumplida cr\u00f3nica de los saraos que organizan los chicos de Tapas &amp; Blogs (\u00bfpara cu\u00e1ndo el pr\u00f3ximo?); o informar de las iniciativas que se est\u00e1n tomando para potenciar la afici\u00f3n a la gastronom\u00ed\u00ada en el entorno 2.0; y, puestos a hablar de nosotros, que aqu\u00ed\u00ad nadie est\u00e1 libre de pecado, os hemos ido informando de las distintas ferias internacionales donde hemos estado presentes, de las novedades que hemos sacado al mercado y de acontecimientos como la inauguraci\u00f3n de nuestra nueva sala de demos en Madrid.<\/p><p>En conjunto, un buen a\u00f1o, s\u00ed\u00ad se\u00f1or, como dec\u00ed\u00ada Russell Crowe\u2026 As\u00ed\u00ad que esperamos que sig\u00e1is con nosotros y podamos celebrar juntos el segundo aniversario \u00a1Y todos los que vengan detr\u00e1s!<\/p>\t\t\t\t\t\t\t\t<\/div>\n\t\t\t\t<\/div>\n\t\t\t\t\t<\/div>\n\t\t<\/div>\n\t\t\t\t\t<\/div>\n\t\t<\/section>\n\t\t\t\t<\/div>\n\t\t","protected":false},"excerpt":{"rendered":"<p>Ten\u00ed\u00adamos pensado cont\u00e1roslo la semana pasada, pero Gulfood se meti\u00f3 por en medio, y a una feria de esa importancia no se le puede decir que no\u2026 pero el caso es que la semana pasada este blog cumpli\u00f3 UN A\u00f1O de existencia. El 1 de marzo de 2010 Kepa Bedialauneta, nuestro Director General, public\u00f3 aqu\u00ed\u00ad&#8230;<\/p>\n","protected":false},"author":1,"featured_media":490366,"comment_status":"open","ping_status":"open","sticky":false,"template":"","format":"standard","meta":{"_acf_changed":false,"footnotes":""},"categories":[8],"tags":[],"class_list":["post-641","post","type-post","status-publish","format-standard","has-post-thumbnail","hentry","category-novedades-y-eventos"],"acf":[],"yoast_head":"<!-- This site is optimized with the Yoast SEO plugin v27.5 - https:\/\/yoast.com\/product\/yoast-seo-wordpress\/ -->\n<title>Celebramos el 1\u00ba a\u00f1o de nuestro blog<\/title>\n<meta name=\"description\" content=\"La semana pasada este blog cumpli\u00f3 UN A\u00d1O de existencia. El 1 de marzo de 2010 Kepa Bedialauneta, nuestro Director General, public\u00f3 aqu\u00ed el primer post en el que declaraba oficialmente inaugurado el blog de Fagor Industrial.\" \/>\n<meta name=\"robots\" content=\"index, follow, max-snippet:-1, max-image-preview:large, max-video-preview:-1\" \/>\n<link rel=\"canonical\" href=\"https:\/\/www.fagorprofessional.com\/blog\/es\/blog-cumple-buen-ano\/\" \/>\n<meta property=\"og:locale\" content=\"es_ES\" \/>\n<meta property=\"og:type\" content=\"article\" \/>\n<meta property=\"og:title\" content=\"Celebramos el 1\u00ba a\u00f1o de nuestro blog\" \/>\n<meta property=\"og:description\" content=\"La semana pasada este blog cumpli\u00f3 UN A\u00d1O de existencia. El 1 de marzo de 2010 Kepa Bedialauneta, nuestro Director General, public\u00f3 aqu\u00ed el primer post en el que declaraba oficialmente inaugurado el blog de Fagor Industrial.\" \/>\n<meta property=\"og:url\" content=\"https:\/\/www.fagorprofessional.com\/blog\/es\/blog-cumple-buen-ano\/\" \/>\n<meta property=\"og:site_name\" content=\"Fagor Professional&#039;s Blog\" \/>\n<meta property=\"article:published_time\" content=\"2011-03-09T10:54:00+00:00\" \/>\n<meta property=\"article:modified_time\" content=\"2024-04-19T10:57:42+00:00\" \/>\n<meta property=\"og:image\" content=\"https:\/\/www.fagorprofessional.com\/blog\/wp-content\/uploads\/2011\/03\/captura_blog-1.png\" \/>\n\t<meta property=\"og:image:width\" content=\"800\" \/>\n\t<meta property=\"og:image:height\" content=\"605\" \/>\n\t<meta property=\"og:image:type\" content=\"image\/png\" \/>\n<meta name=\"author\" content=\"admin\" \/>\n<meta name=\"twitter:card\" content=\"summary_large_image\" \/>\n<meta name=\"twitter:label1\" content=\"Escrito por\" \/>\n\t<meta name=\"twitter:data1\" content=\"admin\" \/>\n\t<meta name=\"twitter:label2\" content=\"Tiempo de lectura\" \/>\n\t<meta name=\"twitter:data2\" content=\"2 minutos\" \/>\n<script type=\"application\/ld+json\" class=\"yoast-schema-graph\">{\"@context\":\"https:\\\/\\\/schema.org\",\"@graph\":[{\"@type\":\"Article\",\"@id\":\"https:\\\/\\\/www.fagorprofessional.com\\\/blog\\\/es\\\/blog-cumple-buen-ano\\\/#article\",\"isPartOf\":{\"@id\":\"https:\\\/\\\/www.fagorprofessional.com\\\/blog\\\/es\\\/blog-cumple-buen-ano\\\/\"},\"author\":{\"name\":\"admin\",\"@id\":\"https:\\\/\\\/www.fagorprofessional.com\\\/blog\\\/#\\\/schema\\\/person\\\/c2dc508ffda39316cf0e8a45f15cb4e4\"},\"headline\":\"\u00a1Nuestro blog cumple un a\u00f1o! (Y un buen a\u00f1o, adem\u00e1s)\",\"datePublished\":\"2011-03-09T10:54:00+00:00\",\"dateModified\":\"2024-04-19T10:57:42+00:00\",\"mainEntityOfPage\":{\"@id\":\"https:\\\/\\\/www.fagorprofessional.com\\\/blog\\\/es\\\/blog-cumple-buen-ano\\\/\"},\"wordCount\":379,\"commentCount\":3,\"image\":{\"@id\":\"https:\\\/\\\/www.fagorprofessional.com\\\/blog\\\/es\\\/blog-cumple-buen-ano\\\/#primaryimage\"},\"thumbnailUrl\":\"https:\\\/\\\/www.fagorprofessional.com\\\/blog\\\/wp-content\\\/uploads\\\/2011\\\/03\\\/captura_blog-1.png\",\"articleSection\":[\"Novedades y eventos\"],\"inLanguage\":\"es\",\"potentialAction\":[{\"@type\":\"CommentAction\",\"name\":\"Comment\",\"target\":[\"https:\\\/\\\/www.fagorprofessional.com\\\/blog\\\/es\\\/blog-cumple-buen-ano\\\/#respond\"]}]},{\"@type\":\"WebPage\",\"@id\":\"https:\\\/\\\/www.fagorprofessional.com\\\/blog\\\/es\\\/blog-cumple-buen-ano\\\/\",\"url\":\"https:\\\/\\\/www.fagorprofessional.com\\\/blog\\\/es\\\/blog-cumple-buen-ano\\\/\",\"name\":\"Celebramos el 1\u00ba a\u00f1o de nuestro blog\",\"isPartOf\":{\"@id\":\"https:\\\/\\\/www.fagorprofessional.com\\\/blog\\\/#website\"},\"primaryImageOfPage\":{\"@id\":\"https:\\\/\\\/www.fagorprofessional.com\\\/blog\\\/es\\\/blog-cumple-buen-ano\\\/#primaryimage\"},\"image\":{\"@id\":\"https:\\\/\\\/www.fagorprofessional.com\\\/blog\\\/es\\\/blog-cumple-buen-ano\\\/#primaryimage\"},\"thumbnailUrl\":\"https:\\\/\\\/www.fagorprofessional.com\\\/blog\\\/wp-content\\\/uploads\\\/2011\\\/03\\\/captura_blog-1.png\",\"datePublished\":\"2011-03-09T10:54:00+00:00\",\"dateModified\":\"2024-04-19T10:57:42+00:00\",\"author\":{\"@id\":\"https:\\\/\\\/www.fagorprofessional.com\\\/blog\\\/#\\\/schema\\\/person\\\/c2dc508ffda39316cf0e8a45f15cb4e4\"},\"description\":\"La semana pasada este blog cumpli\u00f3 UN A\u00d1O de existencia. El 1 de marzo de 2010 Kepa Bedialauneta, nuestro Director General, public\u00f3 aqu\u00ed el primer post en el que declaraba oficialmente inaugurado el blog de Fagor Industrial.\",\"breadcrumb\":{\"@id\":\"https:\\\/\\\/www.fagorprofessional.com\\\/blog\\\/es\\\/blog-cumple-buen-ano\\\/#breadcrumb\"},\"inLanguage\":\"es\",\"potentialAction\":[{\"@type\":\"ReadAction\",\"target\":[\"https:\\\/\\\/www.fagorprofessional.com\\\/blog\\\/es\\\/blog-cumple-buen-ano\\\/\"]}]},{\"@type\":\"ImageObject\",\"inLanguage\":\"es\",\"@id\":\"https:\\\/\\\/www.fagorprofessional.com\\\/blog\\\/es\\\/blog-cumple-buen-ano\\\/#primaryimage\",\"url\":\"https:\\\/\\\/www.fagorprofessional.com\\\/blog\\\/wp-content\\\/uploads\\\/2011\\\/03\\\/captura_blog-1.png\",\"contentUrl\":\"https:\\\/\\\/www.fagorprofessional.com\\\/blog\\\/wp-content\\\/uploads\\\/2011\\\/03\\\/captura_blog-1.png\",\"width\":800,\"height\":605},{\"@type\":\"BreadcrumbList\",\"@id\":\"https:\\\/\\\/www.fagorprofessional.com\\\/blog\\\/es\\\/blog-cumple-buen-ano\\\/#breadcrumb\",\"itemListElement\":[{\"@type\":\"ListItem\",\"position\":1,\"name\":\"Fagor Professional Blog\",\"item\":\"https:\\\/\\\/www.fagorprofessional.com\\\/blog\\\/\"},{\"@type\":\"ListItem\",\"position\":2,\"name\":\"Novedades y eventos\",\"item\":\"https:\\\/\\\/www.fagorprofessional.com\\\/blog\\\/es\\\/novedades-y-eventos\\\/\"},{\"@type\":\"ListItem\",\"position\":3,\"name\":\"\u00a1Nuestro blog cumple un a\u00f1o! (Y un buen a\u00f1o, adem\u00e1s)\"}]},{\"@type\":\"WebSite\",\"@id\":\"https:\\\/\\\/www.fagorprofessional.com\\\/blog\\\/#website\",\"url\":\"https:\\\/\\\/www.fagorprofessional.com\\\/blog\\\/\",\"name\":\"Fagor Professional&#039;s Blog\",\"description\":\"Fagor Professional&#039;s Blog\",\"potentialAction\":[{\"@type\":\"SearchAction\",\"target\":{\"@type\":\"EntryPoint\",\"urlTemplate\":\"https:\\\/\\\/www.fagorprofessional.com\\\/blog\\\/?s={search_term_string}\"},\"query-input\":{\"@type\":\"PropertyValueSpecification\",\"valueRequired\":true,\"valueName\":\"search_term_string\"}}],\"inLanguage\":\"es\"},{\"@type\":\"Person\",\"@id\":\"https:\\\/\\\/www.fagorprofessional.com\\\/blog\\\/#\\\/schema\\\/person\\\/c2dc508ffda39316cf0e8a45f15cb4e4\",\"name\":\"admin\",\"image\":{\"@type\":\"ImageObject\",\"inLanguage\":\"es\",\"@id\":\"https:\\\/\\\/secure.gravatar.com\\\/avatar\\\/af0a4c336046e868f98b17f2a27b6f9426e8aba09b92828569a3ca2b54e3d91c?s=96&d=mm&r=g\",\"url\":\"https:\\\/\\\/secure.gravatar.com\\\/avatar\\\/af0a4c336046e868f98b17f2a27b6f9426e8aba09b92828569a3ca2b54e3d91c?s=96&d=mm&r=g\",\"contentUrl\":\"https:\\\/\\\/secure.gravatar.com\\\/avatar\\\/af0a4c336046e868f98b17f2a27b6f9426e8aba09b92828569a3ca2b54e3d91c?s=96&d=mm&r=g\",\"caption\":\"admin\"},\"sameAs\":[\"https:\\\/\\\/www.fagorprofessional.com\\\/blog\"]}]}<\/script>\n<!-- \/ Yoast SEO plugin. -->","yoast_head_json":{"title":"Celebramos el 1\u00ba a\u00f1o de nuestro blog","description":"La semana pasada este blog cumpli\u00f3 UN A\u00d1O de existencia. El 1 de marzo de 2010 Kepa Bedialauneta, nuestro Director General, public\u00f3 aqu\u00ed el primer post en el que declaraba oficialmente inaugurado el blog de Fagor Industrial.","robots":{"index":"index","follow":"follow","max-snippet":"max-snippet:-1","max-image-preview":"max-image-preview:large","max-video-preview":"max-video-preview:-1"},"canonical":"https:\/\/www.fagorprofessional.com\/blog\/es\/blog-cumple-buen-ano\/","og_locale":"es_ES","og_type":"article","og_title":"Celebramos el 1\u00ba a\u00f1o de nuestro blog","og_description":"La semana pasada este blog cumpli\u00f3 UN A\u00d1O de existencia. El 1 de marzo de 2010 Kepa Bedialauneta, nuestro Director General, public\u00f3 aqu\u00ed el primer post en el que declaraba oficialmente inaugurado el blog de Fagor Industrial.","og_url":"https:\/\/www.fagorprofessional.com\/blog\/es\/blog-cumple-buen-ano\/","og_site_name":"Fagor Professional&#039;s Blog","article_published_time":"2011-03-09T10:54:00+00:00","article_modified_time":"2024-04-19T10:57:42+00:00","og_image":[{"width":800,"height":605,"url":"https:\/\/www.fagorprofessional.com\/blog\/wp-content\/uploads\/2011\/03\/captura_blog-1.png","type":"image\/png"}],"author":"admin","twitter_card":"summary_large_image","twitter_misc":{"Escrito por":"admin","Tiempo de lectura":"2 minutos"},"schema":{"@context":"https:\/\/schema.org","@graph":[{"@type":"Article","@id":"https:\/\/www.fagorprofessional.com\/blog\/es\/blog-cumple-buen-ano\/#article","isPartOf":{"@id":"https:\/\/www.fagorprofessional.com\/blog\/es\/blog-cumple-buen-ano\/"},"author":{"name":"admin","@id":"https:\/\/www.fagorprofessional.com\/blog\/#\/schema\/person\/c2dc508ffda39316cf0e8a45f15cb4e4"},"headline":"\u00a1Nuestro blog cumple un a\u00f1o! (Y un buen a\u00f1o, adem\u00e1s)","datePublished":"2011-03-09T10:54:00+00:00","dateModified":"2024-04-19T10:57:42+00:00","mainEntityOfPage":{"@id":"https:\/\/www.fagorprofessional.com\/blog\/es\/blog-cumple-buen-ano\/"},"wordCount":379,"commentCount":3,"image":{"@id":"https:\/\/www.fagorprofessional.com\/blog\/es\/blog-cumple-buen-ano\/#primaryimage"},"thumbnailUrl":"https:\/\/www.fagorprofessional.com\/blog\/wp-content\/uploads\/2011\/03\/captura_blog-1.png","articleSection":["Novedades y eventos"],"inLanguage":"es","potentialAction":[{"@type":"CommentAction","name":"Comment","target":["https:\/\/www.fagorprofessional.com\/blog\/es\/blog-cumple-buen-ano\/#respond"]}]},{"@type":"WebPage","@id":"https:\/\/www.fagorprofessional.com\/blog\/es\/blog-cumple-buen-ano\/","url":"https:\/\/www.fagorprofessional.com\/blog\/es\/blog-cumple-buen-ano\/","name":"Celebramos el 1\u00ba a\u00f1o de nuestro blog","isPartOf":{"@id":"https:\/\/www.fagorprofessional.com\/blog\/#website"},"primaryImageOfPage":{"@id":"https:\/\/www.fagorprofessional.com\/blog\/es\/blog-cumple-buen-ano\/#primaryimage"},"image":{"@id":"https:\/\/www.fagorprofessional.com\/blog\/es\/blog-cumple-buen-ano\/#primaryimage"},"thumbnailUrl":"https:\/\/www.fagorprofessional.com\/blog\/wp-content\/uploads\/2011\/03\/captura_blog-1.png","datePublished":"2011-03-09T10:54:00+00:00","dateModified":"2024-04-19T10:57:42+00:00","author":{"@id":"https:\/\/www.fagorprofessional.com\/blog\/#\/schema\/person\/c2dc508ffda39316cf0e8a45f15cb4e4"},"description":"La semana pasada este blog cumpli\u00f3 UN A\u00d1O de existencia. El 1 de marzo de 2010 Kepa Bedialauneta, nuestro Director General, public\u00f3 aqu\u00ed el primer post en el que declaraba oficialmente inaugurado el blog de Fagor Industrial.","breadcrumb":{"@id":"https:\/\/www.fagorprofessional.com\/blog\/es\/blog-cumple-buen-ano\/#breadcrumb"},"inLanguage":"es","potentialAction":[{"@type":"ReadAction","target":["https:\/\/www.fagorprofessional.com\/blog\/es\/blog-cumple-buen-ano\/"]}]},{"@type":"ImageObject","inLanguage":"es","@id":"https:\/\/www.fagorprofessional.com\/blog\/es\/blog-cumple-buen-ano\/#primaryimage","url":"https:\/\/www.fagorprofessional.com\/blog\/wp-content\/uploads\/2011\/03\/captura_blog-1.png","contentUrl":"https:\/\/www.fagorprofessional.com\/blog\/wp-content\/uploads\/2011\/03\/captura_blog-1.png","width":800,"height":605},{"@type":"BreadcrumbList","@id":"https:\/\/www.fagorprofessional.com\/blog\/es\/blog-cumple-buen-ano\/#breadcrumb","itemListElement":[{"@type":"ListItem","position":1,"name":"Fagor Professional Blog","item":"https:\/\/www.fagorprofessional.com\/blog\/"},{"@type":"ListItem","position":2,"name":"Novedades y eventos","item":"https:\/\/www.fagorprofessional.com\/blog\/es\/novedades-y-eventos\/"},{"@type":"ListItem","position":3,"name":"\u00a1Nuestro blog cumple un a\u00f1o! (Y un buen a\u00f1o, adem\u00e1s)"}]},{"@type":"WebSite","@id":"https:\/\/www.fagorprofessional.com\/blog\/#website","url":"https:\/\/www.fagorprofessional.com\/blog\/","name":"Fagor Professional&#039;s Blog","description":"Fagor Professional&#039;s Blog","potentialAction":[{"@type":"SearchAction","target":{"@type":"EntryPoint","urlTemplate":"https:\/\/www.fagorprofessional.com\/blog\/?s={search_term_string}"},"query-input":{"@type":"PropertyValueSpecification","valueRequired":true,"valueName":"search_term_string"}}],"inLanguage":"es"},{"@type":"Person","@id":"https:\/\/www.fagorprofessional.com\/blog\/#\/schema\/person\/c2dc508ffda39316cf0e8a45f15cb4e4","name":"admin","image":{"@type":"ImageObject","inLanguage":"es","@id":"https:\/\/secure.gravatar.com\/avatar\/af0a4c336046e868f98b17f2a27b6f9426e8aba09b92828569a3ca2b54e3d91c?s=96&d=mm&r=g","url":"https:\/\/secure.gravatar.com\/avatar\/af0a4c336046e868f98b17f2a27b6f9426e8aba09b92828569a3ca2b54e3d91c?s=96&d=mm&r=g","contentUrl":"https:\/\/secure.gravatar.com\/avatar\/af0a4c336046e868f98b17f2a27b6f9426e8aba09b92828569a3ca2b54e3d91c?s=96&d=mm&r=g","caption":"admin"},"sameAs":["https:\/\/www.fagorprofessional.com\/blog"]}]}},"_links":{"self":[{"href":"https:\/\/www.fagorprofessional.com\/blog\/wp-json\/wp\/v2\/posts\/641","targetHints":{"allow":["GET"]}}],"collection":[{"href":"https:\/\/www.fagorprofessional.com\/blog\/wp-json\/wp\/v2\/posts"}],"about":[{"href":"https:\/\/www.fagorprofessional.com\/blog\/wp-json\/wp\/v2\/types\/post"}],"author":[{"embeddable":true,"href":"https:\/\/www.fagorprofessional.com\/blog\/wp-json\/wp\/v2\/users\/1"}],"replies":[{"embeddable":true,"href":"https:\/\/www.fagorprofessional.com\/blog\/wp-json\/wp\/v2\/comments?post=641"}],"version-history":[{"count":7,"href":"https:\/\/www.fagorprofessional.com\/blog\/wp-json\/wp\/v2\/posts\/641\/revisions"}],"predecessor-version":[{"id":490367,"href":"https:\/\/www.fagorprofessional.com\/blog\/wp-json\/wp\/v2\/posts\/641\/revisions\/490367"}],"wp:featuredmedia":[{"embeddable":true,"href":"https:\/\/www.fagorprofessional.com\/blog\/wp-json\/wp\/v2\/media\/490366"}],"wp:attachment":[{"href":"https:\/\/www.fagorprofessional.com\/blog\/wp-json\/wp\/v2\/media?parent=641"}],"wp:term":[{"taxonomy":"category","embeddable":true,"href":"https:\/\/www.fagorprofessional.com\/blog\/wp-json\/wp\/v2\/categories?post=641"},{"taxonomy":"post_tag","embeddable":true,"href":"https:\/\/www.fagorprofessional.com\/blog\/wp-json\/wp\/v2\/tags?post=641"}],"curies":[{"name":"wp","href":"https:\/\/api.w.org\/{rel}","templated":true}]}}