{"id":736,"date":"2011-05-16T10:38:00","date_gmt":"2011-05-16T08:38:00","guid":{"rendered":"https:\/\/www.fagorprofessional.com\/blog\/?p=736"},"modified":"2022-11-22T11:47:44","modified_gmt":"2022-11-22T11:47:44","slug":"nuevo-tapas-blogs-van-12","status":"publish","type":"post","link":"https:\/\/www.fagorprofessional.com\/blog\/es\/nuevo-tapas-blogs-van-12\/","title":{"rendered":"Un nuevo Tapas&#038;Blogs, y van 12"},"content":{"rendered":"<p>Hace una semana y media, m\u00e1s o menos, nuestros amigos <strong>Dani, Alfonso y Marta<\/strong>, que son las mentes pensantes detr\u00e1s del evento <strong>Tapas&amp;Blogs<\/strong>, organizaron un nuevo evento alrededor del mundo de la gastronom\u00ed\u00ada y la comunicaci\u00f3n 2.0 en el Real Caf\u00e9 Bernab\u00e9u (con lo que hubo chascarrillos futbol\u00ed\u00adsticos de todo tipo, claro).<\/p>\n<p>El protagonista de este evento fue Elite Gourmet, una Asociaci\u00f3n Cultural sin \u00e1nimo de lucro en la que participan empresas que quieren <strong>contribuir al prestigio de la gastronom\u00ed\u00ada espa\u00f1ola<\/strong>. Y si encontr\u00e1is el sello de calidad Elite Gourmet en alg\u00fan producto, es que \u00e9ste destaca por su calidad y excelencia. Y es que aunque la gastronom\u00ed\u00ada espa\u00f1ola est\u00e1 en lo m\u00e1s alto del panorama culinario internacional, a menudo lo que se conocen son, sobre todo, los <a <a href=\"https:\/\/www.fagorprofessional.com\/blog\/es\/entrevista-chef-alfonso-dehesa\/\" target=\"_blank\">grandes chefs<\/a> y los restaurantes, pero tambi\u00e9n tenemos grandes productos y aqu\u00ed\u00ad es donde entra esta asociaci\u00f3n, a promocionar estos grand\u00ed\u00adsimos productos.<\/p>\n<p><img decoding=\"async\" class=\"aligncenter lazyload\" src=\"data:image\/gif;base64,R0lGODlhAQABAIAAAAAAAP\/\/\/yH5BAEAAAAALAAAAAABAAEAAAIBRAA7\" data-src=\"http:\/\/farm3.static.flickr.com\/2293\/5707431007_18da3431c9.jpg\" alt=\"EliteGourmet-10\" \/><noscript><img decoding=\"async\" class=\"aligncenter lazyload\" src=\"http:\/\/farm3.static.flickr.com\/2293\/5707431007_18da3431c9.jpg\" alt=\"EliteGourmet-10\" \/><\/noscript><\/p>\n<p>\u00bfC\u00f3mo se articul\u00f3 el evento? Con tantos productos como hab\u00ed\u00ada, se decidi\u00f3 hacer <strong>6 mesas de armon\u00ed\u00adas<\/strong>, como evoluci\u00f3n del concepto de maridaje, para poder probar los mejores alimentos con las mejores bebidas, y desde luego no decepcion\u00f3 a juzgar por las caras de satisfacci\u00f3n de los bloggers asistentes y por las cr\u00f3nicas que algunos han realizado.<\/p>\n<p>Hubo 3 mesas relacionadas con las conservas y el esturi\u00f3n, con productos tales como unos riqu\u00ed\u00adsimos berberechos, una ventresca de gran calidad o esturi\u00f3n ahumado, y cada uno de estos productos armonizado con la bebida que mejor le correspond\u00ed\u00ada, como cerveza, albari\u00f1o y otros vinos blancos.<\/p>\n<p><img decoding=\"async\" class=\"aligncenter lazyload\" src=\"data:image\/gif;base64,R0lGODlhAQABAIAAAAAAAP\/\/\/yH5BAEAAAAALAAAAAABAAEAAAIBRAA7\" data-src=\"http:\/\/farm3.static.flickr.com\/2717\/5707430553_eeb9e4c36f.jpg\" alt=\"EliteGourmet-8\" \/><noscript><img decoding=\"async\" class=\"aligncenter lazyload\" src=\"http:\/\/farm3.static.flickr.com\/2717\/5707430553_eeb9e4c36f.jpg\" alt=\"EliteGourmet-8\" \/><\/noscript><\/p>\n<p>Las 3 mesas restantes se dedicaban a los ib\u00e9ricos y aves, donde se pudieron degustar unos embutidos excepcionales, un magret de ganso que fue una de las estrellas de la velada o un foie gras mi-cuit que se deshac\u00ed\u00ada en la boca, todo ello acompa\u00f1ado de vinos tintos, rosados y cavas.<\/p>\n<p>Y todo esto no pod\u00ed\u00ada acabar sin postre, con unos yogures excepcionales con agua con gas y patxar\u00e1n para acompa\u00f1ar.<\/p>\n<p><img decoding=\"async\" class=\"aligncenter lazyload\" src=\"data:image\/gif;base64,R0lGODlhAQABAIAAAAAAAP\/\/\/yH5BAEAAAAALAAAAAABAAEAAAIBRAA7\" data-src=\"http:\/\/farm4.static.flickr.com\/3288\/5707434509_bcbcdeab6c.jpg\" alt=\"EliteGourmet-20\" \/><noscript><img decoding=\"async\" class=\"aligncenter lazyload\" src=\"http:\/\/farm4.static.flickr.com\/3288\/5707434509_bcbcdeab6c.jpg\" alt=\"EliteGourmet-20\" \/><\/noscript><\/p>\n<p>Pero si quer\u00e9is saber m\u00e1s de los productos concretos que hubo disponibles, y c\u00f3mo se realizaron las armon\u00ed\u00adas de sabores, lo mejor es que visit\u00e9is la entrada que ha escrito Alfonso, uno de los organizadores del evento.<\/p>\n<p>Todas estas iniciativas son un complemento perfecto para seguir manteniendo el nivel de la gastronom\u00ed\u00ada espa\u00f1ola en lo m\u00e1s alto y para promocionar otra vertiente del conjunto que suponen chefs, restaurantes, productos y, por qu\u00e9 no, equipamiento, ya que unos grandes equipos de cocina ayudan a que un gran chef, en un gran restaurante, haga magia con los mejores productos posibles.<\/p>\n","protected":false},"excerpt":{"rendered":"<p>Hace una semana y media, m\u00e1s o menos, nuestros amigos Dani, Alfonso y Marta, que son las mentes pensantes detr\u00e1s del evento Tapas&amp;Blogs, organizaron un nuevo evento alrededor del mundo de la gastronom\u00ed\u00ada y la comunicaci\u00f3n 2.0 en el Real Caf\u00e9 Bernab\u00e9u (con lo que hubo chascarrillos futbol\u00ed\u00adsticos de todo tipo, claro). El protagonista de&#8230;<\/p>\n","protected":false},"author":1,"featured_media":1,"comment_status":"open","ping_status":"open","sticky":false,"template":"","format":"standard","meta":{"_acf_changed":false,"footnotes":""},"categories":[8],"tags":[],"class_list":["post-736","post","type-post","status-publish","format-standard","has-post-thumbnail","hentry","category-novedades-y-eventos"],"acf":[],"yoast_head":"<!-- This site is optimized with the Yoast SEO plugin v27.5 - https:\/\/yoast.com\/product\/yoast-seo-wordpress\/ -->\n<title>Un nuevo Tapas&amp;Blogs, y van 12<\/title>\n<meta name=\"description\" content=\"Tapas&amp;Blogs organizaron un nuevo evento alrededor del mundo de la gastronom\u00eda y la comunicaci\u00f3n 2.0 en el Real Caf\u00e9 Bernab\u00e9u.\" \/>\n<meta name=\"robots\" content=\"index, follow, max-snippet:-1, max-image-preview:large, max-video-preview:-1\" \/>\n<link rel=\"canonical\" href=\"https:\/\/www.fagorprofessional.com\/blog\/es\/nuevo-tapas-blogs-van-12\/\" \/>\n<meta property=\"og:locale\" content=\"es_ES\" \/>\n<meta property=\"og:type\" content=\"article\" \/>\n<meta property=\"og:title\" content=\"Un nuevo Tapas&amp;Blogs, y van 12\" \/>\n<meta property=\"og:description\" content=\"Tapas&amp;Blogs organizaron un nuevo evento alrededor del mundo de la gastronom\u00eda y la comunicaci\u00f3n 2.0 en el Real Caf\u00e9 Bernab\u00e9u.\" \/>\n<meta property=\"og:url\" content=\"https:\/\/www.fagorprofessional.com\/blog\/es\/nuevo-tapas-blogs-van-12\/\" \/>\n<meta property=\"og:site_name\" content=\"Fagor Professional&#039;s Blog\" \/>\n<meta property=\"article:published_time\" content=\"2011-05-16T08:38:00+00:00\" \/>\n<meta property=\"article:modified_time\" content=\"2022-11-22T11:47:44+00:00\" \/>\n<meta name=\"author\" content=\"admin\" \/>\n<meta name=\"twitter:card\" content=\"summary_large_image\" \/>\n<meta name=\"twitter:label1\" content=\"Escrito por\" \/>\n\t<meta name=\"twitter:data1\" content=\"admin\" \/>\n\t<meta name=\"twitter:label2\" content=\"Tiempo de lectura\" \/>\n\t<meta name=\"twitter:data2\" content=\"3 minutos\" \/>\n<script type=\"application\/ld+json\" class=\"yoast-schema-graph\">{\"@context\":\"https:\\\/\\\/schema.org\",\"@graph\":[{\"@type\":\"Article\",\"@id\":\"https:\\\/\\\/www.fagorprofessional.com\\\/blog\\\/es\\\/nuevo-tapas-blogs-van-12\\\/#article\",\"isPartOf\":{\"@id\":\"https:\\\/\\\/www.fagorprofessional.com\\\/blog\\\/es\\\/nuevo-tapas-blogs-van-12\\\/\"},\"author\":{\"name\":\"admin\",\"@id\":\"https:\\\/\\\/www.fagorprofessional.com\\\/blog\\\/#\\\/schema\\\/person\\\/c2dc508ffda39316cf0e8a45f15cb4e4\"},\"headline\":\"Un nuevo Tapas&#038;Blogs, y van 12\",\"datePublished\":\"2011-05-16T08:38:00+00:00\",\"dateModified\":\"2022-11-22T11:47:44+00:00\",\"mainEntityOfPage\":{\"@id\":\"https:\\\/\\\/www.fagorprofessional.com\\\/blog\\\/es\\\/nuevo-tapas-blogs-van-12\\\/\"},\"wordCount\":468,\"commentCount\":0,\"image\":{\"@id\":\"https:\\\/\\\/www.fagorprofessional.com\\\/blog\\\/es\\\/nuevo-tapas-blogs-van-12\\\/#primaryimage\"},\"thumbnailUrl\":\"\",\"articleSection\":[\"Novedades y eventos\"],\"inLanguage\":\"es\",\"potentialAction\":[{\"@type\":\"CommentAction\",\"name\":\"Comment\",\"target\":[\"https:\\\/\\\/www.fagorprofessional.com\\\/blog\\\/es\\\/nuevo-tapas-blogs-van-12\\\/#respond\"]}]},{\"@type\":\"WebPage\",\"@id\":\"https:\\\/\\\/www.fagorprofessional.com\\\/blog\\\/es\\\/nuevo-tapas-blogs-van-12\\\/\",\"url\":\"https:\\\/\\\/www.fagorprofessional.com\\\/blog\\\/es\\\/nuevo-tapas-blogs-van-12\\\/\",\"name\":\"Un nuevo Tapas&Blogs, y van 12\",\"isPartOf\":{\"@id\":\"https:\\\/\\\/www.fagorprofessional.com\\\/blog\\\/#website\"},\"primaryImageOfPage\":{\"@id\":\"https:\\\/\\\/www.fagorprofessional.com\\\/blog\\\/es\\\/nuevo-tapas-blogs-van-12\\\/#primaryimage\"},\"image\":{\"@id\":\"https:\\\/\\\/www.fagorprofessional.com\\\/blog\\\/es\\\/nuevo-tapas-blogs-van-12\\\/#primaryimage\"},\"thumbnailUrl\":\"\",\"datePublished\":\"2011-05-16T08:38:00+00:00\",\"dateModified\":\"2022-11-22T11:47:44+00:00\",\"author\":{\"@id\":\"https:\\\/\\\/www.fagorprofessional.com\\\/blog\\\/#\\\/schema\\\/person\\\/c2dc508ffda39316cf0e8a45f15cb4e4\"},\"description\":\"Tapas&Blogs organizaron un nuevo evento alrededor del mundo de la gastronom\u00eda y la comunicaci\u00f3n 2.0 en el Real Caf\u00e9 Bernab\u00e9u.\",\"breadcrumb\":{\"@id\":\"https:\\\/\\\/www.fagorprofessional.com\\\/blog\\\/es\\\/nuevo-tapas-blogs-van-12\\\/#breadcrumb\"},\"inLanguage\":\"es\",\"potentialAction\":[{\"@type\":\"ReadAction\",\"target\":[\"https:\\\/\\\/www.fagorprofessional.com\\\/blog\\\/es\\\/nuevo-tapas-blogs-van-12\\\/\"]}]},{\"@type\":\"ImageObject\",\"inLanguage\":\"es\",\"@id\":\"https:\\\/\\\/www.fagorprofessional.com\\\/blog\\\/es\\\/nuevo-tapas-blogs-van-12\\\/#primaryimage\",\"url\":\"\",\"contentUrl\":\"\"},{\"@type\":\"BreadcrumbList\",\"@id\":\"https:\\\/\\\/www.fagorprofessional.com\\\/blog\\\/es\\\/nuevo-tapas-blogs-van-12\\\/#breadcrumb\",\"itemListElement\":[{\"@type\":\"ListItem\",\"position\":1,\"name\":\"Fagor Professional Blog\",\"item\":\"https:\\\/\\\/www.fagorprofessional.com\\\/blog\\\/\"},{\"@type\":\"ListItem\",\"position\":2,\"name\":\"Novedades y eventos\",\"item\":\"https:\\\/\\\/www.fagorprofessional.com\\\/blog\\\/es\\\/novedades-y-eventos\\\/\"},{\"@type\":\"ListItem\",\"position\":3,\"name\":\"Un nuevo Tapas&#038;Blogs, y van 12\"}]},{\"@type\":\"WebSite\",\"@id\":\"https:\\\/\\\/www.fagorprofessional.com\\\/blog\\\/#website\",\"url\":\"https:\\\/\\\/www.fagorprofessional.com\\\/blog\\\/\",\"name\":\"Fagor Professional&#039;s Blog\",\"description\":\"Fagor Professional&#039;s Blog\",\"potentialAction\":[{\"@type\":\"SearchAction\",\"target\":{\"@type\":\"EntryPoint\",\"urlTemplate\":\"https:\\\/\\\/www.fagorprofessional.com\\\/blog\\\/?s={search_term_string}\"},\"query-input\":{\"@type\":\"PropertyValueSpecification\",\"valueRequired\":true,\"valueName\":\"search_term_string\"}}],\"inLanguage\":\"es\"},{\"@type\":\"Person\",\"@id\":\"https:\\\/\\\/www.fagorprofessional.com\\\/blog\\\/#\\\/schema\\\/person\\\/c2dc508ffda39316cf0e8a45f15cb4e4\",\"name\":\"admin\",\"image\":{\"@type\":\"ImageObject\",\"inLanguage\":\"es\",\"@id\":\"https:\\\/\\\/secure.gravatar.com\\\/avatar\\\/af0a4c336046e868f98b17f2a27b6f9426e8aba09b92828569a3ca2b54e3d91c?s=96&d=mm&r=g\",\"url\":\"https:\\\/\\\/secure.gravatar.com\\\/avatar\\\/af0a4c336046e868f98b17f2a27b6f9426e8aba09b92828569a3ca2b54e3d91c?s=96&d=mm&r=g\",\"contentUrl\":\"https:\\\/\\\/secure.gravatar.com\\\/avatar\\\/af0a4c336046e868f98b17f2a27b6f9426e8aba09b92828569a3ca2b54e3d91c?s=96&d=mm&r=g\",\"caption\":\"admin\"},\"sameAs\":[\"https:\\\/\\\/www.fagorprofessional.com\\\/blog\"]}]}<\/script>\n<!-- \/ Yoast SEO plugin. -->","yoast_head_json":{"title":"Un nuevo Tapas&Blogs, y van 12","description":"Tapas&Blogs organizaron un nuevo evento alrededor del mundo de la gastronom\u00eda y la comunicaci\u00f3n 2.0 en el Real Caf\u00e9 Bernab\u00e9u.","robots":{"index":"index","follow":"follow","max-snippet":"max-snippet:-1","max-image-preview":"max-image-preview:large","max-video-preview":"max-video-preview:-1"},"canonical":"https:\/\/www.fagorprofessional.com\/blog\/es\/nuevo-tapas-blogs-van-12\/","og_locale":"es_ES","og_type":"article","og_title":"Un nuevo Tapas&Blogs, y van 12","og_description":"Tapas&Blogs organizaron un nuevo evento alrededor del mundo de la gastronom\u00eda y la comunicaci\u00f3n 2.0 en el Real Caf\u00e9 Bernab\u00e9u.","og_url":"https:\/\/www.fagorprofessional.com\/blog\/es\/nuevo-tapas-blogs-van-12\/","og_site_name":"Fagor Professional&#039;s Blog","article_published_time":"2011-05-16T08:38:00+00:00","article_modified_time":"2022-11-22T11:47:44+00:00","author":"admin","twitter_card":"summary_large_image","twitter_misc":{"Escrito por":"admin","Tiempo de lectura":"3 minutos"},"schema":{"@context":"https:\/\/schema.org","@graph":[{"@type":"Article","@id":"https:\/\/www.fagorprofessional.com\/blog\/es\/nuevo-tapas-blogs-van-12\/#article","isPartOf":{"@id":"https:\/\/www.fagorprofessional.com\/blog\/es\/nuevo-tapas-blogs-van-12\/"},"author":{"name":"admin","@id":"https:\/\/www.fagorprofessional.com\/blog\/#\/schema\/person\/c2dc508ffda39316cf0e8a45f15cb4e4"},"headline":"Un nuevo Tapas&#038;Blogs, y van 12","datePublished":"2011-05-16T08:38:00+00:00","dateModified":"2022-11-22T11:47:44+00:00","mainEntityOfPage":{"@id":"https:\/\/www.fagorprofessional.com\/blog\/es\/nuevo-tapas-blogs-van-12\/"},"wordCount":468,"commentCount":0,"image":{"@id":"https:\/\/www.fagorprofessional.com\/blog\/es\/nuevo-tapas-blogs-van-12\/#primaryimage"},"thumbnailUrl":"","articleSection":["Novedades y eventos"],"inLanguage":"es","potentialAction":[{"@type":"CommentAction","name":"Comment","target":["https:\/\/www.fagorprofessional.com\/blog\/es\/nuevo-tapas-blogs-van-12\/#respond"]}]},{"@type":"WebPage","@id":"https:\/\/www.fagorprofessional.com\/blog\/es\/nuevo-tapas-blogs-van-12\/","url":"https:\/\/www.fagorprofessional.com\/blog\/es\/nuevo-tapas-blogs-van-12\/","name":"Un nuevo Tapas&Blogs, y van 12","isPartOf":{"@id":"https:\/\/www.fagorprofessional.com\/blog\/#website"},"primaryImageOfPage":{"@id":"https:\/\/www.fagorprofessional.com\/blog\/es\/nuevo-tapas-blogs-van-12\/#primaryimage"},"image":{"@id":"https:\/\/www.fagorprofessional.com\/blog\/es\/nuevo-tapas-blogs-van-12\/#primaryimage"},"thumbnailUrl":"","datePublished":"2011-05-16T08:38:00+00:00","dateModified":"2022-11-22T11:47:44+00:00","author":{"@id":"https:\/\/www.fagorprofessional.com\/blog\/#\/schema\/person\/c2dc508ffda39316cf0e8a45f15cb4e4"},"description":"Tapas&Blogs organizaron un nuevo evento alrededor del mundo de la gastronom\u00eda y la comunicaci\u00f3n 2.0 en el Real Caf\u00e9 Bernab\u00e9u.","breadcrumb":{"@id":"https:\/\/www.fagorprofessional.com\/blog\/es\/nuevo-tapas-blogs-van-12\/#breadcrumb"},"inLanguage":"es","potentialAction":[{"@type":"ReadAction","target":["https:\/\/www.fagorprofessional.com\/blog\/es\/nuevo-tapas-blogs-van-12\/"]}]},{"@type":"ImageObject","inLanguage":"es","@id":"https:\/\/www.fagorprofessional.com\/blog\/es\/nuevo-tapas-blogs-van-12\/#primaryimage","url":"","contentUrl":""},{"@type":"BreadcrumbList","@id":"https:\/\/www.fagorprofessional.com\/blog\/es\/nuevo-tapas-blogs-van-12\/#breadcrumb","itemListElement":[{"@type":"ListItem","position":1,"name":"Fagor Professional Blog","item":"https:\/\/www.fagorprofessional.com\/blog\/"},{"@type":"ListItem","position":2,"name":"Novedades y eventos","item":"https:\/\/www.fagorprofessional.com\/blog\/es\/novedades-y-eventos\/"},{"@type":"ListItem","position":3,"name":"Un nuevo Tapas&#038;Blogs, y van 12"}]},{"@type":"WebSite","@id":"https:\/\/www.fagorprofessional.com\/blog\/#website","url":"https:\/\/www.fagorprofessional.com\/blog\/","name":"Fagor Professional&#039;s Blog","description":"Fagor Professional&#039;s Blog","potentialAction":[{"@type":"SearchAction","target":{"@type":"EntryPoint","urlTemplate":"https:\/\/www.fagorprofessional.com\/blog\/?s={search_term_string}"},"query-input":{"@type":"PropertyValueSpecification","valueRequired":true,"valueName":"search_term_string"}}],"inLanguage":"es"},{"@type":"Person","@id":"https:\/\/www.fagorprofessional.com\/blog\/#\/schema\/person\/c2dc508ffda39316cf0e8a45f15cb4e4","name":"admin","image":{"@type":"ImageObject","inLanguage":"es","@id":"https:\/\/secure.gravatar.com\/avatar\/af0a4c336046e868f98b17f2a27b6f9426e8aba09b92828569a3ca2b54e3d91c?s=96&d=mm&r=g","url":"https:\/\/secure.gravatar.com\/avatar\/af0a4c336046e868f98b17f2a27b6f9426e8aba09b92828569a3ca2b54e3d91c?s=96&d=mm&r=g","contentUrl":"https:\/\/secure.gravatar.com\/avatar\/af0a4c336046e868f98b17f2a27b6f9426e8aba09b92828569a3ca2b54e3d91c?s=96&d=mm&r=g","caption":"admin"},"sameAs":["https:\/\/www.fagorprofessional.com\/blog"]}]}},"_links":{"self":[{"href":"https:\/\/www.fagorprofessional.com\/blog\/wp-json\/wp\/v2\/posts\/736","targetHints":{"allow":["GET"]}}],"collection":[{"href":"https:\/\/www.fagorprofessional.com\/blog\/wp-json\/wp\/v2\/posts"}],"about":[{"href":"https:\/\/www.fagorprofessional.com\/blog\/wp-json\/wp\/v2\/types\/post"}],"author":[{"embeddable":true,"href":"https:\/\/www.fagorprofessional.com\/blog\/wp-json\/wp\/v2\/users\/1"}],"replies":[{"embeddable":true,"href":"https:\/\/www.fagorprofessional.com\/blog\/wp-json\/wp\/v2\/comments?post=736"}],"version-history":[{"count":5,"href":"https:\/\/www.fagorprofessional.com\/blog\/wp-json\/wp\/v2\/posts\/736\/revisions"}],"predecessor-version":[{"id":490459,"href":"https:\/\/www.fagorprofessional.com\/blog\/wp-json\/wp\/v2\/posts\/736\/revisions\/490459"}],"wp:featuredmedia":[{"embeddable":true,"href":"https:\/\/www.fagorprofessional.com\/blog\/wp-json\/"}],"wp:attachment":[{"href":"https:\/\/www.fagorprofessional.com\/blog\/wp-json\/wp\/v2\/media?parent=736"}],"wp:term":[{"taxonomy":"category","embeddable":true,"href":"https:\/\/www.fagorprofessional.com\/blog\/wp-json\/wp\/v2\/categories?post=736"},{"taxonomy":"post_tag","embeddable":true,"href":"https:\/\/www.fagorprofessional.com\/blog\/wp-json\/wp\/v2\/tags?post=736"}],"curies":[{"name":"wp","href":"https:\/\/api.w.org\/{rel}","templated":true}]}}