{"id":749,"date":"2011-05-26T12:44:00","date_gmt":"2011-05-26T10:44:00","guid":{"rendered":"https:\/\/www.fagorprofessional.com\/blog\/?p=749"},"modified":"2022-11-22T12:15:16","modified_gmt":"2022-11-22T12:15:16","slug":"comete-mundo-festival-naciones-vitoria","status":"publish","type":"post","link":"https:\/\/www.fagorprofessional.com\/blog\/es\/comete-mundo-festival-naciones-vitoria\/","title":{"rendered":"\u00a1C\u00f3mete el mundo en el Festival de las Naciones de Vitoria!"},"content":{"rendered":"<p>Da igual que las tormentas que caen un d\u00ed\u00ada s\u00ed\u00ad y otro tambi\u00e9n por todo el pa\u00ed\u00ads se empe\u00f1en en desmentirlo: aunque no haya llegado la fecha oficial, ya estamos metidos en pleno verano. Y con la llegada del buen tiempo, llegan tambi\u00e9n las ganas de salir a la calle y aprovechar al m\u00e1ximo las horas de luz y calor. Es algo que hacemos todos\u2026 y que hace tambi\u00e9n la gastronom\u00ed\u00ada. Proliferan en nuestra geograf\u00ed\u00ada las ferias y eventos dedicados al tema que se celebran en espacios c\u00e9ntricos al aire libre, lo que tiene la ventaja a\u00f1adida de llamar la atenci\u00f3n de los paseantes, muchos de los cuales no pueden resistir la tentaci\u00f3n de acercarse para ver y probar.<\/p>\n<p><img decoding=\"async\" class=\"lazyload\" src=\"data:image\/gif;base64,R0lGODlhAQABAIAAAAAAAP\/\/\/yH5BAEAAAAALAAAAAABAAEAAAIBRAA7\" data-src=\"https:\/\/www.fagorprofessional.com\/blog\/wp-content\/uploads\/2011\/05\/Captura-de-pantalla-2011-05-26-a-las-12.31.59.png\" \/><noscript><img decoding=\"async\" class=\"lazyload\" src=\"https:\/\/www.fagorprofessional.com\/blog\/wp-content\/uploads\/2011\/05\/Captura-de-pantalla-2011-05-26-a-las-12.31.59.png\" \/><\/noscript><\/p>\n<p>Vitoria-Gasteiz va a convertirse a partir de ma\u00f1ana, y por quinto a\u00f1o consecutivo, en el marco perfecto para adentrarse en delicias procedentes de todos los rincones del planeta, con la nueva edici\u00f3n del <a <a href=\"http:\/www.festivaldelasnaciones.es\/\" rel=\"nofollow\" target=\"_blank\">Festival de las Naciones<\/a>. Este evento, creado con la participaci\u00f3n de numerosas asociaciones de inmigrantes y ONGs, no tiene un car\u00e1cter espec\u00ed\u00adficamente gastron\u00f3mico\u2026 Pero la gastronom\u00ed\u00ada est\u00e1 desde luego muy presente en su programa, donde se combinan las actuaciones musicales, el comercio justo, las actividades para ni\u00f1os y las exhibiciones de arte y artesan\u00ed\u00ada con una oferta de platos y cocinas de todas las culturas a los que pocos paladares pueden resistirse.<\/p>\n<p>En la historia de este festival se han podido degustar, entre otras delicias, carne de Argentina, blinis de Rusia, caipiri\u00f1as de Brasil, hamburguesas de canguro de Australia, pollo al curry de la India, t\u00e9 tuareg del Zagreb, arepas de Venezuela, empanadas de Chile\u2026 La edici\u00f3n de este a\u00f1o contar\u00e1 con dos restaurantes tem\u00e1ticos de cocina mexicana y argentina, con capacidad para m\u00e1s de cien personas y pensados para comer mientras se contemplan los numerosos espect\u00e1culos que van a poblar el escenario. Adem\u00e1s, tambi\u00e9n estar\u00e1 presente la gastronom\u00ed\u00ada de India, Thailandia y Venezuela, entre otros pa\u00ed\u00adses. En el apartado de bebida, habr\u00e1 m\u00e1s de cincuenta cervezas diferentes de todo el mundo e id\u00e9ntica variedad de vinos y caf\u00e9s internacionales.<\/p>\n<p><img decoding=\"async\" class=\"lazyload\" src=\"data:image\/gif;base64,R0lGODlhAQABAIAAAAAAAP\/\/\/yH5BAEAAAAALAAAAAABAAEAAAIBRAA7\" data-src=\"https:\/\/www.fagorprofessional.com\/blog\/wp-content\/uploads\/2011\/05\/Captura-de-pantalla-2011-05-26-a-las-12.32.17.png\" \/><noscript><img decoding=\"async\" class=\"lazyload\" src=\"https:\/\/www.fagorprofessional.com\/blog\/wp-content\/uploads\/2011\/05\/Captura-de-pantalla-2011-05-26-a-las-12.32.17.png\" \/><\/noscript><\/p>\n<p>Todas las naciones representadas ofrecer\u00e1n tapas t\u00ed\u00adpicas a tres euros para asegurar que su oferta sea asequible a todos los bolsillos y, por si alguien quiere hacer algo m\u00e1s que degustar, habr\u00e1 show-cookings en marcha durante todos los d\u00ed\u00adas del festival sobre fusi\u00f3n de cocina vasca e internacional.<\/p>\n<p>Es enorme, es colorido, es divertido, es solidario y, la verdad, tiene toda la pinta de ser delicioso\u2026 \u00a1All\u00ed\u00ad nos vemos!<\/p>\n","protected":false},"excerpt":{"rendered":"<p>Da igual que las tormentas que caen un d\u00ed\u00ada s\u00ed\u00ad y otro tambi\u00e9n por todo el pa\u00ed\u00ads se empe\u00f1en en desmentirlo: aunque no haya llegado la fecha oficial, ya estamos metidos en pleno verano. Y con la llegada del buen tiempo, llegan tambi\u00e9n las ganas de salir a la calle y aprovechar al m\u00e1ximo las&#8230;<\/p>\n","protected":false},"author":1,"featured_media":490377,"comment_status":"open","ping_status":"open","sticky":false,"template":"","format":"standard","meta":{"_acf_changed":false,"footnotes":""},"categories":[8],"tags":[],"class_list":["post-749","post","type-post","status-publish","format-standard","has-post-thumbnail","hentry","category-novedades-y-eventos"],"acf":[],"yoast_head":"<!-- This site is optimized with the Yoast SEO plugin v27.5 - https:\/\/yoast.com\/product\/yoast-seo-wordpress\/ -->\n<title>C\u00f3mete el mundo en el Festival de las Naciones de Vitoria<\/title>\n<meta name=\"description\" content=\"Vitoria-Gasteiz va a convertirse a partir de ma\u00f1ana, y por quinto a\u00f1o consecutivo, en el marco perfecto para adentrarse en delicias procedentes de todos los rincones del planeta, con la nueva edici\u00f3n del\u00a0Festival de las Naciones.\" \/>\n<meta name=\"robots\" content=\"index, follow, max-snippet:-1, max-image-preview:large, max-video-preview:-1\" \/>\n<link rel=\"canonical\" href=\"https:\/\/www.fagorprofessional.com\/blog\/es\/comete-mundo-festival-naciones-vitoria\/\" \/>\n<meta property=\"og:locale\" content=\"es_ES\" \/>\n<meta property=\"og:type\" content=\"article\" \/>\n<meta property=\"og:title\" content=\"C\u00f3mete el mundo en el Festival de las Naciones de Vitoria\" \/>\n<meta property=\"og:description\" content=\"Vitoria-Gasteiz va a convertirse a partir de ma\u00f1ana, y por quinto a\u00f1o consecutivo, en el marco perfecto para adentrarse en delicias procedentes de todos los rincones del planeta, con la nueva edici\u00f3n del\u00a0Festival de las Naciones.\" \/>\n<meta property=\"og:url\" content=\"https:\/\/www.fagorprofessional.com\/blog\/es\/comete-mundo-festival-naciones-vitoria\/\" \/>\n<meta property=\"og:site_name\" content=\"Fagor Professional&#039;s Blog\" \/>\n<meta property=\"article:published_time\" content=\"2011-05-26T10:44:00+00:00\" \/>\n<meta property=\"article:modified_time\" content=\"2022-11-22T12:15:16+00:00\" \/>\n<meta property=\"og:image\" content=\"https:\/\/www.fagorprofessional.com\/blog\/wp-content\/uploads\/2011\/05\/Captura-de-pantalla-2011-05-26-a-las-12.31.59-1.png\" \/>\n\t<meta property=\"og:image:width\" content=\"938\" \/>\n\t<meta property=\"og:image:height\" content=\"619\" \/>\n\t<meta property=\"og:image:type\" content=\"image\/png\" \/>\n<meta name=\"author\" content=\"admin\" \/>\n<meta name=\"twitter:card\" content=\"summary_large_image\" \/>\n<meta name=\"twitter:label1\" content=\"Escrito por\" \/>\n\t<meta name=\"twitter:data1\" content=\"admin\" \/>\n\t<meta name=\"twitter:label2\" content=\"Tiempo de lectura\" \/>\n\t<meta name=\"twitter:data2\" content=\"3 minutos\" \/>\n<script type=\"application\/ld+json\" class=\"yoast-schema-graph\">{\"@context\":\"https:\\\/\\\/schema.org\",\"@graph\":[{\"@type\":\"Article\",\"@id\":\"https:\\\/\\\/www.fagorprofessional.com\\\/blog\\\/es\\\/comete-mundo-festival-naciones-vitoria\\\/#article\",\"isPartOf\":{\"@id\":\"https:\\\/\\\/www.fagorprofessional.com\\\/blog\\\/es\\\/comete-mundo-festival-naciones-vitoria\\\/\"},\"author\":{\"name\":\"admin\",\"@id\":\"https:\\\/\\\/www.fagorprofessional.com\\\/blog\\\/#\\\/schema\\\/person\\\/c2dc508ffda39316cf0e8a45f15cb4e4\"},\"headline\":\"\u00a1C\u00f3mete el mundo en el Festival de las Naciones de Vitoria!\",\"datePublished\":\"2011-05-26T10:44:00+00:00\",\"dateModified\":\"2022-11-22T12:15:16+00:00\",\"mainEntityOfPage\":{\"@id\":\"https:\\\/\\\/www.fagorprofessional.com\\\/blog\\\/es\\\/comete-mundo-festival-naciones-vitoria\\\/\"},\"wordCount\":464,\"commentCount\":0,\"image\":{\"@id\":\"https:\\\/\\\/www.fagorprofessional.com\\\/blog\\\/es\\\/comete-mundo-festival-naciones-vitoria\\\/#primaryimage\"},\"thumbnailUrl\":\"https:\\\/\\\/www.fagorprofessional.com\\\/blog\\\/wp-content\\\/uploads\\\/2011\\\/05\\\/Captura-de-pantalla-2011-05-26-a-las-12.31.59-1.png\",\"articleSection\":[\"Novedades y eventos\"],\"inLanguage\":\"es\",\"potentialAction\":[{\"@type\":\"CommentAction\",\"name\":\"Comment\",\"target\":[\"https:\\\/\\\/www.fagorprofessional.com\\\/blog\\\/es\\\/comete-mundo-festival-naciones-vitoria\\\/#respond\"]}]},{\"@type\":\"WebPage\",\"@id\":\"https:\\\/\\\/www.fagorprofessional.com\\\/blog\\\/es\\\/comete-mundo-festival-naciones-vitoria\\\/\",\"url\":\"https:\\\/\\\/www.fagorprofessional.com\\\/blog\\\/es\\\/comete-mundo-festival-naciones-vitoria\\\/\",\"name\":\"C\u00f3mete el mundo en el Festival de las Naciones de Vitoria\",\"isPartOf\":{\"@id\":\"https:\\\/\\\/www.fagorprofessional.com\\\/blog\\\/#website\"},\"primaryImageOfPage\":{\"@id\":\"https:\\\/\\\/www.fagorprofessional.com\\\/blog\\\/es\\\/comete-mundo-festival-naciones-vitoria\\\/#primaryimage\"},\"image\":{\"@id\":\"https:\\\/\\\/www.fagorprofessional.com\\\/blog\\\/es\\\/comete-mundo-festival-naciones-vitoria\\\/#primaryimage\"},\"thumbnailUrl\":\"https:\\\/\\\/www.fagorprofessional.com\\\/blog\\\/wp-content\\\/uploads\\\/2011\\\/05\\\/Captura-de-pantalla-2011-05-26-a-las-12.31.59-1.png\",\"datePublished\":\"2011-05-26T10:44:00+00:00\",\"dateModified\":\"2022-11-22T12:15:16+00:00\",\"author\":{\"@id\":\"https:\\\/\\\/www.fagorprofessional.com\\\/blog\\\/#\\\/schema\\\/person\\\/c2dc508ffda39316cf0e8a45f15cb4e4\"},\"description\":\"Vitoria-Gasteiz va a convertirse a partir de ma\u00f1ana, y por quinto a\u00f1o consecutivo, en el marco perfecto para adentrarse en delicias procedentes de todos los rincones del planeta, con la nueva edici\u00f3n del\u00a0Festival de las Naciones.\",\"breadcrumb\":{\"@id\":\"https:\\\/\\\/www.fagorprofessional.com\\\/blog\\\/es\\\/comete-mundo-festival-naciones-vitoria\\\/#breadcrumb\"},\"inLanguage\":\"es\",\"potentialAction\":[{\"@type\":\"ReadAction\",\"target\":[\"https:\\\/\\\/www.fagorprofessional.com\\\/blog\\\/es\\\/comete-mundo-festival-naciones-vitoria\\\/\"]}]},{\"@type\":\"ImageObject\",\"inLanguage\":\"es\",\"@id\":\"https:\\\/\\\/www.fagorprofessional.com\\\/blog\\\/es\\\/comete-mundo-festival-naciones-vitoria\\\/#primaryimage\",\"url\":\"https:\\\/\\\/www.fagorprofessional.com\\\/blog\\\/wp-content\\\/uploads\\\/2011\\\/05\\\/Captura-de-pantalla-2011-05-26-a-las-12.31.59-1.png\",\"contentUrl\":\"https:\\\/\\\/www.fagorprofessional.com\\\/blog\\\/wp-content\\\/uploads\\\/2011\\\/05\\\/Captura-de-pantalla-2011-05-26-a-las-12.31.59-1.png\",\"width\":938,\"height\":619},{\"@type\":\"BreadcrumbList\",\"@id\":\"https:\\\/\\\/www.fagorprofessional.com\\\/blog\\\/es\\\/comete-mundo-festival-naciones-vitoria\\\/#breadcrumb\",\"itemListElement\":[{\"@type\":\"ListItem\",\"position\":1,\"name\":\"Fagor Professional Blog\",\"item\":\"https:\\\/\\\/www.fagorprofessional.com\\\/blog\\\/\"},{\"@type\":\"ListItem\",\"position\":2,\"name\":\"Novedades y eventos\",\"item\":\"https:\\\/\\\/www.fagorprofessional.com\\\/blog\\\/es\\\/novedades-y-eventos\\\/\"},{\"@type\":\"ListItem\",\"position\":3,\"name\":\"\u00a1C\u00f3mete el mundo en el Festival de las Naciones de Vitoria!\"}]},{\"@type\":\"WebSite\",\"@id\":\"https:\\\/\\\/www.fagorprofessional.com\\\/blog\\\/#website\",\"url\":\"https:\\\/\\\/www.fagorprofessional.com\\\/blog\\\/\",\"name\":\"Fagor Professional&#039;s Blog\",\"description\":\"Fagor Professional&#039;s Blog\",\"potentialAction\":[{\"@type\":\"SearchAction\",\"target\":{\"@type\":\"EntryPoint\",\"urlTemplate\":\"https:\\\/\\\/www.fagorprofessional.com\\\/blog\\\/?s={search_term_string}\"},\"query-input\":{\"@type\":\"PropertyValueSpecification\",\"valueRequired\":true,\"valueName\":\"search_term_string\"}}],\"inLanguage\":\"es\"},{\"@type\":\"Person\",\"@id\":\"https:\\\/\\\/www.fagorprofessional.com\\\/blog\\\/#\\\/schema\\\/person\\\/c2dc508ffda39316cf0e8a45f15cb4e4\",\"name\":\"admin\",\"image\":{\"@type\":\"ImageObject\",\"inLanguage\":\"es\",\"@id\":\"https:\\\/\\\/secure.gravatar.com\\\/avatar\\\/af0a4c336046e868f98b17f2a27b6f9426e8aba09b92828569a3ca2b54e3d91c?s=96&d=mm&r=g\",\"url\":\"https:\\\/\\\/secure.gravatar.com\\\/avatar\\\/af0a4c336046e868f98b17f2a27b6f9426e8aba09b92828569a3ca2b54e3d91c?s=96&d=mm&r=g\",\"contentUrl\":\"https:\\\/\\\/secure.gravatar.com\\\/avatar\\\/af0a4c336046e868f98b17f2a27b6f9426e8aba09b92828569a3ca2b54e3d91c?s=96&d=mm&r=g\",\"caption\":\"admin\"},\"sameAs\":[\"https:\\\/\\\/www.fagorprofessional.com\\\/blog\"]}]}<\/script>\n<!-- \/ Yoast SEO plugin. -->","yoast_head_json":{"title":"C\u00f3mete el mundo en el Festival de las Naciones de Vitoria","description":"Vitoria-Gasteiz va a convertirse a partir de ma\u00f1ana, y por quinto a\u00f1o consecutivo, en el marco perfecto para adentrarse en delicias procedentes de todos los rincones del planeta, con la nueva edici\u00f3n del\u00a0Festival de las Naciones.","robots":{"index":"index","follow":"follow","max-snippet":"max-snippet:-1","max-image-preview":"max-image-preview:large","max-video-preview":"max-video-preview:-1"},"canonical":"https:\/\/www.fagorprofessional.com\/blog\/es\/comete-mundo-festival-naciones-vitoria\/","og_locale":"es_ES","og_type":"article","og_title":"C\u00f3mete el mundo en el Festival de las Naciones de Vitoria","og_description":"Vitoria-Gasteiz va a convertirse a partir de ma\u00f1ana, y por quinto a\u00f1o consecutivo, en el marco perfecto para adentrarse en delicias procedentes de todos los rincones del planeta, con la nueva edici\u00f3n del\u00a0Festival de las Naciones.","og_url":"https:\/\/www.fagorprofessional.com\/blog\/es\/comete-mundo-festival-naciones-vitoria\/","og_site_name":"Fagor Professional&#039;s Blog","article_published_time":"2011-05-26T10:44:00+00:00","article_modified_time":"2022-11-22T12:15:16+00:00","og_image":[{"width":938,"height":619,"url":"https:\/\/www.fagorprofessional.com\/blog\/wp-content\/uploads\/2011\/05\/Captura-de-pantalla-2011-05-26-a-las-12.31.59-1.png","type":"image\/png"}],"author":"admin","twitter_card":"summary_large_image","twitter_misc":{"Escrito por":"admin","Tiempo de lectura":"3 minutos"},"schema":{"@context":"https:\/\/schema.org","@graph":[{"@type":"Article","@id":"https:\/\/www.fagorprofessional.com\/blog\/es\/comete-mundo-festival-naciones-vitoria\/#article","isPartOf":{"@id":"https:\/\/www.fagorprofessional.com\/blog\/es\/comete-mundo-festival-naciones-vitoria\/"},"author":{"name":"admin","@id":"https:\/\/www.fagorprofessional.com\/blog\/#\/schema\/person\/c2dc508ffda39316cf0e8a45f15cb4e4"},"headline":"\u00a1C\u00f3mete el mundo en el Festival de las Naciones de Vitoria!","datePublished":"2011-05-26T10:44:00+00:00","dateModified":"2022-11-22T12:15:16+00:00","mainEntityOfPage":{"@id":"https:\/\/www.fagorprofessional.com\/blog\/es\/comete-mundo-festival-naciones-vitoria\/"},"wordCount":464,"commentCount":0,"image":{"@id":"https:\/\/www.fagorprofessional.com\/blog\/es\/comete-mundo-festival-naciones-vitoria\/#primaryimage"},"thumbnailUrl":"https:\/\/www.fagorprofessional.com\/blog\/wp-content\/uploads\/2011\/05\/Captura-de-pantalla-2011-05-26-a-las-12.31.59-1.png","articleSection":["Novedades y eventos"],"inLanguage":"es","potentialAction":[{"@type":"CommentAction","name":"Comment","target":["https:\/\/www.fagorprofessional.com\/blog\/es\/comete-mundo-festival-naciones-vitoria\/#respond"]}]},{"@type":"WebPage","@id":"https:\/\/www.fagorprofessional.com\/blog\/es\/comete-mundo-festival-naciones-vitoria\/","url":"https:\/\/www.fagorprofessional.com\/blog\/es\/comete-mundo-festival-naciones-vitoria\/","name":"C\u00f3mete el mundo en el Festival de las Naciones de Vitoria","isPartOf":{"@id":"https:\/\/www.fagorprofessional.com\/blog\/#website"},"primaryImageOfPage":{"@id":"https:\/\/www.fagorprofessional.com\/blog\/es\/comete-mundo-festival-naciones-vitoria\/#primaryimage"},"image":{"@id":"https:\/\/www.fagorprofessional.com\/blog\/es\/comete-mundo-festival-naciones-vitoria\/#primaryimage"},"thumbnailUrl":"https:\/\/www.fagorprofessional.com\/blog\/wp-content\/uploads\/2011\/05\/Captura-de-pantalla-2011-05-26-a-las-12.31.59-1.png","datePublished":"2011-05-26T10:44:00+00:00","dateModified":"2022-11-22T12:15:16+00:00","author":{"@id":"https:\/\/www.fagorprofessional.com\/blog\/#\/schema\/person\/c2dc508ffda39316cf0e8a45f15cb4e4"},"description":"Vitoria-Gasteiz va a convertirse a partir de ma\u00f1ana, y por quinto a\u00f1o consecutivo, en el marco perfecto para adentrarse en delicias procedentes de todos los rincones del planeta, con la nueva edici\u00f3n del\u00a0Festival de las Naciones.","breadcrumb":{"@id":"https:\/\/www.fagorprofessional.com\/blog\/es\/comete-mundo-festival-naciones-vitoria\/#breadcrumb"},"inLanguage":"es","potentialAction":[{"@type":"ReadAction","target":["https:\/\/www.fagorprofessional.com\/blog\/es\/comete-mundo-festival-naciones-vitoria\/"]}]},{"@type":"ImageObject","inLanguage":"es","@id":"https:\/\/www.fagorprofessional.com\/blog\/es\/comete-mundo-festival-naciones-vitoria\/#primaryimage","url":"https:\/\/www.fagorprofessional.com\/blog\/wp-content\/uploads\/2011\/05\/Captura-de-pantalla-2011-05-26-a-las-12.31.59-1.png","contentUrl":"https:\/\/www.fagorprofessional.com\/blog\/wp-content\/uploads\/2011\/05\/Captura-de-pantalla-2011-05-26-a-las-12.31.59-1.png","width":938,"height":619},{"@type":"BreadcrumbList","@id":"https:\/\/www.fagorprofessional.com\/blog\/es\/comete-mundo-festival-naciones-vitoria\/#breadcrumb","itemListElement":[{"@type":"ListItem","position":1,"name":"Fagor Professional Blog","item":"https:\/\/www.fagorprofessional.com\/blog\/"},{"@type":"ListItem","position":2,"name":"Novedades y eventos","item":"https:\/\/www.fagorprofessional.com\/blog\/es\/novedades-y-eventos\/"},{"@type":"ListItem","position":3,"name":"\u00a1C\u00f3mete el mundo en el Festival de las Naciones de Vitoria!"}]},{"@type":"WebSite","@id":"https:\/\/www.fagorprofessional.com\/blog\/#website","url":"https:\/\/www.fagorprofessional.com\/blog\/","name":"Fagor Professional&#039;s Blog","description":"Fagor Professional&#039;s Blog","potentialAction":[{"@type":"SearchAction","target":{"@type":"EntryPoint","urlTemplate":"https:\/\/www.fagorprofessional.com\/blog\/?s={search_term_string}"},"query-input":{"@type":"PropertyValueSpecification","valueRequired":true,"valueName":"search_term_string"}}],"inLanguage":"es"},{"@type":"Person","@id":"https:\/\/www.fagorprofessional.com\/blog\/#\/schema\/person\/c2dc508ffda39316cf0e8a45f15cb4e4","name":"admin","image":{"@type":"ImageObject","inLanguage":"es","@id":"https:\/\/secure.gravatar.com\/avatar\/af0a4c336046e868f98b17f2a27b6f9426e8aba09b92828569a3ca2b54e3d91c?s=96&d=mm&r=g","url":"https:\/\/secure.gravatar.com\/avatar\/af0a4c336046e868f98b17f2a27b6f9426e8aba09b92828569a3ca2b54e3d91c?s=96&d=mm&r=g","contentUrl":"https:\/\/secure.gravatar.com\/avatar\/af0a4c336046e868f98b17f2a27b6f9426e8aba09b92828569a3ca2b54e3d91c?s=96&d=mm&r=g","caption":"admin"},"sameAs":["https:\/\/www.fagorprofessional.com\/blog"]}]}},"_links":{"self":[{"href":"https:\/\/www.fagorprofessional.com\/blog\/wp-json\/wp\/v2\/posts\/749","targetHints":{"allow":["GET"]}}],"collection":[{"href":"https:\/\/www.fagorprofessional.com\/blog\/wp-json\/wp\/v2\/posts"}],"about":[{"href":"https:\/\/www.fagorprofessional.com\/blog\/wp-json\/wp\/v2\/types\/post"}],"author":[{"embeddable":true,"href":"https:\/\/www.fagorprofessional.com\/blog\/wp-json\/wp\/v2\/users\/1"}],"replies":[{"embeddable":true,"href":"https:\/\/www.fagorprofessional.com\/blog\/wp-json\/wp\/v2\/comments?post=749"}],"version-history":[{"count":8,"href":"https:\/\/www.fagorprofessional.com\/blog\/wp-json\/wp\/v2\/posts\/749\/revisions"}],"predecessor-version":[{"id":490463,"href":"https:\/\/www.fagorprofessional.com\/blog\/wp-json\/wp\/v2\/posts\/749\/revisions\/490463"}],"wp:featuredmedia":[{"embeddable":true,"href":"https:\/\/www.fagorprofessional.com\/blog\/wp-json\/wp\/v2\/media\/490377"}],"wp:attachment":[{"href":"https:\/\/www.fagorprofessional.com\/blog\/wp-json\/wp\/v2\/media?parent=749"}],"wp:term":[{"taxonomy":"category","embeddable":true,"href":"https:\/\/www.fagorprofessional.com\/blog\/wp-json\/wp\/v2\/categories?post=749"},{"taxonomy":"post_tag","embeddable":true,"href":"https:\/\/www.fagorprofessional.com\/blog\/wp-json\/wp\/v2\/tags?post=749"}],"curies":[{"name":"wp","href":"https:\/\/api.w.org\/{rel}","templated":true}]}}