{"id":758,"date":"2011-06-03T09:21:00","date_gmt":"2011-06-03T07:21:00","guid":{"rendered":"https:\/\/www.fagorprofessional.com\/blog\/?p=758"},"modified":"2022-11-22T12:20:35","modified_gmt":"2022-11-22T12:20:35","slug":"bloggers-gastronomicos-navarra","status":"publish","type":"post","link":"https:\/\/www.fagorprofessional.com\/blog\/es\/bloggers-gastronomicos-navarra\/","title":{"rendered":"Todos los bloggers gastron\u00f3micos se re\u00fanen en Navarra \u00a1Y con raz\u00f3n!"},"content":{"rendered":"<p>\u00a1Cu\u00e1ntos amigos tenemos en Navarra! Es decir, habitualmente tenemos muchos, pero hoy y ma\u00f1ana parece que la localidad de Estella se va a llenar con amantes de la buena cocina y con bloggers, muchos bloggers. El motivo es la celebraci\u00f3n del III Encuentro de Bloggers Navarra Gourmet, que re\u00fane a lo m\u00e1s selecto de los cronistas de la gastronom\u00ed\u00ada 2.0, quienes en los \u00faltimos a\u00f1os han revolucionado el mundo de la comunicaci\u00f3n en este sector gracias a un trabajo entusiasta, continuado y, sobre todo, muy profesional. Y, que conste, esto lo seguir\u00ed\u00adamos diciendo aunque muchos de ellos no fueran amigos nuestros y nos siguieran puntualmente en este blog y en <a <a href=\"https:\/\/twitter.com\/FagorPro\" rel=\"nofollow\" target=\"_blank\">nuestro canal Twitter<\/a>.<\/p>\n<p><img decoding=\"async\" class=\"lazyload\" src=\"data:image\/gif;base64,R0lGODlhAQABAIAAAAAAAP\/\/\/yH5BAEAAAAALAAAAAABAAEAAAIBRAA7\" data-src=\"https:\/\/www.fagorprofessional.com\/blog\/wp-content\/uploads\/2011\/06\/encuentro_bloggers2011.jpg\" \/><noscript><img decoding=\"async\" class=\"lazyload\" src=\"https:\/\/www.fagorprofessional.com\/blog\/wp-content\/uploads\/2011\/06\/encuentro_bloggers2011.jpg\" \/><\/noscript><\/p>\n<p>Este Encuentro, que en sus dos ediciones anteriores se ha celebrado en Pamplona y Tudela, ha sido organizado de nuevo por Jose Luis Orihuela (pod\u00e9is seguirle en Twitter en su popular\u00ed\u00adsima cuenta @jlori), se convertir\u00e1 en un volc\u00e1n de conferencias, presentaciones e intercambio de ideas e iniciativas, adem\u00e1s de entregar los III Premios Navarra Gourmet a los Mejores Blogs Gastron\u00f3micos. Y contar\u00e1 con tres mesas redondas imperdibles (es decir, que ser\u00ed\u00ada un pecado perd\u00e9rselas) tanto por el inter\u00e9s de su tem\u00e1tica como por los participantes.<\/p>\n<p>En la primera, <em>Profesionalizaci\u00f3n de los Blogs Gastron\u00f3micos<\/em>, (viernes 3, 10 de la ma\u00f1ana) contaremos con la presencia de amigos como Txaber Allue, de El cocinero fiel, Javier y Mar, de Gastronom\u00ed\u00ada y C\u00ed\u00ada, Isabel Llano de Isasaweis, Mikel Iturriaga de El comidista y Anna Mayer, de Lions and Pancakes. La segunda (Viernes 3, 12.30 de la ma\u00f1ana) tratar\u00e1 de <em>Gu\u00ed\u00adas, recomendaciones y comunidades online<\/em> y en ella participar\u00e1n Montse Fern\u00e1ndez de Gu\u00ed\u00ada Repsol, Amaia Markuleta de Contimarku, Nacho V\u00e1zquez, y Pierina Papi de Cucharas Bravas. Y el s\u00e1bado 4, a las 9 de la ma\u00f1ana, se hablar\u00e1 de <em>Turismo gastron\u00f3mico, bloggers trips<\/em> con Laura Farinelli de Nomaders, Mar\u00ed\u00ada Victoria Rodr\u00ed\u00adguez de El pr\u00f3ximo viaje, Puy Trigueros directora de comunicaci\u00f3n de La Rioja Turismo y Jorge Guiti\u00e1n, de Diario del Gourmet de provincias y del perro gastr\u00f3nomo.<\/p>\n<p>Como ha ocurrido en las ediciones anteriores, el Encuentro llamar\u00e1 la atenci\u00f3n de numerosos medios de comunicaci\u00f3n. Pero esto es un encuentro 2.0, as\u00ed\u00ad que el principal canal para saber lo que est\u00e1 ocurriendo, y adem\u00e1s desde una gran variedad de fuentes, es Twitter. El hashtag #gastronav ha agrupado a muchos de los asistentes, entre ellos todos los blogueros (un saludo, chicos) convertidos en una comunidad flotante de corresponsales instantaneos, que cuenta y no para sobre la gente y las actividades que van conociendo o las presentaciones en las que participan o a las que asisten. Seguirles informa mucho\u2026 y tambi\u00e9n da mucha envidia, pero es envidia sana. \u00a1Contadnos todo lo que hac\u00e9is en el Encuentro, que os garantizamos comentarios y retuiteos!<\/p>\n","protected":false},"excerpt":{"rendered":"<p>\u00a1Cu\u00e1ntos amigos tenemos en Navarra! Es decir, habitualmente tenemos muchos, pero hoy y ma\u00f1ana parece que la localidad de Estella se va a llenar con amantes de la buena cocina y con bloggers, muchos bloggers. El motivo es la celebraci\u00f3n del III Encuentro de Bloggers Navarra Gourmet, que re\u00fane a lo m\u00e1s selecto de los&#8230;<\/p>\n","protected":false},"author":1,"featured_media":490375,"comment_status":"open","ping_status":"open","sticky":false,"template":"","format":"standard","meta":{"_acf_changed":false,"footnotes":""},"categories":[8],"tags":[],"class_list":["post-758","post","type-post","status-publish","format-standard","has-post-thumbnail","hentry","category-novedades-y-eventos"],"acf":[],"yoast_head":"<!-- This site is optimized with the Yoast SEO plugin v27.5 - https:\/\/yoast.com\/product\/yoast-seo-wordpress\/ -->\n<title>Todos los bloggers gastron\u00f3micos se re\u00fanen en Navarra<\/title>\n<meta name=\"description\" content=\"Hoy y ma\u00f1ana parece que la localidad de Estella se va a llenar con amantes de la buena cocina y con bloggers, muchos bloggers. El motivo es la celebraci\u00f3n del III Encuentro de Bloggers Navarra Gourmet.\" \/>\n<meta name=\"robots\" content=\"index, follow, max-snippet:-1, max-image-preview:large, max-video-preview:-1\" \/>\n<link rel=\"canonical\" href=\"https:\/\/www.fagorprofessional.com\/blog\/es\/bloggers-gastronomicos-navarra\/\" \/>\n<meta property=\"og:locale\" content=\"es_ES\" \/>\n<meta property=\"og:type\" content=\"article\" \/>\n<meta property=\"og:title\" content=\"Todos los bloggers gastron\u00f3micos se re\u00fanen en Navarra\" \/>\n<meta property=\"og:description\" content=\"Hoy y ma\u00f1ana parece que la localidad de Estella se va a llenar con amantes de la buena cocina y con bloggers, muchos bloggers. El motivo es la celebraci\u00f3n del III Encuentro de Bloggers Navarra Gourmet.\" \/>\n<meta property=\"og:url\" content=\"https:\/\/www.fagorprofessional.com\/blog\/es\/bloggers-gastronomicos-navarra\/\" \/>\n<meta property=\"og:site_name\" content=\"Fagor Professional&#039;s Blog\" \/>\n<meta property=\"article:published_time\" content=\"2011-06-03T07:21:00+00:00\" \/>\n<meta property=\"article:modified_time\" content=\"2022-11-22T12:20:35+00:00\" \/>\n<meta property=\"og:image\" content=\"https:\/\/www.fagorprofessional.com\/blog\/wp-content\/uploads\/2011\/06\/encuentro_bloggers2011-1.jpg\" \/>\n\t<meta property=\"og:image:width\" content=\"512\" \/>\n\t<meta property=\"og:image:height\" content=\"343\" \/>\n\t<meta property=\"og:image:type\" content=\"image\/jpeg\" \/>\n<meta name=\"author\" content=\"admin\" \/>\n<meta name=\"twitter:card\" content=\"summary_large_image\" \/>\n<meta name=\"twitter:label1\" content=\"Escrito por\" \/>\n\t<meta name=\"twitter:data1\" content=\"admin\" \/>\n\t<meta name=\"twitter:label2\" content=\"Tiempo de lectura\" \/>\n\t<meta name=\"twitter:data2\" content=\"3 minutos\" \/>\n<script type=\"application\/ld+json\" class=\"yoast-schema-graph\">{\"@context\":\"https:\\\/\\\/schema.org\",\"@graph\":[{\"@type\":\"Article\",\"@id\":\"https:\\\/\\\/www.fagorprofessional.com\\\/blog\\\/es\\\/bloggers-gastronomicos-navarra\\\/#article\",\"isPartOf\":{\"@id\":\"https:\\\/\\\/www.fagorprofessional.com\\\/blog\\\/es\\\/bloggers-gastronomicos-navarra\\\/\"},\"author\":{\"name\":\"admin\",\"@id\":\"https:\\\/\\\/www.fagorprofessional.com\\\/blog\\\/#\\\/schema\\\/person\\\/c2dc508ffda39316cf0e8a45f15cb4e4\"},\"headline\":\"Todos los bloggers gastron\u00f3micos se re\u00fanen en Navarra \u00a1Y con raz\u00f3n!\",\"datePublished\":\"2011-06-03T07:21:00+00:00\",\"dateModified\":\"2022-11-22T12:20:35+00:00\",\"mainEntityOfPage\":{\"@id\":\"https:\\\/\\\/www.fagorprofessional.com\\\/blog\\\/es\\\/bloggers-gastronomicos-navarra\\\/\"},\"wordCount\":506,\"commentCount\":0,\"image\":{\"@id\":\"https:\\\/\\\/www.fagorprofessional.com\\\/blog\\\/es\\\/bloggers-gastronomicos-navarra\\\/#primaryimage\"},\"thumbnailUrl\":\"https:\\\/\\\/www.fagorprofessional.com\\\/blog\\\/wp-content\\\/uploads\\\/2011\\\/06\\\/encuentro_bloggers2011-1.jpg\",\"articleSection\":[\"Novedades y eventos\"],\"inLanguage\":\"es\",\"potentialAction\":[{\"@type\":\"CommentAction\",\"name\":\"Comment\",\"target\":[\"https:\\\/\\\/www.fagorprofessional.com\\\/blog\\\/es\\\/bloggers-gastronomicos-navarra\\\/#respond\"]}]},{\"@type\":\"WebPage\",\"@id\":\"https:\\\/\\\/www.fagorprofessional.com\\\/blog\\\/es\\\/bloggers-gastronomicos-navarra\\\/\",\"url\":\"https:\\\/\\\/www.fagorprofessional.com\\\/blog\\\/es\\\/bloggers-gastronomicos-navarra\\\/\",\"name\":\"Todos los bloggers gastron\u00f3micos se re\u00fanen en Navarra\",\"isPartOf\":{\"@id\":\"https:\\\/\\\/www.fagorprofessional.com\\\/blog\\\/#website\"},\"primaryImageOfPage\":{\"@id\":\"https:\\\/\\\/www.fagorprofessional.com\\\/blog\\\/es\\\/bloggers-gastronomicos-navarra\\\/#primaryimage\"},\"image\":{\"@id\":\"https:\\\/\\\/www.fagorprofessional.com\\\/blog\\\/es\\\/bloggers-gastronomicos-navarra\\\/#primaryimage\"},\"thumbnailUrl\":\"https:\\\/\\\/www.fagorprofessional.com\\\/blog\\\/wp-content\\\/uploads\\\/2011\\\/06\\\/encuentro_bloggers2011-1.jpg\",\"datePublished\":\"2011-06-03T07:21:00+00:00\",\"dateModified\":\"2022-11-22T12:20:35+00:00\",\"author\":{\"@id\":\"https:\\\/\\\/www.fagorprofessional.com\\\/blog\\\/#\\\/schema\\\/person\\\/c2dc508ffda39316cf0e8a45f15cb4e4\"},\"description\":\"Hoy y ma\u00f1ana parece que la localidad de Estella se va a llenar con amantes de la buena cocina y con bloggers, muchos bloggers. El motivo es la celebraci\u00f3n del III Encuentro de Bloggers Navarra Gourmet.\",\"breadcrumb\":{\"@id\":\"https:\\\/\\\/www.fagorprofessional.com\\\/blog\\\/es\\\/bloggers-gastronomicos-navarra\\\/#breadcrumb\"},\"inLanguage\":\"es\",\"potentialAction\":[{\"@type\":\"ReadAction\",\"target\":[\"https:\\\/\\\/www.fagorprofessional.com\\\/blog\\\/es\\\/bloggers-gastronomicos-navarra\\\/\"]}]},{\"@type\":\"ImageObject\",\"inLanguage\":\"es\",\"@id\":\"https:\\\/\\\/www.fagorprofessional.com\\\/blog\\\/es\\\/bloggers-gastronomicos-navarra\\\/#primaryimage\",\"url\":\"https:\\\/\\\/www.fagorprofessional.com\\\/blog\\\/wp-content\\\/uploads\\\/2011\\\/06\\\/encuentro_bloggers2011-1.jpg\",\"contentUrl\":\"https:\\\/\\\/www.fagorprofessional.com\\\/blog\\\/wp-content\\\/uploads\\\/2011\\\/06\\\/encuentro_bloggers2011-1.jpg\",\"width\":512,\"height\":343},{\"@type\":\"BreadcrumbList\",\"@id\":\"https:\\\/\\\/www.fagorprofessional.com\\\/blog\\\/es\\\/bloggers-gastronomicos-navarra\\\/#breadcrumb\",\"itemListElement\":[{\"@type\":\"ListItem\",\"position\":1,\"name\":\"Fagor Professional Blog\",\"item\":\"https:\\\/\\\/www.fagorprofessional.com\\\/blog\\\/\"},{\"@type\":\"ListItem\",\"position\":2,\"name\":\"Novedades y eventos\",\"item\":\"https:\\\/\\\/www.fagorprofessional.com\\\/blog\\\/es\\\/novedades-y-eventos\\\/\"},{\"@type\":\"ListItem\",\"position\":3,\"name\":\"Todos los bloggers gastron\u00f3micos se re\u00fanen en Navarra \u00a1Y con raz\u00f3n!\"}]},{\"@type\":\"WebSite\",\"@id\":\"https:\\\/\\\/www.fagorprofessional.com\\\/blog\\\/#website\",\"url\":\"https:\\\/\\\/www.fagorprofessional.com\\\/blog\\\/\",\"name\":\"Fagor Professional&#039;s Blog\",\"description\":\"Fagor Professional&#039;s Blog\",\"potentialAction\":[{\"@type\":\"SearchAction\",\"target\":{\"@type\":\"EntryPoint\",\"urlTemplate\":\"https:\\\/\\\/www.fagorprofessional.com\\\/blog\\\/?s={search_term_string}\"},\"query-input\":{\"@type\":\"PropertyValueSpecification\",\"valueRequired\":true,\"valueName\":\"search_term_string\"}}],\"inLanguage\":\"es\"},{\"@type\":\"Person\",\"@id\":\"https:\\\/\\\/www.fagorprofessional.com\\\/blog\\\/#\\\/schema\\\/person\\\/c2dc508ffda39316cf0e8a45f15cb4e4\",\"name\":\"admin\",\"image\":{\"@type\":\"ImageObject\",\"inLanguage\":\"es\",\"@id\":\"https:\\\/\\\/secure.gravatar.com\\\/avatar\\\/af0a4c336046e868f98b17f2a27b6f9426e8aba09b92828569a3ca2b54e3d91c?s=96&d=mm&r=g\",\"url\":\"https:\\\/\\\/secure.gravatar.com\\\/avatar\\\/af0a4c336046e868f98b17f2a27b6f9426e8aba09b92828569a3ca2b54e3d91c?s=96&d=mm&r=g\",\"contentUrl\":\"https:\\\/\\\/secure.gravatar.com\\\/avatar\\\/af0a4c336046e868f98b17f2a27b6f9426e8aba09b92828569a3ca2b54e3d91c?s=96&d=mm&r=g\",\"caption\":\"admin\"},\"sameAs\":[\"https:\\\/\\\/www.fagorprofessional.com\\\/blog\"]}]}<\/script>\n<!-- \/ Yoast SEO plugin. -->","yoast_head_json":{"title":"Todos los bloggers gastron\u00f3micos se re\u00fanen en Navarra","description":"Hoy y ma\u00f1ana parece que la localidad de Estella se va a llenar con amantes de la buena cocina y con bloggers, muchos bloggers. El motivo es la celebraci\u00f3n del III Encuentro de Bloggers Navarra Gourmet.","robots":{"index":"index","follow":"follow","max-snippet":"max-snippet:-1","max-image-preview":"max-image-preview:large","max-video-preview":"max-video-preview:-1"},"canonical":"https:\/\/www.fagorprofessional.com\/blog\/es\/bloggers-gastronomicos-navarra\/","og_locale":"es_ES","og_type":"article","og_title":"Todos los bloggers gastron\u00f3micos se re\u00fanen en Navarra","og_description":"Hoy y ma\u00f1ana parece que la localidad de Estella se va a llenar con amantes de la buena cocina y con bloggers, muchos bloggers. El motivo es la celebraci\u00f3n del III Encuentro de Bloggers Navarra Gourmet.","og_url":"https:\/\/www.fagorprofessional.com\/blog\/es\/bloggers-gastronomicos-navarra\/","og_site_name":"Fagor Professional&#039;s Blog","article_published_time":"2011-06-03T07:21:00+00:00","article_modified_time":"2022-11-22T12:20:35+00:00","og_image":[{"width":512,"height":343,"url":"https:\/\/www.fagorprofessional.com\/blog\/wp-content\/uploads\/2011\/06\/encuentro_bloggers2011-1.jpg","type":"image\/jpeg"}],"author":"admin","twitter_card":"summary_large_image","twitter_misc":{"Escrito por":"admin","Tiempo de lectura":"3 minutos"},"schema":{"@context":"https:\/\/schema.org","@graph":[{"@type":"Article","@id":"https:\/\/www.fagorprofessional.com\/blog\/es\/bloggers-gastronomicos-navarra\/#article","isPartOf":{"@id":"https:\/\/www.fagorprofessional.com\/blog\/es\/bloggers-gastronomicos-navarra\/"},"author":{"name":"admin","@id":"https:\/\/www.fagorprofessional.com\/blog\/#\/schema\/person\/c2dc508ffda39316cf0e8a45f15cb4e4"},"headline":"Todos los bloggers gastron\u00f3micos se re\u00fanen en Navarra \u00a1Y con raz\u00f3n!","datePublished":"2011-06-03T07:21:00+00:00","dateModified":"2022-11-22T12:20:35+00:00","mainEntityOfPage":{"@id":"https:\/\/www.fagorprofessional.com\/blog\/es\/bloggers-gastronomicos-navarra\/"},"wordCount":506,"commentCount":0,"image":{"@id":"https:\/\/www.fagorprofessional.com\/blog\/es\/bloggers-gastronomicos-navarra\/#primaryimage"},"thumbnailUrl":"https:\/\/www.fagorprofessional.com\/blog\/wp-content\/uploads\/2011\/06\/encuentro_bloggers2011-1.jpg","articleSection":["Novedades y eventos"],"inLanguage":"es","potentialAction":[{"@type":"CommentAction","name":"Comment","target":["https:\/\/www.fagorprofessional.com\/blog\/es\/bloggers-gastronomicos-navarra\/#respond"]}]},{"@type":"WebPage","@id":"https:\/\/www.fagorprofessional.com\/blog\/es\/bloggers-gastronomicos-navarra\/","url":"https:\/\/www.fagorprofessional.com\/blog\/es\/bloggers-gastronomicos-navarra\/","name":"Todos los bloggers gastron\u00f3micos se re\u00fanen en Navarra","isPartOf":{"@id":"https:\/\/www.fagorprofessional.com\/blog\/#website"},"primaryImageOfPage":{"@id":"https:\/\/www.fagorprofessional.com\/blog\/es\/bloggers-gastronomicos-navarra\/#primaryimage"},"image":{"@id":"https:\/\/www.fagorprofessional.com\/blog\/es\/bloggers-gastronomicos-navarra\/#primaryimage"},"thumbnailUrl":"https:\/\/www.fagorprofessional.com\/blog\/wp-content\/uploads\/2011\/06\/encuentro_bloggers2011-1.jpg","datePublished":"2011-06-03T07:21:00+00:00","dateModified":"2022-11-22T12:20:35+00:00","author":{"@id":"https:\/\/www.fagorprofessional.com\/blog\/#\/schema\/person\/c2dc508ffda39316cf0e8a45f15cb4e4"},"description":"Hoy y ma\u00f1ana parece que la localidad de Estella se va a llenar con amantes de la buena cocina y con bloggers, muchos bloggers. El motivo es la celebraci\u00f3n del III Encuentro de Bloggers Navarra Gourmet.","breadcrumb":{"@id":"https:\/\/www.fagorprofessional.com\/blog\/es\/bloggers-gastronomicos-navarra\/#breadcrumb"},"inLanguage":"es","potentialAction":[{"@type":"ReadAction","target":["https:\/\/www.fagorprofessional.com\/blog\/es\/bloggers-gastronomicos-navarra\/"]}]},{"@type":"ImageObject","inLanguage":"es","@id":"https:\/\/www.fagorprofessional.com\/blog\/es\/bloggers-gastronomicos-navarra\/#primaryimage","url":"https:\/\/www.fagorprofessional.com\/blog\/wp-content\/uploads\/2011\/06\/encuentro_bloggers2011-1.jpg","contentUrl":"https:\/\/www.fagorprofessional.com\/blog\/wp-content\/uploads\/2011\/06\/encuentro_bloggers2011-1.jpg","width":512,"height":343},{"@type":"BreadcrumbList","@id":"https:\/\/www.fagorprofessional.com\/blog\/es\/bloggers-gastronomicos-navarra\/#breadcrumb","itemListElement":[{"@type":"ListItem","position":1,"name":"Fagor Professional Blog","item":"https:\/\/www.fagorprofessional.com\/blog\/"},{"@type":"ListItem","position":2,"name":"Novedades y eventos","item":"https:\/\/www.fagorprofessional.com\/blog\/es\/novedades-y-eventos\/"},{"@type":"ListItem","position":3,"name":"Todos los bloggers gastron\u00f3micos se re\u00fanen en Navarra \u00a1Y con raz\u00f3n!"}]},{"@type":"WebSite","@id":"https:\/\/www.fagorprofessional.com\/blog\/#website","url":"https:\/\/www.fagorprofessional.com\/blog\/","name":"Fagor Professional&#039;s Blog","description":"Fagor Professional&#039;s Blog","potentialAction":[{"@type":"SearchAction","target":{"@type":"EntryPoint","urlTemplate":"https:\/\/www.fagorprofessional.com\/blog\/?s={search_term_string}"},"query-input":{"@type":"PropertyValueSpecification","valueRequired":true,"valueName":"search_term_string"}}],"inLanguage":"es"},{"@type":"Person","@id":"https:\/\/www.fagorprofessional.com\/blog\/#\/schema\/person\/c2dc508ffda39316cf0e8a45f15cb4e4","name":"admin","image":{"@type":"ImageObject","inLanguage":"es","@id":"https:\/\/secure.gravatar.com\/avatar\/af0a4c336046e868f98b17f2a27b6f9426e8aba09b92828569a3ca2b54e3d91c?s=96&d=mm&r=g","url":"https:\/\/secure.gravatar.com\/avatar\/af0a4c336046e868f98b17f2a27b6f9426e8aba09b92828569a3ca2b54e3d91c?s=96&d=mm&r=g","contentUrl":"https:\/\/secure.gravatar.com\/avatar\/af0a4c336046e868f98b17f2a27b6f9426e8aba09b92828569a3ca2b54e3d91c?s=96&d=mm&r=g","caption":"admin"},"sameAs":["https:\/\/www.fagorprofessional.com\/blog"]}]}},"_links":{"self":[{"href":"https:\/\/www.fagorprofessional.com\/blog\/wp-json\/wp\/v2\/posts\/758","targetHints":{"allow":["GET"]}}],"collection":[{"href":"https:\/\/www.fagorprofessional.com\/blog\/wp-json\/wp\/v2\/posts"}],"about":[{"href":"https:\/\/www.fagorprofessional.com\/blog\/wp-json\/wp\/v2\/types\/post"}],"author":[{"embeddable":true,"href":"https:\/\/www.fagorprofessional.com\/blog\/wp-json\/wp\/v2\/users\/1"}],"replies":[{"embeddable":true,"href":"https:\/\/www.fagorprofessional.com\/blog\/wp-json\/wp\/v2\/comments?post=758"}],"version-history":[{"count":8,"href":"https:\/\/www.fagorprofessional.com\/blog\/wp-json\/wp\/v2\/posts\/758\/revisions"}],"predecessor-version":[{"id":490468,"href":"https:\/\/www.fagorprofessional.com\/blog\/wp-json\/wp\/v2\/posts\/758\/revisions\/490468"}],"wp:featuredmedia":[{"embeddable":true,"href":"https:\/\/www.fagorprofessional.com\/blog\/wp-json\/wp\/v2\/media\/490375"}],"wp:attachment":[{"href":"https:\/\/www.fagorprofessional.com\/blog\/wp-json\/wp\/v2\/media?parent=758"}],"wp:term":[{"taxonomy":"category","embeddable":true,"href":"https:\/\/www.fagorprofessional.com\/blog\/wp-json\/wp\/v2\/categories?post=758"},{"taxonomy":"post_tag","embeddable":true,"href":"https:\/\/www.fagorprofessional.com\/blog\/wp-json\/wp\/v2\/tags?post=758"}],"curies":[{"name":"wp","href":"https:\/\/api.w.org\/{rel}","templated":true}]}}