{"id":832,"date":"2011-07-21T17:45:00","date_gmt":"2011-07-21T15:45:00","guid":{"rendered":"https:\/\/www.fagorprofessional.com\/blog\/?p=832"},"modified":"2022-11-22T15:32:48","modified_gmt":"2022-11-22T15:32:48","slug":"verano-2011-gastronomos-todo-ritmo","status":"publish","type":"post","link":"https:\/\/www.fagorprofessional.com\/blog\/es\/verano-2011-gastronomos-todo-ritmo\/","title":{"rendered":"Verano 2011: gastr\u00f3nomos a todo ritmo"},"content":{"rendered":"<p>El verano en el que ya estamos inmersos (diga lo que diga el tiempo de estos \u00faltimos d\u00ed\u00adas) se caracteriza, entre otras muchas cosas, por la proliferaci\u00f3n de dos tipos de eventos: los musicales y los gastron\u00f3micos. Parece que la mitad de Espa\u00f1a que no est\u00e1 ocupada organizando ferias gastron\u00f3micas est\u00e1 envuelta en la preparaci\u00f3n de festivales de m\u00fasica de todo tipo. Y a\u00fan as\u00ed\u00ad, algunos han decidido tirar por la calle de en medio (o por las dos calles) y combinar las dos cosas en un mismo acto. Si no nos importara ser cursis, dir\u00ed\u00adamos que este tipo de convocatorias son un regalo al mismo tiempo para el o\u00ed\u00addo y para el paladar (pero nos importa).<\/p>\n<p><img decoding=\"async\" class=\"aligncenter lazyload\" src=\"data:image\/gif;base64,R0lGODlhAQABAIAAAAAAAP\/\/\/yH5BAEAAAAALAAAAAABAAEAAAIBRAA7\" data-src=\"https:\/\/www.fagorprofessional.com\/blog\/wp-content\/uploads\/2011\/07\/BBKING_1.jpg\" \/><noscript><img decoding=\"async\" class=\"aligncenter lazyload\" src=\"https:\/\/www.fagorprofessional.com\/blog\/wp-content\/uploads\/2011\/07\/BBKING_1.jpg\" \/><\/noscript><\/p>\n<p style=\"text-align: center;\"><em><span style=\"color: initial;\">\u00abB. B. King, una de las leyendas de la nueva edici\u00f3n de Jazzaldia (Foto: Jazzaldia)\u00bb<\/span><\/em><\/p>\n<p>Precisamente hoy comienza en San Sebasti\u00e1n su tradicional festival de jazz Jazzaldia, que presenta en lo musical una apabullante cantidad de artistas de primera fila, a la cabeza de los cuales est\u00e1 el legendario B. B. King (hablando de comida \u00bfqu\u00e9 comer\u00e1 este hombre para seguir a sus a\u00f1os al pie del ca\u00f1\u00f3n?) adem\u00e1s de Cassandra Wilson, Cindy Lauper, Jackson Browne o John McLaughlin, entre otros muchos. Pero la oferta gastron\u00f3mica que acompa\u00f1a al festival no se queda atr\u00e1s: adem\u00e1s de los cuatro restaurantes de Donosti (El Bokado de San Telmo, Kokotxa, Ni Neu y El mirador de Ul\u00ed\u00ada) que han creado men\u00fas espec\u00ed\u00adficos dedicados a la m\u00fasica, en las terrazas del Kursaal el Espai Catalunya Topalekua ha montado una carpa donde se podr\u00e1n degustar todas las especialidades culinarias catalanas, acompa\u00f1adas de vinos de la tierra.<\/p>\n<p>Por su parte, Pamplona vuelve a ser, a partir del pr\u00f3ximo d\u00ed\u00ada 28, el escenario de Ciudadela Gourmet 2011, un programa de cenas, en cuya elaboraci\u00f3n han participado los mejores chefs de la zona, que se desarrollar\u00e1n todos los jueves hasta el mes de septiembre en la Sala de Armas de la Ciudadela de la capital navarra. Como peculiaridad, los comensales disfrutar\u00e1n de un encuentro personal con los chefs responsables de la cena y ver\u00e1n amenizada la velada con una actuaci\u00f3n musical dedicada cada noche a un g\u00e9nero espec\u00ed\u00adfico: jazz, bolero, tango o pop, entre otros. El precio por persona es de 60 euros y hay un m\u00e1ximo de 50 plazas para cada cena.<\/p>\n<p>Y el d\u00ed\u00ada 2 de agosto comenzar\u00e1 el Festival Gastromusical LEscala (Girona), que este a\u00f1o celebra su quinta edici\u00f3n dedicada, como todas las dem\u00e1s, a la combinaci\u00f3n de m\u00fasica y gastronom\u00ed\u00ada. Organizado por el restaurante El Mol\u00ed\u00ad de la Sal, las actuaciones se combinan con un men\u00fa espec\u00ed\u00adfico creado para cada noche por su chef Jord\u00ed\u00ad Jacas. Al atractivo de los artistas de la presente edici\u00f3n \u2013Mikel Erentxun, Lidia Pujol, Toti Soler Tr\u00ed\u00ado y la tan joven como prometedora Andrea Motis, presentada y acompa\u00f1ada por Joan Navarro\u2013 se a\u00f1ade la creaci\u00f3n de una zona de c\u00f3ctel donde los asistentes podr\u00e1n conocer y cambiar impresiones con los artistas.<\/p>\n<p>Todas las propuestas son muy apetitosas, tanto en el aspecto mel\u00f3dico como en el culinario. Y desde luego, representan todo un avance desde aquellos tiempos no tan lejanos del bocadillo de tortilla y la canci\u00f3n del verano.<\/p>\n","protected":false},"excerpt":{"rendered":"<p>El verano en el que ya estamos inmersos (diga lo que diga el tiempo de estos \u00faltimos d\u00ed\u00adas) se caracteriza, entre otras muchas cosas, por la proliferaci\u00f3n de dos tipos de eventos: los musicales y los gastron\u00f3micos. Parece que la mitad de Espa\u00f1a que no est\u00e1 ocupada organizando ferias gastron\u00f3micas est\u00e1 envuelta en la preparaci\u00f3n&#8230;<\/p>\n","protected":false},"author":1,"featured_media":1,"comment_status":"open","ping_status":"open","sticky":false,"template":"","format":"standard","meta":{"_acf_changed":false,"footnotes":""},"categories":[8],"tags":[],"class_list":["post-832","post","type-post","status-publish","format-standard","has-post-thumbnail","hentry","category-novedades-y-eventos"],"acf":[],"yoast_head":"<!-- This site is optimized with the Yoast SEO plugin v27.5 - https:\/\/yoast.com\/product\/yoast-seo-wordpress\/ -->\n<title>Verano 2011: gastr\u00f3nomos a todo ritmo<\/title>\n<meta name=\"description\" content=\"El verano en el que ya estamos inmersos se caracteriza, entre otras muchas cosas, por la proliferaci\u00f3n de dos tipos de eventos: los musicales y los gastron\u00f3micos.\" \/>\n<meta name=\"robots\" content=\"index, follow, max-snippet:-1, max-image-preview:large, max-video-preview:-1\" \/>\n<link rel=\"canonical\" href=\"https:\/\/www.fagorprofessional.com\/blog\/es\/verano-2011-gastronomos-todo-ritmo\/\" \/>\n<meta property=\"og:locale\" content=\"es_ES\" \/>\n<meta property=\"og:type\" content=\"article\" \/>\n<meta property=\"og:title\" content=\"Verano 2011: gastr\u00f3nomos a todo ritmo\" \/>\n<meta property=\"og:description\" content=\"El verano en el que ya estamos inmersos se caracteriza, entre otras muchas cosas, por la proliferaci\u00f3n de dos tipos de eventos: los musicales y los gastron\u00f3micos.\" \/>\n<meta property=\"og:url\" content=\"https:\/\/www.fagorprofessional.com\/blog\/es\/verano-2011-gastronomos-todo-ritmo\/\" \/>\n<meta property=\"og:site_name\" content=\"Fagor Professional&#039;s Blog\" \/>\n<meta property=\"article:published_time\" content=\"2011-07-21T15:45:00+00:00\" \/>\n<meta property=\"article:modified_time\" content=\"2022-11-22T15:32:48+00:00\" \/>\n<meta name=\"author\" content=\"admin\" \/>\n<meta name=\"twitter:card\" content=\"summary_large_image\" \/>\n<meta name=\"twitter:label1\" content=\"Escrito por\" \/>\n\t<meta name=\"twitter:data1\" content=\"admin\" \/>\n\t<meta name=\"twitter:label2\" content=\"Tiempo de lectura\" \/>\n\t<meta name=\"twitter:data2\" content=\"3 minutos\" \/>\n<script type=\"application\/ld+json\" class=\"yoast-schema-graph\">{\"@context\":\"https:\\\/\\\/schema.org\",\"@graph\":[{\"@type\":\"Article\",\"@id\":\"https:\\\/\\\/www.fagorprofessional.com\\\/blog\\\/es\\\/verano-2011-gastronomos-todo-ritmo\\\/#article\",\"isPartOf\":{\"@id\":\"https:\\\/\\\/www.fagorprofessional.com\\\/blog\\\/es\\\/verano-2011-gastronomos-todo-ritmo\\\/\"},\"author\":{\"name\":\"admin\",\"@id\":\"https:\\\/\\\/www.fagorprofessional.com\\\/blog\\\/#\\\/schema\\\/person\\\/c2dc508ffda39316cf0e8a45f15cb4e4\"},\"headline\":\"Verano 2011: gastr\u00f3nomos a todo ritmo\",\"datePublished\":\"2011-07-21T15:45:00+00:00\",\"dateModified\":\"2022-11-22T15:32:48+00:00\",\"mainEntityOfPage\":{\"@id\":\"https:\\\/\\\/www.fagorprofessional.com\\\/blog\\\/es\\\/verano-2011-gastronomos-todo-ritmo\\\/\"},\"wordCount\":579,\"commentCount\":0,\"image\":{\"@id\":\"https:\\\/\\\/www.fagorprofessional.com\\\/blog\\\/es\\\/verano-2011-gastronomos-todo-ritmo\\\/#primaryimage\"},\"thumbnailUrl\":\"\",\"articleSection\":[\"Novedades y eventos\"],\"inLanguage\":\"es\",\"potentialAction\":[{\"@type\":\"CommentAction\",\"name\":\"Comment\",\"target\":[\"https:\\\/\\\/www.fagorprofessional.com\\\/blog\\\/es\\\/verano-2011-gastronomos-todo-ritmo\\\/#respond\"]}]},{\"@type\":\"WebPage\",\"@id\":\"https:\\\/\\\/www.fagorprofessional.com\\\/blog\\\/es\\\/verano-2011-gastronomos-todo-ritmo\\\/\",\"url\":\"https:\\\/\\\/www.fagorprofessional.com\\\/blog\\\/es\\\/verano-2011-gastronomos-todo-ritmo\\\/\",\"name\":\"Verano 2011: gastr\u00f3nomos a todo ritmo\",\"isPartOf\":{\"@id\":\"https:\\\/\\\/www.fagorprofessional.com\\\/blog\\\/#website\"},\"primaryImageOfPage\":{\"@id\":\"https:\\\/\\\/www.fagorprofessional.com\\\/blog\\\/es\\\/verano-2011-gastronomos-todo-ritmo\\\/#primaryimage\"},\"image\":{\"@id\":\"https:\\\/\\\/www.fagorprofessional.com\\\/blog\\\/es\\\/verano-2011-gastronomos-todo-ritmo\\\/#primaryimage\"},\"thumbnailUrl\":\"\",\"datePublished\":\"2011-07-21T15:45:00+00:00\",\"dateModified\":\"2022-11-22T15:32:48+00:00\",\"author\":{\"@id\":\"https:\\\/\\\/www.fagorprofessional.com\\\/blog\\\/#\\\/schema\\\/person\\\/c2dc508ffda39316cf0e8a45f15cb4e4\"},\"description\":\"El verano en el que ya estamos inmersos se caracteriza, entre otras muchas cosas, por la proliferaci\u00f3n de dos tipos de eventos: los musicales y los gastron\u00f3micos.\",\"breadcrumb\":{\"@id\":\"https:\\\/\\\/www.fagorprofessional.com\\\/blog\\\/es\\\/verano-2011-gastronomos-todo-ritmo\\\/#breadcrumb\"},\"inLanguage\":\"es\",\"potentialAction\":[{\"@type\":\"ReadAction\",\"target\":[\"https:\\\/\\\/www.fagorprofessional.com\\\/blog\\\/es\\\/verano-2011-gastronomos-todo-ritmo\\\/\"]}]},{\"@type\":\"ImageObject\",\"inLanguage\":\"es\",\"@id\":\"https:\\\/\\\/www.fagorprofessional.com\\\/blog\\\/es\\\/verano-2011-gastronomos-todo-ritmo\\\/#primaryimage\",\"url\":\"\",\"contentUrl\":\"\"},{\"@type\":\"BreadcrumbList\",\"@id\":\"https:\\\/\\\/www.fagorprofessional.com\\\/blog\\\/es\\\/verano-2011-gastronomos-todo-ritmo\\\/#breadcrumb\",\"itemListElement\":[{\"@type\":\"ListItem\",\"position\":1,\"name\":\"Fagor Professional Blog\",\"item\":\"https:\\\/\\\/www.fagorprofessional.com\\\/blog\\\/\"},{\"@type\":\"ListItem\",\"position\":2,\"name\":\"Novedades y eventos\",\"item\":\"https:\\\/\\\/www.fagorprofessional.com\\\/blog\\\/es\\\/novedades-y-eventos\\\/\"},{\"@type\":\"ListItem\",\"position\":3,\"name\":\"Verano 2011: gastr\u00f3nomos a todo ritmo\"}]},{\"@type\":\"WebSite\",\"@id\":\"https:\\\/\\\/www.fagorprofessional.com\\\/blog\\\/#website\",\"url\":\"https:\\\/\\\/www.fagorprofessional.com\\\/blog\\\/\",\"name\":\"Fagor Professional&#039;s Blog\",\"description\":\"Fagor Professional&#039;s Blog\",\"potentialAction\":[{\"@type\":\"SearchAction\",\"target\":{\"@type\":\"EntryPoint\",\"urlTemplate\":\"https:\\\/\\\/www.fagorprofessional.com\\\/blog\\\/?s={search_term_string}\"},\"query-input\":{\"@type\":\"PropertyValueSpecification\",\"valueRequired\":true,\"valueName\":\"search_term_string\"}}],\"inLanguage\":\"es\"},{\"@type\":\"Person\",\"@id\":\"https:\\\/\\\/www.fagorprofessional.com\\\/blog\\\/#\\\/schema\\\/person\\\/c2dc508ffda39316cf0e8a45f15cb4e4\",\"name\":\"admin\",\"image\":{\"@type\":\"ImageObject\",\"inLanguage\":\"es\",\"@id\":\"https:\\\/\\\/secure.gravatar.com\\\/avatar\\\/af0a4c336046e868f98b17f2a27b6f9426e8aba09b92828569a3ca2b54e3d91c?s=96&d=mm&r=g\",\"url\":\"https:\\\/\\\/secure.gravatar.com\\\/avatar\\\/af0a4c336046e868f98b17f2a27b6f9426e8aba09b92828569a3ca2b54e3d91c?s=96&d=mm&r=g\",\"contentUrl\":\"https:\\\/\\\/secure.gravatar.com\\\/avatar\\\/af0a4c336046e868f98b17f2a27b6f9426e8aba09b92828569a3ca2b54e3d91c?s=96&d=mm&r=g\",\"caption\":\"admin\"},\"sameAs\":[\"https:\\\/\\\/www.fagorprofessional.com\\\/blog\"]}]}<\/script>\n<!-- \/ Yoast SEO plugin. -->","yoast_head_json":{"title":"Verano 2011: gastr\u00f3nomos a todo ritmo","description":"El verano en el que ya estamos inmersos se caracteriza, entre otras muchas cosas, por la proliferaci\u00f3n de dos tipos de eventos: los musicales y los gastron\u00f3micos.","robots":{"index":"index","follow":"follow","max-snippet":"max-snippet:-1","max-image-preview":"max-image-preview:large","max-video-preview":"max-video-preview:-1"},"canonical":"https:\/\/www.fagorprofessional.com\/blog\/es\/verano-2011-gastronomos-todo-ritmo\/","og_locale":"es_ES","og_type":"article","og_title":"Verano 2011: gastr\u00f3nomos a todo ritmo","og_description":"El verano en el que ya estamos inmersos se caracteriza, entre otras muchas cosas, por la proliferaci\u00f3n de dos tipos de eventos: los musicales y los gastron\u00f3micos.","og_url":"https:\/\/www.fagorprofessional.com\/blog\/es\/verano-2011-gastronomos-todo-ritmo\/","og_site_name":"Fagor Professional&#039;s Blog","article_published_time":"2011-07-21T15:45:00+00:00","article_modified_time":"2022-11-22T15:32:48+00:00","author":"admin","twitter_card":"summary_large_image","twitter_misc":{"Escrito por":"admin","Tiempo de lectura":"3 minutos"},"schema":{"@context":"https:\/\/schema.org","@graph":[{"@type":"Article","@id":"https:\/\/www.fagorprofessional.com\/blog\/es\/verano-2011-gastronomos-todo-ritmo\/#article","isPartOf":{"@id":"https:\/\/www.fagorprofessional.com\/blog\/es\/verano-2011-gastronomos-todo-ritmo\/"},"author":{"name":"admin","@id":"https:\/\/www.fagorprofessional.com\/blog\/#\/schema\/person\/c2dc508ffda39316cf0e8a45f15cb4e4"},"headline":"Verano 2011: gastr\u00f3nomos a todo ritmo","datePublished":"2011-07-21T15:45:00+00:00","dateModified":"2022-11-22T15:32:48+00:00","mainEntityOfPage":{"@id":"https:\/\/www.fagorprofessional.com\/blog\/es\/verano-2011-gastronomos-todo-ritmo\/"},"wordCount":579,"commentCount":0,"image":{"@id":"https:\/\/www.fagorprofessional.com\/blog\/es\/verano-2011-gastronomos-todo-ritmo\/#primaryimage"},"thumbnailUrl":"","articleSection":["Novedades y eventos"],"inLanguage":"es","potentialAction":[{"@type":"CommentAction","name":"Comment","target":["https:\/\/www.fagorprofessional.com\/blog\/es\/verano-2011-gastronomos-todo-ritmo\/#respond"]}]},{"@type":"WebPage","@id":"https:\/\/www.fagorprofessional.com\/blog\/es\/verano-2011-gastronomos-todo-ritmo\/","url":"https:\/\/www.fagorprofessional.com\/blog\/es\/verano-2011-gastronomos-todo-ritmo\/","name":"Verano 2011: gastr\u00f3nomos a todo ritmo","isPartOf":{"@id":"https:\/\/www.fagorprofessional.com\/blog\/#website"},"primaryImageOfPage":{"@id":"https:\/\/www.fagorprofessional.com\/blog\/es\/verano-2011-gastronomos-todo-ritmo\/#primaryimage"},"image":{"@id":"https:\/\/www.fagorprofessional.com\/blog\/es\/verano-2011-gastronomos-todo-ritmo\/#primaryimage"},"thumbnailUrl":"","datePublished":"2011-07-21T15:45:00+00:00","dateModified":"2022-11-22T15:32:48+00:00","author":{"@id":"https:\/\/www.fagorprofessional.com\/blog\/#\/schema\/person\/c2dc508ffda39316cf0e8a45f15cb4e4"},"description":"El verano en el que ya estamos inmersos se caracteriza, entre otras muchas cosas, por la proliferaci\u00f3n de dos tipos de eventos: los musicales y los gastron\u00f3micos.","breadcrumb":{"@id":"https:\/\/www.fagorprofessional.com\/blog\/es\/verano-2011-gastronomos-todo-ritmo\/#breadcrumb"},"inLanguage":"es","potentialAction":[{"@type":"ReadAction","target":["https:\/\/www.fagorprofessional.com\/blog\/es\/verano-2011-gastronomos-todo-ritmo\/"]}]},{"@type":"ImageObject","inLanguage":"es","@id":"https:\/\/www.fagorprofessional.com\/blog\/es\/verano-2011-gastronomos-todo-ritmo\/#primaryimage","url":"","contentUrl":""},{"@type":"BreadcrumbList","@id":"https:\/\/www.fagorprofessional.com\/blog\/es\/verano-2011-gastronomos-todo-ritmo\/#breadcrumb","itemListElement":[{"@type":"ListItem","position":1,"name":"Fagor Professional Blog","item":"https:\/\/www.fagorprofessional.com\/blog\/"},{"@type":"ListItem","position":2,"name":"Novedades y eventos","item":"https:\/\/www.fagorprofessional.com\/blog\/es\/novedades-y-eventos\/"},{"@type":"ListItem","position":3,"name":"Verano 2011: gastr\u00f3nomos a todo ritmo"}]},{"@type":"WebSite","@id":"https:\/\/www.fagorprofessional.com\/blog\/#website","url":"https:\/\/www.fagorprofessional.com\/blog\/","name":"Fagor Professional&#039;s Blog","description":"Fagor Professional&#039;s Blog","potentialAction":[{"@type":"SearchAction","target":{"@type":"EntryPoint","urlTemplate":"https:\/\/www.fagorprofessional.com\/blog\/?s={search_term_string}"},"query-input":{"@type":"PropertyValueSpecification","valueRequired":true,"valueName":"search_term_string"}}],"inLanguage":"es"},{"@type":"Person","@id":"https:\/\/www.fagorprofessional.com\/blog\/#\/schema\/person\/c2dc508ffda39316cf0e8a45f15cb4e4","name":"admin","image":{"@type":"ImageObject","inLanguage":"es","@id":"https:\/\/secure.gravatar.com\/avatar\/af0a4c336046e868f98b17f2a27b6f9426e8aba09b92828569a3ca2b54e3d91c?s=96&d=mm&r=g","url":"https:\/\/secure.gravatar.com\/avatar\/af0a4c336046e868f98b17f2a27b6f9426e8aba09b92828569a3ca2b54e3d91c?s=96&d=mm&r=g","contentUrl":"https:\/\/secure.gravatar.com\/avatar\/af0a4c336046e868f98b17f2a27b6f9426e8aba09b92828569a3ca2b54e3d91c?s=96&d=mm&r=g","caption":"admin"},"sameAs":["https:\/\/www.fagorprofessional.com\/blog"]}]}},"_links":{"self":[{"href":"https:\/\/www.fagorprofessional.com\/blog\/wp-json\/wp\/v2\/posts\/832","targetHints":{"allow":["GET"]}}],"collection":[{"href":"https:\/\/www.fagorprofessional.com\/blog\/wp-json\/wp\/v2\/posts"}],"about":[{"href":"https:\/\/www.fagorprofessional.com\/blog\/wp-json\/wp\/v2\/types\/post"}],"author":[{"embeddable":true,"href":"https:\/\/www.fagorprofessional.com\/blog\/wp-json\/wp\/v2\/users\/1"}],"replies":[{"embeddable":true,"href":"https:\/\/www.fagorprofessional.com\/blog\/wp-json\/wp\/v2\/comments?post=832"}],"version-history":[{"count":8,"href":"https:\/\/www.fagorprofessional.com\/blog\/wp-json\/wp\/v2\/posts\/832\/revisions"}],"predecessor-version":[{"id":490491,"href":"https:\/\/www.fagorprofessional.com\/blog\/wp-json\/wp\/v2\/posts\/832\/revisions\/490491"}],"wp:featuredmedia":[{"embeddable":true,"href":"https:\/\/www.fagorprofessional.com\/blog\/wp-json\/"}],"wp:attachment":[{"href":"https:\/\/www.fagorprofessional.com\/blog\/wp-json\/wp\/v2\/media?parent=832"}],"wp:term":[{"taxonomy":"category","embeddable":true,"href":"https:\/\/www.fagorprofessional.com\/blog\/wp-json\/wp\/v2\/categories?post=832"},{"taxonomy":"post_tag","embeddable":true,"href":"https:\/\/www.fagorprofessional.com\/blog\/wp-json\/wp\/v2\/tags?post=832"}],"curies":[{"name":"wp","href":"https:\/\/api.w.org\/{rel}","templated":true}]}}