{"id":908,"date":"2011-09-07T13:46:00","date_gmt":"2011-09-07T11:46:00","guid":{"rendered":"https:\/\/www.fagorprofessional.com\/blog\/?p=908"},"modified":"2024-04-19T11:41:54","modified_gmt":"2024-04-19T11:41:54","slug":"fagor-cooking-experience-feria-host-2011-milan","status":"publish","type":"post","link":"https:\/\/www.fagorprofessional.com\/blog\/es\/fagor-cooking-experience-feria-host-2011-milan\/","title":{"rendered":"\u00a1Nos llevamos la Fagor Cooking Experience a la Feria Host 2011 en Mil\u00e1n!"},"content":{"rendered":"<p>\u00abUnos que llegan y otros que se van\u2026\u00bb como cantaba aqu\u00e9l. Todo el mundo est\u00e1 ya hablando de deshacer las maletas por el regreso de las vacaciones, y en Fagor Professional estamos comenzando a hacerlas. Con la ca\u00ed\u00adda de la hoja, llegan las ferias internacionales, y planeamos contar con una presencia m\u00e1s que destacada en las m\u00e1s importantes.<\/p>\n<p>Y la primera de la lista es la feria Host 2011, <strong>que se celebrar\u00e1 en Mil\u00e1n del 21 al 25 de octubre<\/strong>. \u00bfQue falta mucho todav\u00ed\u00ada? No tanto si lo que se busca es hacer las cosas bien. Y hacerlas bien incluye iros contando nuestros planes con la antelaci\u00f3n suficiente para que todos los que est\u00e9is interesados en visitarnos all\u00ed\u00ad nos vay\u00e1is avisando. Porque no s\u00f3lo vamos a exponer productos: \u00a1Tambi\u00e9n vamos a cocinar!. <strong>Las demos de cocina a cargo de nuestro chef corporativo<\/strong> Oier Biritxinaga ser\u00e1n una de nuestras principales atracciones en la Feria, y contar\u00e1 para ellas con la colaboraci\u00f3n del chef polaco <strong>Przemy Slaw Sczepanik<\/strong> y con un revolucionario stand plenamente equipado.<\/p>\n<p><img decoding=\"async\" class=\"aligncenter lazyload\" src=\"data:image\/gif;base64,R0lGODlhAQABAIAAAAAAAP\/\/\/yH5BAEAAAAALAAAAAABAAEAAAIBRAA7\" data-src=\"https:\/\/www.fagorprofessional.com\/blog\/wp-content\/uploads\/2011\/09\/AG2011_Host.jpg\" \/><noscript><img decoding=\"async\" class=\"aligncenter lazyload\" src=\"https:\/\/www.fagorprofessional.com\/blog\/wp-content\/uploads\/2011\/09\/AG2011_Host.jpg\" \/><\/noscript><\/p>\n<p>Host 2011 se merece el esfuerzo. Esta feria de car\u00e1cter bienal, que tiene su lugar tradicional de celebraci\u00f3n <a <a href=\"http:\/www.fieramilano.it\/\" rel=\"nofollow\" target=\"_blank\">en el recinto ferial de Mil\u00e1n<\/a>, no necesita de exageraciones para calificarse como de las m\u00e1s importantes de mundo en su genero. Lleva en marcha 36 a\u00f1os, durante los cuales no ha parado de crecer y multiplicarse; <strong>para la edici\u00f3n de este a\u00f1o se prev\u00e9 la presencia de 1.445 exhibidores de 40 pa\u00ed\u00adses<\/strong>, un 10% m\u00e1s de los que asistieron en 2009. Las \u00e1reas de exhibici\u00f3n recogen desde los servicios profesionales de restauraci\u00f3n a los hoteles y spas, pero el esp\u00ed\u00adritu italiano de la Feria est\u00e1 muy presente en apartados espec\u00ed\u00adficos como el dedicado a pan, pizza y pasta (muchos c\u00ed\u00adrculos de masa se ven volando aqu\u00ed\u00ad en las demostraciones), el de helados o el de caf\u00e9.<\/p>\n<p>Hay mucho movimiento en Host 2011 (lo sabemos por experiencia), y hay que esforzarse por destacar entre tanta y tan ilustre competencia. Por eso hemos preparado <strong>un stand espectacular de 200 metros cuadrados<\/strong> donde presentaremos todas nuestras novedades en productos para el sector, y celebraremos las sesiones de la Fagor Cooking Experience. Un stand que es bastante m\u00e1s que un expositor de productos: es nuestro primer paso para <strong>trasladar a las ferias el concepto de Showroom<\/strong> que tan buenos resultados est\u00e1 dando en nuestras salas de demos en Espa\u00f1a y en otros pa\u00ed\u00adses. De hecho, el Showroom para celebrar la Fagor Cooking Experience es el centro neur\u00e1lgico del stand, y <a <a href=\"https:\/\/www.fagorprofessional.com\/es\/equipos-cocina\" rel=\"nofollow\" target=\"_blank\">la exhibici\u00f3n de productos y equipamiento<\/a> se ha dispuesto a su alrededor, para que los visitantes puedan \u2013pod\u00e1is\u2013 conocerlos sin perder de vista toda la actividad que vamos a desarrollar en \u00e9l.<\/p>\n<p><img decoding=\"async\" class=\"aligncenter lazyload\" src=\"data:image\/gif;base64,R0lGODlhAQABAIAAAAAAAP\/\/\/yH5BAEAAAAALAAAAAABAAEAAAIBRAA7\" data-src=\"https:\/\/www.fagorprofessional.com\/blog\/wp-content\/uploads\/2011\/09\/Captura-de-pantalla-2011-09-07-a-las-13.41.00.png\" \/><noscript><img decoding=\"async\" class=\"aligncenter lazyload\" src=\"https:\/\/www.fagorprofessional.com\/blog\/wp-content\/uploads\/2011\/09\/Captura-de-pantalla-2011-09-07-a-las-13.41.00.png\" \/><\/noscript><\/p>\n<p><span style=\"color: initial;\">La Fagor Cooking Experience ser\u00e1 la principal atracci\u00f3n -pero no la \u00fanica- de nuestro stand<\/span><\/p>\n<p>Nuestro stand estar\u00e1 situado en el <strong>Pabell\u00f3n 1, U28, V35,<\/strong> y ya sab\u00e9is que estaremos encantados de recibiros en \u00e9l si ten\u00e9is intenci\u00f3n de pasaros por la Feria\u2026 \u00a1Pero tambi\u00e9n os recordamos que para asistir al Fagor Cooking Experience <strong>es imprescindible reservar plaza<\/strong>!. Para ello ten\u00e9is a vuestra disposici\u00f3n los canales habituales junto con <a <a href=\"https:\/\/twitter.com\/FagorPro\" rel=\"nofollow\" target=\"_blank\">Twitter<\/a> y este mismo blog. \u00bfOs apetece vernos en la ciudad de La Scala? \u00a1Os esperamos!<\/p>\n","protected":false},"excerpt":{"rendered":"<p>\u00abUnos que llegan y otros que se van\u2026\u00bb como cantaba aqu\u00e9l. Todo el mundo est\u00e1 ya hablando de deshacer las maletas por el regreso de las vacaciones, y en Fagor Professional estamos comenzando a hacerlas. Con la ca\u00ed\u00adda de la hoja, llegan las ferias internacionales, y planeamos contar con una presencia m\u00e1s que destacada en&#8230;<\/p>\n","protected":false},"author":1,"featured_media":1,"comment_status":"open","ping_status":"open","sticky":false,"template":"","format":"standard","meta":{"_acf_changed":false,"footnotes":""},"categories":[8],"tags":[],"class_list":["post-908","post","type-post","status-publish","format-standard","has-post-thumbnail","hentry","category-novedades-y-eventos"],"acf":[],"yoast_head":"<!-- This site is optimized with the Yoast SEO plugin v27.5 - https:\/\/yoast.com\/product\/yoast-seo-wordpress\/ -->\n<title>Conoce Fagor Cooking Experience en la Feria Host 2011<\/title>\n<meta name=\"description\" content=\"la feria\u00a0Host 2011,\u00a0que se celebrar\u00e1 en Mil\u00e1n del 21 al 25 de octubre\" \/>\n<meta name=\"robots\" content=\"index, follow, max-snippet:-1, max-image-preview:large, max-video-preview:-1\" \/>\n<link rel=\"canonical\" href=\"https:\/\/www.fagorprofessional.com\/blog\/es\/fagor-cooking-experience-feria-host-2011-milan\/\" \/>\n<meta property=\"og:locale\" content=\"es_ES\" \/>\n<meta property=\"og:type\" content=\"article\" \/>\n<meta property=\"og:title\" content=\"Conoce Fagor Cooking Experience en la Feria Host 2011\" \/>\n<meta property=\"og:description\" content=\"la feria\u00a0Host 2011,\u00a0que se celebrar\u00e1 en Mil\u00e1n del 21 al 25 de octubre\" \/>\n<meta property=\"og:url\" content=\"https:\/\/www.fagorprofessional.com\/blog\/es\/fagor-cooking-experience-feria-host-2011-milan\/\" \/>\n<meta property=\"og:site_name\" content=\"Fagor Professional&#039;s Blog\" \/>\n<meta property=\"article:published_time\" content=\"2011-09-07T11:46:00+00:00\" \/>\n<meta property=\"article:modified_time\" content=\"2024-04-19T11:41:54+00:00\" \/>\n<meta name=\"author\" content=\"admin\" \/>\n<meta name=\"twitter:card\" content=\"summary_large_image\" \/>\n<meta name=\"twitter:label1\" content=\"Escrito por\" \/>\n\t<meta name=\"twitter:data1\" content=\"admin\" \/>\n\t<meta name=\"twitter:label2\" content=\"Tiempo de lectura\" \/>\n\t<meta name=\"twitter:data2\" content=\"3 minutos\" \/>\n<script type=\"application\/ld+json\" class=\"yoast-schema-graph\">{\"@context\":\"https:\\\/\\\/schema.org\",\"@graph\":[{\"@type\":\"Article\",\"@id\":\"https:\\\/\\\/www.fagorprofessional.com\\\/blog\\\/es\\\/fagor-cooking-experience-feria-host-2011-milan\\\/#article\",\"isPartOf\":{\"@id\":\"https:\\\/\\\/www.fagorprofessional.com\\\/blog\\\/es\\\/fagor-cooking-experience-feria-host-2011-milan\\\/\"},\"author\":{\"name\":\"admin\",\"@id\":\"https:\\\/\\\/www.fagorprofessional.com\\\/blog\\\/#\\\/schema\\\/person\\\/c2dc508ffda39316cf0e8a45f15cb4e4\"},\"headline\":\"\u00a1Nos llevamos la Fagor Cooking Experience a la Feria Host 2011 en Mil\u00e1n!\",\"datePublished\":\"2011-09-07T11:46:00+00:00\",\"dateModified\":\"2024-04-19T11:41:54+00:00\",\"mainEntityOfPage\":{\"@id\":\"https:\\\/\\\/www.fagorprofessional.com\\\/blog\\\/es\\\/fagor-cooking-experience-feria-host-2011-milan\\\/\"},\"wordCount\":577,\"commentCount\":0,\"image\":{\"@id\":\"https:\\\/\\\/www.fagorprofessional.com\\\/blog\\\/es\\\/fagor-cooking-experience-feria-host-2011-milan\\\/#primaryimage\"},\"thumbnailUrl\":\"\",\"articleSection\":[\"Novedades y eventos\"],\"inLanguage\":\"es\",\"potentialAction\":[{\"@type\":\"CommentAction\",\"name\":\"Comment\",\"target\":[\"https:\\\/\\\/www.fagorprofessional.com\\\/blog\\\/es\\\/fagor-cooking-experience-feria-host-2011-milan\\\/#respond\"]}]},{\"@type\":\"WebPage\",\"@id\":\"https:\\\/\\\/www.fagorprofessional.com\\\/blog\\\/es\\\/fagor-cooking-experience-feria-host-2011-milan\\\/\",\"url\":\"https:\\\/\\\/www.fagorprofessional.com\\\/blog\\\/es\\\/fagor-cooking-experience-feria-host-2011-milan\\\/\",\"name\":\"Conoce Fagor Cooking Experience en la Feria Host 2011\",\"isPartOf\":{\"@id\":\"https:\\\/\\\/www.fagorprofessional.com\\\/blog\\\/#website\"},\"primaryImageOfPage\":{\"@id\":\"https:\\\/\\\/www.fagorprofessional.com\\\/blog\\\/es\\\/fagor-cooking-experience-feria-host-2011-milan\\\/#primaryimage\"},\"image\":{\"@id\":\"https:\\\/\\\/www.fagorprofessional.com\\\/blog\\\/es\\\/fagor-cooking-experience-feria-host-2011-milan\\\/#primaryimage\"},\"thumbnailUrl\":\"\",\"datePublished\":\"2011-09-07T11:46:00+00:00\",\"dateModified\":\"2024-04-19T11:41:54+00:00\",\"author\":{\"@id\":\"https:\\\/\\\/www.fagorprofessional.com\\\/blog\\\/#\\\/schema\\\/person\\\/c2dc508ffda39316cf0e8a45f15cb4e4\"},\"description\":\"la feria\u00a0Host 2011,\u00a0que se celebrar\u00e1 en Mil\u00e1n del 21 al 25 de octubre\",\"breadcrumb\":{\"@id\":\"https:\\\/\\\/www.fagorprofessional.com\\\/blog\\\/es\\\/fagor-cooking-experience-feria-host-2011-milan\\\/#breadcrumb\"},\"inLanguage\":\"es\",\"potentialAction\":[{\"@type\":\"ReadAction\",\"target\":[\"https:\\\/\\\/www.fagorprofessional.com\\\/blog\\\/es\\\/fagor-cooking-experience-feria-host-2011-milan\\\/\"]}]},{\"@type\":\"ImageObject\",\"inLanguage\":\"es\",\"@id\":\"https:\\\/\\\/www.fagorprofessional.com\\\/blog\\\/es\\\/fagor-cooking-experience-feria-host-2011-milan\\\/#primaryimage\",\"url\":\"\",\"contentUrl\":\"\"},{\"@type\":\"BreadcrumbList\",\"@id\":\"https:\\\/\\\/www.fagorprofessional.com\\\/blog\\\/es\\\/fagor-cooking-experience-feria-host-2011-milan\\\/#breadcrumb\",\"itemListElement\":[{\"@type\":\"ListItem\",\"position\":1,\"name\":\"Fagor Professional Blog\",\"item\":\"https:\\\/\\\/www.fagorprofessional.com\\\/blog\\\/\"},{\"@type\":\"ListItem\",\"position\":2,\"name\":\"Novedades y eventos\",\"item\":\"https:\\\/\\\/www.fagorprofessional.com\\\/blog\\\/es\\\/novedades-y-eventos\\\/\"},{\"@type\":\"ListItem\",\"position\":3,\"name\":\"\u00a1Nos llevamos la Fagor Cooking Experience a la Feria Host 2011 en Mil\u00e1n!\"}]},{\"@type\":\"WebSite\",\"@id\":\"https:\\\/\\\/www.fagorprofessional.com\\\/blog\\\/#website\",\"url\":\"https:\\\/\\\/www.fagorprofessional.com\\\/blog\\\/\",\"name\":\"Fagor Professional&#039;s Blog\",\"description\":\"Fagor Professional&#039;s Blog\",\"potentialAction\":[{\"@type\":\"SearchAction\",\"target\":{\"@type\":\"EntryPoint\",\"urlTemplate\":\"https:\\\/\\\/www.fagorprofessional.com\\\/blog\\\/?s={search_term_string}\"},\"query-input\":{\"@type\":\"PropertyValueSpecification\",\"valueRequired\":true,\"valueName\":\"search_term_string\"}}],\"inLanguage\":\"es\"},{\"@type\":\"Person\",\"@id\":\"https:\\\/\\\/www.fagorprofessional.com\\\/blog\\\/#\\\/schema\\\/person\\\/c2dc508ffda39316cf0e8a45f15cb4e4\",\"name\":\"admin\",\"image\":{\"@type\":\"ImageObject\",\"inLanguage\":\"es\",\"@id\":\"https:\\\/\\\/secure.gravatar.com\\\/avatar\\\/af0a4c336046e868f98b17f2a27b6f9426e8aba09b92828569a3ca2b54e3d91c?s=96&d=mm&r=g\",\"url\":\"https:\\\/\\\/secure.gravatar.com\\\/avatar\\\/af0a4c336046e868f98b17f2a27b6f9426e8aba09b92828569a3ca2b54e3d91c?s=96&d=mm&r=g\",\"contentUrl\":\"https:\\\/\\\/secure.gravatar.com\\\/avatar\\\/af0a4c336046e868f98b17f2a27b6f9426e8aba09b92828569a3ca2b54e3d91c?s=96&d=mm&r=g\",\"caption\":\"admin\"},\"sameAs\":[\"https:\\\/\\\/www.fagorprofessional.com\\\/blog\"]}]}<\/script>\n<!-- \/ Yoast SEO plugin. -->","yoast_head_json":{"title":"Conoce Fagor Cooking Experience en la Feria Host 2011","description":"la feria\u00a0Host 2011,\u00a0que se celebrar\u00e1 en Mil\u00e1n del 21 al 25 de octubre","robots":{"index":"index","follow":"follow","max-snippet":"max-snippet:-1","max-image-preview":"max-image-preview:large","max-video-preview":"max-video-preview:-1"},"canonical":"https:\/\/www.fagorprofessional.com\/blog\/es\/fagor-cooking-experience-feria-host-2011-milan\/","og_locale":"es_ES","og_type":"article","og_title":"Conoce Fagor Cooking Experience en la Feria Host 2011","og_description":"la feria\u00a0Host 2011,\u00a0que se celebrar\u00e1 en Mil\u00e1n del 21 al 25 de octubre","og_url":"https:\/\/www.fagorprofessional.com\/blog\/es\/fagor-cooking-experience-feria-host-2011-milan\/","og_site_name":"Fagor Professional&#039;s Blog","article_published_time":"2011-09-07T11:46:00+00:00","article_modified_time":"2024-04-19T11:41:54+00:00","author":"admin","twitter_card":"summary_large_image","twitter_misc":{"Escrito por":"admin","Tiempo de lectura":"3 minutos"},"schema":{"@context":"https:\/\/schema.org","@graph":[{"@type":"Article","@id":"https:\/\/www.fagorprofessional.com\/blog\/es\/fagor-cooking-experience-feria-host-2011-milan\/#article","isPartOf":{"@id":"https:\/\/www.fagorprofessional.com\/blog\/es\/fagor-cooking-experience-feria-host-2011-milan\/"},"author":{"name":"admin","@id":"https:\/\/www.fagorprofessional.com\/blog\/#\/schema\/person\/c2dc508ffda39316cf0e8a45f15cb4e4"},"headline":"\u00a1Nos llevamos la Fagor Cooking Experience a la Feria Host 2011 en Mil\u00e1n!","datePublished":"2011-09-07T11:46:00+00:00","dateModified":"2024-04-19T11:41:54+00:00","mainEntityOfPage":{"@id":"https:\/\/www.fagorprofessional.com\/blog\/es\/fagor-cooking-experience-feria-host-2011-milan\/"},"wordCount":577,"commentCount":0,"image":{"@id":"https:\/\/www.fagorprofessional.com\/blog\/es\/fagor-cooking-experience-feria-host-2011-milan\/#primaryimage"},"thumbnailUrl":"","articleSection":["Novedades y eventos"],"inLanguage":"es","potentialAction":[{"@type":"CommentAction","name":"Comment","target":["https:\/\/www.fagorprofessional.com\/blog\/es\/fagor-cooking-experience-feria-host-2011-milan\/#respond"]}]},{"@type":"WebPage","@id":"https:\/\/www.fagorprofessional.com\/blog\/es\/fagor-cooking-experience-feria-host-2011-milan\/","url":"https:\/\/www.fagorprofessional.com\/blog\/es\/fagor-cooking-experience-feria-host-2011-milan\/","name":"Conoce Fagor Cooking Experience en la Feria Host 2011","isPartOf":{"@id":"https:\/\/www.fagorprofessional.com\/blog\/#website"},"primaryImageOfPage":{"@id":"https:\/\/www.fagorprofessional.com\/blog\/es\/fagor-cooking-experience-feria-host-2011-milan\/#primaryimage"},"image":{"@id":"https:\/\/www.fagorprofessional.com\/blog\/es\/fagor-cooking-experience-feria-host-2011-milan\/#primaryimage"},"thumbnailUrl":"","datePublished":"2011-09-07T11:46:00+00:00","dateModified":"2024-04-19T11:41:54+00:00","author":{"@id":"https:\/\/www.fagorprofessional.com\/blog\/#\/schema\/person\/c2dc508ffda39316cf0e8a45f15cb4e4"},"description":"la feria\u00a0Host 2011,\u00a0que se celebrar\u00e1 en Mil\u00e1n del 21 al 25 de octubre","breadcrumb":{"@id":"https:\/\/www.fagorprofessional.com\/blog\/es\/fagor-cooking-experience-feria-host-2011-milan\/#breadcrumb"},"inLanguage":"es","potentialAction":[{"@type":"ReadAction","target":["https:\/\/www.fagorprofessional.com\/blog\/es\/fagor-cooking-experience-feria-host-2011-milan\/"]}]},{"@type":"ImageObject","inLanguage":"es","@id":"https:\/\/www.fagorprofessional.com\/blog\/es\/fagor-cooking-experience-feria-host-2011-milan\/#primaryimage","url":"","contentUrl":""},{"@type":"BreadcrumbList","@id":"https:\/\/www.fagorprofessional.com\/blog\/es\/fagor-cooking-experience-feria-host-2011-milan\/#breadcrumb","itemListElement":[{"@type":"ListItem","position":1,"name":"Fagor Professional Blog","item":"https:\/\/www.fagorprofessional.com\/blog\/"},{"@type":"ListItem","position":2,"name":"Novedades y eventos","item":"https:\/\/www.fagorprofessional.com\/blog\/es\/novedades-y-eventos\/"},{"@type":"ListItem","position":3,"name":"\u00a1Nos llevamos la Fagor Cooking Experience a la Feria Host 2011 en Mil\u00e1n!"}]},{"@type":"WebSite","@id":"https:\/\/www.fagorprofessional.com\/blog\/#website","url":"https:\/\/www.fagorprofessional.com\/blog\/","name":"Fagor Professional&#039;s Blog","description":"Fagor Professional&#039;s Blog","potentialAction":[{"@type":"SearchAction","target":{"@type":"EntryPoint","urlTemplate":"https:\/\/www.fagorprofessional.com\/blog\/?s={search_term_string}"},"query-input":{"@type":"PropertyValueSpecification","valueRequired":true,"valueName":"search_term_string"}}],"inLanguage":"es"},{"@type":"Person","@id":"https:\/\/www.fagorprofessional.com\/blog\/#\/schema\/person\/c2dc508ffda39316cf0e8a45f15cb4e4","name":"admin","image":{"@type":"ImageObject","inLanguage":"es","@id":"https:\/\/secure.gravatar.com\/avatar\/af0a4c336046e868f98b17f2a27b6f9426e8aba09b92828569a3ca2b54e3d91c?s=96&d=mm&r=g","url":"https:\/\/secure.gravatar.com\/avatar\/af0a4c336046e868f98b17f2a27b6f9426e8aba09b92828569a3ca2b54e3d91c?s=96&d=mm&r=g","contentUrl":"https:\/\/secure.gravatar.com\/avatar\/af0a4c336046e868f98b17f2a27b6f9426e8aba09b92828569a3ca2b54e3d91c?s=96&d=mm&r=g","caption":"admin"},"sameAs":["https:\/\/www.fagorprofessional.com\/blog"]}]}},"_links":{"self":[{"href":"https:\/\/www.fagorprofessional.com\/blog\/wp-json\/wp\/v2\/posts\/908","targetHints":{"allow":["GET"]}}],"collection":[{"href":"https:\/\/www.fagorprofessional.com\/blog\/wp-json\/wp\/v2\/posts"}],"about":[{"href":"https:\/\/www.fagorprofessional.com\/blog\/wp-json\/wp\/v2\/types\/post"}],"author":[{"embeddable":true,"href":"https:\/\/www.fagorprofessional.com\/blog\/wp-json\/wp\/v2\/users\/1"}],"replies":[{"embeddable":true,"href":"https:\/\/www.fagorprofessional.com\/blog\/wp-json\/wp\/v2\/comments?post=908"}],"version-history":[{"count":6,"href":"https:\/\/www.fagorprofessional.com\/blog\/wp-json\/wp\/v2\/posts\/908\/revisions"}],"predecessor-version":[{"id":490496,"href":"https:\/\/www.fagorprofessional.com\/blog\/wp-json\/wp\/v2\/posts\/908\/revisions\/490496"}],"wp:featuredmedia":[{"embeddable":true,"href":"https:\/\/www.fagorprofessional.com\/blog\/wp-json\/"}],"wp:attachment":[{"href":"https:\/\/www.fagorprofessional.com\/blog\/wp-json\/wp\/v2\/media?parent=908"}],"wp:term":[{"taxonomy":"category","embeddable":true,"href":"https:\/\/www.fagorprofessional.com\/blog\/wp-json\/wp\/v2\/categories?post=908"},{"taxonomy":"post_tag","embeddable":true,"href":"https:\/\/www.fagorprofessional.com\/blog\/wp-json\/wp\/v2\/tags?post=908"}],"curies":[{"name":"wp","href":"https:\/\/api.w.org\/{rel}","templated":true}]}}